{"id":46572,"date":"2025-11-14T19:10:33","date_gmt":"2025-11-14T18:10:33","guid":{"rendered":"https:\/\/santapola.es\/?p=46572"},"modified":"2025-11-14T19:12:21","modified_gmt":"2025-11-14T18:12:21","slug":"nou-policies-locals-de-santa-pola-han-rebut-hui-la-condecoracio-de-la-generalitat-valenciana","status":"publish","type":"post","link":"https:\/\/santapola.es\/ca\/nou-policies-locals-de-santa-pola-han-rebut-hui-la-condecoracio-de-la-generalitat-valenciana\/","title":{"rendered":"Nou policies locals de Santa Pola han rebut hui la condecoraci\u00f3 de la Generalitat Valenciana"},"content":{"rendered":"<p><strong>S\u00f3n l&#8217;Inspector Rodrigo Mart\u00ednez Villagrasa, l&#8217;Oficial Roque Miguel Alema\u00f1 Bonet i els agents Jordi Amor\u00f3s Torr\u00f3, Dulcinea Bonmat\u00ed Pastor, Manuel Ib\u00e1\u00f1ez Prado, Francisco Juan L\u00f3pez Ubassy, Roberto Mart\u00ednez Garc\u00eda, Joel Mart\u00ednez Mart\u00ednez i Francisco Jos\u00e9 Santisteban Mu\u00f1oz.<\/strong><\/p>\n<p>L&#8217;alcaldessa Loreto Serrano i la regidor de Seguretat Ciutadana, Ana Blasco, han acompanyat este mat\u00ed a nou membres de la Policia Local de Santa Pola a l&#8217;acte de condecoraci\u00f3 per la seua vocaci\u00f3 de servici p\u00fablic i el seu comprom\u00eds amb la seguretat, que s&#8217;ha celebrat a Benidorm amb la pres\u00e8ncia del conseller d&#8217;Emerg\u00e8ncies i Interior, Juan Carlos Valderrama, i el president de la Diputaci\u00f3 Provincial, Toni P\u00e9rez, entre altres autoritats.<\/p>\n<p>Els membres de la Policia Local de Santa Pola que han sigut condecorats s\u00f3n l&#8217;Inspector Rodrigo Mart\u00ednez Villagrasa, l&#8217;Oficial Roque Miguel Alema\u00f1 Bonet i els agents Jordi Amor\u00f3s Torr\u00f3, Dulcinea Bonmat\u00ed Pastor, Manuel Ib\u00e1\u00f1ez Prado, Francisco Juan L\u00f3pez Ubassy, Roberto Mart\u00ednez Garc\u00eda, Joel Mart\u00ednez Mart\u00ednez i Francisco Jos\u00e9 Santisteban Mu\u00f1oz.<\/p>\n<p>Loreto Serrano ha declarat sentir-se \u201cmolt orgullosa de la labor di\u00e0ria de la nostra Policia Local com a garants de la seguretat de tots els *santapoleros, demostrant la seua proximitat amb els ciutadans i la seua professionalitat quan es requerixen actuacions rellevants, com les que han acreditat estos nou agents per a haver rebut hui un reconeixement tan important per part de la Generalitat Valenciana\u201d.<\/p>\n","protected":false},"excerpt":{"rendered":"<p>S\u00f3n l&#8217;Inspector Rodrigo Mart\u00ednez Villagrasa, l&#8217;Oficial Roque Miguel Alema\u00f1 Bonet i els agents Jordi Amor\u00f3s Torr\u00f3, Dulcinea Bonmat\u00ed Pastor, Manuel Ib\u00e1\u00f1ez Prado, Francisco Juan L\u00f3pez Ubassy, Roberto Mart\u00ednez Garc\u00eda, Joel Mart\u00ednez Mart\u00ednez i Francisco Jos\u00e9 Santisteban Mu\u00f1oz. L&#8217;alcaldessa Loreto Serrano i la regidor de Seguretat Ciutadana, Ana Blasco, han acompanyat este mat\u00ed a nou membres [&hellip;]<\/p>\n","protected":false},"author":96,"featured_media":46570,"comment_status":"closed","ping_status":"closed","sticky":false,"template":"","format":"standard","meta":{"_et_pb_use_builder":"","_et_pb_old_content":"","_et_gb_content_width":"","footnotes":""},"categories":[444,443],"tags":[446],"class_list":["post-46572","post","type-post","status-publish","format-standard","has-post-thumbnail","hentry","category-policia-ca","category-seguretat-ciutadana-proteccio-civil","tag-policia-local-ca"],"yoast_head":"<!-- This site is optimized with the Yoast SEO plugin v27.4 - https:\/\/yoast.com\/product\/yoast-seo-wordpress\/ -->\n<title>Nou policies locals de Santa Pola han rebut hui la condecoraci\u00f3 de la Generalitat Valenciana - Ajuntament de Santa Pola<\/title>\n<meta name=\"robots\" content=\"index, follow, max-snippet:-1, max-image-preview:large, max-video-preview:-1\" \/>\n<link rel=\"canonical\" href=\"https:\/\/santapola.es\/ca\/nou-policies-locals-de-santa-pola-han-rebut-hui-la-condecoracio-de-la-generalitat-valenciana\/\" \/>\n<meta property=\"og:locale\" content=\"ca_ES\" \/>\n<meta property=\"og:type\" content=\"article\" \/>\n<meta property=\"og:title\" content=\"Nou policies locals de Santa Pola han rebut hui la condecoraci\u00f3 de la Generalitat Valenciana - Ajuntament de Santa Pola\" \/>\n<meta property=\"og:description\" content=\"S\u00f3n l&#8217;Inspector Rodrigo Mart\u00ednez Villagrasa, l&#8217;Oficial Roque Miguel Alema\u00f1 Bonet i els agents Jordi Amor\u00f3s Torr\u00f3, Dulcinea Bonmat\u00ed Pastor, Manuel Ib\u00e1\u00f1ez Prado, Francisco Juan L\u00f3pez Ubassy, Roberto Mart\u00ednez Garc\u00eda, Joel Mart\u00ednez Mart\u00ednez i Francisco Jos\u00e9 Santisteban Mu\u00f1oz. L&#8217;alcaldessa Loreto Serrano i la regidor de Seguretat Ciutadana, Ana Blasco, han acompanyat este mat\u00ed a nou membres [&hellip;]\" \/>\n<meta property=\"og:url\" content=\"https:\/\/santapola.es\/ca\/nou-policies-locals-de-santa-pola-han-rebut-hui-la-condecoracio-de-la-generalitat-valenciana\/\" \/>\n<meta property=\"og:site_name\" content=\"Ajuntament de Santa Pola\" \/>\n<meta property=\"article:publisher\" content=\"https:\/\/www.facebook.com\/AyuntamientoSantaPola\/\" \/>\n<meta property=\"article:published_time\" content=\"2025-11-14T18:10:33+00:00\" \/>\n<meta property=\"article:modified_time\" content=\"2025-11-14T18:12:21+00:00\" \/>\n<meta property=\"og:image\" content=\"https:\/\/santapola.es\/wp-content\/uploads\/2025\/11\/WhatsApp-Image-2025-11-14-at-13.40.26.jpeg\" \/>\n\t<meta property=\"og:image:width\" content=\"2048\" \/>\n\t<meta property=\"og:image:height\" content=\"1536\" \/>\n\t<meta property=\"og:image:type\" content=\"image\/jpeg\" \/>\n<meta name=\"author\" content=\"Jos\u00e9 Juan L\u00f3pez Lafuente\" \/>\n<meta name=\"twitter:card\" content=\"summary_large_image\" \/>\n<meta name=\"twitter:creator\" content=\"@SantaPolaAyunt\" \/>\n<meta name=\"twitter:site\" content=\"@SantaPolaAyunt\" \/>\n<script type=\"application\/ld+json\" class=\"yoast-schema-graph\">{\"@context\":\"https:\\\/\\\/schema.org\",\"@graph\":[{\"@type\":\"Article\",\"@id\":\"https:\\\/\\\/santapola.es\\\/ca\\\/nou-policies-locals-de-santa-pola-han-rebut-hui-la-condecoracio-de-la-generalitat-valenciana\\\/#article\",\"isPartOf\":{\"@id\":\"https:\\\/\\\/santapola.es\\\/ca\\\/nou-policies-locals-de-santa-pola-han-rebut-hui-la-condecoracio-de-la-generalitat-valenciana\\\/\"},\"author\":{\"name\":\"Jos\u00e9 Juan L\u00f3pez Lafuente\",\"@id\":\"https:\\\/\\\/santapola.es\\\/ca\\\/#\\\/schema\\\/person\\\/ad1d67403707b58350c7be5e8dbc442d\"},\"headline\":\"Nou policies locals de Santa Pola han rebut hui la condecoraci\u00f3 de la Generalitat Valenciana\",\"datePublished\":\"2025-11-14T18:10:33+00:00\",\"dateModified\":\"2025-11-14T18:12:21+00:00\",\"mainEntityOfPage\":{\"@id\":\"https:\\\/\\\/santapola.es\\\/ca\\\/nou-policies-locals-de-santa-pola-han-rebut-hui-la-condecoracio-de-la-generalitat-valenciana\\\/\"},\"wordCount\":272,\"image\":{\"@id\":\"https:\\\/\\\/santapola.es\\\/ca\\\/nou-policies-locals-de-santa-pola-han-rebut-hui-la-condecoracio-de-la-generalitat-valenciana\\\/#primaryimage\"},\"thumbnailUrl\":\"https:\\\/\\\/santapola.es\\\/wp-content\\\/uploads\\\/2025\\\/11\\\/WhatsApp-Image-2025-11-14-at-13.40.26.jpeg\",\"keywords\":[\"Policia Local\"],\"articleSection\":[\"Policia\",\"Seguretat Ciutadana \\\/ Protecci\u00f3 Civil\"],\"inLanguage\":\"ca\"},{\"@type\":\"WebPage\",\"@id\":\"https:\\\/\\\/santapola.es\\\/ca\\\/nou-policies-locals-de-santa-pola-han-rebut-hui-la-condecoracio-de-la-generalitat-valenciana\\\/\",\"url\":\"https:\\\/\\\/santapola.es\\\/ca\\\/nou-policies-locals-de-santa-pola-han-rebut-hui-la-condecoracio-de-la-generalitat-valenciana\\\/\",\"name\":\"Nou policies locals de Santa Pola han rebut hui la condecoraci\u00f3 de la Generalitat Valenciana - Ajuntament de Santa Pola\",\"isPartOf\":{\"@id\":\"https:\\\/\\\/santapola.es\\\/ca\\\/#website\"},\"primaryImageOfPage\":{\"@id\":\"https:\\\/\\\/santapola.es\\\/ca\\\/nou-policies-locals-de-santa-pola-han-rebut-hui-la-condecoracio-de-la-generalitat-valenciana\\\/#primaryimage\"},\"image\":{\"@id\":\"https:\\\/\\\/santapola.es\\\/ca\\\/nou-policies-locals-de-santa-pola-han-rebut-hui-la-condecoracio-de-la-generalitat-valenciana\\\/#primaryimage\"},\"thumbnailUrl\":\"https:\\\/\\\/santapola.es\\\/wp-content\\\/uploads\\\/2025\\\/11\\\/WhatsApp-Image-2025-11-14-at-13.40.26.jpeg\",\"datePublished\":\"2025-11-14T18:10:33+00:00\",\"dateModified\":\"2025-11-14T18:12:21+00:00\",\"author\":{\"@id\":\"https:\\\/\\\/santapola.es\\\/ca\\\/#\\\/schema\\\/person\\\/ad1d67403707b58350c7be5e8dbc442d\"},\"breadcrumb\":{\"@id\":\"https:\\\/\\\/santapola.es\\\/ca\\\/nou-policies-locals-de-santa-pola-han-rebut-hui-la-condecoracio-de-la-generalitat-valenciana\\\/#breadcrumb\"},\"inLanguage\":\"ca\",\"potentialAction\":[{\"@type\":\"ReadAction\",\"target\":[\"https:\\\/\\\/santapola.es\\\/ca\\\/nou-policies-locals-de-santa-pola-han-rebut-hui-la-condecoracio-de-la-generalitat-valenciana\\\/\"]}]},{\"@type\":\"ImageObject\",\"inLanguage\":\"ca\",\"@id\":\"https:\\\/\\\/santapola.es\\\/ca\\\/nou-policies-locals-de-santa-pola-han-rebut-hui-la-condecoracio-de-la-generalitat-valenciana\\\/#primaryimage\",\"url\":\"https:\\\/\\\/santapola.es\\\/wp-content\\\/uploads\\\/2025\\\/11\\\/WhatsApp-Image-2025-11-14-at-13.40.26.jpeg\",\"contentUrl\":\"https:\\\/\\\/santapola.es\\\/wp-content\\\/uploads\\\/2025\\\/11\\\/WhatsApp-Image-2025-11-14-at-13.40.26.jpeg\",\"width\":2048,\"height\":1536},{\"@type\":\"BreadcrumbList\",\"@id\":\"https:\\\/\\\/santapola.es\\\/ca\\\/nou-policies-locals-de-santa-pola-han-rebut-hui-la-condecoracio-de-la-generalitat-valenciana\\\/#breadcrumb\",\"itemListElement\":[{\"@type\":\"ListItem\",\"position\":1,\"name\":\"Inici\",\"item\":\"https:\\\/\\\/santapola.es\\\/ca\\\/\"},{\"@type\":\"ListItem\",\"position\":2,\"name\":\"Nou policies locals de Santa Pola han rebut hui la condecoraci\u00f3 de la Generalitat Valenciana\"}]},{\"@type\":\"WebSite\",\"@id\":\"https:\\\/\\\/santapola.es\\\/ca\\\/#website\",\"url\":\"https:\\\/\\\/santapola.es\\\/ca\\\/\",\"name\":\"Ayuntamiento de Santa Pola\",\"description\":\"Web de l'Ajuntament de Santa Pola\",\"potentialAction\":[{\"@type\":\"SearchAction\",\"target\":{\"@type\":\"EntryPoint\",\"urlTemplate\":\"https:\\\/\\\/santapola.es\\\/ca\\\/?s={search_term_string}\"},\"query-input\":{\"@type\":\"PropertyValueSpecification\",\"valueRequired\":true,\"valueName\":\"search_term_string\"}}],\"inLanguage\":\"ca\"},{\"@type\":\"Person\",\"@id\":\"https:\\\/\\\/santapola.es\\\/ca\\\/#\\\/schema\\\/person\\\/ad1d67403707b58350c7be5e8dbc442d\",\"name\":\"Jos\u00e9 Juan L\u00f3pez Lafuente\"}]}<\/script>\n<!-- \/ Yoast SEO plugin. -->","yoast_head_json":{"title":"Nou policies locals de Santa Pola han rebut hui la condecoraci\u00f3 de la Generalitat Valenciana - Ajuntament de Santa Pola","robots":{"index":"index","follow":"follow","max-snippet":"max-snippet:-1","max-image-preview":"max-image-preview:large","max-video-preview":"max-video-preview:-1"},"canonical":"https:\/\/santapola.es\/ca\/nou-policies-locals-de-santa-pola-han-rebut-hui-la-condecoracio-de-la-generalitat-valenciana\/","og_locale":"ca_ES","og_type":"article","og_title":"Nou policies locals de Santa Pola han rebut hui la condecoraci\u00f3 de la Generalitat Valenciana - Ajuntament de Santa Pola","og_description":"S\u00f3n l&#8217;Inspector Rodrigo Mart\u00ednez Villagrasa, l&#8217;Oficial Roque Miguel Alema\u00f1 Bonet i els agents Jordi Amor\u00f3s Torr\u00f3, Dulcinea Bonmat\u00ed Pastor, Manuel Ib\u00e1\u00f1ez Prado, Francisco Juan L\u00f3pez Ubassy, Roberto Mart\u00ednez Garc\u00eda, Joel Mart\u00ednez Mart\u00ednez i Francisco Jos\u00e9 Santisteban Mu\u00f1oz. L&#8217;alcaldessa Loreto Serrano i la regidor de Seguretat Ciutadana, Ana Blasco, han acompanyat este mat\u00ed a nou membres [&hellip;]","og_url":"https:\/\/santapola.es\/ca\/nou-policies-locals-de-santa-pola-han-rebut-hui-la-condecoracio-de-la-generalitat-valenciana\/","og_site_name":"Ajuntament de Santa Pola","article_publisher":"https:\/\/www.facebook.com\/AyuntamientoSantaPola\/","article_published_time":"2025-11-14T18:10:33+00:00","article_modified_time":"2025-11-14T18:12:21+00:00","og_image":[{"width":2048,"height":1536,"url":"https:\/\/santapola.es\/wp-content\/uploads\/2025\/11\/WhatsApp-Image-2025-11-14-at-13.40.26.jpeg","type":"image\/jpeg"}],"author":"Jos\u00e9 Juan L\u00f3pez Lafuente","twitter_card":"summary_large_image","twitter_creator":"@SantaPolaAyunt","twitter_site":"@SantaPolaAyunt","schema":{"@context":"https:\/\/schema.org","@graph":[{"@type":"Article","@id":"https:\/\/santapola.es\/ca\/nou-policies-locals-de-santa-pola-han-rebut-hui-la-condecoracio-de-la-generalitat-valenciana\/#article","isPartOf":{"@id":"https:\/\/santapola.es\/ca\/nou-policies-locals-de-santa-pola-han-rebut-hui-la-condecoracio-de-la-generalitat-valenciana\/"},"author":{"name":"Jos\u00e9 Juan L\u00f3pez Lafuente","@id":"https:\/\/santapola.es\/ca\/#\/schema\/person\/ad1d67403707b58350c7be5e8dbc442d"},"headline":"Nou policies locals de Santa Pola han rebut hui la condecoraci\u00f3 de la Generalitat Valenciana","datePublished":"2025-11-14T18:10:33+00:00","dateModified":"2025-11-14T18:12:21+00:00","mainEntityOfPage":{"@id":"https:\/\/santapola.es\/ca\/nou-policies-locals-de-santa-pola-han-rebut-hui-la-condecoracio-de-la-generalitat-valenciana\/"},"wordCount":272,"image":{"@id":"https:\/\/santapola.es\/ca\/nou-policies-locals-de-santa-pola-han-rebut-hui-la-condecoracio-de-la-generalitat-valenciana\/#primaryimage"},"thumbnailUrl":"https:\/\/santapola.es\/wp-content\/uploads\/2025\/11\/WhatsApp-Image-2025-11-14-at-13.40.26.jpeg","keywords":["Policia Local"],"articleSection":["Policia","Seguretat Ciutadana \/ Protecci\u00f3 Civil"],"inLanguage":"ca"},{"@type":"WebPage","@id":"https:\/\/santapola.es\/ca\/nou-policies-locals-de-santa-pola-han-rebut-hui-la-condecoracio-de-la-generalitat-valenciana\/","url":"https:\/\/santapola.es\/ca\/nou-policies-locals-de-santa-pola-han-rebut-hui-la-condecoracio-de-la-generalitat-valenciana\/","name":"Nou policies locals de Santa Pola han rebut hui la condecoraci\u00f3 de la Generalitat Valenciana - Ajuntament de Santa Pola","isPartOf":{"@id":"https:\/\/santapola.es\/ca\/#website"},"primaryImageOfPage":{"@id":"https:\/\/santapola.es\/ca\/nou-policies-locals-de-santa-pola-han-rebut-hui-la-condecoracio-de-la-generalitat-valenciana\/#primaryimage"},"image":{"@id":"https:\/\/santapola.es\/ca\/nou-policies-locals-de-santa-pola-han-rebut-hui-la-condecoracio-de-la-generalitat-valenciana\/#primaryimage"},"thumbnailUrl":"https:\/\/santapola.es\/wp-content\/uploads\/2025\/11\/WhatsApp-Image-2025-11-14-at-13.40.26.jpeg","datePublished":"2025-11-14T18:10:33+00:00","dateModified":"2025-11-14T18:12:21+00:00","author":{"@id":"https:\/\/santapola.es\/ca\/#\/schema\/person\/ad1d67403707b58350c7be5e8dbc442d"},"breadcrumb":{"@id":"https:\/\/santapola.es\/ca\/nou-policies-locals-de-santa-pola-han-rebut-hui-la-condecoracio-de-la-generalitat-valenciana\/#breadcrumb"},"inLanguage":"ca","potentialAction":[{"@type":"ReadAction","target":["https:\/\/santapola.es\/ca\/nou-policies-locals-de-santa-pola-han-rebut-hui-la-condecoracio-de-la-generalitat-valenciana\/"]}]},{"@type":"ImageObject","inLanguage":"ca","@id":"https:\/\/santapola.es\/ca\/nou-policies-locals-de-santa-pola-han-rebut-hui-la-condecoracio-de-la-generalitat-valenciana\/#primaryimage","url":"https:\/\/santapola.es\/wp-content\/uploads\/2025\/11\/WhatsApp-Image-2025-11-14-at-13.40.26.jpeg","contentUrl":"https:\/\/santapola.es\/wp-content\/uploads\/2025\/11\/WhatsApp-Image-2025-11-14-at-13.40.26.jpeg","width":2048,"height":1536},{"@type":"BreadcrumbList","@id":"https:\/\/santapola.es\/ca\/nou-policies-locals-de-santa-pola-han-rebut-hui-la-condecoracio-de-la-generalitat-valenciana\/#breadcrumb","itemListElement":[{"@type":"ListItem","position":1,"name":"Inici","item":"https:\/\/santapola.es\/ca\/"},{"@type":"ListItem","position":2,"name":"Nou policies locals de Santa Pola han rebut hui la condecoraci\u00f3 de la Generalitat Valenciana"}]},{"@type":"WebSite","@id":"https:\/\/santapola.es\/ca\/#website","url":"https:\/\/santapola.es\/ca\/","name":"Ayuntamiento de Santa Pola","description":"Web de l'Ajuntament de Santa Pola","potentialAction":[{"@type":"SearchAction","target":{"@type":"EntryPoint","urlTemplate":"https:\/\/santapola.es\/ca\/?s={search_term_string}"},"query-input":{"@type":"PropertyValueSpecification","valueRequired":true,"valueName":"search_term_string"}}],"inLanguage":"ca"},{"@type":"Person","@id":"https:\/\/santapola.es\/ca\/#\/schema\/person\/ad1d67403707b58350c7be5e8dbc442d","name":"Jos\u00e9 Juan L\u00f3pez Lafuente"}]}},"_links":{"self":[{"href":"https:\/\/santapola.es\/ca\/wp-json\/wp\/v2\/posts\/46572","targetHints":{"allow":["GET"]}}],"collection":[{"href":"https:\/\/santapola.es\/ca\/wp-json\/wp\/v2\/posts"}],"about":[{"href":"https:\/\/santapola.es\/ca\/wp-json\/wp\/v2\/types\/post"}],"author":[{"embeddable":true,"href":"https:\/\/santapola.es\/ca\/wp-json\/wp\/v2\/users\/96"}],"replies":[{"embeddable":true,"href":"https:\/\/santapola.es\/ca\/wp-json\/wp\/v2\/comments?post=46572"}],"version-history":[{"count":0,"href":"https:\/\/santapola.es\/ca\/wp-json\/wp\/v2\/posts\/46572\/revisions"}],"wp:featuredmedia":[{"embeddable":true,"href":"https:\/\/santapola.es\/ca\/wp-json\/wp\/v2\/media\/46570"}],"wp:attachment":[{"href":"https:\/\/santapola.es\/ca\/wp-json\/wp\/v2\/media?parent=46572"}],"wp:term":[{"taxonomy":"category","embeddable":true,"href":"https:\/\/santapola.es\/ca\/wp-json\/wp\/v2\/categories?post=46572"},{"taxonomy":"post_tag","embeddable":true,"href":"https:\/\/santapola.es\/ca\/wp-json\/wp\/v2\/tags?post=46572"}],"curies":[{"name":"wp","href":"https:\/\/api.w.org\/{rel}","templated":true}]}}