{"id":46565,"date":"2025-11-14T13:04:25","date_gmt":"2025-11-14T12:04:25","guid":{"rendered":"https:\/\/santapola.es\/?p=46565"},"modified":"2025-11-14T13:05:39","modified_gmt":"2025-11-14T12:05:39","slug":"santa-pola-reforca-la-seua-estrategia-de-desestacionalitzacio-turistica-en-la-fira-intur-2025-de-valladolid","status":"publish","type":"post","link":"https:\/\/santapola.es\/ca\/santa-pola-reforca-la-seua-estrategia-de-desestacionalitzacio-turistica-en-la-fira-intur-2025-de-valladolid\/","title":{"rendered":"Santa Pola refor\u00e7a la seua estrat\u00e8gia de desestacionalitzaci\u00f3 tur\u00edstica en la fira INTUR 2025 de Valladolid"},"content":{"rendered":"<p><strong>Sota el paraigua del Patronat Provincial de Turisme Costa Blanca, Santa Pola presenta a Valladolid el seu atractiu com a dest\u00ed costaner actiu, sostenible i digital, a nom\u00e9s quatre hores de viatge en AVE.<\/strong><\/p>\n<p>L&#8217;Ajuntament de Santa Pola, a trav\u00e9s de la Regidoria de Turisme, participa del 14 al 16 de novembre en la fira INTUR \u2013 Fira Internacional del Turisme d&#8217;Interior, que se celebra a Valladolid, a la qual ha acudit l&#8217;edil Borja Merino.<\/p>\n<p>El municipi acudix sota el paraigua del Patronat Provincial de Turisme Costa Blanca, amb l&#8217;objectiu de refor\u00e7ar la seua estrat\u00e8gia de desestacionalitzaci\u00f3 tur\u00edstica i donar a con\u00e9ixer la seua oferta durant tot l&#8217;any, m\u00e9s enll\u00e0 dels mesos estivals.<\/p>\n<p>Santa Pola presenta en INTUR el seu atractiu com a dest\u00ed costaner actiu, sostenible i digital, on es poden gaudir experi\u00e8ncies n\u00e0utiques, esportives, gastron\u00f2miques i naturals en qualsevol \u00e8poca de l&#8217;any.<\/p>\n<p>La localitat aposta per atraure al visitant que busca escapades de proximitat i experi\u00e8ncies personalitzades, un p\u00fablic per al qual la connectivitat resulta clau: amb l&#8217;AVE es pot arribar de Valladolid a Alacant en menys de quatre hores, la qual cosa facilita planificar estades curtes o escapades de cap de setmana a la costa alacantina.<\/p>\n","protected":false},"excerpt":{"rendered":"<p>Sota el paraigua del Patronat Provincial de Turisme Costa Blanca, Santa Pola presenta a Valladolid el seu atractiu com a dest\u00ed costaner actiu, sostenible i digital, a nom\u00e9s quatre hores de viatge en AVE. L&#8217;Ajuntament de Santa Pola, a trav\u00e9s de la Regidoria de Turisme, participa del 14 al 16 de novembre en la fira [&hellip;]<\/p>\n","protected":false},"author":96,"featured_media":46563,"comment_status":"closed","ping_status":"closed","sticky":false,"template":"","format":"standard","meta":{"_et_pb_use_builder":"","_et_pb_old_content":"","_et_gb_content_width":"","footnotes":""},"categories":[589],"tags":[582,1699],"class_list":["post-46565","post","type-post","status-publish","format-standard","has-post-thumbnail","hentry","category-turisme","tag-borja-merino-ca","tag-intur-ca"],"yoast_head":"<!-- This site is optimized with the Yoast SEO plugin v27.4 - https:\/\/yoast.com\/product\/yoast-seo-wordpress\/ -->\n<title>Santa Pola refor\u00e7a la seua estrat\u00e8gia de desestacionalitzaci\u00f3 tur\u00edstica en la fira INTUR 2025 de Valladolid - Ajuntament de Santa Pola<\/title>\n<meta name=\"robots\" content=\"index, follow, max-snippet:-1, max-image-preview:large, max-video-preview:-1\" \/>\n<link rel=\"canonical\" href=\"https:\/\/santapola.es\/ca\/santa-pola-reforca-la-seua-estrategia-de-desestacionalitzacio-turistica-en-la-fira-intur-2025-de-valladolid\/\" \/>\n<meta property=\"og:locale\" content=\"ca_ES\" \/>\n<meta property=\"og:type\" content=\"article\" \/>\n<meta property=\"og:title\" content=\"Santa Pola refor\u00e7a la seua estrat\u00e8gia de desestacionalitzaci\u00f3 tur\u00edstica en la fira INTUR 2025 de Valladolid - Ajuntament de Santa Pola\" \/>\n<meta property=\"og:description\" content=\"Sota el paraigua del Patronat Provincial de Turisme Costa Blanca, Santa Pola presenta a Valladolid el seu atractiu com a dest\u00ed costaner actiu, sostenible i digital, a nom\u00e9s quatre hores de viatge en AVE. L&#8217;Ajuntament de Santa Pola, a trav\u00e9s de la Regidoria de Turisme, participa del 14 al 16 de novembre en la fira [&hellip;]\" \/>\n<meta property=\"og:url\" content=\"https:\/\/santapola.es\/ca\/santa-pola-reforca-la-seua-estrategia-de-desestacionalitzacio-turistica-en-la-fira-intur-2025-de-valladolid\/\" \/>\n<meta property=\"og:site_name\" content=\"Ajuntament de Santa Pola\" \/>\n<meta property=\"article:publisher\" content=\"https:\/\/www.facebook.com\/AyuntamientoSantaPola\/\" \/>\n<meta property=\"article:published_time\" content=\"2025-11-14T12:04:25+00:00\" \/>\n<meta property=\"article:modified_time\" content=\"2025-11-14T12:05:39+00:00\" \/>\n<meta property=\"og:image\" content=\"https:\/\/santapola.es\/wp-content\/uploads\/2025\/11\/2025-11-14-Borja-Merino-en-INTUR.jpeg\" \/>\n\t<meta property=\"og:image:width\" content=\"1600\" \/>\n\t<meta property=\"og:image:height\" content=\"1092\" \/>\n\t<meta property=\"og:image:type\" content=\"image\/jpeg\" \/>\n<meta name=\"author\" content=\"Jos\u00e9 Juan L\u00f3pez Lafuente\" \/>\n<meta name=\"twitter:card\" content=\"summary_large_image\" \/>\n<meta name=\"twitter:creator\" content=\"@SantaPolaAyunt\" \/>\n<meta name=\"twitter:site\" content=\"@SantaPolaAyunt\" \/>\n<script type=\"application\/ld+json\" class=\"yoast-schema-graph\">{\"@context\":\"https:\\\/\\\/schema.org\",\"@graph\":[{\"@type\":\"Article\",\"@id\":\"https:\\\/\\\/santapola.es\\\/ca\\\/santa-pola-reforca-la-seua-estrategia-de-desestacionalitzacio-turistica-en-la-fira-intur-2025-de-valladolid\\\/#article\",\"isPartOf\":{\"@id\":\"https:\\\/\\\/santapola.es\\\/ca\\\/santa-pola-reforca-la-seua-estrategia-de-desestacionalitzacio-turistica-en-la-fira-intur-2025-de-valladolid\\\/\"},\"author\":{\"name\":\"Jos\u00e9 Juan L\u00f3pez Lafuente\",\"@id\":\"https:\\\/\\\/santapola.es\\\/ca\\\/#\\\/schema\\\/person\\\/ad1d67403707b58350c7be5e8dbc442d\"},\"headline\":\"Santa Pola refor\u00e7a la seua estrat\u00e8gia de desestacionalitzaci\u00f3 tur\u00edstica en la fira INTUR 2025 de Valladolid\",\"datePublished\":\"2025-11-14T12:04:25+00:00\",\"dateModified\":\"2025-11-14T12:05:39+00:00\",\"mainEntityOfPage\":{\"@id\":\"https:\\\/\\\/santapola.es\\\/ca\\\/santa-pola-reforca-la-seua-estrategia-de-desestacionalitzacio-turistica-en-la-fira-intur-2025-de-valladolid\\\/\"},\"wordCount\":233,\"image\":{\"@id\":\"https:\\\/\\\/santapola.es\\\/ca\\\/santa-pola-reforca-la-seua-estrategia-de-desestacionalitzacio-turistica-en-la-fira-intur-2025-de-valladolid\\\/#primaryimage\"},\"thumbnailUrl\":\"https:\\\/\\\/santapola.es\\\/wp-content\\\/uploads\\\/2025\\\/11\\\/2025-11-14-Borja-Merino-en-INTUR.jpeg\",\"keywords\":[\"Borja Merino\",\"INTUR\"],\"articleSection\":[\"Turisme\"],\"inLanguage\":\"ca\"},{\"@type\":\"WebPage\",\"@id\":\"https:\\\/\\\/santapola.es\\\/ca\\\/santa-pola-reforca-la-seua-estrategia-de-desestacionalitzacio-turistica-en-la-fira-intur-2025-de-valladolid\\\/\",\"url\":\"https:\\\/\\\/santapola.es\\\/ca\\\/santa-pola-reforca-la-seua-estrategia-de-desestacionalitzacio-turistica-en-la-fira-intur-2025-de-valladolid\\\/\",\"name\":\"Santa Pola refor\u00e7a la seua estrat\u00e8gia de desestacionalitzaci\u00f3 tur\u00edstica en la fira INTUR 2025 de Valladolid - Ajuntament de Santa Pola\",\"isPartOf\":{\"@id\":\"https:\\\/\\\/santapola.es\\\/ca\\\/#website\"},\"primaryImageOfPage\":{\"@id\":\"https:\\\/\\\/santapola.es\\\/ca\\\/santa-pola-reforca-la-seua-estrategia-de-desestacionalitzacio-turistica-en-la-fira-intur-2025-de-valladolid\\\/#primaryimage\"},\"image\":{\"@id\":\"https:\\\/\\\/santapola.es\\\/ca\\\/santa-pola-reforca-la-seua-estrategia-de-desestacionalitzacio-turistica-en-la-fira-intur-2025-de-valladolid\\\/#primaryimage\"},\"thumbnailUrl\":\"https:\\\/\\\/santapola.es\\\/wp-content\\\/uploads\\\/2025\\\/11\\\/2025-11-14-Borja-Merino-en-INTUR.jpeg\",\"datePublished\":\"2025-11-14T12:04:25+00:00\",\"dateModified\":\"2025-11-14T12:05:39+00:00\",\"author\":{\"@id\":\"https:\\\/\\\/santapola.es\\\/ca\\\/#\\\/schema\\\/person\\\/ad1d67403707b58350c7be5e8dbc442d\"},\"breadcrumb\":{\"@id\":\"https:\\\/\\\/santapola.es\\\/ca\\\/santa-pola-reforca-la-seua-estrategia-de-desestacionalitzacio-turistica-en-la-fira-intur-2025-de-valladolid\\\/#breadcrumb\"},\"inLanguage\":\"ca\",\"potentialAction\":[{\"@type\":\"ReadAction\",\"target\":[\"https:\\\/\\\/santapola.es\\\/ca\\\/santa-pola-reforca-la-seua-estrategia-de-desestacionalitzacio-turistica-en-la-fira-intur-2025-de-valladolid\\\/\"]}]},{\"@type\":\"ImageObject\",\"inLanguage\":\"ca\",\"@id\":\"https:\\\/\\\/santapola.es\\\/ca\\\/santa-pola-reforca-la-seua-estrategia-de-desestacionalitzacio-turistica-en-la-fira-intur-2025-de-valladolid\\\/#primaryimage\",\"url\":\"https:\\\/\\\/santapola.es\\\/wp-content\\\/uploads\\\/2025\\\/11\\\/2025-11-14-Borja-Merino-en-INTUR.jpeg\",\"contentUrl\":\"https:\\\/\\\/santapola.es\\\/wp-content\\\/uploads\\\/2025\\\/11\\\/2025-11-14-Borja-Merino-en-INTUR.jpeg\",\"width\":1600,\"height\":1092},{\"@type\":\"BreadcrumbList\",\"@id\":\"https:\\\/\\\/santapola.es\\\/ca\\\/santa-pola-reforca-la-seua-estrategia-de-desestacionalitzacio-turistica-en-la-fira-intur-2025-de-valladolid\\\/#breadcrumb\",\"itemListElement\":[{\"@type\":\"ListItem\",\"position\":1,\"name\":\"Inici\",\"item\":\"https:\\\/\\\/santapola.es\\\/ca\\\/\"},{\"@type\":\"ListItem\",\"position\":2,\"name\":\"Santa Pola refor\u00e7a la seua estrat\u00e8gia de desestacionalitzaci\u00f3 tur\u00edstica en la fira INTUR 2025 de Valladolid\"}]},{\"@type\":\"WebSite\",\"@id\":\"https:\\\/\\\/santapola.es\\\/ca\\\/#website\",\"url\":\"https:\\\/\\\/santapola.es\\\/ca\\\/\",\"name\":\"Ayuntamiento de Santa Pola\",\"description\":\"Web de l'Ajuntament de Santa Pola\",\"potentialAction\":[{\"@type\":\"SearchAction\",\"target\":{\"@type\":\"EntryPoint\",\"urlTemplate\":\"https:\\\/\\\/santapola.es\\\/ca\\\/?s={search_term_string}\"},\"query-input\":{\"@type\":\"PropertyValueSpecification\",\"valueRequired\":true,\"valueName\":\"search_term_string\"}}],\"inLanguage\":\"ca\"},{\"@type\":\"Person\",\"@id\":\"https:\\\/\\\/santapola.es\\\/ca\\\/#\\\/schema\\\/person\\\/ad1d67403707b58350c7be5e8dbc442d\",\"name\":\"Jos\u00e9 Juan L\u00f3pez Lafuente\"}]}<\/script>\n<!-- \/ Yoast SEO plugin. -->","yoast_head_json":{"title":"Santa Pola refor\u00e7a la seua estrat\u00e8gia de desestacionalitzaci\u00f3 tur\u00edstica en la fira INTUR 2025 de Valladolid - Ajuntament de Santa Pola","robots":{"index":"index","follow":"follow","max-snippet":"max-snippet:-1","max-image-preview":"max-image-preview:large","max-video-preview":"max-video-preview:-1"},"canonical":"https:\/\/santapola.es\/ca\/santa-pola-reforca-la-seua-estrategia-de-desestacionalitzacio-turistica-en-la-fira-intur-2025-de-valladolid\/","og_locale":"ca_ES","og_type":"article","og_title":"Santa Pola refor\u00e7a la seua estrat\u00e8gia de desestacionalitzaci\u00f3 tur\u00edstica en la fira INTUR 2025 de Valladolid - Ajuntament de Santa Pola","og_description":"Sota el paraigua del Patronat Provincial de Turisme Costa Blanca, Santa Pola presenta a Valladolid el seu atractiu com a dest\u00ed costaner actiu, sostenible i digital, a nom\u00e9s quatre hores de viatge en AVE. L&#8217;Ajuntament de Santa Pola, a trav\u00e9s de la Regidoria de Turisme, participa del 14 al 16 de novembre en la fira [&hellip;]","og_url":"https:\/\/santapola.es\/ca\/santa-pola-reforca-la-seua-estrategia-de-desestacionalitzacio-turistica-en-la-fira-intur-2025-de-valladolid\/","og_site_name":"Ajuntament de Santa Pola","article_publisher":"https:\/\/www.facebook.com\/AyuntamientoSantaPola\/","article_published_time":"2025-11-14T12:04:25+00:00","article_modified_time":"2025-11-14T12:05:39+00:00","og_image":[{"width":1600,"height":1092,"url":"https:\/\/santapola.es\/wp-content\/uploads\/2025\/11\/2025-11-14-Borja-Merino-en-INTUR.jpeg","type":"image\/jpeg"}],"author":"Jos\u00e9 Juan L\u00f3pez Lafuente","twitter_card":"summary_large_image","twitter_creator":"@SantaPolaAyunt","twitter_site":"@SantaPolaAyunt","schema":{"@context":"https:\/\/schema.org","@graph":[{"@type":"Article","@id":"https:\/\/santapola.es\/ca\/santa-pola-reforca-la-seua-estrategia-de-desestacionalitzacio-turistica-en-la-fira-intur-2025-de-valladolid\/#article","isPartOf":{"@id":"https:\/\/santapola.es\/ca\/santa-pola-reforca-la-seua-estrategia-de-desestacionalitzacio-turistica-en-la-fira-intur-2025-de-valladolid\/"},"author":{"name":"Jos\u00e9 Juan L\u00f3pez Lafuente","@id":"https:\/\/santapola.es\/ca\/#\/schema\/person\/ad1d67403707b58350c7be5e8dbc442d"},"headline":"Santa Pola refor\u00e7a la seua estrat\u00e8gia de desestacionalitzaci\u00f3 tur\u00edstica en la fira INTUR 2025 de Valladolid","datePublished":"2025-11-14T12:04:25+00:00","dateModified":"2025-11-14T12:05:39+00:00","mainEntityOfPage":{"@id":"https:\/\/santapola.es\/ca\/santa-pola-reforca-la-seua-estrategia-de-desestacionalitzacio-turistica-en-la-fira-intur-2025-de-valladolid\/"},"wordCount":233,"image":{"@id":"https:\/\/santapola.es\/ca\/santa-pola-reforca-la-seua-estrategia-de-desestacionalitzacio-turistica-en-la-fira-intur-2025-de-valladolid\/#primaryimage"},"thumbnailUrl":"https:\/\/santapola.es\/wp-content\/uploads\/2025\/11\/2025-11-14-Borja-Merino-en-INTUR.jpeg","keywords":["Borja Merino","INTUR"],"articleSection":["Turisme"],"inLanguage":"ca"},{"@type":"WebPage","@id":"https:\/\/santapola.es\/ca\/santa-pola-reforca-la-seua-estrategia-de-desestacionalitzacio-turistica-en-la-fira-intur-2025-de-valladolid\/","url":"https:\/\/santapola.es\/ca\/santa-pola-reforca-la-seua-estrategia-de-desestacionalitzacio-turistica-en-la-fira-intur-2025-de-valladolid\/","name":"Santa Pola refor\u00e7a la seua estrat\u00e8gia de desestacionalitzaci\u00f3 tur\u00edstica en la fira INTUR 2025 de Valladolid - Ajuntament de Santa Pola","isPartOf":{"@id":"https:\/\/santapola.es\/ca\/#website"},"primaryImageOfPage":{"@id":"https:\/\/santapola.es\/ca\/santa-pola-reforca-la-seua-estrategia-de-desestacionalitzacio-turistica-en-la-fira-intur-2025-de-valladolid\/#primaryimage"},"image":{"@id":"https:\/\/santapola.es\/ca\/santa-pola-reforca-la-seua-estrategia-de-desestacionalitzacio-turistica-en-la-fira-intur-2025-de-valladolid\/#primaryimage"},"thumbnailUrl":"https:\/\/santapola.es\/wp-content\/uploads\/2025\/11\/2025-11-14-Borja-Merino-en-INTUR.jpeg","datePublished":"2025-11-14T12:04:25+00:00","dateModified":"2025-11-14T12:05:39+00:00","author":{"@id":"https:\/\/santapola.es\/ca\/#\/schema\/person\/ad1d67403707b58350c7be5e8dbc442d"},"breadcrumb":{"@id":"https:\/\/santapola.es\/ca\/santa-pola-reforca-la-seua-estrategia-de-desestacionalitzacio-turistica-en-la-fira-intur-2025-de-valladolid\/#breadcrumb"},"inLanguage":"ca","potentialAction":[{"@type":"ReadAction","target":["https:\/\/santapola.es\/ca\/santa-pola-reforca-la-seua-estrategia-de-desestacionalitzacio-turistica-en-la-fira-intur-2025-de-valladolid\/"]}]},{"@type":"ImageObject","inLanguage":"ca","@id":"https:\/\/santapola.es\/ca\/santa-pola-reforca-la-seua-estrategia-de-desestacionalitzacio-turistica-en-la-fira-intur-2025-de-valladolid\/#primaryimage","url":"https:\/\/santapola.es\/wp-content\/uploads\/2025\/11\/2025-11-14-Borja-Merino-en-INTUR.jpeg","contentUrl":"https:\/\/santapola.es\/wp-content\/uploads\/2025\/11\/2025-11-14-Borja-Merino-en-INTUR.jpeg","width":1600,"height":1092},{"@type":"BreadcrumbList","@id":"https:\/\/santapola.es\/ca\/santa-pola-reforca-la-seua-estrategia-de-desestacionalitzacio-turistica-en-la-fira-intur-2025-de-valladolid\/#breadcrumb","itemListElement":[{"@type":"ListItem","position":1,"name":"Inici","item":"https:\/\/santapola.es\/ca\/"},{"@type":"ListItem","position":2,"name":"Santa Pola refor\u00e7a la seua estrat\u00e8gia de desestacionalitzaci\u00f3 tur\u00edstica en la fira INTUR 2025 de Valladolid"}]},{"@type":"WebSite","@id":"https:\/\/santapola.es\/ca\/#website","url":"https:\/\/santapola.es\/ca\/","name":"Ayuntamiento de Santa Pola","description":"Web de l'Ajuntament de Santa Pola","potentialAction":[{"@type":"SearchAction","target":{"@type":"EntryPoint","urlTemplate":"https:\/\/santapola.es\/ca\/?s={search_term_string}"},"query-input":{"@type":"PropertyValueSpecification","valueRequired":true,"valueName":"search_term_string"}}],"inLanguage":"ca"},{"@type":"Person","@id":"https:\/\/santapola.es\/ca\/#\/schema\/person\/ad1d67403707b58350c7be5e8dbc442d","name":"Jos\u00e9 Juan L\u00f3pez Lafuente"}]}},"_links":{"self":[{"href":"https:\/\/santapola.es\/ca\/wp-json\/wp\/v2\/posts\/46565","targetHints":{"allow":["GET"]}}],"collection":[{"href":"https:\/\/santapola.es\/ca\/wp-json\/wp\/v2\/posts"}],"about":[{"href":"https:\/\/santapola.es\/ca\/wp-json\/wp\/v2\/types\/post"}],"author":[{"embeddable":true,"href":"https:\/\/santapola.es\/ca\/wp-json\/wp\/v2\/users\/96"}],"replies":[{"embeddable":true,"href":"https:\/\/santapola.es\/ca\/wp-json\/wp\/v2\/comments?post=46565"}],"version-history":[{"count":0,"href":"https:\/\/santapola.es\/ca\/wp-json\/wp\/v2\/posts\/46565\/revisions"}],"wp:featuredmedia":[{"embeddable":true,"href":"https:\/\/santapola.es\/ca\/wp-json\/wp\/v2\/media\/46563"}],"wp:attachment":[{"href":"https:\/\/santapola.es\/ca\/wp-json\/wp\/v2\/media?parent=46565"}],"wp:term":[{"taxonomy":"category","embeddable":true,"href":"https:\/\/santapola.es\/ca\/wp-json\/wp\/v2\/categories?post=46565"},{"taxonomy":"post_tag","embeddable":true,"href":"https:\/\/santapola.es\/ca\/wp-json\/wp\/v2\/tags?post=46565"}],"curies":[{"name":"wp","href":"https:\/\/api.w.org\/{rel}","templated":true}]}}