{"id":46524,"date":"2025-11-11T11:23:36","date_gmt":"2025-11-11T10:23:36","guid":{"rendered":"https:\/\/santapola.es\/?p=46524"},"modified":"2025-11-11T18:43:56","modified_gmt":"2025-11-11T17:43:56","slug":"lajuntament-de-santa-pola-cobrara-directament-a-partir-denguany-la-taxa-de-clavegueram-i-aigues-pluvials","status":"publish","type":"post","link":"https:\/\/santapola.es\/ca\/lajuntament-de-santa-pola-cobrara-directament-a-partir-denguany-la-taxa-de-clavegueram-i-aigues-pluvials\/","title":{"rendered":"L&#8217;Ajuntament de Santa Pola cobrar\u00e0 directament a partir d&#8217;enguany la taxa de clavegueram i aig\u00fces pluvials"},"content":{"rendered":"<ul>\n<li><strong>Fins a 2024 ho cobrava Hidraqua al costat de la factura d&#8217;aigua potable, mentres que ara ho gestiona l&#8217;Ajuntament.<\/strong><\/li>\n<li><strong>Per a abonar la taxa de 2025, si s&#8217;ha rebut av\u00eds de pagament no val la domiciliaci\u00f3 banc\u00e0ria anterior, s&#8217;ha de pagar directament en les oficines municipals, a trav\u00e9s de la web o en la seua entitat banc\u00e0ria fins al pr\u00f2xim 16 de desembre.<\/strong><\/li>\n<li><strong>Els contribuents podran sol\u00b7licitar una nova domiciliaci\u00f3 d&#8217;este tribut en el seu compte bancari per a pagar-lo autom\u00e0ticament a partir de 2026.<\/strong><\/li>\n<\/ul>\n<p>Per a l&#8217;exercici de 2025 l&#8217;Ajuntament de Santa Pola va recuperar la gesti\u00f3 del tribut derivat de la prestaci\u00f3 del servici \u201cClavegueram i Aig\u00fces Pluvials\u201d, que fins llavors es venia gestionant per Hidraqua S.A des de l&#8217;any 2014.<\/p>\n<p>Fins l&#8217;any passat 2024, el rebut de la taxa de prove\u00efment d&#8217;aigua potable i el de la taxa de clavegueram es liquidaven i cobraven conjuntament, i de manera trimestral, per Hidraqua.<\/p>\n<p>No obstant aix\u00f2, per a este exercici 2025 la liquidaci\u00f3 i el cobrament del rebut per la taxa de clavegueram i aig\u00fces pluvials es realitzar\u00e0 directament per l&#8217;Ajuntament de Santa Pola en el per\u00edode compr\u00e9s <strong>entre el 15 d&#8217;octubre i el 16 de desembre de 2025<\/strong>.<\/p>\n<p>Des del departament de Rendes i Inspecci\u00f3 Tribut\u00e0ria es continuen fent treballs d&#8217;actualitzaci\u00f3 del padr\u00f3 associat a la taxa de clavegueram i aig\u00fces pluvials. Per tant, els ciutadans que hagen rebut el rebut de clavegueram i aig\u00fces pluvials, fins i tot havent-lo tingut domiciliat en exercicis anteriors, hauran d&#8217;acudir a <strong>satisfer el seu pagament d&#8217;una d&#8217;estes formes<\/strong>:<\/p>\n<p>-Presencialment en les depend\u00e8ncies municipals situades al carrer Marqu\u00e9s de Molins, n\u00fam. 30.<\/p>\n<p>-Via tpv virtual a trav\u00e9s del seg\u00fcent enlla\u00e7: <a href=\"https:\/\/santapola.es\/ca\/portal-contribuent\/\">Portal Contribuent &#8211; Ajuntament de Santa Pola<\/a><\/p>\n<p>-En qualsevol de les entitats financeres col\u00b7laboradores amb l&#8217;Ajuntament.<\/p>\n<p><strong>Domiciliaci\u00f3 per a pr\u00f2xims anys<\/strong><\/p>\n<p>Aix\u00ed mateix, si es desitja continuar amb el pagament a trav\u00e9s de <strong>domiciliaci\u00f3 banc\u00e0ria per als pr\u00f2xims anys<\/strong>, podran sol\u00b7licitar-lo directament:<\/p>\n<p>-Acudint al departament de Rendes i Inspecci\u00f3 Tribut\u00e0ria de l&#8217;Ajuntament (carrer Marqu\u00e9s de Molins, n\u00fam. 30).<\/p>\n<p>-Donant l&#8217;orde en la seua oficina banc\u00e0ria habitual.<\/p>\n<p>-A trav\u00e9s de la Seu Electr\u00f2nica de l&#8217;Ajuntament de Santa Pola, presentant inst\u00e0ncia per a domiciliar el tribut i adjuntant n\u00famero d&#8217;IBAN i certificat de titularitat del compte, <a href=\"https:\/\/santapola.sedelectronica.es\/catalog\/t\/d127f7d9-230b-43c0-9fa1-7cfbdcc8125c\">a trav\u00e9s d&#8217;este enlla\u00e7<\/a>.<\/p>\n","protected":false},"excerpt":{"rendered":"<p>Fins a 2024 ho cobrava Hidraqua al costat de la factura d&#8217;aigua potable, mentres que ara ho gestiona l&#8217;Ajuntament. Per a abonar la taxa de 2025, si s&#8217;ha rebut av\u00eds de pagament no val la domiciliaci\u00f3 banc\u00e0ria anterior, s&#8217;ha de pagar directament en les oficines municipals, a trav\u00e9s de la web o en la seua [&hellip;]<\/p>\n","protected":false},"author":96,"featured_media":46525,"comment_status":"closed","ping_status":"closed","sticky":false,"template":"","format":"standard","meta":{"_et_pb_use_builder":"","_et_pb_old_content":"","_et_gb_content_width":"","footnotes":""},"categories":[615],"tags":[1695],"class_list":["post-46524","post","type-post","status-publish","format-standard","has-post-thumbnail","hentry","category-hisenda","tag-taxa-de-clavegueram"],"yoast_head":"<!-- This site is optimized with the Yoast SEO plugin v27.4 - https:\/\/yoast.com\/product\/yoast-seo-wordpress\/ -->\n<title>L&#039;Ajuntament de Santa Pola cobrar\u00e0 directament a partir d&#039;enguany la taxa de clavegueram i aig\u00fces pluvials - Ajuntament de Santa Pola<\/title>\n<meta name=\"robots\" content=\"index, follow, max-snippet:-1, max-image-preview:large, max-video-preview:-1\" \/>\n<link rel=\"canonical\" href=\"https:\/\/santapola.es\/ca\/lajuntament-de-santa-pola-cobrara-directament-a-partir-denguany-la-taxa-de-clavegueram-i-aigues-pluvials\/\" \/>\n<meta property=\"og:locale\" content=\"ca_ES\" \/>\n<meta property=\"og:type\" content=\"article\" \/>\n<meta property=\"og:title\" content=\"L&#039;Ajuntament de Santa Pola cobrar\u00e0 directament a partir d&#039;enguany la taxa de clavegueram i aig\u00fces pluvials - Ajuntament de Santa Pola\" \/>\n<meta property=\"og:description\" content=\"Fins a 2024 ho cobrava Hidraqua al costat de la factura d&#8217;aigua potable, mentres que ara ho gestiona l&#8217;Ajuntament. Per a abonar la taxa de 2025, si s&#8217;ha rebut av\u00eds de pagament no val la domiciliaci\u00f3 banc\u00e0ria anterior, s&#8217;ha de pagar directament en les oficines municipals, a trav\u00e9s de la web o en la seua [&hellip;]\" \/>\n<meta property=\"og:url\" content=\"https:\/\/santapola.es\/ca\/lajuntament-de-santa-pola-cobrara-directament-a-partir-denguany-la-taxa-de-clavegueram-i-aigues-pluvials\/\" \/>\n<meta property=\"og:site_name\" content=\"Ajuntament de Santa Pola\" \/>\n<meta property=\"article:publisher\" content=\"https:\/\/www.facebook.com\/AyuntamientoSantaPola\/\" \/>\n<meta property=\"article:published_time\" content=\"2025-11-11T10:23:36+00:00\" \/>\n<meta property=\"article:modified_time\" content=\"2025-11-11T17:43:56+00:00\" \/>\n<meta property=\"og:image\" content=\"https:\/\/santapola.es\/wp-content\/uploads\/2025\/11\/TASA-ALCANTARILLADO-VAL.jpg\" \/>\n\t<meta property=\"og:image:width\" content=\"1920\" \/>\n\t<meta property=\"og:image:height\" content=\"1080\" \/>\n\t<meta property=\"og:image:type\" content=\"image\/jpeg\" \/>\n<meta name=\"author\" content=\"Jos\u00e9 Juan L\u00f3pez Lafuente\" \/>\n<meta name=\"twitter:card\" content=\"summary_large_image\" \/>\n<meta name=\"twitter:creator\" content=\"@SantaPolaAyunt\" \/>\n<meta name=\"twitter:site\" content=\"@SantaPolaAyunt\" \/>\n<script type=\"application\/ld+json\" class=\"yoast-schema-graph\">{\"@context\":\"https:\\\/\\\/schema.org\",\"@graph\":[{\"@type\":\"Article\",\"@id\":\"https:\\\/\\\/santapola.es\\\/ca\\\/lajuntament-de-santa-pola-cobrara-directament-a-partir-denguany-la-taxa-de-clavegueram-i-aigues-pluvials\\\/#article\",\"isPartOf\":{\"@id\":\"https:\\\/\\\/santapola.es\\\/ca\\\/lajuntament-de-santa-pola-cobrara-directament-a-partir-denguany-la-taxa-de-clavegueram-i-aigues-pluvials\\\/\"},\"author\":{\"name\":\"Jos\u00e9 Juan L\u00f3pez Lafuente\",\"@id\":\"https:\\\/\\\/santapola.es\\\/ca\\\/#\\\/schema\\\/person\\\/ad1d67403707b58350c7be5e8dbc442d\"},\"headline\":\"L&#8217;Ajuntament de Santa Pola cobrar\u00e0 directament a partir d&#8217;enguany la taxa de clavegueram i aig\u00fces pluvials\",\"datePublished\":\"2025-11-11T10:23:36+00:00\",\"dateModified\":\"2025-11-11T17:43:56+00:00\",\"mainEntityOfPage\":{\"@id\":\"https:\\\/\\\/santapola.es\\\/ca\\\/lajuntament-de-santa-pola-cobrara-directament-a-partir-denguany-la-taxa-de-clavegueram-i-aigues-pluvials\\\/\"},\"wordCount\":440,\"image\":{\"@id\":\"https:\\\/\\\/santapola.es\\\/ca\\\/lajuntament-de-santa-pola-cobrara-directament-a-partir-denguany-la-taxa-de-clavegueram-i-aigues-pluvials\\\/#primaryimage\"},\"thumbnailUrl\":\"https:\\\/\\\/santapola.es\\\/wp-content\\\/uploads\\\/2025\\\/11\\\/TASA-ALCANTARILLADO-VAL.jpg\",\"keywords\":[\"Taxa de clavegueram\"],\"articleSection\":[\"Hisenda\"],\"inLanguage\":\"ca\"},{\"@type\":\"WebPage\",\"@id\":\"https:\\\/\\\/santapola.es\\\/ca\\\/lajuntament-de-santa-pola-cobrara-directament-a-partir-denguany-la-taxa-de-clavegueram-i-aigues-pluvials\\\/\",\"url\":\"https:\\\/\\\/santapola.es\\\/ca\\\/lajuntament-de-santa-pola-cobrara-directament-a-partir-denguany-la-taxa-de-clavegueram-i-aigues-pluvials\\\/\",\"name\":\"L'Ajuntament de Santa Pola cobrar\u00e0 directament a partir d'enguany la taxa de clavegueram i aig\u00fces pluvials - Ajuntament de Santa Pola\",\"isPartOf\":{\"@id\":\"https:\\\/\\\/santapola.es\\\/ca\\\/#website\"},\"primaryImageOfPage\":{\"@id\":\"https:\\\/\\\/santapola.es\\\/ca\\\/lajuntament-de-santa-pola-cobrara-directament-a-partir-denguany-la-taxa-de-clavegueram-i-aigues-pluvials\\\/#primaryimage\"},\"image\":{\"@id\":\"https:\\\/\\\/santapola.es\\\/ca\\\/lajuntament-de-santa-pola-cobrara-directament-a-partir-denguany-la-taxa-de-clavegueram-i-aigues-pluvials\\\/#primaryimage\"},\"thumbnailUrl\":\"https:\\\/\\\/santapola.es\\\/wp-content\\\/uploads\\\/2025\\\/11\\\/TASA-ALCANTARILLADO-VAL.jpg\",\"datePublished\":\"2025-11-11T10:23:36+00:00\",\"dateModified\":\"2025-11-11T17:43:56+00:00\",\"author\":{\"@id\":\"https:\\\/\\\/santapola.es\\\/ca\\\/#\\\/schema\\\/person\\\/ad1d67403707b58350c7be5e8dbc442d\"},\"breadcrumb\":{\"@id\":\"https:\\\/\\\/santapola.es\\\/ca\\\/lajuntament-de-santa-pola-cobrara-directament-a-partir-denguany-la-taxa-de-clavegueram-i-aigues-pluvials\\\/#breadcrumb\"},\"inLanguage\":\"ca\",\"potentialAction\":[{\"@type\":\"ReadAction\",\"target\":[\"https:\\\/\\\/santapola.es\\\/ca\\\/lajuntament-de-santa-pola-cobrara-directament-a-partir-denguany-la-taxa-de-clavegueram-i-aigues-pluvials\\\/\"]}]},{\"@type\":\"ImageObject\",\"inLanguage\":\"ca\",\"@id\":\"https:\\\/\\\/santapola.es\\\/ca\\\/lajuntament-de-santa-pola-cobrara-directament-a-partir-denguany-la-taxa-de-clavegueram-i-aigues-pluvials\\\/#primaryimage\",\"url\":\"https:\\\/\\\/santapola.es\\\/wp-content\\\/uploads\\\/2025\\\/11\\\/TASA-ALCANTARILLADO-VAL.jpg\",\"contentUrl\":\"https:\\\/\\\/santapola.es\\\/wp-content\\\/uploads\\\/2025\\\/11\\\/TASA-ALCANTARILLADO-VAL.jpg\",\"width\":1920,\"height\":1080},{\"@type\":\"BreadcrumbList\",\"@id\":\"https:\\\/\\\/santapola.es\\\/ca\\\/lajuntament-de-santa-pola-cobrara-directament-a-partir-denguany-la-taxa-de-clavegueram-i-aigues-pluvials\\\/#breadcrumb\",\"itemListElement\":[{\"@type\":\"ListItem\",\"position\":1,\"name\":\"Inici\",\"item\":\"https:\\\/\\\/santapola.es\\\/ca\\\/\"},{\"@type\":\"ListItem\",\"position\":2,\"name\":\"L&#8217;Ajuntament de Santa Pola cobrar\u00e0 directament a partir d&#8217;enguany la taxa de clavegueram i aig\u00fces pluvials\"}]},{\"@type\":\"WebSite\",\"@id\":\"https:\\\/\\\/santapola.es\\\/ca\\\/#website\",\"url\":\"https:\\\/\\\/santapola.es\\\/ca\\\/\",\"name\":\"Ayuntamiento de Santa Pola\",\"description\":\"Web de l'Ajuntament de Santa Pola\",\"potentialAction\":[{\"@type\":\"SearchAction\",\"target\":{\"@type\":\"EntryPoint\",\"urlTemplate\":\"https:\\\/\\\/santapola.es\\\/ca\\\/?s={search_term_string}\"},\"query-input\":{\"@type\":\"PropertyValueSpecification\",\"valueRequired\":true,\"valueName\":\"search_term_string\"}}],\"inLanguage\":\"ca\"},{\"@type\":\"Person\",\"@id\":\"https:\\\/\\\/santapola.es\\\/ca\\\/#\\\/schema\\\/person\\\/ad1d67403707b58350c7be5e8dbc442d\",\"name\":\"Jos\u00e9 Juan L\u00f3pez Lafuente\"}]}<\/script>\n<!-- \/ Yoast SEO plugin. -->","yoast_head_json":{"title":"L'Ajuntament de Santa Pola cobrar\u00e0 directament a partir d'enguany la taxa de clavegueram i aig\u00fces pluvials - Ajuntament de Santa Pola","robots":{"index":"index","follow":"follow","max-snippet":"max-snippet:-1","max-image-preview":"max-image-preview:large","max-video-preview":"max-video-preview:-1"},"canonical":"https:\/\/santapola.es\/ca\/lajuntament-de-santa-pola-cobrara-directament-a-partir-denguany-la-taxa-de-clavegueram-i-aigues-pluvials\/","og_locale":"ca_ES","og_type":"article","og_title":"L'Ajuntament de Santa Pola cobrar\u00e0 directament a partir d'enguany la taxa de clavegueram i aig\u00fces pluvials - Ajuntament de Santa Pola","og_description":"Fins a 2024 ho cobrava Hidraqua al costat de la factura d&#8217;aigua potable, mentres que ara ho gestiona l&#8217;Ajuntament. Per a abonar la taxa de 2025, si s&#8217;ha rebut av\u00eds de pagament no val la domiciliaci\u00f3 banc\u00e0ria anterior, s&#8217;ha de pagar directament en les oficines municipals, a trav\u00e9s de la web o en la seua [&hellip;]","og_url":"https:\/\/santapola.es\/ca\/lajuntament-de-santa-pola-cobrara-directament-a-partir-denguany-la-taxa-de-clavegueram-i-aigues-pluvials\/","og_site_name":"Ajuntament de Santa Pola","article_publisher":"https:\/\/www.facebook.com\/AyuntamientoSantaPola\/","article_published_time":"2025-11-11T10:23:36+00:00","article_modified_time":"2025-11-11T17:43:56+00:00","og_image":[{"width":1920,"height":1080,"url":"https:\/\/santapola.es\/wp-content\/uploads\/2025\/11\/TASA-ALCANTARILLADO-VAL.jpg","type":"image\/jpeg"}],"author":"Jos\u00e9 Juan L\u00f3pez Lafuente","twitter_card":"summary_large_image","twitter_creator":"@SantaPolaAyunt","twitter_site":"@SantaPolaAyunt","schema":{"@context":"https:\/\/schema.org","@graph":[{"@type":"Article","@id":"https:\/\/santapola.es\/ca\/lajuntament-de-santa-pola-cobrara-directament-a-partir-denguany-la-taxa-de-clavegueram-i-aigues-pluvials\/#article","isPartOf":{"@id":"https:\/\/santapola.es\/ca\/lajuntament-de-santa-pola-cobrara-directament-a-partir-denguany-la-taxa-de-clavegueram-i-aigues-pluvials\/"},"author":{"name":"Jos\u00e9 Juan L\u00f3pez Lafuente","@id":"https:\/\/santapola.es\/ca\/#\/schema\/person\/ad1d67403707b58350c7be5e8dbc442d"},"headline":"L&#8217;Ajuntament de Santa Pola cobrar\u00e0 directament a partir d&#8217;enguany la taxa de clavegueram i aig\u00fces pluvials","datePublished":"2025-11-11T10:23:36+00:00","dateModified":"2025-11-11T17:43:56+00:00","mainEntityOfPage":{"@id":"https:\/\/santapola.es\/ca\/lajuntament-de-santa-pola-cobrara-directament-a-partir-denguany-la-taxa-de-clavegueram-i-aigues-pluvials\/"},"wordCount":440,"image":{"@id":"https:\/\/santapola.es\/ca\/lajuntament-de-santa-pola-cobrara-directament-a-partir-denguany-la-taxa-de-clavegueram-i-aigues-pluvials\/#primaryimage"},"thumbnailUrl":"https:\/\/santapola.es\/wp-content\/uploads\/2025\/11\/TASA-ALCANTARILLADO-VAL.jpg","keywords":["Taxa de clavegueram"],"articleSection":["Hisenda"],"inLanguage":"ca"},{"@type":"WebPage","@id":"https:\/\/santapola.es\/ca\/lajuntament-de-santa-pola-cobrara-directament-a-partir-denguany-la-taxa-de-clavegueram-i-aigues-pluvials\/","url":"https:\/\/santapola.es\/ca\/lajuntament-de-santa-pola-cobrara-directament-a-partir-denguany-la-taxa-de-clavegueram-i-aigues-pluvials\/","name":"L'Ajuntament de Santa Pola cobrar\u00e0 directament a partir d'enguany la taxa de clavegueram i aig\u00fces pluvials - Ajuntament de Santa Pola","isPartOf":{"@id":"https:\/\/santapola.es\/ca\/#website"},"primaryImageOfPage":{"@id":"https:\/\/santapola.es\/ca\/lajuntament-de-santa-pola-cobrara-directament-a-partir-denguany-la-taxa-de-clavegueram-i-aigues-pluvials\/#primaryimage"},"image":{"@id":"https:\/\/santapola.es\/ca\/lajuntament-de-santa-pola-cobrara-directament-a-partir-denguany-la-taxa-de-clavegueram-i-aigues-pluvials\/#primaryimage"},"thumbnailUrl":"https:\/\/santapola.es\/wp-content\/uploads\/2025\/11\/TASA-ALCANTARILLADO-VAL.jpg","datePublished":"2025-11-11T10:23:36+00:00","dateModified":"2025-11-11T17:43:56+00:00","author":{"@id":"https:\/\/santapola.es\/ca\/#\/schema\/person\/ad1d67403707b58350c7be5e8dbc442d"},"breadcrumb":{"@id":"https:\/\/santapola.es\/ca\/lajuntament-de-santa-pola-cobrara-directament-a-partir-denguany-la-taxa-de-clavegueram-i-aigues-pluvials\/#breadcrumb"},"inLanguage":"ca","potentialAction":[{"@type":"ReadAction","target":["https:\/\/santapola.es\/ca\/lajuntament-de-santa-pola-cobrara-directament-a-partir-denguany-la-taxa-de-clavegueram-i-aigues-pluvials\/"]}]},{"@type":"ImageObject","inLanguage":"ca","@id":"https:\/\/santapola.es\/ca\/lajuntament-de-santa-pola-cobrara-directament-a-partir-denguany-la-taxa-de-clavegueram-i-aigues-pluvials\/#primaryimage","url":"https:\/\/santapola.es\/wp-content\/uploads\/2025\/11\/TASA-ALCANTARILLADO-VAL.jpg","contentUrl":"https:\/\/santapola.es\/wp-content\/uploads\/2025\/11\/TASA-ALCANTARILLADO-VAL.jpg","width":1920,"height":1080},{"@type":"BreadcrumbList","@id":"https:\/\/santapola.es\/ca\/lajuntament-de-santa-pola-cobrara-directament-a-partir-denguany-la-taxa-de-clavegueram-i-aigues-pluvials\/#breadcrumb","itemListElement":[{"@type":"ListItem","position":1,"name":"Inici","item":"https:\/\/santapola.es\/ca\/"},{"@type":"ListItem","position":2,"name":"L&#8217;Ajuntament de Santa Pola cobrar\u00e0 directament a partir d&#8217;enguany la taxa de clavegueram i aig\u00fces pluvials"}]},{"@type":"WebSite","@id":"https:\/\/santapola.es\/ca\/#website","url":"https:\/\/santapola.es\/ca\/","name":"Ayuntamiento de Santa Pola","description":"Web de l'Ajuntament de Santa Pola","potentialAction":[{"@type":"SearchAction","target":{"@type":"EntryPoint","urlTemplate":"https:\/\/santapola.es\/ca\/?s={search_term_string}"},"query-input":{"@type":"PropertyValueSpecification","valueRequired":true,"valueName":"search_term_string"}}],"inLanguage":"ca"},{"@type":"Person","@id":"https:\/\/santapola.es\/ca\/#\/schema\/person\/ad1d67403707b58350c7be5e8dbc442d","name":"Jos\u00e9 Juan L\u00f3pez Lafuente"}]}},"_links":{"self":[{"href":"https:\/\/santapola.es\/ca\/wp-json\/wp\/v2\/posts\/46524","targetHints":{"allow":["GET"]}}],"collection":[{"href":"https:\/\/santapola.es\/ca\/wp-json\/wp\/v2\/posts"}],"about":[{"href":"https:\/\/santapola.es\/ca\/wp-json\/wp\/v2\/types\/post"}],"author":[{"embeddable":true,"href":"https:\/\/santapola.es\/ca\/wp-json\/wp\/v2\/users\/96"}],"replies":[{"embeddable":true,"href":"https:\/\/santapola.es\/ca\/wp-json\/wp\/v2\/comments?post=46524"}],"version-history":[{"count":0,"href":"https:\/\/santapola.es\/ca\/wp-json\/wp\/v2\/posts\/46524\/revisions"}],"wp:featuredmedia":[{"embeddable":true,"href":"https:\/\/santapola.es\/ca\/wp-json\/wp\/v2\/media\/46525"}],"wp:attachment":[{"href":"https:\/\/santapola.es\/ca\/wp-json\/wp\/v2\/media?parent=46524"}],"wp:term":[{"taxonomy":"category","embeddable":true,"href":"https:\/\/santapola.es\/ca\/wp-json\/wp\/v2\/categories?post=46524"},{"taxonomy":"post_tag","embeddable":true,"href":"https:\/\/santapola.es\/ca\/wp-json\/wp\/v2\/tags?post=46524"}],"curies":[{"name":"wp","href":"https:\/\/api.w.org\/{rel}","templated":true}]}}