{"id":46366,"date":"2025-10-23T14:03:42","date_gmt":"2025-10-23T12:03:42","guid":{"rendered":"https:\/\/santapola.es\/?p=46366"},"modified":"2025-10-23T14:05:53","modified_gmt":"2025-10-23T12:05:53","slug":"lajuntament-de-santa-pola-invertix-85-000-euros-en-dos-nous-vehicles-hibrids-per-a-la-policia-local","status":"publish","type":"post","link":"https:\/\/santapola.es\/ca\/lajuntament-de-santa-pola-invertix-85-000-euros-en-dos-nous-vehicles-hibrids-per-a-la-policia-local\/","title":{"rendered":"L&#8217;Ajuntament de Santa Pola invertix 85.000 euros en dos nous vehicles h\u00edbrids per a la Policia Local"},"content":{"rendered":"<p><strong>Hui s&#8217;han entregat dos Renault Arkana amb doble motor de gasolina i el\u00e8ctric, equipats amb els equips necessaris per a la comunicaci\u00f3 i la seguretat tant dels agents com dels ciutadans. Un dels cotxes patrulla va equipat amb un panell led amb avisos de text programable.<\/strong><\/p>\n<p>Este mat\u00ed s&#8217;han presentat els dos nous vehicles que passen a formar part del parc m\u00f2bil de la Policia Local de Santa Pola. Es tracta de dos cotxes patrulla Renault Arkana h\u00edbrids, amb motor de gasolina i el\u00e8ctric autocarregable amb una pot\u00e8ncia de 1598 cc i bateria de 1,2 kWh.<\/p>\n<p>L&#8217;alcaldessa Loreto Serrano i la regidora de Seguretat Ciutadana, Ana Blasco, han assistit a la presentaci\u00f3 dels cotxes que s&#8217;han adquirit amb una inversi\u00f3 de 85.365,70 euros, i que inclouen les adaptacions i equipaments necessaris per al seu \u00fas per a patrullar els nostres carrers: equip de comunicacions, prioritaris, safata d&#8217;escriptori extensible, calaix portaobjectes, dos extintors i desfibril\u00b7lador, entre altres. A m\u00e9s, un dels cotxes patrulla est\u00e0 dotat d&#8217;una pantalla de led amb avisos de text programables.<\/p>\n","protected":false},"excerpt":{"rendered":"<p>Hui s&#8217;han entregat dos Renault Arkana amb doble motor de gasolina i el\u00e8ctric, equipats amb els equips necessaris per a la comunicaci\u00f3 i la seguretat tant dels agents com dels ciutadans. Un dels cotxes patrulla va equipat amb un panell led amb avisos de text programable. Este mat\u00ed s&#8217;han presentat els dos nous vehicles que [&hellip;]<\/p>\n","protected":false},"author":96,"featured_media":46364,"comment_status":"closed","ping_status":"closed","sticky":false,"template":"","format":"standard","meta":{"_et_pb_use_builder":"","_et_pb_old_content":"","_et_gb_content_width":"","footnotes":""},"categories":[444,443],"tags":[446,453],"class_list":["post-46366","post","type-post","status-publish","format-standard","has-post-thumbnail","hentry","category-policia-ca","category-seguretat-ciutadana-proteccio-civil","tag-policia-local-ca","tag-vehicles"],"yoast_head":"<!-- This site is optimized with the Yoast SEO plugin v27.4 - https:\/\/yoast.com\/product\/yoast-seo-wordpress\/ -->\n<title>L&#039;Ajuntament de Santa Pola invertix 85.000 euros en dos nous vehicles h\u00edbrids per a la Policia Local - Ajuntament de Santa Pola<\/title>\n<meta name=\"robots\" content=\"index, follow, max-snippet:-1, max-image-preview:large, max-video-preview:-1\" \/>\n<link rel=\"canonical\" href=\"https:\/\/santapola.es\/ca\/lajuntament-de-santa-pola-invertix-85-000-euros-en-dos-nous-vehicles-hibrids-per-a-la-policia-local\/\" \/>\n<meta property=\"og:locale\" content=\"ca_ES\" \/>\n<meta property=\"og:type\" content=\"article\" \/>\n<meta property=\"og:title\" content=\"L&#039;Ajuntament de Santa Pola invertix 85.000 euros en dos nous vehicles h\u00edbrids per a la Policia Local - Ajuntament de Santa Pola\" \/>\n<meta property=\"og:description\" content=\"Hui s&#8217;han entregat dos Renault Arkana amb doble motor de gasolina i el\u00e8ctric, equipats amb els equips necessaris per a la comunicaci\u00f3 i la seguretat tant dels agents com dels ciutadans. Un dels cotxes patrulla va equipat amb un panell led amb avisos de text programable. Este mat\u00ed s&#8217;han presentat els dos nous vehicles que [&hellip;]\" \/>\n<meta property=\"og:url\" content=\"https:\/\/santapola.es\/ca\/lajuntament-de-santa-pola-invertix-85-000-euros-en-dos-nous-vehicles-hibrids-per-a-la-policia-local\/\" \/>\n<meta property=\"og:site_name\" content=\"Ajuntament de Santa Pola\" \/>\n<meta property=\"article:publisher\" content=\"https:\/\/www.facebook.com\/AyuntamientoSantaPola\/\" \/>\n<meta property=\"article:published_time\" content=\"2025-10-23T12:03:42+00:00\" \/>\n<meta property=\"article:modified_time\" content=\"2025-10-23T12:05:53+00:00\" \/>\n<meta property=\"og:image\" content=\"https:\/\/santapola.es\/wp-content\/uploads\/2025\/10\/IMG_3410.jpg\" \/>\n\t<meta property=\"og:image:width\" content=\"1920\" \/>\n\t<meta property=\"og:image:height\" content=\"1440\" \/>\n\t<meta property=\"og:image:type\" content=\"image\/jpeg\" \/>\n<meta name=\"author\" content=\"Jos\u00e9 Juan L\u00f3pez Lafuente\" \/>\n<meta name=\"twitter:card\" content=\"summary_large_image\" \/>\n<meta name=\"twitter:creator\" content=\"@SantaPolaAyunt\" \/>\n<meta name=\"twitter:site\" content=\"@SantaPolaAyunt\" \/>\n<script type=\"application\/ld+json\" class=\"yoast-schema-graph\">{\"@context\":\"https:\\\/\\\/schema.org\",\"@graph\":[{\"@type\":\"Article\",\"@id\":\"https:\\\/\\\/santapola.es\\\/ca\\\/lajuntament-de-santa-pola-invertix-85-000-euros-en-dos-nous-vehicles-hibrids-per-a-la-policia-local\\\/#article\",\"isPartOf\":{\"@id\":\"https:\\\/\\\/santapola.es\\\/ca\\\/lajuntament-de-santa-pola-invertix-85-000-euros-en-dos-nous-vehicles-hibrids-per-a-la-policia-local\\\/\"},\"author\":{\"name\":\"Jos\u00e9 Juan L\u00f3pez Lafuente\",\"@id\":\"https:\\\/\\\/santapola.es\\\/ca\\\/#\\\/schema\\\/person\\\/ad1d67403707b58350c7be5e8dbc442d\"},\"headline\":\"L&#8217;Ajuntament de Santa Pola invertix 85.000 euros en dos nous vehicles h\u00edbrids per a la Policia Local\",\"datePublished\":\"2025-10-23T12:03:42+00:00\",\"dateModified\":\"2025-10-23T12:05:53+00:00\",\"mainEntityOfPage\":{\"@id\":\"https:\\\/\\\/santapola.es\\\/ca\\\/lajuntament-de-santa-pola-invertix-85-000-euros-en-dos-nous-vehicles-hibrids-per-a-la-policia-local\\\/\"},\"wordCount\":201,\"image\":{\"@id\":\"https:\\\/\\\/santapola.es\\\/ca\\\/lajuntament-de-santa-pola-invertix-85-000-euros-en-dos-nous-vehicles-hibrids-per-a-la-policia-local\\\/#primaryimage\"},\"thumbnailUrl\":\"https:\\\/\\\/santapola.es\\\/wp-content\\\/uploads\\\/2025\\\/10\\\/IMG_3410.jpg\",\"keywords\":[\"Policia Local\",\"Vehicles\"],\"articleSection\":[\"Policia\",\"Seguretat Ciutadana \\\/ Protecci\u00f3 Civil\"],\"inLanguage\":\"ca\"},{\"@type\":\"WebPage\",\"@id\":\"https:\\\/\\\/santapola.es\\\/ca\\\/lajuntament-de-santa-pola-invertix-85-000-euros-en-dos-nous-vehicles-hibrids-per-a-la-policia-local\\\/\",\"url\":\"https:\\\/\\\/santapola.es\\\/ca\\\/lajuntament-de-santa-pola-invertix-85-000-euros-en-dos-nous-vehicles-hibrids-per-a-la-policia-local\\\/\",\"name\":\"L'Ajuntament de Santa Pola invertix 85.000 euros en dos nous vehicles h\u00edbrids per a la Policia Local - Ajuntament de Santa Pola\",\"isPartOf\":{\"@id\":\"https:\\\/\\\/santapola.es\\\/ca\\\/#website\"},\"primaryImageOfPage\":{\"@id\":\"https:\\\/\\\/santapola.es\\\/ca\\\/lajuntament-de-santa-pola-invertix-85-000-euros-en-dos-nous-vehicles-hibrids-per-a-la-policia-local\\\/#primaryimage\"},\"image\":{\"@id\":\"https:\\\/\\\/santapola.es\\\/ca\\\/lajuntament-de-santa-pola-invertix-85-000-euros-en-dos-nous-vehicles-hibrids-per-a-la-policia-local\\\/#primaryimage\"},\"thumbnailUrl\":\"https:\\\/\\\/santapola.es\\\/wp-content\\\/uploads\\\/2025\\\/10\\\/IMG_3410.jpg\",\"datePublished\":\"2025-10-23T12:03:42+00:00\",\"dateModified\":\"2025-10-23T12:05:53+00:00\",\"author\":{\"@id\":\"https:\\\/\\\/santapola.es\\\/ca\\\/#\\\/schema\\\/person\\\/ad1d67403707b58350c7be5e8dbc442d\"},\"breadcrumb\":{\"@id\":\"https:\\\/\\\/santapola.es\\\/ca\\\/lajuntament-de-santa-pola-invertix-85-000-euros-en-dos-nous-vehicles-hibrids-per-a-la-policia-local\\\/#breadcrumb\"},\"inLanguage\":\"ca\",\"potentialAction\":[{\"@type\":\"ReadAction\",\"target\":[\"https:\\\/\\\/santapola.es\\\/ca\\\/lajuntament-de-santa-pola-invertix-85-000-euros-en-dos-nous-vehicles-hibrids-per-a-la-policia-local\\\/\"]}]},{\"@type\":\"ImageObject\",\"inLanguage\":\"ca\",\"@id\":\"https:\\\/\\\/santapola.es\\\/ca\\\/lajuntament-de-santa-pola-invertix-85-000-euros-en-dos-nous-vehicles-hibrids-per-a-la-policia-local\\\/#primaryimage\",\"url\":\"https:\\\/\\\/santapola.es\\\/wp-content\\\/uploads\\\/2025\\\/10\\\/IMG_3410.jpg\",\"contentUrl\":\"https:\\\/\\\/santapola.es\\\/wp-content\\\/uploads\\\/2025\\\/10\\\/IMG_3410.jpg\",\"width\":1920,\"height\":1440},{\"@type\":\"BreadcrumbList\",\"@id\":\"https:\\\/\\\/santapola.es\\\/ca\\\/lajuntament-de-santa-pola-invertix-85-000-euros-en-dos-nous-vehicles-hibrids-per-a-la-policia-local\\\/#breadcrumb\",\"itemListElement\":[{\"@type\":\"ListItem\",\"position\":1,\"name\":\"Inici\",\"item\":\"https:\\\/\\\/santapola.es\\\/ca\\\/\"},{\"@type\":\"ListItem\",\"position\":2,\"name\":\"L&#8217;Ajuntament de Santa Pola invertix 85.000 euros en dos nous vehicles h\u00edbrids per a la Policia Local\"}]},{\"@type\":\"WebSite\",\"@id\":\"https:\\\/\\\/santapola.es\\\/ca\\\/#website\",\"url\":\"https:\\\/\\\/santapola.es\\\/ca\\\/\",\"name\":\"Ayuntamiento de Santa Pola\",\"description\":\"Web de l'Ajuntament de Santa Pola\",\"potentialAction\":[{\"@type\":\"SearchAction\",\"target\":{\"@type\":\"EntryPoint\",\"urlTemplate\":\"https:\\\/\\\/santapola.es\\\/ca\\\/?s={search_term_string}\"},\"query-input\":{\"@type\":\"PropertyValueSpecification\",\"valueRequired\":true,\"valueName\":\"search_term_string\"}}],\"inLanguage\":\"ca\"},{\"@type\":\"Person\",\"@id\":\"https:\\\/\\\/santapola.es\\\/ca\\\/#\\\/schema\\\/person\\\/ad1d67403707b58350c7be5e8dbc442d\",\"name\":\"Jos\u00e9 Juan L\u00f3pez Lafuente\"}]}<\/script>\n<!-- \/ Yoast SEO plugin. -->","yoast_head_json":{"title":"L'Ajuntament de Santa Pola invertix 85.000 euros en dos nous vehicles h\u00edbrids per a la Policia Local - Ajuntament de Santa Pola","robots":{"index":"index","follow":"follow","max-snippet":"max-snippet:-1","max-image-preview":"max-image-preview:large","max-video-preview":"max-video-preview:-1"},"canonical":"https:\/\/santapola.es\/ca\/lajuntament-de-santa-pola-invertix-85-000-euros-en-dos-nous-vehicles-hibrids-per-a-la-policia-local\/","og_locale":"ca_ES","og_type":"article","og_title":"L'Ajuntament de Santa Pola invertix 85.000 euros en dos nous vehicles h\u00edbrids per a la Policia Local - Ajuntament de Santa Pola","og_description":"Hui s&#8217;han entregat dos Renault Arkana amb doble motor de gasolina i el\u00e8ctric, equipats amb els equips necessaris per a la comunicaci\u00f3 i la seguretat tant dels agents com dels ciutadans. Un dels cotxes patrulla va equipat amb un panell led amb avisos de text programable. Este mat\u00ed s&#8217;han presentat els dos nous vehicles que [&hellip;]","og_url":"https:\/\/santapola.es\/ca\/lajuntament-de-santa-pola-invertix-85-000-euros-en-dos-nous-vehicles-hibrids-per-a-la-policia-local\/","og_site_name":"Ajuntament de Santa Pola","article_publisher":"https:\/\/www.facebook.com\/AyuntamientoSantaPola\/","article_published_time":"2025-10-23T12:03:42+00:00","article_modified_time":"2025-10-23T12:05:53+00:00","og_image":[{"width":1920,"height":1440,"url":"https:\/\/santapola.es\/wp-content\/uploads\/2025\/10\/IMG_3410.jpg","type":"image\/jpeg"}],"author":"Jos\u00e9 Juan L\u00f3pez Lafuente","twitter_card":"summary_large_image","twitter_creator":"@SantaPolaAyunt","twitter_site":"@SantaPolaAyunt","schema":{"@context":"https:\/\/schema.org","@graph":[{"@type":"Article","@id":"https:\/\/santapola.es\/ca\/lajuntament-de-santa-pola-invertix-85-000-euros-en-dos-nous-vehicles-hibrids-per-a-la-policia-local\/#article","isPartOf":{"@id":"https:\/\/santapola.es\/ca\/lajuntament-de-santa-pola-invertix-85-000-euros-en-dos-nous-vehicles-hibrids-per-a-la-policia-local\/"},"author":{"name":"Jos\u00e9 Juan L\u00f3pez Lafuente","@id":"https:\/\/santapola.es\/ca\/#\/schema\/person\/ad1d67403707b58350c7be5e8dbc442d"},"headline":"L&#8217;Ajuntament de Santa Pola invertix 85.000 euros en dos nous vehicles h\u00edbrids per a la Policia Local","datePublished":"2025-10-23T12:03:42+00:00","dateModified":"2025-10-23T12:05:53+00:00","mainEntityOfPage":{"@id":"https:\/\/santapola.es\/ca\/lajuntament-de-santa-pola-invertix-85-000-euros-en-dos-nous-vehicles-hibrids-per-a-la-policia-local\/"},"wordCount":201,"image":{"@id":"https:\/\/santapola.es\/ca\/lajuntament-de-santa-pola-invertix-85-000-euros-en-dos-nous-vehicles-hibrids-per-a-la-policia-local\/#primaryimage"},"thumbnailUrl":"https:\/\/santapola.es\/wp-content\/uploads\/2025\/10\/IMG_3410.jpg","keywords":["Policia Local","Vehicles"],"articleSection":["Policia","Seguretat Ciutadana \/ Protecci\u00f3 Civil"],"inLanguage":"ca"},{"@type":"WebPage","@id":"https:\/\/santapola.es\/ca\/lajuntament-de-santa-pola-invertix-85-000-euros-en-dos-nous-vehicles-hibrids-per-a-la-policia-local\/","url":"https:\/\/santapola.es\/ca\/lajuntament-de-santa-pola-invertix-85-000-euros-en-dos-nous-vehicles-hibrids-per-a-la-policia-local\/","name":"L'Ajuntament de Santa Pola invertix 85.000 euros en dos nous vehicles h\u00edbrids per a la Policia Local - Ajuntament de Santa Pola","isPartOf":{"@id":"https:\/\/santapola.es\/ca\/#website"},"primaryImageOfPage":{"@id":"https:\/\/santapola.es\/ca\/lajuntament-de-santa-pola-invertix-85-000-euros-en-dos-nous-vehicles-hibrids-per-a-la-policia-local\/#primaryimage"},"image":{"@id":"https:\/\/santapola.es\/ca\/lajuntament-de-santa-pola-invertix-85-000-euros-en-dos-nous-vehicles-hibrids-per-a-la-policia-local\/#primaryimage"},"thumbnailUrl":"https:\/\/santapola.es\/wp-content\/uploads\/2025\/10\/IMG_3410.jpg","datePublished":"2025-10-23T12:03:42+00:00","dateModified":"2025-10-23T12:05:53+00:00","author":{"@id":"https:\/\/santapola.es\/ca\/#\/schema\/person\/ad1d67403707b58350c7be5e8dbc442d"},"breadcrumb":{"@id":"https:\/\/santapola.es\/ca\/lajuntament-de-santa-pola-invertix-85-000-euros-en-dos-nous-vehicles-hibrids-per-a-la-policia-local\/#breadcrumb"},"inLanguage":"ca","potentialAction":[{"@type":"ReadAction","target":["https:\/\/santapola.es\/ca\/lajuntament-de-santa-pola-invertix-85-000-euros-en-dos-nous-vehicles-hibrids-per-a-la-policia-local\/"]}]},{"@type":"ImageObject","inLanguage":"ca","@id":"https:\/\/santapola.es\/ca\/lajuntament-de-santa-pola-invertix-85-000-euros-en-dos-nous-vehicles-hibrids-per-a-la-policia-local\/#primaryimage","url":"https:\/\/santapola.es\/wp-content\/uploads\/2025\/10\/IMG_3410.jpg","contentUrl":"https:\/\/santapola.es\/wp-content\/uploads\/2025\/10\/IMG_3410.jpg","width":1920,"height":1440},{"@type":"BreadcrumbList","@id":"https:\/\/santapola.es\/ca\/lajuntament-de-santa-pola-invertix-85-000-euros-en-dos-nous-vehicles-hibrids-per-a-la-policia-local\/#breadcrumb","itemListElement":[{"@type":"ListItem","position":1,"name":"Inici","item":"https:\/\/santapola.es\/ca\/"},{"@type":"ListItem","position":2,"name":"L&#8217;Ajuntament de Santa Pola invertix 85.000 euros en dos nous vehicles h\u00edbrids per a la Policia Local"}]},{"@type":"WebSite","@id":"https:\/\/santapola.es\/ca\/#website","url":"https:\/\/santapola.es\/ca\/","name":"Ayuntamiento de Santa Pola","description":"Web de l'Ajuntament de Santa Pola","potentialAction":[{"@type":"SearchAction","target":{"@type":"EntryPoint","urlTemplate":"https:\/\/santapola.es\/ca\/?s={search_term_string}"},"query-input":{"@type":"PropertyValueSpecification","valueRequired":true,"valueName":"search_term_string"}}],"inLanguage":"ca"},{"@type":"Person","@id":"https:\/\/santapola.es\/ca\/#\/schema\/person\/ad1d67403707b58350c7be5e8dbc442d","name":"Jos\u00e9 Juan L\u00f3pez Lafuente"}]}},"_links":{"self":[{"href":"https:\/\/santapola.es\/ca\/wp-json\/wp\/v2\/posts\/46366","targetHints":{"allow":["GET"]}}],"collection":[{"href":"https:\/\/santapola.es\/ca\/wp-json\/wp\/v2\/posts"}],"about":[{"href":"https:\/\/santapola.es\/ca\/wp-json\/wp\/v2\/types\/post"}],"author":[{"embeddable":true,"href":"https:\/\/santapola.es\/ca\/wp-json\/wp\/v2\/users\/96"}],"replies":[{"embeddable":true,"href":"https:\/\/santapola.es\/ca\/wp-json\/wp\/v2\/comments?post=46366"}],"version-history":[{"count":0,"href":"https:\/\/santapola.es\/ca\/wp-json\/wp\/v2\/posts\/46366\/revisions"}],"wp:featuredmedia":[{"embeddable":true,"href":"https:\/\/santapola.es\/ca\/wp-json\/wp\/v2\/media\/46364"}],"wp:attachment":[{"href":"https:\/\/santapola.es\/ca\/wp-json\/wp\/v2\/media?parent=46366"}],"wp:term":[{"taxonomy":"category","embeddable":true,"href":"https:\/\/santapola.es\/ca\/wp-json\/wp\/v2\/categories?post=46366"},{"taxonomy":"post_tag","embeddable":true,"href":"https:\/\/santapola.es\/ca\/wp-json\/wp\/v2\/tags?post=46366"}],"curies":[{"name":"wp","href":"https:\/\/api.w.org\/{rel}","templated":true}]}}