{"id":46262,"date":"2025-10-19T10:16:34","date_gmt":"2025-10-19T08:16:34","guid":{"rendered":"https:\/\/santapola.es\/?p=46262"},"modified":"2025-10-19T10:19:37","modified_gmt":"2025-10-19T08:19:37","slug":"la-flautista-ines-cantos-guanya-lii-premi-dinterpretacio-musical-santa-pola-casa-mediterraneo","status":"publish","type":"post","link":"https:\/\/santapola.es\/ca\/la-flautista-ines-cantos-guanya-lii-premi-dinterpretacio-musical-santa-pola-casa-mediterraneo\/","title":{"rendered":"La flautista In\u00e9s Cantos guanya l&#8217;II Premi d&#8217;Interpretaci\u00f3 Musical Santa Pola &#8211; Casa Mediterr\u00e1neo"},"content":{"rendered":"<p><strong>En una gala final d&#8217;alt nivell celebrada a la Casa de Cultura de Santa Pola, la interpretaci\u00f3 d&#8217;In\u00e9s Cantos al costat de l&#8217;Ensemble Casa Mediterr\u00e1neo va conv\u00e9ncer al jurat per davant de Carmen Arjona i Irene Mata.<\/strong><\/p>\n<p>Anit es va decidir a la Casa de Cultura de Santa Pola la segona edici\u00f3 del Premi d&#8217;Interpretaci\u00f3 Musical Santa Pola &#8211; Casa Mediterr\u00e1neo, un espai de trobada entre l&#8217;Ensemble Casa Mediterr\u00e1neo, el p\u00fablic local i j\u00f3vens m\u00fasics del Mediterrani.<\/p>\n<p>En esta nova edici\u00f3, dedicada a j\u00f3vens flautistes i amb la incorporaci\u00f3 de l&#8217;Ajuntament de Santa Pola com a amfitri\u00f3, Casa Mediterr\u00e1neo i la seua orquestra resident promouen la m\u00fasica com a mitj\u00e0 de comunicaci\u00f3 i entesa entre els pobles de les dos ribes de la mar Mediterr\u00e0nia.<\/p>\n<p>L&#8217;acte presentat per Mar\u00eda Jos\u00e9 Cerd\u00e0, directora del Museu de la Mar de Santa Pola, va comen\u00e7ar amb les intervencions de la regidora de Cultura, Nely Baile, i del director general de Casa Mediterr\u00e1neo, Andr\u00e9s Perell\u00f3. Mentres les tres finalistes es preparaven per al seu gran moment, l&#8217;Ensemble Casa Mediterr\u00e1neo, dirigit per Ignacio Garc\u00eda-Vidal, va transmetre al p\u00fablic l&#8217;ambient perfecte amb una obra d&#8217;Antonio Vivaldi.<\/p>\n<p><strong>Tres excel\u00b7lents flautistes<\/strong><\/p>\n<p>Per a este concert final van ser seleccionades, entre la vintena de propostes presentades, tres finalistes: Irene Mata Tejero, Carmen Arjona Jimenez i In\u00e9s Cantos S\u00e1nchez. Cada artista va interpretar un concert per a flauta i orquestra de corda assignat sota sorteig, acompanyades pels m\u00fasics de l&#8217;Ensemble Casa Mediterr\u00e1neo i la batuta d&#8217;Ignacio Garc\u00eda-Vidal.<\/p>\n<p>Cada un dels concerts de tres grans compositors com Quantz, Stamitz i C.P.E. Bach tenia una duraci\u00f3, estructura i nivell de dificultat t\u00e8cnica similar, la qual cosa va possibilitar al jurat observar i valorar les capacitats art\u00edstiques de cada finalista.<\/p>\n<p>El p\u00fablic assistent va gaudir de tres magn\u00edfiques interpretacions, despr\u00e9s de la qual cosa el jurat es retirava uns minuts per a debatre el seu veredicte. Amb les autoritats i els m\u00fasics sobre l&#8217;escenari, el portaveu del jurat va llegir l&#8217;acta dictaminant el primer lloc per a In\u00e9s Cantos, el segon per a Carmen Arjona i el tercer per a Irene Mata, que aconseguixen premis en met\u00e0l\u00b7lic de 2.000, 1.500 i 1.000 euros respectivament.<\/p>\n<p>Despr\u00e9s de l&#8217;\u00e8xit d&#8217;esta segona convocat\u00f2ria, des d&#8217;este moment comen\u00e7a a preparar-se la tercera edici\u00f3 del Premi d&#8217;Interpretaci\u00f3 Santa Pola &#8211; Casa Mediterr\u00e1neo, que l&#8217;any pr\u00f2xim canviar\u00e0 l&#8217;especialitat a un nou instrument.<\/p>\n","protected":false},"excerpt":{"rendered":"<p>En una gala final d&#8217;alt nivell celebrada a la Casa de Cultura de Santa Pola, la interpretaci\u00f3 d&#8217;In\u00e9s Cantos al costat de l&#8217;Ensemble Casa Mediterr\u00e1neo va conv\u00e9ncer al jurat per davant de Carmen Arjona i Irene Mata. Anit es va decidir a la Casa de Cultura de Santa Pola la segona edici\u00f3 del Premi d&#8217;Interpretaci\u00f3 [&hellip;]<\/p>\n","protected":false},"author":96,"featured_media":46260,"comment_status":"closed","ping_status":"closed","sticky":false,"template":"","format":"standard","meta":{"_et_pb_use_builder":"","_et_pb_old_content":"","_et_gb_content_width":"","footnotes":""},"categories":[433],"tags":[1468,1665],"class_list":["post-46262","post","type-post","status-publish","format-standard","has-post-thumbnail","hentry","category-cultura-ca","tag-casa-mediterraneo-ca","tag-premio-de-interpretacion-musical-santa-pola-casa-mediterraneo-ca"],"yoast_head":"<!-- This site is optimized with the Yoast SEO plugin v27.4 - https:\/\/yoast.com\/product\/yoast-seo-wordpress\/ -->\n<title>La flautista In\u00e9s Cantos guanya l&#039;II Premi d&#039;Interpretaci\u00f3 Musical Santa Pola - Casa Mediterr\u00e1neo - Ajuntament de Santa Pola<\/title>\n<meta name=\"robots\" content=\"index, follow, max-snippet:-1, max-image-preview:large, max-video-preview:-1\" \/>\n<link rel=\"canonical\" href=\"https:\/\/santapola.es\/ca\/la-flautista-ines-cantos-guanya-lii-premi-dinterpretacio-musical-santa-pola-casa-mediterraneo\/\" \/>\n<meta property=\"og:locale\" content=\"ca_ES\" \/>\n<meta property=\"og:type\" content=\"article\" \/>\n<meta property=\"og:title\" content=\"La flautista In\u00e9s Cantos guanya l&#039;II Premi d&#039;Interpretaci\u00f3 Musical Santa Pola - Casa Mediterr\u00e1neo - Ajuntament de Santa Pola\" \/>\n<meta property=\"og:description\" content=\"En una gala final d&#8217;alt nivell celebrada a la Casa de Cultura de Santa Pola, la interpretaci\u00f3 d&#8217;In\u00e9s Cantos al costat de l&#8217;Ensemble Casa Mediterr\u00e1neo va conv\u00e9ncer al jurat per davant de Carmen Arjona i Irene Mata. Anit es va decidir a la Casa de Cultura de Santa Pola la segona edici\u00f3 del Premi d&#8217;Interpretaci\u00f3 [&hellip;]\" \/>\n<meta property=\"og:url\" content=\"https:\/\/santapola.es\/ca\/la-flautista-ines-cantos-guanya-lii-premi-dinterpretacio-musical-santa-pola-casa-mediterraneo\/\" \/>\n<meta property=\"og:site_name\" content=\"Ajuntament de Santa Pola\" \/>\n<meta property=\"article:publisher\" content=\"https:\/\/www.facebook.com\/AyuntamientoSantaPola\/\" \/>\n<meta property=\"article:published_time\" content=\"2025-10-19T08:16:34+00:00\" \/>\n<meta property=\"article:modified_time\" content=\"2025-10-19T08:19:37+00:00\" \/>\n<meta property=\"og:image\" content=\"https:\/\/santapola.es\/wp-content\/uploads\/2025\/10\/2025-10-19-foto-familia.jpg\" \/>\n\t<meta property=\"og:image:width\" content=\"1920\" \/>\n\t<meta property=\"og:image:height\" content=\"1079\" \/>\n\t<meta property=\"og:image:type\" content=\"image\/jpeg\" \/>\n<meta name=\"author\" content=\"Jos\u00e9 Juan L\u00f3pez Lafuente\" \/>\n<meta name=\"twitter:card\" content=\"summary_large_image\" \/>\n<meta name=\"twitter:creator\" content=\"@SantaPolaAyunt\" \/>\n<meta name=\"twitter:site\" content=\"@SantaPolaAyunt\" \/>\n<script type=\"application\/ld+json\" class=\"yoast-schema-graph\">{\"@context\":\"https:\\\/\\\/schema.org\",\"@graph\":[{\"@type\":\"Article\",\"@id\":\"https:\\\/\\\/santapola.es\\\/ca\\\/la-flautista-ines-cantos-guanya-lii-premi-dinterpretacio-musical-santa-pola-casa-mediterraneo\\\/#article\",\"isPartOf\":{\"@id\":\"https:\\\/\\\/santapola.es\\\/ca\\\/la-flautista-ines-cantos-guanya-lii-premi-dinterpretacio-musical-santa-pola-casa-mediterraneo\\\/\"},\"author\":{\"name\":\"Jos\u00e9 Juan L\u00f3pez Lafuente\",\"@id\":\"https:\\\/\\\/santapola.es\\\/ca\\\/#\\\/schema\\\/person\\\/ad1d67403707b58350c7be5e8dbc442d\"},\"headline\":\"La flautista In\u00e9s Cantos guanya l&#8217;II Premi d&#8217;Interpretaci\u00f3 Musical Santa Pola &#8211; Casa Mediterr\u00e1neo\",\"datePublished\":\"2025-10-19T08:16:34+00:00\",\"dateModified\":\"2025-10-19T08:19:37+00:00\",\"mainEntityOfPage\":{\"@id\":\"https:\\\/\\\/santapola.es\\\/ca\\\/la-flautista-ines-cantos-guanya-lii-premi-dinterpretacio-musical-santa-pola-casa-mediterraneo\\\/\"},\"wordCount\":469,\"image\":{\"@id\":\"https:\\\/\\\/santapola.es\\\/ca\\\/la-flautista-ines-cantos-guanya-lii-premi-dinterpretacio-musical-santa-pola-casa-mediterraneo\\\/#primaryimage\"},\"thumbnailUrl\":\"https:\\\/\\\/santapola.es\\\/wp-content\\\/uploads\\\/2025\\\/10\\\/2025-10-19-foto-familia.jpg\",\"keywords\":[\"Casa Mediterr\u00e1neo\",\"Premio de Interpretaci\u00f3n Musical Santa Pola-Casa Mediterr\u00e1neo\"],\"articleSection\":[\"Cultura\"],\"inLanguage\":\"ca\"},{\"@type\":\"WebPage\",\"@id\":\"https:\\\/\\\/santapola.es\\\/ca\\\/la-flautista-ines-cantos-guanya-lii-premi-dinterpretacio-musical-santa-pola-casa-mediterraneo\\\/\",\"url\":\"https:\\\/\\\/santapola.es\\\/ca\\\/la-flautista-ines-cantos-guanya-lii-premi-dinterpretacio-musical-santa-pola-casa-mediterraneo\\\/\",\"name\":\"La flautista In\u00e9s Cantos guanya l'II Premi d'Interpretaci\u00f3 Musical Santa Pola - Casa Mediterr\u00e1neo - Ajuntament de Santa Pola\",\"isPartOf\":{\"@id\":\"https:\\\/\\\/santapola.es\\\/ca\\\/#website\"},\"primaryImageOfPage\":{\"@id\":\"https:\\\/\\\/santapola.es\\\/ca\\\/la-flautista-ines-cantos-guanya-lii-premi-dinterpretacio-musical-santa-pola-casa-mediterraneo\\\/#primaryimage\"},\"image\":{\"@id\":\"https:\\\/\\\/santapola.es\\\/ca\\\/la-flautista-ines-cantos-guanya-lii-premi-dinterpretacio-musical-santa-pola-casa-mediterraneo\\\/#primaryimage\"},\"thumbnailUrl\":\"https:\\\/\\\/santapola.es\\\/wp-content\\\/uploads\\\/2025\\\/10\\\/2025-10-19-foto-familia.jpg\",\"datePublished\":\"2025-10-19T08:16:34+00:00\",\"dateModified\":\"2025-10-19T08:19:37+00:00\",\"author\":{\"@id\":\"https:\\\/\\\/santapola.es\\\/ca\\\/#\\\/schema\\\/person\\\/ad1d67403707b58350c7be5e8dbc442d\"},\"breadcrumb\":{\"@id\":\"https:\\\/\\\/santapola.es\\\/ca\\\/la-flautista-ines-cantos-guanya-lii-premi-dinterpretacio-musical-santa-pola-casa-mediterraneo\\\/#breadcrumb\"},\"inLanguage\":\"ca\",\"potentialAction\":[{\"@type\":\"ReadAction\",\"target\":[\"https:\\\/\\\/santapola.es\\\/ca\\\/la-flautista-ines-cantos-guanya-lii-premi-dinterpretacio-musical-santa-pola-casa-mediterraneo\\\/\"]}]},{\"@type\":\"ImageObject\",\"inLanguage\":\"ca\",\"@id\":\"https:\\\/\\\/santapola.es\\\/ca\\\/la-flautista-ines-cantos-guanya-lii-premi-dinterpretacio-musical-santa-pola-casa-mediterraneo\\\/#primaryimage\",\"url\":\"https:\\\/\\\/santapola.es\\\/wp-content\\\/uploads\\\/2025\\\/10\\\/2025-10-19-foto-familia.jpg\",\"contentUrl\":\"https:\\\/\\\/santapola.es\\\/wp-content\\\/uploads\\\/2025\\\/10\\\/2025-10-19-foto-familia.jpg\",\"width\":1920,\"height\":1079},{\"@type\":\"BreadcrumbList\",\"@id\":\"https:\\\/\\\/santapola.es\\\/ca\\\/la-flautista-ines-cantos-guanya-lii-premi-dinterpretacio-musical-santa-pola-casa-mediterraneo\\\/#breadcrumb\",\"itemListElement\":[{\"@type\":\"ListItem\",\"position\":1,\"name\":\"Inici\",\"item\":\"https:\\\/\\\/santapola.es\\\/ca\\\/\"},{\"@type\":\"ListItem\",\"position\":2,\"name\":\"La flautista In\u00e9s Cantos guanya l&#8217;II Premi d&#8217;Interpretaci\u00f3 Musical Santa Pola &#8211; Casa Mediterr\u00e1neo\"}]},{\"@type\":\"WebSite\",\"@id\":\"https:\\\/\\\/santapola.es\\\/ca\\\/#website\",\"url\":\"https:\\\/\\\/santapola.es\\\/ca\\\/\",\"name\":\"Ayuntamiento de Santa Pola\",\"description\":\"Web de l'Ajuntament de Santa Pola\",\"potentialAction\":[{\"@type\":\"SearchAction\",\"target\":{\"@type\":\"EntryPoint\",\"urlTemplate\":\"https:\\\/\\\/santapola.es\\\/ca\\\/?s={search_term_string}\"},\"query-input\":{\"@type\":\"PropertyValueSpecification\",\"valueRequired\":true,\"valueName\":\"search_term_string\"}}],\"inLanguage\":\"ca\"},{\"@type\":\"Person\",\"@id\":\"https:\\\/\\\/santapola.es\\\/ca\\\/#\\\/schema\\\/person\\\/ad1d67403707b58350c7be5e8dbc442d\",\"name\":\"Jos\u00e9 Juan L\u00f3pez Lafuente\"}]}<\/script>\n<!-- \/ Yoast SEO plugin. -->","yoast_head_json":{"title":"La flautista In\u00e9s Cantos guanya l'II Premi d'Interpretaci\u00f3 Musical Santa Pola - Casa Mediterr\u00e1neo - Ajuntament de Santa Pola","robots":{"index":"index","follow":"follow","max-snippet":"max-snippet:-1","max-image-preview":"max-image-preview:large","max-video-preview":"max-video-preview:-1"},"canonical":"https:\/\/santapola.es\/ca\/la-flautista-ines-cantos-guanya-lii-premi-dinterpretacio-musical-santa-pola-casa-mediterraneo\/","og_locale":"ca_ES","og_type":"article","og_title":"La flautista In\u00e9s Cantos guanya l'II Premi d'Interpretaci\u00f3 Musical Santa Pola - Casa Mediterr\u00e1neo - Ajuntament de Santa Pola","og_description":"En una gala final d&#8217;alt nivell celebrada a la Casa de Cultura de Santa Pola, la interpretaci\u00f3 d&#8217;In\u00e9s Cantos al costat de l&#8217;Ensemble Casa Mediterr\u00e1neo va conv\u00e9ncer al jurat per davant de Carmen Arjona i Irene Mata. Anit es va decidir a la Casa de Cultura de Santa Pola la segona edici\u00f3 del Premi d&#8217;Interpretaci\u00f3 [&hellip;]","og_url":"https:\/\/santapola.es\/ca\/la-flautista-ines-cantos-guanya-lii-premi-dinterpretacio-musical-santa-pola-casa-mediterraneo\/","og_site_name":"Ajuntament de Santa Pola","article_publisher":"https:\/\/www.facebook.com\/AyuntamientoSantaPola\/","article_published_time":"2025-10-19T08:16:34+00:00","article_modified_time":"2025-10-19T08:19:37+00:00","og_image":[{"width":1920,"height":1079,"url":"https:\/\/santapola.es\/wp-content\/uploads\/2025\/10\/2025-10-19-foto-familia.jpg","type":"image\/jpeg"}],"author":"Jos\u00e9 Juan L\u00f3pez Lafuente","twitter_card":"summary_large_image","twitter_creator":"@SantaPolaAyunt","twitter_site":"@SantaPolaAyunt","schema":{"@context":"https:\/\/schema.org","@graph":[{"@type":"Article","@id":"https:\/\/santapola.es\/ca\/la-flautista-ines-cantos-guanya-lii-premi-dinterpretacio-musical-santa-pola-casa-mediterraneo\/#article","isPartOf":{"@id":"https:\/\/santapola.es\/ca\/la-flautista-ines-cantos-guanya-lii-premi-dinterpretacio-musical-santa-pola-casa-mediterraneo\/"},"author":{"name":"Jos\u00e9 Juan L\u00f3pez Lafuente","@id":"https:\/\/santapola.es\/ca\/#\/schema\/person\/ad1d67403707b58350c7be5e8dbc442d"},"headline":"La flautista In\u00e9s Cantos guanya l&#8217;II Premi d&#8217;Interpretaci\u00f3 Musical Santa Pola &#8211; Casa Mediterr\u00e1neo","datePublished":"2025-10-19T08:16:34+00:00","dateModified":"2025-10-19T08:19:37+00:00","mainEntityOfPage":{"@id":"https:\/\/santapola.es\/ca\/la-flautista-ines-cantos-guanya-lii-premi-dinterpretacio-musical-santa-pola-casa-mediterraneo\/"},"wordCount":469,"image":{"@id":"https:\/\/santapola.es\/ca\/la-flautista-ines-cantos-guanya-lii-premi-dinterpretacio-musical-santa-pola-casa-mediterraneo\/#primaryimage"},"thumbnailUrl":"https:\/\/santapola.es\/wp-content\/uploads\/2025\/10\/2025-10-19-foto-familia.jpg","keywords":["Casa Mediterr\u00e1neo","Premio de Interpretaci\u00f3n Musical Santa Pola-Casa Mediterr\u00e1neo"],"articleSection":["Cultura"],"inLanguage":"ca"},{"@type":"WebPage","@id":"https:\/\/santapola.es\/ca\/la-flautista-ines-cantos-guanya-lii-premi-dinterpretacio-musical-santa-pola-casa-mediterraneo\/","url":"https:\/\/santapola.es\/ca\/la-flautista-ines-cantos-guanya-lii-premi-dinterpretacio-musical-santa-pola-casa-mediterraneo\/","name":"La flautista In\u00e9s Cantos guanya l'II Premi d'Interpretaci\u00f3 Musical Santa Pola - Casa Mediterr\u00e1neo - Ajuntament de Santa Pola","isPartOf":{"@id":"https:\/\/santapola.es\/ca\/#website"},"primaryImageOfPage":{"@id":"https:\/\/santapola.es\/ca\/la-flautista-ines-cantos-guanya-lii-premi-dinterpretacio-musical-santa-pola-casa-mediterraneo\/#primaryimage"},"image":{"@id":"https:\/\/santapola.es\/ca\/la-flautista-ines-cantos-guanya-lii-premi-dinterpretacio-musical-santa-pola-casa-mediterraneo\/#primaryimage"},"thumbnailUrl":"https:\/\/santapola.es\/wp-content\/uploads\/2025\/10\/2025-10-19-foto-familia.jpg","datePublished":"2025-10-19T08:16:34+00:00","dateModified":"2025-10-19T08:19:37+00:00","author":{"@id":"https:\/\/santapola.es\/ca\/#\/schema\/person\/ad1d67403707b58350c7be5e8dbc442d"},"breadcrumb":{"@id":"https:\/\/santapola.es\/ca\/la-flautista-ines-cantos-guanya-lii-premi-dinterpretacio-musical-santa-pola-casa-mediterraneo\/#breadcrumb"},"inLanguage":"ca","potentialAction":[{"@type":"ReadAction","target":["https:\/\/santapola.es\/ca\/la-flautista-ines-cantos-guanya-lii-premi-dinterpretacio-musical-santa-pola-casa-mediterraneo\/"]}]},{"@type":"ImageObject","inLanguage":"ca","@id":"https:\/\/santapola.es\/ca\/la-flautista-ines-cantos-guanya-lii-premi-dinterpretacio-musical-santa-pola-casa-mediterraneo\/#primaryimage","url":"https:\/\/santapola.es\/wp-content\/uploads\/2025\/10\/2025-10-19-foto-familia.jpg","contentUrl":"https:\/\/santapola.es\/wp-content\/uploads\/2025\/10\/2025-10-19-foto-familia.jpg","width":1920,"height":1079},{"@type":"BreadcrumbList","@id":"https:\/\/santapola.es\/ca\/la-flautista-ines-cantos-guanya-lii-premi-dinterpretacio-musical-santa-pola-casa-mediterraneo\/#breadcrumb","itemListElement":[{"@type":"ListItem","position":1,"name":"Inici","item":"https:\/\/santapola.es\/ca\/"},{"@type":"ListItem","position":2,"name":"La flautista In\u00e9s Cantos guanya l&#8217;II Premi d&#8217;Interpretaci\u00f3 Musical Santa Pola &#8211; Casa Mediterr\u00e1neo"}]},{"@type":"WebSite","@id":"https:\/\/santapola.es\/ca\/#website","url":"https:\/\/santapola.es\/ca\/","name":"Ayuntamiento de Santa Pola","description":"Web de l'Ajuntament de Santa Pola","potentialAction":[{"@type":"SearchAction","target":{"@type":"EntryPoint","urlTemplate":"https:\/\/santapola.es\/ca\/?s={search_term_string}"},"query-input":{"@type":"PropertyValueSpecification","valueRequired":true,"valueName":"search_term_string"}}],"inLanguage":"ca"},{"@type":"Person","@id":"https:\/\/santapola.es\/ca\/#\/schema\/person\/ad1d67403707b58350c7be5e8dbc442d","name":"Jos\u00e9 Juan L\u00f3pez Lafuente"}]}},"_links":{"self":[{"href":"https:\/\/santapola.es\/ca\/wp-json\/wp\/v2\/posts\/46262","targetHints":{"allow":["GET"]}}],"collection":[{"href":"https:\/\/santapola.es\/ca\/wp-json\/wp\/v2\/posts"}],"about":[{"href":"https:\/\/santapola.es\/ca\/wp-json\/wp\/v2\/types\/post"}],"author":[{"embeddable":true,"href":"https:\/\/santapola.es\/ca\/wp-json\/wp\/v2\/users\/96"}],"replies":[{"embeddable":true,"href":"https:\/\/santapola.es\/ca\/wp-json\/wp\/v2\/comments?post=46262"}],"version-history":[{"count":0,"href":"https:\/\/santapola.es\/ca\/wp-json\/wp\/v2\/posts\/46262\/revisions"}],"wp:featuredmedia":[{"embeddable":true,"href":"https:\/\/santapola.es\/ca\/wp-json\/wp\/v2\/media\/46260"}],"wp:attachment":[{"href":"https:\/\/santapola.es\/ca\/wp-json\/wp\/v2\/media?parent=46262"}],"wp:term":[{"taxonomy":"category","embeddable":true,"href":"https:\/\/santapola.es\/ca\/wp-json\/wp\/v2\/categories?post=46262"},{"taxonomy":"post_tag","embeddable":true,"href":"https:\/\/santapola.es\/ca\/wp-json\/wp\/v2\/tags?post=46262"}],"curies":[{"name":"wp","href":"https:\/\/api.w.org\/{rel}","templated":true}]}}