{"id":46204,"date":"2025-10-17T09:43:14","date_gmt":"2025-10-17T07:43:14","guid":{"rendered":"https:\/\/santapola.es\/?p=46204"},"modified":"2025-10-17T09:46:26","modified_gmt":"2025-10-17T07:46:26","slug":"linici-de-gran-platja-es-transforma-en-una-gran-zona-ludica-i-esportiva-amb-noves-voreres-i-un-canal-de-drenatge","status":"publish","type":"post","link":"https:\/\/santapola.es\/ca\/linici-de-gran-platja-es-transforma-en-una-gran-zona-ludica-i-esportiva-amb-noves-voreres-i-un-canal-de-drenatge\/","title":{"rendered":"L&#8217;inici de Gran Platja es transforma en una gran zona l\u00fadica i esportiva amb noves voreres i un canal de drenatge"},"content":{"rendered":"<ul>\n<li><strong>L&#8217;Ajuntament invertix 424.000 euros en l&#8217;obra de restauraci\u00f3 ambiental i renaturalitzaci\u00f3 al principi de Gran Platja, amb voreres que connectaran el bulevard del port esportiu amb el passeig de Blasco Ib\u00e1\u00f1ez.<\/strong><\/li>\n<li><strong>Es crearan instal\u00b7lacions l\u00fadiques i esportives, a m\u00e9s d&#8217;una rasa drenant que facilitar\u00e0 l&#8217;evacuaci\u00f3 de l&#8217;aigua de pluges torrencials.<\/strong><\/li>\n<li><strong>Esta actuaci\u00f3 est\u00e0 inclosa en el Pla de Sostenibilitat Tur\u00edstica en Dest\u00ed de Santa Pola i finan\u00e7ada amb fons Next Generation EU en el marc del Pla de Recuperaci\u00f3, Transformaci\u00f3 i Resili\u00e8ncia.<\/strong><\/li>\n<\/ul>\n<p>A principis d&#8217;este mes d&#8217;octubre s&#8217;han iniciat les obres de restauraci\u00f3 ambiental i renaturalitzaci\u00f3 de la l\u00ednia costanera en les avingudes de Val\u00e8ncia i Blasco Ib\u00e1\u00f1ez, a l&#8217;inici de la Gran Platja de Santa Pola, sobre una superf\u00edcie d&#8217;uns 5.000 m\u00b2.<\/p>\n<p>Es tracta d&#8217;una actuaci\u00f3 contemplada en el Pla de Sostenibilitat Tur\u00edstica en Dest\u00ed de Santa Pola, en el marc del Pla de Recuperaci\u00f3, Transformaci\u00f3 i Resili\u00e8ncia, i finan\u00e7at per la Uni\u00f3 Europea amb fons*NextGenerationEU.<\/p>\n<p>Al proc\u00e9s de licitaci\u00f3, que va eixir amb un pressupost base de 550.500 euros, es van presentar quatre empreses, adjudicant-se a Involucra S.L. per un import de 424.513,10 euros IVA incl\u00f2s. El termini d&#8217;execuci\u00f3 de les obres \u00e9s de dos mesos, per la qual cosa s&#8217;espera que estiguen finalitzades abans de finalitzar l&#8217;any.<\/p>\n<p><strong>Drenatge de l&#8217;aigua de pluja<\/strong><\/p>\n<p>Este projecte busca dos objectius principals: d&#8217;una banda millorar el drenatge de l&#8217;escorrentia produ\u00efda per les pluges, ja que esta zona de Santa Pola es caracteritza per una orografia de redu\u00eft pendent i per l&#8217;avinguda de Val\u00e8ncia desguassa un barranc. D&#8217;ac\u00ed ve que en el tram inicial de Gran Platja compr\u00e9s entre l&#8217;avinguda Vicente Blasco Ib\u00e1\u00f1ez i el carrer Hell\u00edn es produ\u00efxen acumulacions d&#8217;aigua en superf\u00edcie que perduren diversos dies a causa de la falta de permeabilitat del terreny.<\/p>\n<p>D&#8217;altra banda, la zona d&#8217;actuaci\u00f3 no disposa de vorera en el seu marge al costat de la platja, trobant-se \u00fanicament uns aparcaments en bateria i un carril bici per als dos sentits, la qual cosa genera mol\u00e8sties entre vianants i ciclistes. Per aix\u00f2 es donar\u00e0 continu\u00eftat a la vorera per a connectar el bulevard del port esportiu amb el passeig de Gran Platja.<\/p>\n<p><strong>Canal de drenatge<\/strong><\/p>\n<p>El projecte contempla millorar l&#8217;escorrentia mitjan\u00e7ant l&#8217;excavaci\u00f3 i anivellament de l&#8217;arena de la platja, amb l&#8217;execuci\u00f3 d&#8217;una rasa drenant que captar\u00e0 l&#8217;aigua arreplegada pels embornals i formar\u00e0 un llit d&#8217;abocament cap a la mar, millorant d&#8217;esta manera el drenatge superficial de la platja.<\/p>\n<p>Aix\u00ed mateix es realitzar\u00e0 un nou asfaltat de les dos avingudes amb la finalitat d&#8217;establir un \u00fanic pendent en la cal\u00e7ada cap als embornals i la rasa drenant.<\/p>\n<p>S&#8217;adequar\u00e0 el carril bici existent en l&#8217;Av. Blasco Ib\u00e1\u00f1ez i s&#8217;executar\u00e0 un nou de 2 metres d&#8217;ample en Av. Val\u00e8ncia.<\/p>\n<p><strong>Noves voreres<\/strong><\/p>\n<p>Una de les grans millores ser\u00e0 la construcci\u00f3 de voreres per a connectar el passeig Adolfo Su\u00e1rez i el port esportiu amb el passeig de Gran Platja, en una zona que fins ara manca de continu\u00eftat per als vianants.<\/p>\n<p>Per a aix\u00f2 es crear\u00e0 una vorera al llarg de 57 metres en Blasco Ib\u00e1\u00f1ez i 24 metres en avinguda Val\u00e8ncia, que anir\u00e0 alternant trams de rajola hidr\u00e0ulica similar a l&#8217;existent amb paviment amovible, a m\u00e9s de dos trams de passarel\u00b7les r\u00edgides per a accedir a la platja.<\/p>\n<p><strong>Zona l\u00fadic-esportiva<\/strong><\/p>\n<p>Un altre gran avan\u00e7 que suposar\u00e0 una important millora per a l&#8217;\u00fas i gaudi d&#8217;esta zona seran les noves instal\u00b7lacions l\u00fadiques i esportives que dominaran eixe espai. Es crearan dos pistes de petanca de 4&#215;15 metres, una \u00e0rea de calistenia, dos taules multisport per a gran varietat de jocs, una \u00e0rea especialment destinada per als esports n\u00e0utics i una \u00e0mplia zona de jocs infantils de gran format amb tem\u00e0tica de vaixell.<\/p>\n<p>A m\u00e9s s&#8217;instal\u00b7laran sis bancs de pl\u00e0stic reciclat i es plantaran 16 palmeres tipus Washingtonia robusta, amb una altura d&#8217;entre 4 i 5 metres, que dotaran d&#8217;ombra a l&#8217;\u00e0rea.<\/p>\n<p><img loading=\"lazy\" decoding=\"async\" class=\"aligncenter size-large wp-image-43904\" src=\"https:\/\/santapola.es\/wp-content\/uploads\/2025\/01\/2024_10-TODOS-LOS-LOGOS-png-1024x64.png\" alt=\"\" width=\"1024\" height=\"64\" srcset=\"https:\/\/santapola.es\/wp-content\/uploads\/2025\/01\/2024_10-TODOS-LOS-LOGOS-png-980x61.png 980w, https:\/\/santapola.es\/wp-content\/uploads\/2025\/01\/2024_10-TODOS-LOS-LOGOS-png-480x30.png 480w\" sizes=\"(min-width: 0px) and (max-width: 480px) 480px, (min-width: 481px) and (max-width: 980px) 980px, (min-width: 981px) 1024px, 100vw\" \/><\/p>\n","protected":false},"excerpt":{"rendered":"<p>L&#8217;Ajuntament invertix 424.000 euros en l&#8217;obra de restauraci\u00f3 ambiental i renaturalitzaci\u00f3 al principi de Gran Platja, amb voreres que connectaran el bulevard del port esportiu amb el passeig de Blasco Ib\u00e1\u00f1ez. Es crearan instal\u00b7lacions l\u00fadiques i esportives, a m\u00e9s d&#8217;una rasa drenant que facilitar\u00e0 l&#8217;evacuaci\u00f3 de l&#8217;aigua de pluges torrencials. Esta actuaci\u00f3 est\u00e0 inclosa en [&hellip;]<\/p>\n","protected":false},"author":96,"featured_media":46202,"comment_status":"closed","ping_status":"closed","sticky":false,"template":"","format":"standard","meta":{"_et_pb_use_builder":"","_et_pb_old_content":"","_et_gb_content_width":"","footnotes":""},"categories":[461,574],"tags":[1018,1505,1130,1148],"class_list":["post-46204","post","type-post","status-publish","format-standard","has-post-thumbnail","hentry","category-infraestructures","category-platjes","tag-gran-platja","tag-nextgenerationeu-ca","tag-pla-de-recuperacio","tag-pla-de-sostenibilitat-turistica-en-desti"],"yoast_head":"<!-- This site is optimized with the Yoast SEO plugin v27.4 - https:\/\/yoast.com\/product\/yoast-seo-wordpress\/ -->\n<title>L&#039;inici de Gran Platja es transforma en una gran zona l\u00fadica i esportiva amb noves voreres i un canal de drenatge - Ajuntament de Santa Pola<\/title>\n<meta name=\"robots\" content=\"index, follow, max-snippet:-1, max-image-preview:large, max-video-preview:-1\" \/>\n<link rel=\"canonical\" href=\"https:\/\/santapola.es\/ca\/linici-de-gran-platja-es-transforma-en-una-gran-zona-ludica-i-esportiva-amb-noves-voreres-i-un-canal-de-drenatge\/\" \/>\n<meta property=\"og:locale\" content=\"ca_ES\" \/>\n<meta property=\"og:type\" content=\"article\" \/>\n<meta property=\"og:title\" content=\"L&#039;inici de Gran Platja es transforma en una gran zona l\u00fadica i esportiva amb noves voreres i un canal de drenatge - Ajuntament de Santa Pola\" \/>\n<meta property=\"og:description\" content=\"L&#8217;Ajuntament invertix 424.000 euros en l&#8217;obra de restauraci\u00f3 ambiental i renaturalitzaci\u00f3 al principi de Gran Platja, amb voreres que connectaran el bulevard del port esportiu amb el passeig de Blasco Ib\u00e1\u00f1ez. Es crearan instal\u00b7lacions l\u00fadiques i esportives, a m\u00e9s d&#8217;una rasa drenant que facilitar\u00e0 l&#8217;evacuaci\u00f3 de l&#8217;aigua de pluges torrencials. Esta actuaci\u00f3 est\u00e0 inclosa en [&hellip;]\" \/>\n<meta property=\"og:url\" content=\"https:\/\/santapola.es\/ca\/linici-de-gran-platja-es-transforma-en-una-gran-zona-ludica-i-esportiva-amb-noves-voreres-i-un-canal-de-drenatge\/\" \/>\n<meta property=\"og:site_name\" content=\"Ajuntament de Santa Pola\" \/>\n<meta property=\"article:publisher\" content=\"https:\/\/www.facebook.com\/AyuntamientoSantaPola\/\" \/>\n<meta property=\"article:published_time\" content=\"2025-10-17T07:43:14+00:00\" \/>\n<meta property=\"article:modified_time\" content=\"2025-10-17T07:46:26+00:00\" \/>\n<meta property=\"og:image\" content=\"https:\/\/santapola.es\/wp-content\/uploads\/2025\/10\/2025-10-17-Proyecto-Gran-Playa.png\" \/>\n\t<meta property=\"og:image:width\" content=\"1292\" \/>\n\t<meta property=\"og:image:height\" content=\"951\" \/>\n\t<meta property=\"og:image:type\" content=\"image\/png\" \/>\n<meta name=\"author\" content=\"Jos\u00e9 Juan L\u00f3pez Lafuente\" \/>\n<meta name=\"twitter:card\" content=\"summary_large_image\" \/>\n<meta name=\"twitter:creator\" content=\"@SantaPolaAyunt\" \/>\n<meta name=\"twitter:site\" content=\"@SantaPolaAyunt\" \/>\n<script type=\"application\/ld+json\" class=\"yoast-schema-graph\">{\"@context\":\"https:\\\/\\\/schema.org\",\"@graph\":[{\"@type\":\"Article\",\"@id\":\"https:\\\/\\\/santapola.es\\\/ca\\\/linici-de-gran-platja-es-transforma-en-una-gran-zona-ludica-i-esportiva-amb-noves-voreres-i-un-canal-de-drenatge\\\/#article\",\"isPartOf\":{\"@id\":\"https:\\\/\\\/santapola.es\\\/ca\\\/linici-de-gran-platja-es-transforma-en-una-gran-zona-ludica-i-esportiva-amb-noves-voreres-i-un-canal-de-drenatge\\\/\"},\"author\":{\"name\":\"Jos\u00e9 Juan L\u00f3pez Lafuente\",\"@id\":\"https:\\\/\\\/santapola.es\\\/ca\\\/#\\\/schema\\\/person\\\/ad1d67403707b58350c7be5e8dbc442d\"},\"headline\":\"L&#8217;inici de Gran Platja es transforma en una gran zona l\u00fadica i esportiva amb noves voreres i un canal de drenatge\",\"datePublished\":\"2025-10-17T07:43:14+00:00\",\"dateModified\":\"2025-10-17T07:46:26+00:00\",\"mainEntityOfPage\":{\"@id\":\"https:\\\/\\\/santapola.es\\\/ca\\\/linici-de-gran-platja-es-transforma-en-una-gran-zona-ludica-i-esportiva-amb-noves-voreres-i-un-canal-de-drenatge\\\/\"},\"wordCount\":746,\"image\":{\"@id\":\"https:\\\/\\\/santapola.es\\\/ca\\\/linici-de-gran-platja-es-transforma-en-una-gran-zona-ludica-i-esportiva-amb-noves-voreres-i-un-canal-de-drenatge\\\/#primaryimage\"},\"thumbnailUrl\":\"https:\\\/\\\/santapola.es\\\/wp-content\\\/uploads\\\/2025\\\/10\\\/2025-10-17-Proyecto-Gran-Playa.png\",\"keywords\":[\"Gran Platja\",\"NextGenerationEU\",\"Pla de recuperaci\u00f3\",\"Pla de Sostenibilitat Tur\u00edstica en Dest\u00ed\"],\"articleSection\":[\"Infraestructures\",\"Platjes\"],\"inLanguage\":\"ca\"},{\"@type\":\"WebPage\",\"@id\":\"https:\\\/\\\/santapola.es\\\/ca\\\/linici-de-gran-platja-es-transforma-en-una-gran-zona-ludica-i-esportiva-amb-noves-voreres-i-un-canal-de-drenatge\\\/\",\"url\":\"https:\\\/\\\/santapola.es\\\/ca\\\/linici-de-gran-platja-es-transforma-en-una-gran-zona-ludica-i-esportiva-amb-noves-voreres-i-un-canal-de-drenatge\\\/\",\"name\":\"L'inici de Gran Platja es transforma en una gran zona l\u00fadica i esportiva amb noves voreres i un canal de drenatge - Ajuntament de Santa Pola\",\"isPartOf\":{\"@id\":\"https:\\\/\\\/santapola.es\\\/ca\\\/#website\"},\"primaryImageOfPage\":{\"@id\":\"https:\\\/\\\/santapola.es\\\/ca\\\/linici-de-gran-platja-es-transforma-en-una-gran-zona-ludica-i-esportiva-amb-noves-voreres-i-un-canal-de-drenatge\\\/#primaryimage\"},\"image\":{\"@id\":\"https:\\\/\\\/santapola.es\\\/ca\\\/linici-de-gran-platja-es-transforma-en-una-gran-zona-ludica-i-esportiva-amb-noves-voreres-i-un-canal-de-drenatge\\\/#primaryimage\"},\"thumbnailUrl\":\"https:\\\/\\\/santapola.es\\\/wp-content\\\/uploads\\\/2025\\\/10\\\/2025-10-17-Proyecto-Gran-Playa.png\",\"datePublished\":\"2025-10-17T07:43:14+00:00\",\"dateModified\":\"2025-10-17T07:46:26+00:00\",\"author\":{\"@id\":\"https:\\\/\\\/santapola.es\\\/ca\\\/#\\\/schema\\\/person\\\/ad1d67403707b58350c7be5e8dbc442d\"},\"breadcrumb\":{\"@id\":\"https:\\\/\\\/santapola.es\\\/ca\\\/linici-de-gran-platja-es-transforma-en-una-gran-zona-ludica-i-esportiva-amb-noves-voreres-i-un-canal-de-drenatge\\\/#breadcrumb\"},\"inLanguage\":\"ca\",\"potentialAction\":[{\"@type\":\"ReadAction\",\"target\":[\"https:\\\/\\\/santapola.es\\\/ca\\\/linici-de-gran-platja-es-transforma-en-una-gran-zona-ludica-i-esportiva-amb-noves-voreres-i-un-canal-de-drenatge\\\/\"]}]},{\"@type\":\"ImageObject\",\"inLanguage\":\"ca\",\"@id\":\"https:\\\/\\\/santapola.es\\\/ca\\\/linici-de-gran-platja-es-transforma-en-una-gran-zona-ludica-i-esportiva-amb-noves-voreres-i-un-canal-de-drenatge\\\/#primaryimage\",\"url\":\"https:\\\/\\\/santapola.es\\\/wp-content\\\/uploads\\\/2025\\\/10\\\/2025-10-17-Proyecto-Gran-Playa.png\",\"contentUrl\":\"https:\\\/\\\/santapola.es\\\/wp-content\\\/uploads\\\/2025\\\/10\\\/2025-10-17-Proyecto-Gran-Playa.png\",\"width\":1292,\"height\":951},{\"@type\":\"BreadcrumbList\",\"@id\":\"https:\\\/\\\/santapola.es\\\/ca\\\/linici-de-gran-platja-es-transforma-en-una-gran-zona-ludica-i-esportiva-amb-noves-voreres-i-un-canal-de-drenatge\\\/#breadcrumb\",\"itemListElement\":[{\"@type\":\"ListItem\",\"position\":1,\"name\":\"Inici\",\"item\":\"https:\\\/\\\/santapola.es\\\/ca\\\/\"},{\"@type\":\"ListItem\",\"position\":2,\"name\":\"L&#8217;inici de Gran Platja es transforma en una gran zona l\u00fadica i esportiva amb noves voreres i un canal de drenatge\"}]},{\"@type\":\"WebSite\",\"@id\":\"https:\\\/\\\/santapola.es\\\/ca\\\/#website\",\"url\":\"https:\\\/\\\/santapola.es\\\/ca\\\/\",\"name\":\"Ayuntamiento de Santa Pola\",\"description\":\"Web de l'Ajuntament de Santa Pola\",\"potentialAction\":[{\"@type\":\"SearchAction\",\"target\":{\"@type\":\"EntryPoint\",\"urlTemplate\":\"https:\\\/\\\/santapola.es\\\/ca\\\/?s={search_term_string}\"},\"query-input\":{\"@type\":\"PropertyValueSpecification\",\"valueRequired\":true,\"valueName\":\"search_term_string\"}}],\"inLanguage\":\"ca\"},{\"@type\":\"Person\",\"@id\":\"https:\\\/\\\/santapola.es\\\/ca\\\/#\\\/schema\\\/person\\\/ad1d67403707b58350c7be5e8dbc442d\",\"name\":\"Jos\u00e9 Juan L\u00f3pez Lafuente\"}]}<\/script>\n<!-- \/ Yoast SEO plugin. -->","yoast_head_json":{"title":"L'inici de Gran Platja es transforma en una gran zona l\u00fadica i esportiva amb noves voreres i un canal de drenatge - Ajuntament de Santa Pola","robots":{"index":"index","follow":"follow","max-snippet":"max-snippet:-1","max-image-preview":"max-image-preview:large","max-video-preview":"max-video-preview:-1"},"canonical":"https:\/\/santapola.es\/ca\/linici-de-gran-platja-es-transforma-en-una-gran-zona-ludica-i-esportiva-amb-noves-voreres-i-un-canal-de-drenatge\/","og_locale":"ca_ES","og_type":"article","og_title":"L'inici de Gran Platja es transforma en una gran zona l\u00fadica i esportiva amb noves voreres i un canal de drenatge - Ajuntament de Santa Pola","og_description":"L&#8217;Ajuntament invertix 424.000 euros en l&#8217;obra de restauraci\u00f3 ambiental i renaturalitzaci\u00f3 al principi de Gran Platja, amb voreres que connectaran el bulevard del port esportiu amb el passeig de Blasco Ib\u00e1\u00f1ez. Es crearan instal\u00b7lacions l\u00fadiques i esportives, a m\u00e9s d&#8217;una rasa drenant que facilitar\u00e0 l&#8217;evacuaci\u00f3 de l&#8217;aigua de pluges torrencials. Esta actuaci\u00f3 est\u00e0 inclosa en [&hellip;]","og_url":"https:\/\/santapola.es\/ca\/linici-de-gran-platja-es-transforma-en-una-gran-zona-ludica-i-esportiva-amb-noves-voreres-i-un-canal-de-drenatge\/","og_site_name":"Ajuntament de Santa Pola","article_publisher":"https:\/\/www.facebook.com\/AyuntamientoSantaPola\/","article_published_time":"2025-10-17T07:43:14+00:00","article_modified_time":"2025-10-17T07:46:26+00:00","og_image":[{"width":1292,"height":951,"url":"https:\/\/santapola.es\/wp-content\/uploads\/2025\/10\/2025-10-17-Proyecto-Gran-Playa.png","type":"image\/png"}],"author":"Jos\u00e9 Juan L\u00f3pez Lafuente","twitter_card":"summary_large_image","twitter_creator":"@SantaPolaAyunt","twitter_site":"@SantaPolaAyunt","schema":{"@context":"https:\/\/schema.org","@graph":[{"@type":"Article","@id":"https:\/\/santapola.es\/ca\/linici-de-gran-platja-es-transforma-en-una-gran-zona-ludica-i-esportiva-amb-noves-voreres-i-un-canal-de-drenatge\/#article","isPartOf":{"@id":"https:\/\/santapola.es\/ca\/linici-de-gran-platja-es-transforma-en-una-gran-zona-ludica-i-esportiva-amb-noves-voreres-i-un-canal-de-drenatge\/"},"author":{"name":"Jos\u00e9 Juan L\u00f3pez Lafuente","@id":"https:\/\/santapola.es\/ca\/#\/schema\/person\/ad1d67403707b58350c7be5e8dbc442d"},"headline":"L&#8217;inici de Gran Platja es transforma en una gran zona l\u00fadica i esportiva amb noves voreres i un canal de drenatge","datePublished":"2025-10-17T07:43:14+00:00","dateModified":"2025-10-17T07:46:26+00:00","mainEntityOfPage":{"@id":"https:\/\/santapola.es\/ca\/linici-de-gran-platja-es-transforma-en-una-gran-zona-ludica-i-esportiva-amb-noves-voreres-i-un-canal-de-drenatge\/"},"wordCount":746,"image":{"@id":"https:\/\/santapola.es\/ca\/linici-de-gran-platja-es-transforma-en-una-gran-zona-ludica-i-esportiva-amb-noves-voreres-i-un-canal-de-drenatge\/#primaryimage"},"thumbnailUrl":"https:\/\/santapola.es\/wp-content\/uploads\/2025\/10\/2025-10-17-Proyecto-Gran-Playa.png","keywords":["Gran Platja","NextGenerationEU","Pla de recuperaci\u00f3","Pla de Sostenibilitat Tur\u00edstica en Dest\u00ed"],"articleSection":["Infraestructures","Platjes"],"inLanguage":"ca"},{"@type":"WebPage","@id":"https:\/\/santapola.es\/ca\/linici-de-gran-platja-es-transforma-en-una-gran-zona-ludica-i-esportiva-amb-noves-voreres-i-un-canal-de-drenatge\/","url":"https:\/\/santapola.es\/ca\/linici-de-gran-platja-es-transforma-en-una-gran-zona-ludica-i-esportiva-amb-noves-voreres-i-un-canal-de-drenatge\/","name":"L'inici de Gran Platja es transforma en una gran zona l\u00fadica i esportiva amb noves voreres i un canal de drenatge - Ajuntament de Santa Pola","isPartOf":{"@id":"https:\/\/santapola.es\/ca\/#website"},"primaryImageOfPage":{"@id":"https:\/\/santapola.es\/ca\/linici-de-gran-platja-es-transforma-en-una-gran-zona-ludica-i-esportiva-amb-noves-voreres-i-un-canal-de-drenatge\/#primaryimage"},"image":{"@id":"https:\/\/santapola.es\/ca\/linici-de-gran-platja-es-transforma-en-una-gran-zona-ludica-i-esportiva-amb-noves-voreres-i-un-canal-de-drenatge\/#primaryimage"},"thumbnailUrl":"https:\/\/santapola.es\/wp-content\/uploads\/2025\/10\/2025-10-17-Proyecto-Gran-Playa.png","datePublished":"2025-10-17T07:43:14+00:00","dateModified":"2025-10-17T07:46:26+00:00","author":{"@id":"https:\/\/santapola.es\/ca\/#\/schema\/person\/ad1d67403707b58350c7be5e8dbc442d"},"breadcrumb":{"@id":"https:\/\/santapola.es\/ca\/linici-de-gran-platja-es-transforma-en-una-gran-zona-ludica-i-esportiva-amb-noves-voreres-i-un-canal-de-drenatge\/#breadcrumb"},"inLanguage":"ca","potentialAction":[{"@type":"ReadAction","target":["https:\/\/santapola.es\/ca\/linici-de-gran-platja-es-transforma-en-una-gran-zona-ludica-i-esportiva-amb-noves-voreres-i-un-canal-de-drenatge\/"]}]},{"@type":"ImageObject","inLanguage":"ca","@id":"https:\/\/santapola.es\/ca\/linici-de-gran-platja-es-transforma-en-una-gran-zona-ludica-i-esportiva-amb-noves-voreres-i-un-canal-de-drenatge\/#primaryimage","url":"https:\/\/santapola.es\/wp-content\/uploads\/2025\/10\/2025-10-17-Proyecto-Gran-Playa.png","contentUrl":"https:\/\/santapola.es\/wp-content\/uploads\/2025\/10\/2025-10-17-Proyecto-Gran-Playa.png","width":1292,"height":951},{"@type":"BreadcrumbList","@id":"https:\/\/santapola.es\/ca\/linici-de-gran-platja-es-transforma-en-una-gran-zona-ludica-i-esportiva-amb-noves-voreres-i-un-canal-de-drenatge\/#breadcrumb","itemListElement":[{"@type":"ListItem","position":1,"name":"Inici","item":"https:\/\/santapola.es\/ca\/"},{"@type":"ListItem","position":2,"name":"L&#8217;inici de Gran Platja es transforma en una gran zona l\u00fadica i esportiva amb noves voreres i un canal de drenatge"}]},{"@type":"WebSite","@id":"https:\/\/santapola.es\/ca\/#website","url":"https:\/\/santapola.es\/ca\/","name":"Ayuntamiento de Santa Pola","description":"Web de l'Ajuntament de Santa Pola","potentialAction":[{"@type":"SearchAction","target":{"@type":"EntryPoint","urlTemplate":"https:\/\/santapola.es\/ca\/?s={search_term_string}"},"query-input":{"@type":"PropertyValueSpecification","valueRequired":true,"valueName":"search_term_string"}}],"inLanguage":"ca"},{"@type":"Person","@id":"https:\/\/santapola.es\/ca\/#\/schema\/person\/ad1d67403707b58350c7be5e8dbc442d","name":"Jos\u00e9 Juan L\u00f3pez Lafuente"}]}},"_links":{"self":[{"href":"https:\/\/santapola.es\/ca\/wp-json\/wp\/v2\/posts\/46204","targetHints":{"allow":["GET"]}}],"collection":[{"href":"https:\/\/santapola.es\/ca\/wp-json\/wp\/v2\/posts"}],"about":[{"href":"https:\/\/santapola.es\/ca\/wp-json\/wp\/v2\/types\/post"}],"author":[{"embeddable":true,"href":"https:\/\/santapola.es\/ca\/wp-json\/wp\/v2\/users\/96"}],"replies":[{"embeddable":true,"href":"https:\/\/santapola.es\/ca\/wp-json\/wp\/v2\/comments?post=46204"}],"version-history":[{"count":0,"href":"https:\/\/santapola.es\/ca\/wp-json\/wp\/v2\/posts\/46204\/revisions"}],"wp:featuredmedia":[{"embeddable":true,"href":"https:\/\/santapola.es\/ca\/wp-json\/wp\/v2\/media\/46202"}],"wp:attachment":[{"href":"https:\/\/santapola.es\/ca\/wp-json\/wp\/v2\/media?parent=46204"}],"wp:term":[{"taxonomy":"category","embeddable":true,"href":"https:\/\/santapola.es\/ca\/wp-json\/wp\/v2\/categories?post=46204"},{"taxonomy":"post_tag","embeddable":true,"href":"https:\/\/santapola.es\/ca\/wp-json\/wp\/v2\/tags?post=46204"}],"curies":[{"name":"wp","href":"https:\/\/api.w.org\/{rel}","templated":true}]}}