{"id":46073,"date":"2025-10-08T12:48:15","date_gmt":"2025-10-08T10:48:15","guid":{"rendered":"https:\/\/santapola.es\/?p=46073"},"modified":"2025-10-08T12:50:26","modified_gmt":"2025-10-08T10:50:26","slug":"lies-cap-de-laljub-impulsa-lactivitat-fisica-i-la-salut-com-a-centre-cepafe","status":"publish","type":"post","link":"https:\/\/santapola.es\/ca\/lies-cap-de-laljub-impulsa-lactivitat-fisica-i-la-salut-com-a-centre-cepafe\/","title":{"rendered":"L&#8217;IES Cap de L\u2019Aljub impulsa l&#8217;activitat f\u00edsica i la salut com a centre CEPAFE"},"content":{"rendered":"<p><strong>El centre ha obtingut este reconeixement de la Conselleria d&#8217;Educaci\u00f3 amb la posada en marxa del programa PEAFS, Projectes d&#8217;Esport, Activitat F\u00edsica i Salut, un comprom\u00eds amb la promoci\u00f3 d&#8217;h\u00e0bits de vida saludables en l&#8217;\u00e0mbit escolar.<\/strong><\/p>\n<p>L&#8217;Ajuntament de Santa Pola ha presentat en roda de premsa la integraci\u00f3 de l&#8217;IES Cap de l\u2019Aljub de Santa Pola en el programa PEAFS (Projectes d&#8217;Esport, Activitat F\u00edsica i Salut) de la Generalitat Valenciana, que refor\u00e7a el seu comprom\u00eds amb la promoci\u00f3 d&#8217;h\u00e0bits de vida saludables en l&#8217;\u00e0mbit\u00a0 escolar.<\/p>\n<p>Esta iniciativa, dirigida a centres educatius sostinguts amb fons p\u00fablics, finan\u00e7a\u00a0 projectes que integren activitats esportives i de salut fora de l&#8217;horari lectiu, convertint-se en una ferramenta clau per a fomentar l&#8217;educaci\u00f3 integral de l&#8217;alumnat.<\/p>\n<p>Segons Sof\u00eda Le\u00f3n, cap del Departament d&#8217;Educaci\u00f3 F\u00edsica de l&#8217;IES i coordinadora del programa, \u201cestem molt contents per este reconeixement que la Conselleria d&#8217;Educaci\u00f3 atorga als centres que promouen la salut, l&#8217;activitat f\u00edsica i l&#8217;esport, i tot el que comporta l&#8217;activitat f\u00edsica, com a valors esportius, respecte, companyonia\u2026 S\u00f3n propostes que portem implementant des de fa diversos anys, per\u00f2 que ara fem de manera m\u00e9s formal\u201d.<\/p>\n<p>Tal com ha explicat, \u201cen un context on, segons l&#8217;OMS, al voltant del 80% dels j\u00f3vens no aconseguix els\u00a0 nivells recomanats d&#8217;activitat f\u00edsica, el nostre centre es posiciona com un agent de canvi.\u00a0 Inspirats pels avan\u00e7os en neuroci\u00e8ncia, sabem que el moviment no sols beneficia la salut\u00a0 f\u00edsica, sin\u00f3 que tamb\u00e9 potencia l&#8217;aprenentatge i la gesti\u00f3 emocional. Per aix\u00f2, portem anys\u00a0 dissenyant i desenrotllant iniciatives per a la difusi\u00f3 de l&#8217;esport i els h\u00e0bits de vida saludable\u201d.<\/p>\n<p>Despr\u00e9s de l&#8217;\u00e8xit d&#8217;estes propostes, este curs presenten el projecte CEPAFE, coordinat pel Departament d&#8217;Educaci\u00f3 F\u00edsica i integrat de manera interdisciplin\u00e0ria amb altres assignatures, amb una clara aposta per una educaci\u00f3 hol\u00edstica, on el cos i el moviment s\u00f3n protagonistes.<\/p>\n<p>\u201cEl nostre principal objectiu \u00e9s que tota la comunitat educativa descobrisca, de manera vivencial, la import\u00e0ncia de moure&#8217;s, adoptar h\u00e0bits saludables i gaudir de l&#8217;esport en un entorn segur i\u00a0 respectu\u00f3s\u201d.<\/p>\n<p><strong>Accions previstes\u00a0<\/strong><\/p>\n<p>Entre les activitats previstes destaquen les lligues de pati arbitrades i coordinades pel propi alumnat, un marcador d&#8217;esportivitat en cada trobada, la creaci\u00f3 d&#8217;una companyia de ball escolar, esmorzars saludables com a alternativa di\u00e0ria, descansos actius entre classes, olimp\u00edades intercentres, Sant Silvestre solid\u00e0ria, impuls a esports tradicionals en la zona (voleibol, handbol, judo i rem) o la difusi\u00f3 de noves pr\u00e0ctiques esportives amb gran potencial educatiu, com el ultimate,\u00a0 consolidat des de fa tres anys fora de l&#8217;horari lectiu.<\/p>\n<p>Amb estes propostes, l&#8217;IES*Cap de l\u2019Aljub connecta l&#8217;escola amb el seu entorn i fomenta un aprenentatge verdaderament competencial. La salut i el benestar es convertixen en una experi\u00e8ncia compartida i duradora, que contribu\u00efx a formar una joventut m\u00e9s activa, solid\u00e0ria i preparada\u00a0 per a la vida.<\/p>\n<p><strong>Col\u00b7laboraci\u00f3 amb l&#8217;ajuntament<\/strong><\/p>\n<p>El regidor d&#8217;Esports, \u00c1ngel Piedecausa, va voler felicitar \u201c l&#8217;institut pel seu treball i el seu esfor\u00e7\u201d i va recordar que \u201cfa dos anys firmem un acord de col\u00b7laboraci\u00f3 amb l&#8217;IES Cap de l\u2019Aljub i l&#8217;IES Santa Pola per a facilitar als clubs locals m\u00e9s espais esportius de qualitat aprofitant les seues instal\u00b7lacions\u201d, una iniciativa que ha redundat en benefici de la pr\u00e0ctica esportiva en general.<\/p>\n<p>Piedecausa va recon\u00e9ixer que \u201chi ha una activitat que portem desenrotllant els \u00faltims tres anys i m&#8217;encanta, \u201cMens sana in corpore sano\u201d, l&#8217;olimp\u00edada intercentres a la qual ara s&#8217;ha sumat tamb\u00e9 l&#8217;IES Gran Alacant\u201d.<\/p>\n","protected":false},"excerpt":{"rendered":"<p>El centre ha obtingut este reconeixement de la Conselleria d&#8217;Educaci\u00f3 amb la posada en marxa del programa PEAFS, Projectes d&#8217;Esport, Activitat F\u00edsica i Salut, un comprom\u00eds amb la promoci\u00f3 d&#8217;h\u00e0bits de vida saludables en l&#8217;\u00e0mbit escolar. L&#8217;Ajuntament de Santa Pola ha presentat en roda de premsa la integraci\u00f3 de l&#8217;IES Cap de l\u2019Aljub de Santa [&hellip;]<\/p>\n","protected":false},"author":96,"featured_media":46071,"comment_status":"closed","ping_status":"closed","sticky":false,"template":"","format":"standard","meta":{"_et_pb_use_builder":"","_et_pb_old_content":"","_et_gb_content_width":"","footnotes":""},"categories":[474,439],"tags":[599],"class_list":["post-46073","post","type-post","status-publish","format-standard","has-post-thumbnail","hentry","category-educacio","category-esport","tag-ies-cap-de-laljub-ca"],"yoast_head":"<!-- This site is optimized with the Yoast SEO plugin v27.4 - https:\/\/yoast.com\/product\/yoast-seo-wordpress\/ -->\n<title>L&#039;IES Cap de L\u2019Aljub impulsa l&#039;activitat f\u00edsica i la salut com a centre CEPAFE - Ajuntament de Santa Pola<\/title>\n<meta name=\"robots\" content=\"index, follow, max-snippet:-1, max-image-preview:large, max-video-preview:-1\" \/>\n<link rel=\"canonical\" href=\"https:\/\/santapola.es\/ca\/lies-cap-de-laljub-impulsa-lactivitat-fisica-i-la-salut-com-a-centre-cepafe\/\" \/>\n<meta property=\"og:locale\" content=\"ca_ES\" \/>\n<meta property=\"og:type\" content=\"article\" \/>\n<meta property=\"og:title\" content=\"L&#039;IES Cap de L\u2019Aljub impulsa l&#039;activitat f\u00edsica i la salut com a centre CEPAFE - Ajuntament de Santa Pola\" \/>\n<meta property=\"og:description\" content=\"El centre ha obtingut este reconeixement de la Conselleria d&#8217;Educaci\u00f3 amb la posada en marxa del programa PEAFS, Projectes d&#8217;Esport, Activitat F\u00edsica i Salut, un comprom\u00eds amb la promoci\u00f3 d&#8217;h\u00e0bits de vida saludables en l&#8217;\u00e0mbit escolar. L&#8217;Ajuntament de Santa Pola ha presentat en roda de premsa la integraci\u00f3 de l&#8217;IES Cap de l\u2019Aljub de Santa [&hellip;]\" \/>\n<meta property=\"og:url\" content=\"https:\/\/santapola.es\/ca\/lies-cap-de-laljub-impulsa-lactivitat-fisica-i-la-salut-com-a-centre-cepafe\/\" \/>\n<meta property=\"og:site_name\" content=\"Ajuntament de Santa Pola\" \/>\n<meta property=\"article:publisher\" content=\"https:\/\/www.facebook.com\/AyuntamientoSantaPola\/\" \/>\n<meta property=\"article:published_time\" content=\"2025-10-08T10:48:15+00:00\" \/>\n<meta property=\"article:modified_time\" content=\"2025-10-08T10:50:26+00:00\" \/>\n<meta property=\"og:image\" content=\"https:\/\/santapola.es\/wp-content\/uploads\/2025\/10\/IMG_2621.jpg\" \/>\n\t<meta property=\"og:image:width\" content=\"1920\" \/>\n\t<meta property=\"og:image:height\" content=\"1440\" \/>\n\t<meta property=\"og:image:type\" content=\"image\/jpeg\" \/>\n<meta name=\"author\" content=\"Jos\u00e9 Juan L\u00f3pez Lafuente\" \/>\n<meta name=\"twitter:card\" content=\"summary_large_image\" \/>\n<meta name=\"twitter:creator\" content=\"@SantaPolaAyunt\" \/>\n<meta name=\"twitter:site\" content=\"@SantaPolaAyunt\" \/>\n<script type=\"application\/ld+json\" class=\"yoast-schema-graph\">{\"@context\":\"https:\\\/\\\/schema.org\",\"@graph\":[{\"@type\":\"Article\",\"@id\":\"https:\\\/\\\/santapola.es\\\/ca\\\/lies-cap-de-laljub-impulsa-lactivitat-fisica-i-la-salut-com-a-centre-cepafe\\\/#article\",\"isPartOf\":{\"@id\":\"https:\\\/\\\/santapola.es\\\/ca\\\/lies-cap-de-laljub-impulsa-lactivitat-fisica-i-la-salut-com-a-centre-cepafe\\\/\"},\"author\":{\"name\":\"Jos\u00e9 Juan L\u00f3pez Lafuente\",\"@id\":\"https:\\\/\\\/santapola.es\\\/ca\\\/#\\\/schema\\\/person\\\/ad1d67403707b58350c7be5e8dbc442d\"},\"headline\":\"L&#8217;IES Cap de L\u2019Aljub impulsa l&#8217;activitat f\u00edsica i la salut com a centre CEPAFE\",\"datePublished\":\"2025-10-08T10:48:15+00:00\",\"dateModified\":\"2025-10-08T10:50:26+00:00\",\"mainEntityOfPage\":{\"@id\":\"https:\\\/\\\/santapola.es\\\/ca\\\/lies-cap-de-laljub-impulsa-lactivitat-fisica-i-la-salut-com-a-centre-cepafe\\\/\"},\"wordCount\":670,\"image\":{\"@id\":\"https:\\\/\\\/santapola.es\\\/ca\\\/lies-cap-de-laljub-impulsa-lactivitat-fisica-i-la-salut-com-a-centre-cepafe\\\/#primaryimage\"},\"thumbnailUrl\":\"https:\\\/\\\/santapola.es\\\/wp-content\\\/uploads\\\/2025\\\/10\\\/IMG_2621.jpg\",\"keywords\":[\"IES Cap de L'Aljub\"],\"articleSection\":[\"Educaci\u00f3\",\"Esport\"],\"inLanguage\":\"ca\"},{\"@type\":\"WebPage\",\"@id\":\"https:\\\/\\\/santapola.es\\\/ca\\\/lies-cap-de-laljub-impulsa-lactivitat-fisica-i-la-salut-com-a-centre-cepafe\\\/\",\"url\":\"https:\\\/\\\/santapola.es\\\/ca\\\/lies-cap-de-laljub-impulsa-lactivitat-fisica-i-la-salut-com-a-centre-cepafe\\\/\",\"name\":\"L'IES Cap de L\u2019Aljub impulsa l'activitat f\u00edsica i la salut com a centre CEPAFE - Ajuntament de Santa Pola\",\"isPartOf\":{\"@id\":\"https:\\\/\\\/santapola.es\\\/ca\\\/#website\"},\"primaryImageOfPage\":{\"@id\":\"https:\\\/\\\/santapola.es\\\/ca\\\/lies-cap-de-laljub-impulsa-lactivitat-fisica-i-la-salut-com-a-centre-cepafe\\\/#primaryimage\"},\"image\":{\"@id\":\"https:\\\/\\\/santapola.es\\\/ca\\\/lies-cap-de-laljub-impulsa-lactivitat-fisica-i-la-salut-com-a-centre-cepafe\\\/#primaryimage\"},\"thumbnailUrl\":\"https:\\\/\\\/santapola.es\\\/wp-content\\\/uploads\\\/2025\\\/10\\\/IMG_2621.jpg\",\"datePublished\":\"2025-10-08T10:48:15+00:00\",\"dateModified\":\"2025-10-08T10:50:26+00:00\",\"author\":{\"@id\":\"https:\\\/\\\/santapola.es\\\/ca\\\/#\\\/schema\\\/person\\\/ad1d67403707b58350c7be5e8dbc442d\"},\"breadcrumb\":{\"@id\":\"https:\\\/\\\/santapola.es\\\/ca\\\/lies-cap-de-laljub-impulsa-lactivitat-fisica-i-la-salut-com-a-centre-cepafe\\\/#breadcrumb\"},\"inLanguage\":\"ca\",\"potentialAction\":[{\"@type\":\"ReadAction\",\"target\":[\"https:\\\/\\\/santapola.es\\\/ca\\\/lies-cap-de-laljub-impulsa-lactivitat-fisica-i-la-salut-com-a-centre-cepafe\\\/\"]}]},{\"@type\":\"ImageObject\",\"inLanguage\":\"ca\",\"@id\":\"https:\\\/\\\/santapola.es\\\/ca\\\/lies-cap-de-laljub-impulsa-lactivitat-fisica-i-la-salut-com-a-centre-cepafe\\\/#primaryimage\",\"url\":\"https:\\\/\\\/santapola.es\\\/wp-content\\\/uploads\\\/2025\\\/10\\\/IMG_2621.jpg\",\"contentUrl\":\"https:\\\/\\\/santapola.es\\\/wp-content\\\/uploads\\\/2025\\\/10\\\/IMG_2621.jpg\",\"width\":1920,\"height\":1440},{\"@type\":\"BreadcrumbList\",\"@id\":\"https:\\\/\\\/santapola.es\\\/ca\\\/lies-cap-de-laljub-impulsa-lactivitat-fisica-i-la-salut-com-a-centre-cepafe\\\/#breadcrumb\",\"itemListElement\":[{\"@type\":\"ListItem\",\"position\":1,\"name\":\"Inici\",\"item\":\"https:\\\/\\\/santapola.es\\\/ca\\\/\"},{\"@type\":\"ListItem\",\"position\":2,\"name\":\"L&#8217;IES Cap de L\u2019Aljub impulsa l&#8217;activitat f\u00edsica i la salut com a centre CEPAFE\"}]},{\"@type\":\"WebSite\",\"@id\":\"https:\\\/\\\/santapola.es\\\/ca\\\/#website\",\"url\":\"https:\\\/\\\/santapola.es\\\/ca\\\/\",\"name\":\"Ayuntamiento de Santa Pola\",\"description\":\"Web de l'Ajuntament de Santa Pola\",\"potentialAction\":[{\"@type\":\"SearchAction\",\"target\":{\"@type\":\"EntryPoint\",\"urlTemplate\":\"https:\\\/\\\/santapola.es\\\/ca\\\/?s={search_term_string}\"},\"query-input\":{\"@type\":\"PropertyValueSpecification\",\"valueRequired\":true,\"valueName\":\"search_term_string\"}}],\"inLanguage\":\"ca\"},{\"@type\":\"Person\",\"@id\":\"https:\\\/\\\/santapola.es\\\/ca\\\/#\\\/schema\\\/person\\\/ad1d67403707b58350c7be5e8dbc442d\",\"name\":\"Jos\u00e9 Juan L\u00f3pez Lafuente\"}]}<\/script>\n<!-- \/ Yoast SEO plugin. -->","yoast_head_json":{"title":"L'IES Cap de L\u2019Aljub impulsa l'activitat f\u00edsica i la salut com a centre CEPAFE - Ajuntament de Santa Pola","robots":{"index":"index","follow":"follow","max-snippet":"max-snippet:-1","max-image-preview":"max-image-preview:large","max-video-preview":"max-video-preview:-1"},"canonical":"https:\/\/santapola.es\/ca\/lies-cap-de-laljub-impulsa-lactivitat-fisica-i-la-salut-com-a-centre-cepafe\/","og_locale":"ca_ES","og_type":"article","og_title":"L'IES Cap de L\u2019Aljub impulsa l'activitat f\u00edsica i la salut com a centre CEPAFE - Ajuntament de Santa Pola","og_description":"El centre ha obtingut este reconeixement de la Conselleria d&#8217;Educaci\u00f3 amb la posada en marxa del programa PEAFS, Projectes d&#8217;Esport, Activitat F\u00edsica i Salut, un comprom\u00eds amb la promoci\u00f3 d&#8217;h\u00e0bits de vida saludables en l&#8217;\u00e0mbit escolar. L&#8217;Ajuntament de Santa Pola ha presentat en roda de premsa la integraci\u00f3 de l&#8217;IES Cap de l\u2019Aljub de Santa [&hellip;]","og_url":"https:\/\/santapola.es\/ca\/lies-cap-de-laljub-impulsa-lactivitat-fisica-i-la-salut-com-a-centre-cepafe\/","og_site_name":"Ajuntament de Santa Pola","article_publisher":"https:\/\/www.facebook.com\/AyuntamientoSantaPola\/","article_published_time":"2025-10-08T10:48:15+00:00","article_modified_time":"2025-10-08T10:50:26+00:00","og_image":[{"width":1920,"height":1440,"url":"https:\/\/santapola.es\/wp-content\/uploads\/2025\/10\/IMG_2621.jpg","type":"image\/jpeg"}],"author":"Jos\u00e9 Juan L\u00f3pez Lafuente","twitter_card":"summary_large_image","twitter_creator":"@SantaPolaAyunt","twitter_site":"@SantaPolaAyunt","schema":{"@context":"https:\/\/schema.org","@graph":[{"@type":"Article","@id":"https:\/\/santapola.es\/ca\/lies-cap-de-laljub-impulsa-lactivitat-fisica-i-la-salut-com-a-centre-cepafe\/#article","isPartOf":{"@id":"https:\/\/santapola.es\/ca\/lies-cap-de-laljub-impulsa-lactivitat-fisica-i-la-salut-com-a-centre-cepafe\/"},"author":{"name":"Jos\u00e9 Juan L\u00f3pez Lafuente","@id":"https:\/\/santapola.es\/ca\/#\/schema\/person\/ad1d67403707b58350c7be5e8dbc442d"},"headline":"L&#8217;IES Cap de L\u2019Aljub impulsa l&#8217;activitat f\u00edsica i la salut com a centre CEPAFE","datePublished":"2025-10-08T10:48:15+00:00","dateModified":"2025-10-08T10:50:26+00:00","mainEntityOfPage":{"@id":"https:\/\/santapola.es\/ca\/lies-cap-de-laljub-impulsa-lactivitat-fisica-i-la-salut-com-a-centre-cepafe\/"},"wordCount":670,"image":{"@id":"https:\/\/santapola.es\/ca\/lies-cap-de-laljub-impulsa-lactivitat-fisica-i-la-salut-com-a-centre-cepafe\/#primaryimage"},"thumbnailUrl":"https:\/\/santapola.es\/wp-content\/uploads\/2025\/10\/IMG_2621.jpg","keywords":["IES Cap de L'Aljub"],"articleSection":["Educaci\u00f3","Esport"],"inLanguage":"ca"},{"@type":"WebPage","@id":"https:\/\/santapola.es\/ca\/lies-cap-de-laljub-impulsa-lactivitat-fisica-i-la-salut-com-a-centre-cepafe\/","url":"https:\/\/santapola.es\/ca\/lies-cap-de-laljub-impulsa-lactivitat-fisica-i-la-salut-com-a-centre-cepafe\/","name":"L'IES Cap de L\u2019Aljub impulsa l'activitat f\u00edsica i la salut com a centre CEPAFE - Ajuntament de Santa Pola","isPartOf":{"@id":"https:\/\/santapola.es\/ca\/#website"},"primaryImageOfPage":{"@id":"https:\/\/santapola.es\/ca\/lies-cap-de-laljub-impulsa-lactivitat-fisica-i-la-salut-com-a-centre-cepafe\/#primaryimage"},"image":{"@id":"https:\/\/santapola.es\/ca\/lies-cap-de-laljub-impulsa-lactivitat-fisica-i-la-salut-com-a-centre-cepafe\/#primaryimage"},"thumbnailUrl":"https:\/\/santapola.es\/wp-content\/uploads\/2025\/10\/IMG_2621.jpg","datePublished":"2025-10-08T10:48:15+00:00","dateModified":"2025-10-08T10:50:26+00:00","author":{"@id":"https:\/\/santapola.es\/ca\/#\/schema\/person\/ad1d67403707b58350c7be5e8dbc442d"},"breadcrumb":{"@id":"https:\/\/santapola.es\/ca\/lies-cap-de-laljub-impulsa-lactivitat-fisica-i-la-salut-com-a-centre-cepafe\/#breadcrumb"},"inLanguage":"ca","potentialAction":[{"@type":"ReadAction","target":["https:\/\/santapola.es\/ca\/lies-cap-de-laljub-impulsa-lactivitat-fisica-i-la-salut-com-a-centre-cepafe\/"]}]},{"@type":"ImageObject","inLanguage":"ca","@id":"https:\/\/santapola.es\/ca\/lies-cap-de-laljub-impulsa-lactivitat-fisica-i-la-salut-com-a-centre-cepafe\/#primaryimage","url":"https:\/\/santapola.es\/wp-content\/uploads\/2025\/10\/IMG_2621.jpg","contentUrl":"https:\/\/santapola.es\/wp-content\/uploads\/2025\/10\/IMG_2621.jpg","width":1920,"height":1440},{"@type":"BreadcrumbList","@id":"https:\/\/santapola.es\/ca\/lies-cap-de-laljub-impulsa-lactivitat-fisica-i-la-salut-com-a-centre-cepafe\/#breadcrumb","itemListElement":[{"@type":"ListItem","position":1,"name":"Inici","item":"https:\/\/santapola.es\/ca\/"},{"@type":"ListItem","position":2,"name":"L&#8217;IES Cap de L\u2019Aljub impulsa l&#8217;activitat f\u00edsica i la salut com a centre CEPAFE"}]},{"@type":"WebSite","@id":"https:\/\/santapola.es\/ca\/#website","url":"https:\/\/santapola.es\/ca\/","name":"Ayuntamiento de Santa Pola","description":"Web de l'Ajuntament de Santa Pola","potentialAction":[{"@type":"SearchAction","target":{"@type":"EntryPoint","urlTemplate":"https:\/\/santapola.es\/ca\/?s={search_term_string}"},"query-input":{"@type":"PropertyValueSpecification","valueRequired":true,"valueName":"search_term_string"}}],"inLanguage":"ca"},{"@type":"Person","@id":"https:\/\/santapola.es\/ca\/#\/schema\/person\/ad1d67403707b58350c7be5e8dbc442d","name":"Jos\u00e9 Juan L\u00f3pez Lafuente"}]}},"_links":{"self":[{"href":"https:\/\/santapola.es\/ca\/wp-json\/wp\/v2\/posts\/46073","targetHints":{"allow":["GET"]}}],"collection":[{"href":"https:\/\/santapola.es\/ca\/wp-json\/wp\/v2\/posts"}],"about":[{"href":"https:\/\/santapola.es\/ca\/wp-json\/wp\/v2\/types\/post"}],"author":[{"embeddable":true,"href":"https:\/\/santapola.es\/ca\/wp-json\/wp\/v2\/users\/96"}],"replies":[{"embeddable":true,"href":"https:\/\/santapola.es\/ca\/wp-json\/wp\/v2\/comments?post=46073"}],"version-history":[{"count":0,"href":"https:\/\/santapola.es\/ca\/wp-json\/wp\/v2\/posts\/46073\/revisions"}],"wp:featuredmedia":[{"embeddable":true,"href":"https:\/\/santapola.es\/ca\/wp-json\/wp\/v2\/media\/46071"}],"wp:attachment":[{"href":"https:\/\/santapola.es\/ca\/wp-json\/wp\/v2\/media?parent=46073"}],"wp:term":[{"taxonomy":"category","embeddable":true,"href":"https:\/\/santapola.es\/ca\/wp-json\/wp\/v2\/categories?post=46073"},{"taxonomy":"post_tag","embeddable":true,"href":"https:\/\/santapola.es\/ca\/wp-json\/wp\/v2\/tags?post=46073"}],"curies":[{"name":"wp","href":"https:\/\/api.w.org\/{rel}","templated":true}]}}