{"id":46048,"date":"2025-10-07T13:04:38","date_gmt":"2025-10-07T11:04:38","guid":{"rendered":"https:\/\/santapola.es\/?p=46048"},"modified":"2025-10-07T13:06:13","modified_gmt":"2025-10-07T11:06:13","slug":"premi-a-la-personalitat-polonesa-en-el-mon-2025-per-a-la-presidenta-de-lassociacio-hispola","status":"publish","type":"post","link":"https:\/\/santapola.es\/ca\/premi-a-la-personalitat-polonesa-en-el-mon-2025-per-a-la-presidenta-de-lassociacio-hispola\/","title":{"rendered":"Premi a la Personalitat Polonesa en el M\u00f3n 2025 per a la presidenta de l&#8217;Associaci\u00f3 Hispola"},"content":{"rendered":"<p><strong>Agnieszka Juniewicz, presidenta d&#8217;esta associaci\u00f3 de residents polonesos a Alacant amb seu a Santa Pola, ha rebut a Vars\u00f2via este prestigi\u00f3s guard\u00f3 en el qual participaven 35 candidats de diversos continents.<\/strong><\/p>\n<p>El passat 27 de setembre l&#8217;organitzaci\u00f3 del Premi a Personalitat Polonesa en el M\u00f3n 2025 va atorgar este guard\u00f3 a la presidenta de l&#8217;Associaci\u00f3 Hispola Alacant, Agnieszka Juniewicz, en la gala que va tindre lloc a l&#8217;hotel Gromada de Vars\u00f2via, amb participaci\u00f3 de representants del Congr\u00e9s i el Senat de Pol\u00f2nia i amb cobertura de la televisi\u00f3 nacional (TVP) i d&#8217;altres mitjans.<\/p>\n<p>Van participar 35 candidats de diversos pa\u00efsos d&#8217;Europa, els Estats Units i Hispanoam\u00e8rica, havent quedat la de Hispola en primer lloc en el vot del p\u00fablic a trav\u00e9s d&#8217;Internet.<\/p>\n<p>La gran faena d&#8217;esta associaci\u00f3 radicada a Santa Pola ha aconseguit refor\u00e7ar la pres\u00e8ncia internacional de la prov\u00edncia d&#8217;Alacant com a dest\u00ed segur i amist\u00f3s amb la comunitat polonesa al nostre pa\u00eds.<\/p>\n","protected":false},"excerpt":{"rendered":"<p>Agnieszka Juniewicz, presidenta d&#8217;esta associaci\u00f3 de residents polonesos a Alacant amb seu a Santa Pola, ha rebut a Vars\u00f2via este prestigi\u00f3s guard\u00f3 en el qual participaven 35 candidats de diversos continents. El passat 27 de setembre l&#8217;organitzaci\u00f3 del Premi a Personalitat Polonesa en el M\u00f3n 2025 va atorgar este guard\u00f3 a la presidenta de l&#8217;Associaci\u00f3 [&hellip;]<\/p>\n","protected":false},"author":96,"featured_media":46046,"comment_status":"closed","ping_status":"closed","sticky":false,"template":"","format":"standard","meta":{"_et_pb_use_builder":"","_et_pb_old_content":"","_et_gb_content_width":"","footnotes":""},"categories":[433],"tags":[1650,802],"class_list":["post-46048","post","type-post","status-publish","format-standard","has-post-thumbnail","hentry","category-cultura-ca","tag-agnieszka-juniewicz","tag-hispola-ca"],"yoast_head":"<!-- This site is optimized with the Yoast SEO plugin v27.4 - https:\/\/yoast.com\/product\/yoast-seo-wordpress\/ -->\n<title>Premi a la Personalitat Polonesa en el M\u00f3n 2025 per a la presidenta de l&#039;Associaci\u00f3 Hispola - Ajuntament de Santa Pola<\/title>\n<meta name=\"robots\" content=\"index, follow, max-snippet:-1, max-image-preview:large, max-video-preview:-1\" \/>\n<link rel=\"canonical\" href=\"https:\/\/santapola.es\/ca\/premi-a-la-personalitat-polonesa-en-el-mon-2025-per-a-la-presidenta-de-lassociacio-hispola\/\" \/>\n<meta property=\"og:locale\" content=\"ca_ES\" \/>\n<meta property=\"og:type\" content=\"article\" \/>\n<meta property=\"og:title\" content=\"Premi a la Personalitat Polonesa en el M\u00f3n 2025 per a la presidenta de l&#039;Associaci\u00f3 Hispola - Ajuntament de Santa Pola\" \/>\n<meta property=\"og:description\" content=\"Agnieszka Juniewicz, presidenta d&#8217;esta associaci\u00f3 de residents polonesos a Alacant amb seu a Santa Pola, ha rebut a Vars\u00f2via este prestigi\u00f3s guard\u00f3 en el qual participaven 35 candidats de diversos continents. El passat 27 de setembre l&#8217;organitzaci\u00f3 del Premi a Personalitat Polonesa en el M\u00f3n 2025 va atorgar este guard\u00f3 a la presidenta de l&#8217;Associaci\u00f3 [&hellip;]\" \/>\n<meta property=\"og:url\" content=\"https:\/\/santapola.es\/ca\/premi-a-la-personalitat-polonesa-en-el-mon-2025-per-a-la-presidenta-de-lassociacio-hispola\/\" \/>\n<meta property=\"og:site_name\" content=\"Ajuntament de Santa Pola\" \/>\n<meta property=\"article:publisher\" content=\"https:\/\/www.facebook.com\/AyuntamientoSantaPola\/\" \/>\n<meta property=\"article:published_time\" content=\"2025-10-07T11:04:38+00:00\" \/>\n<meta property=\"article:modified_time\" content=\"2025-10-07T11:06:13+00:00\" \/>\n<meta property=\"og:image\" content=\"https:\/\/santapola.es\/wp-content\/uploads\/2025\/10\/premio2-copia.jpg\" \/>\n\t<meta property=\"og:image:width\" content=\"934\" \/>\n\t<meta property=\"og:image:height\" content=\"748\" \/>\n\t<meta property=\"og:image:type\" content=\"image\/jpeg\" \/>\n<meta name=\"author\" content=\"Jos\u00e9 Juan L\u00f3pez Lafuente\" \/>\n<meta name=\"twitter:card\" content=\"summary_large_image\" \/>\n<meta name=\"twitter:creator\" content=\"@SantaPolaAyunt\" \/>\n<meta name=\"twitter:site\" content=\"@SantaPolaAyunt\" \/>\n<script type=\"application\/ld+json\" class=\"yoast-schema-graph\">{\"@context\":\"https:\\\/\\\/schema.org\",\"@graph\":[{\"@type\":\"Article\",\"@id\":\"https:\\\/\\\/santapola.es\\\/ca\\\/premi-a-la-personalitat-polonesa-en-el-mon-2025-per-a-la-presidenta-de-lassociacio-hispola\\\/#article\",\"isPartOf\":{\"@id\":\"https:\\\/\\\/santapola.es\\\/ca\\\/premi-a-la-personalitat-polonesa-en-el-mon-2025-per-a-la-presidenta-de-lassociacio-hispola\\\/\"},\"author\":{\"name\":\"Jos\u00e9 Juan L\u00f3pez Lafuente\",\"@id\":\"https:\\\/\\\/santapola.es\\\/ca\\\/#\\\/schema\\\/person\\\/ad1d67403707b58350c7be5e8dbc442d\"},\"headline\":\"Premi a la Personalitat Polonesa en el M\u00f3n 2025 per a la presidenta de l&#8217;Associaci\u00f3 Hispola\",\"datePublished\":\"2025-10-07T11:04:38+00:00\",\"dateModified\":\"2025-10-07T11:06:13+00:00\",\"mainEntityOfPage\":{\"@id\":\"https:\\\/\\\/santapola.es\\\/ca\\\/premi-a-la-personalitat-polonesa-en-el-mon-2025-per-a-la-presidenta-de-lassociacio-hispola\\\/\"},\"wordCount\":191,\"image\":{\"@id\":\"https:\\\/\\\/santapola.es\\\/ca\\\/premi-a-la-personalitat-polonesa-en-el-mon-2025-per-a-la-presidenta-de-lassociacio-hispola\\\/#primaryimage\"},\"thumbnailUrl\":\"https:\\\/\\\/santapola.es\\\/wp-content\\\/uploads\\\/2025\\\/10\\\/premio2-copia.jpg\",\"keywords\":[\"Agnieszka Juniewicz\",\"Hispola\"],\"articleSection\":[\"Cultura\"],\"inLanguage\":\"ca\"},{\"@type\":\"WebPage\",\"@id\":\"https:\\\/\\\/santapola.es\\\/ca\\\/premi-a-la-personalitat-polonesa-en-el-mon-2025-per-a-la-presidenta-de-lassociacio-hispola\\\/\",\"url\":\"https:\\\/\\\/santapola.es\\\/ca\\\/premi-a-la-personalitat-polonesa-en-el-mon-2025-per-a-la-presidenta-de-lassociacio-hispola\\\/\",\"name\":\"Premi a la Personalitat Polonesa en el M\u00f3n 2025 per a la presidenta de l'Associaci\u00f3 Hispola - Ajuntament de Santa Pola\",\"isPartOf\":{\"@id\":\"https:\\\/\\\/santapola.es\\\/ca\\\/#website\"},\"primaryImageOfPage\":{\"@id\":\"https:\\\/\\\/santapola.es\\\/ca\\\/premi-a-la-personalitat-polonesa-en-el-mon-2025-per-a-la-presidenta-de-lassociacio-hispola\\\/#primaryimage\"},\"image\":{\"@id\":\"https:\\\/\\\/santapola.es\\\/ca\\\/premi-a-la-personalitat-polonesa-en-el-mon-2025-per-a-la-presidenta-de-lassociacio-hispola\\\/#primaryimage\"},\"thumbnailUrl\":\"https:\\\/\\\/santapola.es\\\/wp-content\\\/uploads\\\/2025\\\/10\\\/premio2-copia.jpg\",\"datePublished\":\"2025-10-07T11:04:38+00:00\",\"dateModified\":\"2025-10-07T11:06:13+00:00\",\"author\":{\"@id\":\"https:\\\/\\\/santapola.es\\\/ca\\\/#\\\/schema\\\/person\\\/ad1d67403707b58350c7be5e8dbc442d\"},\"breadcrumb\":{\"@id\":\"https:\\\/\\\/santapola.es\\\/ca\\\/premi-a-la-personalitat-polonesa-en-el-mon-2025-per-a-la-presidenta-de-lassociacio-hispola\\\/#breadcrumb\"},\"inLanguage\":\"ca\",\"potentialAction\":[{\"@type\":\"ReadAction\",\"target\":[\"https:\\\/\\\/santapola.es\\\/ca\\\/premi-a-la-personalitat-polonesa-en-el-mon-2025-per-a-la-presidenta-de-lassociacio-hispola\\\/\"]}]},{\"@type\":\"ImageObject\",\"inLanguage\":\"ca\",\"@id\":\"https:\\\/\\\/santapola.es\\\/ca\\\/premi-a-la-personalitat-polonesa-en-el-mon-2025-per-a-la-presidenta-de-lassociacio-hispola\\\/#primaryimage\",\"url\":\"https:\\\/\\\/santapola.es\\\/wp-content\\\/uploads\\\/2025\\\/10\\\/premio2-copia.jpg\",\"contentUrl\":\"https:\\\/\\\/santapola.es\\\/wp-content\\\/uploads\\\/2025\\\/10\\\/premio2-copia.jpg\",\"width\":934,\"height\":748},{\"@type\":\"BreadcrumbList\",\"@id\":\"https:\\\/\\\/santapola.es\\\/ca\\\/premi-a-la-personalitat-polonesa-en-el-mon-2025-per-a-la-presidenta-de-lassociacio-hispola\\\/#breadcrumb\",\"itemListElement\":[{\"@type\":\"ListItem\",\"position\":1,\"name\":\"Inici\",\"item\":\"https:\\\/\\\/santapola.es\\\/ca\\\/\"},{\"@type\":\"ListItem\",\"position\":2,\"name\":\"Premi a la Personalitat Polonesa en el M\u00f3n 2025 per a la presidenta de l&#8217;Associaci\u00f3 Hispola\"}]},{\"@type\":\"WebSite\",\"@id\":\"https:\\\/\\\/santapola.es\\\/ca\\\/#website\",\"url\":\"https:\\\/\\\/santapola.es\\\/ca\\\/\",\"name\":\"Ayuntamiento de Santa Pola\",\"description\":\"Web de l'Ajuntament de Santa Pola\",\"potentialAction\":[{\"@type\":\"SearchAction\",\"target\":{\"@type\":\"EntryPoint\",\"urlTemplate\":\"https:\\\/\\\/santapola.es\\\/ca\\\/?s={search_term_string}\"},\"query-input\":{\"@type\":\"PropertyValueSpecification\",\"valueRequired\":true,\"valueName\":\"search_term_string\"}}],\"inLanguage\":\"ca\"},{\"@type\":\"Person\",\"@id\":\"https:\\\/\\\/santapola.es\\\/ca\\\/#\\\/schema\\\/person\\\/ad1d67403707b58350c7be5e8dbc442d\",\"name\":\"Jos\u00e9 Juan L\u00f3pez Lafuente\"}]}<\/script>\n<!-- \/ Yoast SEO plugin. -->","yoast_head_json":{"title":"Premi a la Personalitat Polonesa en el M\u00f3n 2025 per a la presidenta de l'Associaci\u00f3 Hispola - Ajuntament de Santa Pola","robots":{"index":"index","follow":"follow","max-snippet":"max-snippet:-1","max-image-preview":"max-image-preview:large","max-video-preview":"max-video-preview:-1"},"canonical":"https:\/\/santapola.es\/ca\/premi-a-la-personalitat-polonesa-en-el-mon-2025-per-a-la-presidenta-de-lassociacio-hispola\/","og_locale":"ca_ES","og_type":"article","og_title":"Premi a la Personalitat Polonesa en el M\u00f3n 2025 per a la presidenta de l'Associaci\u00f3 Hispola - Ajuntament de Santa Pola","og_description":"Agnieszka Juniewicz, presidenta d&#8217;esta associaci\u00f3 de residents polonesos a Alacant amb seu a Santa Pola, ha rebut a Vars\u00f2via este prestigi\u00f3s guard\u00f3 en el qual participaven 35 candidats de diversos continents. El passat 27 de setembre l&#8217;organitzaci\u00f3 del Premi a Personalitat Polonesa en el M\u00f3n 2025 va atorgar este guard\u00f3 a la presidenta de l&#8217;Associaci\u00f3 [&hellip;]","og_url":"https:\/\/santapola.es\/ca\/premi-a-la-personalitat-polonesa-en-el-mon-2025-per-a-la-presidenta-de-lassociacio-hispola\/","og_site_name":"Ajuntament de Santa Pola","article_publisher":"https:\/\/www.facebook.com\/AyuntamientoSantaPola\/","article_published_time":"2025-10-07T11:04:38+00:00","article_modified_time":"2025-10-07T11:06:13+00:00","og_image":[{"width":934,"height":748,"url":"https:\/\/santapola.es\/wp-content\/uploads\/2025\/10\/premio2-copia.jpg","type":"image\/jpeg"}],"author":"Jos\u00e9 Juan L\u00f3pez Lafuente","twitter_card":"summary_large_image","twitter_creator":"@SantaPolaAyunt","twitter_site":"@SantaPolaAyunt","schema":{"@context":"https:\/\/schema.org","@graph":[{"@type":"Article","@id":"https:\/\/santapola.es\/ca\/premi-a-la-personalitat-polonesa-en-el-mon-2025-per-a-la-presidenta-de-lassociacio-hispola\/#article","isPartOf":{"@id":"https:\/\/santapola.es\/ca\/premi-a-la-personalitat-polonesa-en-el-mon-2025-per-a-la-presidenta-de-lassociacio-hispola\/"},"author":{"name":"Jos\u00e9 Juan L\u00f3pez Lafuente","@id":"https:\/\/santapola.es\/ca\/#\/schema\/person\/ad1d67403707b58350c7be5e8dbc442d"},"headline":"Premi a la Personalitat Polonesa en el M\u00f3n 2025 per a la presidenta de l&#8217;Associaci\u00f3 Hispola","datePublished":"2025-10-07T11:04:38+00:00","dateModified":"2025-10-07T11:06:13+00:00","mainEntityOfPage":{"@id":"https:\/\/santapola.es\/ca\/premi-a-la-personalitat-polonesa-en-el-mon-2025-per-a-la-presidenta-de-lassociacio-hispola\/"},"wordCount":191,"image":{"@id":"https:\/\/santapola.es\/ca\/premi-a-la-personalitat-polonesa-en-el-mon-2025-per-a-la-presidenta-de-lassociacio-hispola\/#primaryimage"},"thumbnailUrl":"https:\/\/santapola.es\/wp-content\/uploads\/2025\/10\/premio2-copia.jpg","keywords":["Agnieszka Juniewicz","Hispola"],"articleSection":["Cultura"],"inLanguage":"ca"},{"@type":"WebPage","@id":"https:\/\/santapola.es\/ca\/premi-a-la-personalitat-polonesa-en-el-mon-2025-per-a-la-presidenta-de-lassociacio-hispola\/","url":"https:\/\/santapola.es\/ca\/premi-a-la-personalitat-polonesa-en-el-mon-2025-per-a-la-presidenta-de-lassociacio-hispola\/","name":"Premi a la Personalitat Polonesa en el M\u00f3n 2025 per a la presidenta de l'Associaci\u00f3 Hispola - Ajuntament de Santa Pola","isPartOf":{"@id":"https:\/\/santapola.es\/ca\/#website"},"primaryImageOfPage":{"@id":"https:\/\/santapola.es\/ca\/premi-a-la-personalitat-polonesa-en-el-mon-2025-per-a-la-presidenta-de-lassociacio-hispola\/#primaryimage"},"image":{"@id":"https:\/\/santapola.es\/ca\/premi-a-la-personalitat-polonesa-en-el-mon-2025-per-a-la-presidenta-de-lassociacio-hispola\/#primaryimage"},"thumbnailUrl":"https:\/\/santapola.es\/wp-content\/uploads\/2025\/10\/premio2-copia.jpg","datePublished":"2025-10-07T11:04:38+00:00","dateModified":"2025-10-07T11:06:13+00:00","author":{"@id":"https:\/\/santapola.es\/ca\/#\/schema\/person\/ad1d67403707b58350c7be5e8dbc442d"},"breadcrumb":{"@id":"https:\/\/santapola.es\/ca\/premi-a-la-personalitat-polonesa-en-el-mon-2025-per-a-la-presidenta-de-lassociacio-hispola\/#breadcrumb"},"inLanguage":"ca","potentialAction":[{"@type":"ReadAction","target":["https:\/\/santapola.es\/ca\/premi-a-la-personalitat-polonesa-en-el-mon-2025-per-a-la-presidenta-de-lassociacio-hispola\/"]}]},{"@type":"ImageObject","inLanguage":"ca","@id":"https:\/\/santapola.es\/ca\/premi-a-la-personalitat-polonesa-en-el-mon-2025-per-a-la-presidenta-de-lassociacio-hispola\/#primaryimage","url":"https:\/\/santapola.es\/wp-content\/uploads\/2025\/10\/premio2-copia.jpg","contentUrl":"https:\/\/santapola.es\/wp-content\/uploads\/2025\/10\/premio2-copia.jpg","width":934,"height":748},{"@type":"BreadcrumbList","@id":"https:\/\/santapola.es\/ca\/premi-a-la-personalitat-polonesa-en-el-mon-2025-per-a-la-presidenta-de-lassociacio-hispola\/#breadcrumb","itemListElement":[{"@type":"ListItem","position":1,"name":"Inici","item":"https:\/\/santapola.es\/ca\/"},{"@type":"ListItem","position":2,"name":"Premi a la Personalitat Polonesa en el M\u00f3n 2025 per a la presidenta de l&#8217;Associaci\u00f3 Hispola"}]},{"@type":"WebSite","@id":"https:\/\/santapola.es\/ca\/#website","url":"https:\/\/santapola.es\/ca\/","name":"Ayuntamiento de Santa Pola","description":"Web de l'Ajuntament de Santa Pola","potentialAction":[{"@type":"SearchAction","target":{"@type":"EntryPoint","urlTemplate":"https:\/\/santapola.es\/ca\/?s={search_term_string}"},"query-input":{"@type":"PropertyValueSpecification","valueRequired":true,"valueName":"search_term_string"}}],"inLanguage":"ca"},{"@type":"Person","@id":"https:\/\/santapola.es\/ca\/#\/schema\/person\/ad1d67403707b58350c7be5e8dbc442d","name":"Jos\u00e9 Juan L\u00f3pez Lafuente"}]}},"_links":{"self":[{"href":"https:\/\/santapola.es\/ca\/wp-json\/wp\/v2\/posts\/46048","targetHints":{"allow":["GET"]}}],"collection":[{"href":"https:\/\/santapola.es\/ca\/wp-json\/wp\/v2\/posts"}],"about":[{"href":"https:\/\/santapola.es\/ca\/wp-json\/wp\/v2\/types\/post"}],"author":[{"embeddable":true,"href":"https:\/\/santapola.es\/ca\/wp-json\/wp\/v2\/users\/96"}],"replies":[{"embeddable":true,"href":"https:\/\/santapola.es\/ca\/wp-json\/wp\/v2\/comments?post=46048"}],"version-history":[{"count":0,"href":"https:\/\/santapola.es\/ca\/wp-json\/wp\/v2\/posts\/46048\/revisions"}],"wp:featuredmedia":[{"embeddable":true,"href":"https:\/\/santapola.es\/ca\/wp-json\/wp\/v2\/media\/46046"}],"wp:attachment":[{"href":"https:\/\/santapola.es\/ca\/wp-json\/wp\/v2\/media?parent=46048"}],"wp:term":[{"taxonomy":"category","embeddable":true,"href":"https:\/\/santapola.es\/ca\/wp-json\/wp\/v2\/categories?post=46048"},{"taxonomy":"post_tag","embeddable":true,"href":"https:\/\/santapola.es\/ca\/wp-json\/wp\/v2\/tags?post=46048"}],"curies":[{"name":"wp","href":"https:\/\/api.w.org\/{rel}","templated":true}]}}