{"id":46017,"date":"2025-10-01T18:41:42","date_gmt":"2025-10-01T16:41:42","guid":{"rendered":"https:\/\/santapola.es\/?p=46017"},"modified":"2025-10-01T18:42:43","modified_gmt":"2025-10-01T16:42:43","slug":"santa-pola-viura-un-octubre-cultural-en-valencia","status":"publish","type":"post","link":"https:\/\/santapola.es\/ca\/santa-pola-viura-un-octubre-cultural-en-valencia\/","title":{"rendered":"Santa Pola viur\u00e0 un octubre cultural en valenci\u00e0"},"content":{"rendered":"<p><b>Octubre \u00e9s a Santa Pola el mes de la llengua valenciana, com a commemoraci\u00f3 del Dia de la Comunitat Valenciana. Per a aix\u00f2, la Regidoria de Cultura, en estreta col\u00b7laboraci\u00f3 amb AVIVA Santa Pola i l\u2019Associaci\u00f3 Cultural l\u2019Antina, ha preparat una s\u00e8rie d&#8217;activitats que conformen el programa \u201cOctubre Cultural 2025\u201d.<\/b><\/p>\n<p><span style=\"font-weight: 400;\">La regidora de Cultura, Nely Baile, ha anunciat que \u201chem preparat un mes ple de m\u00fasica, teatre, exposicions, literatura i activitats pensades perqu\u00e8 tots i totes pugueu gaudir de la cultura des de molt a prop. Tindrem concerts, espectacles de marionetes per als m\u00e9s xicotets, teatre, confer\u00e8ncies, l&#8217;acte institucional de 9 d\u2019Octubre i moltes m\u00e9s propostes que ompliran els nostres carrers i espais culturals de vida, color i emoci\u00f3\u201d.<\/span><\/p>\n<p><b>Programa d\u2019actes Octubre Cultural 2025<\/b><\/p>\n<p><span style=\"font-weight: 400;\">DIJOUS 2<\/span><\/p>\n<p><span style=\"font-weight: 400;\">Concert: Can\u00e7ons valencianes<\/span><\/p>\n<p><span style=\"font-weight: 400;\">Caricia Musical<\/span><\/p>\n<p><span style=\"font-weight: 400;\">Hora: 19:00<\/span><\/p>\n<p><span style=\"font-weight: 400;\">Lloc: Baluard del duc<\/span><\/p>\n<p><span style=\"font-weight: 400;\">DIVENDRES 3<\/span><\/p>\n<p><span style=\"font-weight: 400;\">Elaboraci\u00f3 del mural sobre el 9 d\u2019octubre en el qu\u00e8 participen tots els col\u00b7legis de Santa Pola.<\/span><\/p>\n<p><span style=\"font-weight: 400;\">Hora: 9:30<\/span><\/p>\n<p><span style=\"font-weight: 400;\">Lloc: Pla\u00e7a del Castell<\/span><\/p>\n<p><span style=\"font-weight: 400;\">Organitza: Biblioteques Municipals. Regidoria de Cultura<\/span><\/p>\n<p><span style=\"font-weight: 400;\">DIMECRES 8<\/span><\/p>\n<p><span style=\"font-weight: 400;\">Inauguraci\u00f3 Exposici\u00f3: &#8220;La magnitud de la trag\u00e8dia&#8221;\u00a0 (Autor: Paco Giner)<\/span><\/p>\n<p><span style=\"font-weight: 400;\">Hora: 20:00<\/span><\/p>\n<p><span style=\"font-weight: 400;\">Lloc: Casa de Cultura<\/span><\/p>\n<p><span style=\"font-weight: 400;\">L&#8217;exposici\u00f3 es podr\u00e0 visitar fins el dia 31 d&#8217;octubre.<\/span><\/p>\n<p><span style=\"font-weight: 400;\">Organitza: Casa de Cultura.\u00a0<\/span><\/p>\n<p><span style=\"font-weight: 400;\">Col\u00b7labora: Associaci\u00f3 Cultural l&#8217;Antina<\/span><\/p>\n<p><span style=\"font-weight: 400;\">Col\u00b7labora: Oficina Valenci\u00e0<\/span><\/p>\n<p><span style=\"font-weight: 400;\">Regidoria de Cultura<\/span><\/p>\n<p><span style=\"font-weight: 400;\">DIJOUS 9<\/span><\/p>\n<p><span style=\"font-weight: 400;\">Acte institucional del 9 d\u2019Octubre:<\/span><\/p>\n<p><span style=\"font-weight: 400;\">Passacarrers\u00a0 per la Colla el Freu<\/span><\/p>\n<p><span style=\"font-weight: 400;\">Passacarrers per la Banda\u00a0 Uni\u00f3 Musical<\/span><\/p>\n<p><span style=\"font-weight: 400;\">&#8211; 10:30 Ple extraordinari en sal\u00f3 d\u2019actes de la Confrar\u00eda de Pescadors<\/span><\/p>\n<p><span style=\"font-weight: 400;\">&#8211; 11:30 Acte institucional Homenatge a la ciutadania de Santa Pola, a la Glorieta.<\/span><\/p>\n<p><span style=\"font-weight: 400;\">&#8211; 13:30 Masclet\u00e0.<\/span><\/p>\n<p><span style=\"font-weight: 400;\">Lloc: Pla\u00e7a de la Glorieta<\/span><\/p>\n<p><span style=\"font-weight: 400;\">DIMARTS 14:<\/span><\/p>\n<p><span style=\"font-weight: 400;\">Presentaci\u00f3 de llibre: &#8220;Peix i sal: Hist\u00f2ria l\u00e8xica de la saladura&#8221;(Publicacions Institucionals de la Universitat d&#8217;Alacant).\u00a0 A c\u00e0rrec de Francesc Xavier Llorca Ibi.<\/span><\/p>\n<p><span style=\"font-weight: 400;\">Hora: 19:00<\/span><\/p>\n<p><span style=\"font-weight: 400;\">Lloc: Biblioteca Central<\/span><\/p>\n<p><span style=\"font-weight: 400;\">Organitza: Associaci\u00f3 Cultural l\u2019Antina<\/span><\/p>\n<p><span style=\"font-weight: 400;\">DIVENDRES 17<\/span><\/p>\n<p><span style=\"font-weight: 400;\">Teatre: Senyora de la com\u00e8dia. A c\u00e0rrec de Maria Juan<\/span><\/p>\n<p><span style=\"font-weight: 400;\">Hora:20:00<\/span><\/p>\n<p><span style=\"font-weight: 400;\">Lloc: Sala d\u2019Actes Casa de Cultura<\/span><\/p>\n<p><span style=\"font-weight: 400;\">Organitza: Casa de Cultura. Regidoria de Cultura<\/span><\/p>\n<p><span style=\"font-weight: 400;\">Circuit Cultural Valenci\u00e0 &#8211; Institut Valenci\u00e0 de Cultura i Federaci\u00f3 Valenciana de Municipis y Prov\u00edncies.\u00a0<\/span><\/p>\n<p><span style=\"font-weight: 400;\">VIII FESTIVAL DE TITELLES<\/span><\/p>\n<p><span style=\"font-weight: 400;\">Organitza: Biblioteques Municipals, Regidoria de Cultura<\/span><\/p>\n<p><span style=\"font-weight: 400;\">DISSABTE 25:\u00a0<\/span><\/p>\n<p><span style=\"font-weight: 400;\">Martina i el bosc de paper<\/span><\/p>\n<p><span style=\"font-weight: 400;\">a c\u00e0rrec de L\u2019Horta Teatre<\/span><\/p>\n<p><span style=\"font-weight: 400;\">Hora:18:00<\/span><\/p>\n<p><span style=\"font-weight: 400;\">Lloc: Sala d\u2019Actes Casa de Cultura<\/span><\/p>\n<p><span style=\"font-weight: 400;\">DIUMENGE 26:\u00a0<\/span><\/p>\n<p><span style=\"font-weight: 400;\">L\u2019encanteri del drac<\/span><\/p>\n<p><span style=\"font-weight: 400;\">de la companyia La Carreta<\/span><\/p>\n<p><span style=\"font-weight: 400;\">Hora:12:00<\/span><\/p>\n<p><span style=\"font-weight: 400;\">Lloc: Sala d\u2019Actes Casa de Cultura<\/span><\/p>\n<p><span style=\"font-weight: 400;\">DILLUNS 27 (sols centres escolars)<\/span><\/p>\n<p><span style=\"font-weight: 400;\">On estan els monstres?<\/span><\/p>\n<p><span style=\"font-weight: 400;\">de la companyia Disparatario<\/span><\/p>\n<p><span style=\"font-weight: 400;\">Hora 11:00<\/span><\/p>\n<p><span style=\"font-weight: 400;\">P\u00fablic escolar<\/span><\/p>\n<p><span style=\"font-weight: 400;\">Lloc: Sala d\u2019Actes Casa de Cultura<\/span><\/p>\n<p><span style=\"font-weight: 400;\">DIMARTS 28:<\/span><\/p>\n<p><span style=\"font-weight: 400;\">Presentaci\u00f3 de llibre: Una visi\u00f3 cartogr\u00e0fica de Santa Pola i Nova Tabarca al llarg del temps<\/span><\/p>\n<p><span style=\"font-weight: 400;\">Hora: 19:00<\/span><\/p>\n<p><span style=\"font-weight: 400;\">Lloc: Sala d\u2019Actes Casa de Cultura<\/span><\/p>\n<p><span style=\"font-weight: 400;\">Organitza: Biblioteques Municipals, Regidoria de Cultura<\/span><\/p>\n<p><span style=\"font-weight: 400;\">NOVEMBRE<\/span><\/p>\n<p><span style=\"font-weight: 400;\">III JORNADES DE TEATRE ESCOLAR<\/span><\/p>\n<p><span style=\"font-weight: 400;\">Organitza: Oficina de Normalitzaci\u00f3 Ling\u00fc\u00edstica AVIVA Santa Pola. Regidoria de Normalitzaci\u00f3 Ling\u00fc\u00edstica.<\/span><\/p>\n<p><span style=\"font-weight: 400;\">DIMARTS 11\u00a0<\/span><\/p>\n<p><span style=\"font-weight: 400;\">Xiquetes que no tenim ni puta idea. A c\u00e0rrec de la companyia Teatredelabast<\/span><\/p>\n<p><span style=\"font-weight: 400;\">Hora: 11:00\u00a0<\/span><\/p>\n<p><span style=\"font-weight: 400;\">Lloc: Sala d&#8217;Actes de la Casa de Cultura<\/span><\/p>\n<p><span style=\"font-weight: 400;\">Circuit Cultural Valenci\u00e0 &#8211; Institut Valenci\u00e0 de Cultura i Federaci\u00f3 Valenciana de Municipis i Prov\u00edncies.\u00a0<\/span><\/p>\n<p><span style=\"font-weight: 400;\">DIMECRES 12<\/span><\/p>\n<p><span style=\"font-weight: 400;\">Manual per a ociosos i bruixes de dol. A c\u00e0rrec de la companyia Esclafit Teatre.<\/span><\/p>\n<p><span style=\"font-weight: 400;\">Hora: 11:00\u00a0<\/span><\/p>\n<p><span style=\"font-weight: 400;\">Lloc: Sala d&#8217;Actes de la Casa de Cultura<\/span><\/p>\n<p><img loading=\"lazy\" decoding=\"async\" class=\"aligncenter size-large wp-image-46015\" src=\"https:\/\/santapola.es\/wp-content\/uploads\/2025\/10\/OCTUBRECULTURAL_2025-789x1024.jpg\" alt=\"\" width=\"789\" height=\"1024\" \/><\/p>\n","protected":false},"excerpt":{"rendered":"<p>Octubre \u00e9s a Santa Pola el mes de la llengua valenciana, com a commemoraci\u00f3 del Dia de la Comunitat Valenciana. Per a aix\u00f2, la Regidoria de Cultura, en estreta col\u00b7laboraci\u00f3 amb AVIVA Santa Pola i l\u2019Associaci\u00f3 Cultural l\u2019Antina, ha preparat una s\u00e8rie d&#8217;activitats que conformen el programa \u201cOctubre Cultural 2025\u201d. La regidora de Cultura, Nely [&hellip;]<\/p>\n","protected":false},"author":96,"featured_media":46013,"comment_status":"closed","ping_status":"closed","sticky":false,"template":"","format":"standard","meta":{"_et_pb_use_builder":"","_et_pb_old_content":"","_et_gb_content_width":"","footnotes":""},"categories":[433],"tags":[596,511,1100],"class_list":["post-46017","post","type-post","status-publish","format-standard","has-post-thumbnail","hentry","category-cultura-ca","tag-associacio-lantina-ca","tag-nely-baile-ca","tag-octubre-cultural-ca"],"yoast_head":"<!-- This site is optimized with the Yoast SEO plugin v27.4 - https:\/\/yoast.com\/product\/yoast-seo-wordpress\/ -->\n<title>Santa Pola viur\u00e0 un octubre cultural en valenci\u00e0 - Ajuntament de Santa Pola<\/title>\n<meta name=\"robots\" content=\"index, follow, max-snippet:-1, max-image-preview:large, max-video-preview:-1\" \/>\n<link rel=\"canonical\" href=\"https:\/\/santapola.es\/ca\/santa-pola-viura-un-octubre-cultural-en-valencia\/\" \/>\n<meta property=\"og:locale\" content=\"ca_ES\" \/>\n<meta property=\"og:type\" content=\"article\" \/>\n<meta property=\"og:title\" content=\"Santa Pola viur\u00e0 un octubre cultural en valenci\u00e0 - Ajuntament de Santa Pola\" \/>\n<meta property=\"og:description\" content=\"Octubre \u00e9s a Santa Pola el mes de la llengua valenciana, com a commemoraci\u00f3 del Dia de la Comunitat Valenciana. Per a aix\u00f2, la Regidoria de Cultura, en estreta col\u00b7laboraci\u00f3 amb AVIVA Santa Pola i l\u2019Associaci\u00f3 Cultural l\u2019Antina, ha preparat una s\u00e8rie d&#8217;activitats que conformen el programa \u201cOctubre Cultural 2025\u201d. La regidora de Cultura, Nely [&hellip;]\" \/>\n<meta property=\"og:url\" content=\"https:\/\/santapola.es\/ca\/santa-pola-viura-un-octubre-cultural-en-valencia\/\" \/>\n<meta property=\"og:site_name\" content=\"Ajuntament de Santa Pola\" \/>\n<meta property=\"article:publisher\" content=\"https:\/\/www.facebook.com\/AyuntamientoSantaPola\/\" \/>\n<meta property=\"article:published_time\" content=\"2025-10-01T16:41:42+00:00\" \/>\n<meta property=\"article:modified_time\" content=\"2025-10-01T16:42:43+00:00\" \/>\n<meta property=\"og:image\" content=\"https:\/\/santapola.es\/wp-content\/uploads\/2025\/10\/Nely-Baile.jpg\" \/>\n\t<meta property=\"og:image:width\" content=\"2414\" \/>\n\t<meta property=\"og:image:height\" content=\"1449\" \/>\n\t<meta property=\"og:image:type\" content=\"image\/jpeg\" \/>\n<meta name=\"author\" content=\"Jos\u00e9 Juan L\u00f3pez Lafuente\" \/>\n<meta name=\"twitter:card\" content=\"summary_large_image\" \/>\n<meta name=\"twitter:creator\" content=\"@SantaPolaAyunt\" \/>\n<meta name=\"twitter:site\" content=\"@SantaPolaAyunt\" \/>\n<script type=\"application\/ld+json\" class=\"yoast-schema-graph\">{\"@context\":\"https:\\\/\\\/schema.org\",\"@graph\":[{\"@type\":\"Article\",\"@id\":\"https:\\\/\\\/santapola.es\\\/ca\\\/santa-pola-viura-un-octubre-cultural-en-valencia\\\/#article\",\"isPartOf\":{\"@id\":\"https:\\\/\\\/santapola.es\\\/ca\\\/santa-pola-viura-un-octubre-cultural-en-valencia\\\/\"},\"author\":{\"name\":\"Jos\u00e9 Juan L\u00f3pez Lafuente\",\"@id\":\"https:\\\/\\\/santapola.es\\\/ca\\\/#\\\/schema\\\/person\\\/ad1d67403707b58350c7be5e8dbc442d\"},\"headline\":\"Santa Pola viur\u00e0 un octubre cultural en valenci\u00e0\",\"datePublished\":\"2025-10-01T16:41:42+00:00\",\"dateModified\":\"2025-10-01T16:42:43+00:00\",\"mainEntityOfPage\":{\"@id\":\"https:\\\/\\\/santapola.es\\\/ca\\\/santa-pola-viura-un-octubre-cultural-en-valencia\\\/\"},\"wordCount\":555,\"image\":{\"@id\":\"https:\\\/\\\/santapola.es\\\/ca\\\/santa-pola-viura-un-octubre-cultural-en-valencia\\\/#primaryimage\"},\"thumbnailUrl\":\"https:\\\/\\\/santapola.es\\\/wp-content\\\/uploads\\\/2025\\\/10\\\/Nely-Baile.jpg\",\"keywords\":[\"Associaci\u00f3 L'Antina\",\"Nely Baile\",\"Octubre cultural\"],\"articleSection\":[\"Cultura\"],\"inLanguage\":\"ca\"},{\"@type\":\"WebPage\",\"@id\":\"https:\\\/\\\/santapola.es\\\/ca\\\/santa-pola-viura-un-octubre-cultural-en-valencia\\\/\",\"url\":\"https:\\\/\\\/santapola.es\\\/ca\\\/santa-pola-viura-un-octubre-cultural-en-valencia\\\/\",\"name\":\"Santa Pola viur\u00e0 un octubre cultural en valenci\u00e0 - Ajuntament de Santa Pola\",\"isPartOf\":{\"@id\":\"https:\\\/\\\/santapola.es\\\/ca\\\/#website\"},\"primaryImageOfPage\":{\"@id\":\"https:\\\/\\\/santapola.es\\\/ca\\\/santa-pola-viura-un-octubre-cultural-en-valencia\\\/#primaryimage\"},\"image\":{\"@id\":\"https:\\\/\\\/santapola.es\\\/ca\\\/santa-pola-viura-un-octubre-cultural-en-valencia\\\/#primaryimage\"},\"thumbnailUrl\":\"https:\\\/\\\/santapola.es\\\/wp-content\\\/uploads\\\/2025\\\/10\\\/Nely-Baile.jpg\",\"datePublished\":\"2025-10-01T16:41:42+00:00\",\"dateModified\":\"2025-10-01T16:42:43+00:00\",\"author\":{\"@id\":\"https:\\\/\\\/santapola.es\\\/ca\\\/#\\\/schema\\\/person\\\/ad1d67403707b58350c7be5e8dbc442d\"},\"breadcrumb\":{\"@id\":\"https:\\\/\\\/santapola.es\\\/ca\\\/santa-pola-viura-un-octubre-cultural-en-valencia\\\/#breadcrumb\"},\"inLanguage\":\"ca\",\"potentialAction\":[{\"@type\":\"ReadAction\",\"target\":[\"https:\\\/\\\/santapola.es\\\/ca\\\/santa-pola-viura-un-octubre-cultural-en-valencia\\\/\"]}]},{\"@type\":\"ImageObject\",\"inLanguage\":\"ca\",\"@id\":\"https:\\\/\\\/santapola.es\\\/ca\\\/santa-pola-viura-un-octubre-cultural-en-valencia\\\/#primaryimage\",\"url\":\"https:\\\/\\\/santapola.es\\\/wp-content\\\/uploads\\\/2025\\\/10\\\/Nely-Baile.jpg\",\"contentUrl\":\"https:\\\/\\\/santapola.es\\\/wp-content\\\/uploads\\\/2025\\\/10\\\/Nely-Baile.jpg\",\"width\":2414,\"height\":1449,\"caption\":\"Screenshot\"},{\"@type\":\"BreadcrumbList\",\"@id\":\"https:\\\/\\\/santapola.es\\\/ca\\\/santa-pola-viura-un-octubre-cultural-en-valencia\\\/#breadcrumb\",\"itemListElement\":[{\"@type\":\"ListItem\",\"position\":1,\"name\":\"Inici\",\"item\":\"https:\\\/\\\/santapola.es\\\/ca\\\/\"},{\"@type\":\"ListItem\",\"position\":2,\"name\":\"Santa Pola viur\u00e0 un octubre cultural en valenci\u00e0\"}]},{\"@type\":\"WebSite\",\"@id\":\"https:\\\/\\\/santapola.es\\\/ca\\\/#website\",\"url\":\"https:\\\/\\\/santapola.es\\\/ca\\\/\",\"name\":\"Ayuntamiento de Santa Pola\",\"description\":\"Web de l'Ajuntament de Santa Pola\",\"potentialAction\":[{\"@type\":\"SearchAction\",\"target\":{\"@type\":\"EntryPoint\",\"urlTemplate\":\"https:\\\/\\\/santapola.es\\\/ca\\\/?s={search_term_string}\"},\"query-input\":{\"@type\":\"PropertyValueSpecification\",\"valueRequired\":true,\"valueName\":\"search_term_string\"}}],\"inLanguage\":\"ca\"},{\"@type\":\"Person\",\"@id\":\"https:\\\/\\\/santapola.es\\\/ca\\\/#\\\/schema\\\/person\\\/ad1d67403707b58350c7be5e8dbc442d\",\"name\":\"Jos\u00e9 Juan L\u00f3pez Lafuente\"}]}<\/script>\n<!-- \/ Yoast SEO plugin. -->","yoast_head_json":{"title":"Santa Pola viur\u00e0 un octubre cultural en valenci\u00e0 - Ajuntament de Santa Pola","robots":{"index":"index","follow":"follow","max-snippet":"max-snippet:-1","max-image-preview":"max-image-preview:large","max-video-preview":"max-video-preview:-1"},"canonical":"https:\/\/santapola.es\/ca\/santa-pola-viura-un-octubre-cultural-en-valencia\/","og_locale":"ca_ES","og_type":"article","og_title":"Santa Pola viur\u00e0 un octubre cultural en valenci\u00e0 - Ajuntament de Santa Pola","og_description":"Octubre \u00e9s a Santa Pola el mes de la llengua valenciana, com a commemoraci\u00f3 del Dia de la Comunitat Valenciana. Per a aix\u00f2, la Regidoria de Cultura, en estreta col\u00b7laboraci\u00f3 amb AVIVA Santa Pola i l\u2019Associaci\u00f3 Cultural l\u2019Antina, ha preparat una s\u00e8rie d&#8217;activitats que conformen el programa \u201cOctubre Cultural 2025\u201d. La regidora de Cultura, Nely [&hellip;]","og_url":"https:\/\/santapola.es\/ca\/santa-pola-viura-un-octubre-cultural-en-valencia\/","og_site_name":"Ajuntament de Santa Pola","article_publisher":"https:\/\/www.facebook.com\/AyuntamientoSantaPola\/","article_published_time":"2025-10-01T16:41:42+00:00","article_modified_time":"2025-10-01T16:42:43+00:00","og_image":[{"width":2414,"height":1449,"url":"https:\/\/santapola.es\/wp-content\/uploads\/2025\/10\/Nely-Baile.jpg","type":"image\/jpeg"}],"author":"Jos\u00e9 Juan L\u00f3pez Lafuente","twitter_card":"summary_large_image","twitter_creator":"@SantaPolaAyunt","twitter_site":"@SantaPolaAyunt","schema":{"@context":"https:\/\/schema.org","@graph":[{"@type":"Article","@id":"https:\/\/santapola.es\/ca\/santa-pola-viura-un-octubre-cultural-en-valencia\/#article","isPartOf":{"@id":"https:\/\/santapola.es\/ca\/santa-pola-viura-un-octubre-cultural-en-valencia\/"},"author":{"name":"Jos\u00e9 Juan L\u00f3pez Lafuente","@id":"https:\/\/santapola.es\/ca\/#\/schema\/person\/ad1d67403707b58350c7be5e8dbc442d"},"headline":"Santa Pola viur\u00e0 un octubre cultural en valenci\u00e0","datePublished":"2025-10-01T16:41:42+00:00","dateModified":"2025-10-01T16:42:43+00:00","mainEntityOfPage":{"@id":"https:\/\/santapola.es\/ca\/santa-pola-viura-un-octubre-cultural-en-valencia\/"},"wordCount":555,"image":{"@id":"https:\/\/santapola.es\/ca\/santa-pola-viura-un-octubre-cultural-en-valencia\/#primaryimage"},"thumbnailUrl":"https:\/\/santapola.es\/wp-content\/uploads\/2025\/10\/Nely-Baile.jpg","keywords":["Associaci\u00f3 L'Antina","Nely Baile","Octubre cultural"],"articleSection":["Cultura"],"inLanguage":"ca"},{"@type":"WebPage","@id":"https:\/\/santapola.es\/ca\/santa-pola-viura-un-octubre-cultural-en-valencia\/","url":"https:\/\/santapola.es\/ca\/santa-pola-viura-un-octubre-cultural-en-valencia\/","name":"Santa Pola viur\u00e0 un octubre cultural en valenci\u00e0 - Ajuntament de Santa Pola","isPartOf":{"@id":"https:\/\/santapola.es\/ca\/#website"},"primaryImageOfPage":{"@id":"https:\/\/santapola.es\/ca\/santa-pola-viura-un-octubre-cultural-en-valencia\/#primaryimage"},"image":{"@id":"https:\/\/santapola.es\/ca\/santa-pola-viura-un-octubre-cultural-en-valencia\/#primaryimage"},"thumbnailUrl":"https:\/\/santapola.es\/wp-content\/uploads\/2025\/10\/Nely-Baile.jpg","datePublished":"2025-10-01T16:41:42+00:00","dateModified":"2025-10-01T16:42:43+00:00","author":{"@id":"https:\/\/santapola.es\/ca\/#\/schema\/person\/ad1d67403707b58350c7be5e8dbc442d"},"breadcrumb":{"@id":"https:\/\/santapola.es\/ca\/santa-pola-viura-un-octubre-cultural-en-valencia\/#breadcrumb"},"inLanguage":"ca","potentialAction":[{"@type":"ReadAction","target":["https:\/\/santapola.es\/ca\/santa-pola-viura-un-octubre-cultural-en-valencia\/"]}]},{"@type":"ImageObject","inLanguage":"ca","@id":"https:\/\/santapola.es\/ca\/santa-pola-viura-un-octubre-cultural-en-valencia\/#primaryimage","url":"https:\/\/santapola.es\/wp-content\/uploads\/2025\/10\/Nely-Baile.jpg","contentUrl":"https:\/\/santapola.es\/wp-content\/uploads\/2025\/10\/Nely-Baile.jpg","width":2414,"height":1449,"caption":"Screenshot"},{"@type":"BreadcrumbList","@id":"https:\/\/santapola.es\/ca\/santa-pola-viura-un-octubre-cultural-en-valencia\/#breadcrumb","itemListElement":[{"@type":"ListItem","position":1,"name":"Inici","item":"https:\/\/santapola.es\/ca\/"},{"@type":"ListItem","position":2,"name":"Santa Pola viur\u00e0 un octubre cultural en valenci\u00e0"}]},{"@type":"WebSite","@id":"https:\/\/santapola.es\/ca\/#website","url":"https:\/\/santapola.es\/ca\/","name":"Ayuntamiento de Santa Pola","description":"Web de l'Ajuntament de Santa Pola","potentialAction":[{"@type":"SearchAction","target":{"@type":"EntryPoint","urlTemplate":"https:\/\/santapola.es\/ca\/?s={search_term_string}"},"query-input":{"@type":"PropertyValueSpecification","valueRequired":true,"valueName":"search_term_string"}}],"inLanguage":"ca"},{"@type":"Person","@id":"https:\/\/santapola.es\/ca\/#\/schema\/person\/ad1d67403707b58350c7be5e8dbc442d","name":"Jos\u00e9 Juan L\u00f3pez Lafuente"}]}},"_links":{"self":[{"href":"https:\/\/santapola.es\/ca\/wp-json\/wp\/v2\/posts\/46017","targetHints":{"allow":["GET"]}}],"collection":[{"href":"https:\/\/santapola.es\/ca\/wp-json\/wp\/v2\/posts"}],"about":[{"href":"https:\/\/santapola.es\/ca\/wp-json\/wp\/v2\/types\/post"}],"author":[{"embeddable":true,"href":"https:\/\/santapola.es\/ca\/wp-json\/wp\/v2\/users\/96"}],"replies":[{"embeddable":true,"href":"https:\/\/santapola.es\/ca\/wp-json\/wp\/v2\/comments?post=46017"}],"version-history":[{"count":0,"href":"https:\/\/santapola.es\/ca\/wp-json\/wp\/v2\/posts\/46017\/revisions"}],"wp:featuredmedia":[{"embeddable":true,"href":"https:\/\/santapola.es\/ca\/wp-json\/wp\/v2\/media\/46013"}],"wp:attachment":[{"href":"https:\/\/santapola.es\/ca\/wp-json\/wp\/v2\/media?parent=46017"}],"wp:term":[{"taxonomy":"category","embeddable":true,"href":"https:\/\/santapola.es\/ca\/wp-json\/wp\/v2\/categories?post=46017"},{"taxonomy":"post_tag","embeddable":true,"href":"https:\/\/santapola.es\/ca\/wp-json\/wp\/v2\/tags?post=46017"}],"curies":[{"name":"wp","href":"https:\/\/api.w.org\/{rel}","templated":true}]}}