{"id":45963,"date":"2025-09-30T12:18:33","date_gmt":"2025-09-30T10:18:33","guid":{"rendered":"https:\/\/santapola.es\/?p=45963"},"modified":"2025-09-30T12:18:33","modified_gmt":"2025-09-30T10:18:33","slug":"el-programa-vespertino-ofrece-actividades-a-menores-de-edad-que-no-puedan-ser-atendidos-por-sus-cuidadores","status":"publish","type":"post","link":"https:\/\/santapola.es\/ca\/el-programa-vespertino-ofrece-actividades-a-menores-de-edad-que-no-puedan-ser-atendidos-por-sus-cuidadores\/","title":{"rendered":"El Programa Vespertino ofrece actividades a menores de edad que no puedan ser atendidos por sus cuidadores"},"content":{"rendered":"<p><b>Enmarcado en el Plan Corresponsables, este programa busca la conciliaci\u00f3n de la vida personal, familiar y laboral en Santa Pola, atendiendo por las tardes a ni\u00f1os y ni\u00f1as estudiantes de Primaria mientras sus cuidadores atienden actividades laborales, de inserci\u00f3n laboral u obligaciones inexcusables.<\/b><\/p>\n<p><span style=\"font-weight: 400;\">La Concejal\u00eda de Servicios Sociales pone en marcha el programa vespertino, un programa municipal de conciliaci\u00f3n corresponsable cuya finalidad es desarrollar actividades socio educativas para atender a las personas menores de edad, durante los per\u00edodos en que sus cuidadores principales deben atender actividades laborales, de inserci\u00f3n laboral u obligaciones inexcusables.<\/span><\/p>\n<p><span style=\"font-weight: 400;\">Esta iniciativa est\u00e1 englobada en el Plan Corresponsables, que tiene como objeto generar recursos para la mejora de la conciliaci\u00f3n de la vida personal, familiar y laboral en el municipio de Santa Pola. El programa es financiado con cargo a los fondos recibidos del Ministerio de Igualdad, Secretar\u00eda de Estado de Igualdad y contra la Violencia de G\u00e9nero.<\/span><\/p>\n<p><span style=\"font-weight: 400;\">Podr\u00e1n acceder las familias empadronadas en Santa Pola que tengan hijas o hijos con edades comprendidas entre los 6 y 12\/13 a\u00f1os cursando entre 1\u00ba y 6\u00ba de Primaria, y no requieran de cuidados especiales que excedan de la capacidad del servicio.\u00a0<\/span><\/p>\n<p><span style=\"font-weight: 400;\">Los requisitos baremables son que las familias tengan necesidades de conciliaci\u00f3n como laborales, asistencia a programas formativos, desarrollo de acciones de b\u00fasqueda activa de empleo, situaciones excepcionales sobrevenidas (tratamientos m\u00e9dicos, enfermedad grave\u2026).<\/span><\/p>\n<p><span style=\"font-weight: 400;\">Tambi\u00e9n se valora que sean familias monoparentales y monomarentales, numerosas, mujeres v\u00edctimas de violencia de g\u00e9nero, mujeres con discapacidad, personas en riesgo de exclusi\u00f3n social y unidades familiares en las que existan otras responsabilidades relacionadas con los cuidados.<\/span><\/p>\n<p><span style=\"font-weight: 400;\">El programa comenzar\u00e1 el 13 de octubre y se extender\u00e1 al 19 de diciembre, de lunes a jueves en horario de 17:30 a 20:00 horas, en la cuarta planta del Centro C\u00edvico y Social. En este horario se desarrollar\u00e1n talleres de h\u00e1bitos y rutinas, merienda y talleres de ocio y tiempo libre.<\/span><\/p>\n<p><span style=\"font-weight: 400;\">Las personas interesadas deben rellenar y presentar la solicitud de alta en el programa que se puede obtener en la p\u00e1gina web del Ayuntamiento de Santa Pola o presencialmente en la segunda planta del Centro C\u00edvico y Social. M\u00e1s informaci\u00f3n en el email corresponsables@santapola.es<\/span><\/p>\n","protected":false},"excerpt":{"rendered":"<p>Enmarcado en el Plan Corresponsables, este programa busca la conciliaci\u00f3n de la vida personal, familiar y laboral en Santa Pola, atendiendo por las tardes a ni\u00f1os y ni\u00f1as estudiantes de Primaria mientras sus cuidadores atienden actividades laborales, de inserci\u00f3n laboral u obligaciones inexcusables. La Concejal\u00eda de Servicios Sociales pone en marcha el programa vespertino, un [&hellip;]<\/p>\n","protected":false},"author":96,"featured_media":45964,"comment_status":"closed","ping_status":"closed","sticky":false,"template":"","format":"standard","meta":{"_et_pb_use_builder":"","_et_pb_old_content":"","_et_gb_content_width":"","footnotes":""},"categories":[158],"tags":[929,1149],"class_list":["post-45963","post","type-post","status-publish","format-standard","has-post-thumbnail","hentry","category-servicios-sociales","tag-plan-corresponsables","tag-programa-vespertino"],"yoast_head":"<!-- This site is optimized with the Yoast SEO plugin v27.4 - https:\/\/yoast.com\/product\/yoast-seo-wordpress\/ -->\n<title>El Programa Vespertino ofrece actividades a menores de edad que no puedan ser atendidos por sus cuidadores - Ajuntament de Santa Pola<\/title>\n<meta name=\"robots\" content=\"index, follow, max-snippet:-1, max-image-preview:large, max-video-preview:-1\" \/>\n<link rel=\"canonical\" href=\"https:\/\/santapola.es\/ca\/el-programa-vespertino-ofrece-actividades-a-menores-de-edad-que-no-puedan-ser-atendidos-por-sus-cuidadores\/\" \/>\n<meta property=\"og:locale\" content=\"ca_ES\" \/>\n<meta property=\"og:type\" content=\"article\" \/>\n<meta property=\"og:title\" content=\"El Programa Vespertino ofrece actividades a menores de edad que no puedan ser atendidos por sus cuidadores - Ajuntament de Santa Pola\" \/>\n<meta property=\"og:description\" content=\"Enmarcado en el Plan Corresponsables, este programa busca la conciliaci\u00f3n de la vida personal, familiar y laboral en Santa Pola, atendiendo por las tardes a ni\u00f1os y ni\u00f1as estudiantes de Primaria mientras sus cuidadores atienden actividades laborales, de inserci\u00f3n laboral u obligaciones inexcusables. La Concejal\u00eda de Servicios Sociales pone en marcha el programa vespertino, un [&hellip;]\" \/>\n<meta property=\"og:url\" content=\"https:\/\/santapola.es\/ca\/el-programa-vespertino-ofrece-actividades-a-menores-de-edad-que-no-puedan-ser-atendidos-por-sus-cuidadores\/\" \/>\n<meta property=\"og:site_name\" content=\"Ajuntament de Santa Pola\" \/>\n<meta property=\"article:publisher\" content=\"https:\/\/www.facebook.com\/AyuntamientoSantaPola\/\" \/>\n<meta property=\"article:published_time\" content=\"2025-09-30T10:18:33+00:00\" \/>\n<meta property=\"og:image\" content=\"https:\/\/santapola.es\/wp-content\/uploads\/2025\/09\/PROGRAMA-VESPERTINO-2025.jpg\" \/>\n\t<meta property=\"og:image:width\" content=\"1587\" \/>\n\t<meta property=\"og:image:height\" content=\"2245\" \/>\n\t<meta property=\"og:image:type\" content=\"image\/jpeg\" \/>\n<meta name=\"author\" content=\"Jos\u00e9 Juan L\u00f3pez Lafuente\" \/>\n<meta name=\"twitter:card\" content=\"summary_large_image\" \/>\n<meta name=\"twitter:creator\" content=\"@SantaPolaAyunt\" \/>\n<meta name=\"twitter:site\" content=\"@SantaPolaAyunt\" \/>\n<script type=\"application\/ld+json\" class=\"yoast-schema-graph\">{\"@context\":\"https:\\\/\\\/schema.org\",\"@graph\":[{\"@type\":\"Article\",\"@id\":\"https:\\\/\\\/santapola.es\\\/ca\\\/el-programa-vespertino-ofrece-actividades-a-menores-de-edad-que-no-puedan-ser-atendidos-por-sus-cuidadores\\\/#article\",\"isPartOf\":{\"@id\":\"https:\\\/\\\/santapola.es\\\/ca\\\/el-programa-vespertino-ofrece-actividades-a-menores-de-edad-que-no-puedan-ser-atendidos-por-sus-cuidadores\\\/\"},\"author\":{\"name\":\"Jos\u00e9 Juan L\u00f3pez Lafuente\",\"@id\":\"https:\\\/\\\/santapola.es\\\/ca\\\/#\\\/schema\\\/person\\\/ad1d67403707b58350c7be5e8dbc442d\"},\"headline\":\"El Programa Vespertino ofrece actividades a menores de edad que no puedan ser atendidos por sus cuidadores\",\"datePublished\":\"2025-09-30T10:18:33+00:00\",\"mainEntityOfPage\":{\"@id\":\"https:\\\/\\\/santapola.es\\\/ca\\\/el-programa-vespertino-ofrece-actividades-a-menores-de-edad-que-no-puedan-ser-atendidos-por-sus-cuidadores\\\/\"},\"wordCount\":397,\"image\":{\"@id\":\"https:\\\/\\\/santapola.es\\\/ca\\\/el-programa-vespertino-ofrece-actividades-a-menores-de-edad-que-no-puedan-ser-atendidos-por-sus-cuidadores\\\/#primaryimage\"},\"thumbnailUrl\":\"https:\\\/\\\/santapola.es\\\/wp-content\\\/uploads\\\/2025\\\/09\\\/PROGRAMA-VESPERTINO-2025.jpg\",\"keywords\":[\"Plan Corresponsables\",\"Programa Vespertino\"],\"articleSection\":[\"Servicios Sociales\"],\"inLanguage\":\"ca\"},{\"@type\":\"WebPage\",\"@id\":\"https:\\\/\\\/santapola.es\\\/ca\\\/el-programa-vespertino-ofrece-actividades-a-menores-de-edad-que-no-puedan-ser-atendidos-por-sus-cuidadores\\\/\",\"url\":\"https:\\\/\\\/santapola.es\\\/ca\\\/el-programa-vespertino-ofrece-actividades-a-menores-de-edad-que-no-puedan-ser-atendidos-por-sus-cuidadores\\\/\",\"name\":\"El Programa Vespertino ofrece actividades a menores de edad que no puedan ser atendidos por sus cuidadores - Ajuntament de Santa Pola\",\"isPartOf\":{\"@id\":\"https:\\\/\\\/santapola.es\\\/ca\\\/#website\"},\"primaryImageOfPage\":{\"@id\":\"https:\\\/\\\/santapola.es\\\/ca\\\/el-programa-vespertino-ofrece-actividades-a-menores-de-edad-que-no-puedan-ser-atendidos-por-sus-cuidadores\\\/#primaryimage\"},\"image\":{\"@id\":\"https:\\\/\\\/santapola.es\\\/ca\\\/el-programa-vespertino-ofrece-actividades-a-menores-de-edad-que-no-puedan-ser-atendidos-por-sus-cuidadores\\\/#primaryimage\"},\"thumbnailUrl\":\"https:\\\/\\\/santapola.es\\\/wp-content\\\/uploads\\\/2025\\\/09\\\/PROGRAMA-VESPERTINO-2025.jpg\",\"datePublished\":\"2025-09-30T10:18:33+00:00\",\"author\":{\"@id\":\"https:\\\/\\\/santapola.es\\\/ca\\\/#\\\/schema\\\/person\\\/ad1d67403707b58350c7be5e8dbc442d\"},\"breadcrumb\":{\"@id\":\"https:\\\/\\\/santapola.es\\\/ca\\\/el-programa-vespertino-ofrece-actividades-a-menores-de-edad-que-no-puedan-ser-atendidos-por-sus-cuidadores\\\/#breadcrumb\"},\"inLanguage\":\"ca\",\"potentialAction\":[{\"@type\":\"ReadAction\",\"target\":[\"https:\\\/\\\/santapola.es\\\/ca\\\/el-programa-vespertino-ofrece-actividades-a-menores-de-edad-que-no-puedan-ser-atendidos-por-sus-cuidadores\\\/\"]}]},{\"@type\":\"ImageObject\",\"inLanguage\":\"ca\",\"@id\":\"https:\\\/\\\/santapola.es\\\/ca\\\/el-programa-vespertino-ofrece-actividades-a-menores-de-edad-que-no-puedan-ser-atendidos-por-sus-cuidadores\\\/#primaryimage\",\"url\":\"https:\\\/\\\/santapola.es\\\/wp-content\\\/uploads\\\/2025\\\/09\\\/PROGRAMA-VESPERTINO-2025.jpg\",\"contentUrl\":\"https:\\\/\\\/santapola.es\\\/wp-content\\\/uploads\\\/2025\\\/09\\\/PROGRAMA-VESPERTINO-2025.jpg\",\"width\":1587,\"height\":2245},{\"@type\":\"BreadcrumbList\",\"@id\":\"https:\\\/\\\/santapola.es\\\/ca\\\/el-programa-vespertino-ofrece-actividades-a-menores-de-edad-que-no-puedan-ser-atendidos-por-sus-cuidadores\\\/#breadcrumb\",\"itemListElement\":[{\"@type\":\"ListItem\",\"position\":1,\"name\":\"Inici\",\"item\":\"https:\\\/\\\/santapola.es\\\/ca\\\/\"},{\"@type\":\"ListItem\",\"position\":2,\"name\":\"El Programa Vespertino ofrece actividades a menores de edad que no puedan ser atendidos por sus cuidadores\"}]},{\"@type\":\"WebSite\",\"@id\":\"https:\\\/\\\/santapola.es\\\/ca\\\/#website\",\"url\":\"https:\\\/\\\/santapola.es\\\/ca\\\/\",\"name\":\"Ayuntamiento de Santa Pola\",\"description\":\"Web de l'Ajuntament de Santa Pola\",\"potentialAction\":[{\"@type\":\"SearchAction\",\"target\":{\"@type\":\"EntryPoint\",\"urlTemplate\":\"https:\\\/\\\/santapola.es\\\/ca\\\/?s={search_term_string}\"},\"query-input\":{\"@type\":\"PropertyValueSpecification\",\"valueRequired\":true,\"valueName\":\"search_term_string\"}}],\"inLanguage\":\"ca\"},{\"@type\":\"Person\",\"@id\":\"https:\\\/\\\/santapola.es\\\/ca\\\/#\\\/schema\\\/person\\\/ad1d67403707b58350c7be5e8dbc442d\",\"name\":\"Jos\u00e9 Juan L\u00f3pez Lafuente\"}]}<\/script>\n<!-- \/ Yoast SEO plugin. -->","yoast_head_json":{"title":"El Programa Vespertino ofrece actividades a menores de edad que no puedan ser atendidos por sus cuidadores - Ajuntament de Santa Pola","robots":{"index":"index","follow":"follow","max-snippet":"max-snippet:-1","max-image-preview":"max-image-preview:large","max-video-preview":"max-video-preview:-1"},"canonical":"https:\/\/santapola.es\/ca\/el-programa-vespertino-ofrece-actividades-a-menores-de-edad-que-no-puedan-ser-atendidos-por-sus-cuidadores\/","og_locale":"ca_ES","og_type":"article","og_title":"El Programa Vespertino ofrece actividades a menores de edad que no puedan ser atendidos por sus cuidadores - Ajuntament de Santa Pola","og_description":"Enmarcado en el Plan Corresponsables, este programa busca la conciliaci\u00f3n de la vida personal, familiar y laboral en Santa Pola, atendiendo por las tardes a ni\u00f1os y ni\u00f1as estudiantes de Primaria mientras sus cuidadores atienden actividades laborales, de inserci\u00f3n laboral u obligaciones inexcusables. La Concejal\u00eda de Servicios Sociales pone en marcha el programa vespertino, un [&hellip;]","og_url":"https:\/\/santapola.es\/ca\/el-programa-vespertino-ofrece-actividades-a-menores-de-edad-que-no-puedan-ser-atendidos-por-sus-cuidadores\/","og_site_name":"Ajuntament de Santa Pola","article_publisher":"https:\/\/www.facebook.com\/AyuntamientoSantaPola\/","article_published_time":"2025-09-30T10:18:33+00:00","og_image":[{"width":1587,"height":2245,"url":"https:\/\/santapola.es\/wp-content\/uploads\/2025\/09\/PROGRAMA-VESPERTINO-2025.jpg","type":"image\/jpeg"}],"author":"Jos\u00e9 Juan L\u00f3pez Lafuente","twitter_card":"summary_large_image","twitter_creator":"@SantaPolaAyunt","twitter_site":"@SantaPolaAyunt","schema":{"@context":"https:\/\/schema.org","@graph":[{"@type":"Article","@id":"https:\/\/santapola.es\/ca\/el-programa-vespertino-ofrece-actividades-a-menores-de-edad-que-no-puedan-ser-atendidos-por-sus-cuidadores\/#article","isPartOf":{"@id":"https:\/\/santapola.es\/ca\/el-programa-vespertino-ofrece-actividades-a-menores-de-edad-que-no-puedan-ser-atendidos-por-sus-cuidadores\/"},"author":{"name":"Jos\u00e9 Juan L\u00f3pez Lafuente","@id":"https:\/\/santapola.es\/ca\/#\/schema\/person\/ad1d67403707b58350c7be5e8dbc442d"},"headline":"El Programa Vespertino ofrece actividades a menores de edad que no puedan ser atendidos por sus cuidadores","datePublished":"2025-09-30T10:18:33+00:00","mainEntityOfPage":{"@id":"https:\/\/santapola.es\/ca\/el-programa-vespertino-ofrece-actividades-a-menores-de-edad-que-no-puedan-ser-atendidos-por-sus-cuidadores\/"},"wordCount":397,"image":{"@id":"https:\/\/santapola.es\/ca\/el-programa-vespertino-ofrece-actividades-a-menores-de-edad-que-no-puedan-ser-atendidos-por-sus-cuidadores\/#primaryimage"},"thumbnailUrl":"https:\/\/santapola.es\/wp-content\/uploads\/2025\/09\/PROGRAMA-VESPERTINO-2025.jpg","keywords":["Plan Corresponsables","Programa Vespertino"],"articleSection":["Servicios Sociales"],"inLanguage":"ca"},{"@type":"WebPage","@id":"https:\/\/santapola.es\/ca\/el-programa-vespertino-ofrece-actividades-a-menores-de-edad-que-no-puedan-ser-atendidos-por-sus-cuidadores\/","url":"https:\/\/santapola.es\/ca\/el-programa-vespertino-ofrece-actividades-a-menores-de-edad-que-no-puedan-ser-atendidos-por-sus-cuidadores\/","name":"El Programa Vespertino ofrece actividades a menores de edad que no puedan ser atendidos por sus cuidadores - Ajuntament de Santa Pola","isPartOf":{"@id":"https:\/\/santapola.es\/ca\/#website"},"primaryImageOfPage":{"@id":"https:\/\/santapola.es\/ca\/el-programa-vespertino-ofrece-actividades-a-menores-de-edad-que-no-puedan-ser-atendidos-por-sus-cuidadores\/#primaryimage"},"image":{"@id":"https:\/\/santapola.es\/ca\/el-programa-vespertino-ofrece-actividades-a-menores-de-edad-que-no-puedan-ser-atendidos-por-sus-cuidadores\/#primaryimage"},"thumbnailUrl":"https:\/\/santapola.es\/wp-content\/uploads\/2025\/09\/PROGRAMA-VESPERTINO-2025.jpg","datePublished":"2025-09-30T10:18:33+00:00","author":{"@id":"https:\/\/santapola.es\/ca\/#\/schema\/person\/ad1d67403707b58350c7be5e8dbc442d"},"breadcrumb":{"@id":"https:\/\/santapola.es\/ca\/el-programa-vespertino-ofrece-actividades-a-menores-de-edad-que-no-puedan-ser-atendidos-por-sus-cuidadores\/#breadcrumb"},"inLanguage":"ca","potentialAction":[{"@type":"ReadAction","target":["https:\/\/santapola.es\/ca\/el-programa-vespertino-ofrece-actividades-a-menores-de-edad-que-no-puedan-ser-atendidos-por-sus-cuidadores\/"]}]},{"@type":"ImageObject","inLanguage":"ca","@id":"https:\/\/santapola.es\/ca\/el-programa-vespertino-ofrece-actividades-a-menores-de-edad-que-no-puedan-ser-atendidos-por-sus-cuidadores\/#primaryimage","url":"https:\/\/santapola.es\/wp-content\/uploads\/2025\/09\/PROGRAMA-VESPERTINO-2025.jpg","contentUrl":"https:\/\/santapola.es\/wp-content\/uploads\/2025\/09\/PROGRAMA-VESPERTINO-2025.jpg","width":1587,"height":2245},{"@type":"BreadcrumbList","@id":"https:\/\/santapola.es\/ca\/el-programa-vespertino-ofrece-actividades-a-menores-de-edad-que-no-puedan-ser-atendidos-por-sus-cuidadores\/#breadcrumb","itemListElement":[{"@type":"ListItem","position":1,"name":"Inici","item":"https:\/\/santapola.es\/ca\/"},{"@type":"ListItem","position":2,"name":"El Programa Vespertino ofrece actividades a menores de edad que no puedan ser atendidos por sus cuidadores"}]},{"@type":"WebSite","@id":"https:\/\/santapola.es\/ca\/#website","url":"https:\/\/santapola.es\/ca\/","name":"Ayuntamiento de Santa Pola","description":"Web de l'Ajuntament de Santa Pola","potentialAction":[{"@type":"SearchAction","target":{"@type":"EntryPoint","urlTemplate":"https:\/\/santapola.es\/ca\/?s={search_term_string}"},"query-input":{"@type":"PropertyValueSpecification","valueRequired":true,"valueName":"search_term_string"}}],"inLanguage":"ca"},{"@type":"Person","@id":"https:\/\/santapola.es\/ca\/#\/schema\/person\/ad1d67403707b58350c7be5e8dbc442d","name":"Jos\u00e9 Juan L\u00f3pez Lafuente"}]}},"_links":{"self":[{"href":"https:\/\/santapola.es\/ca\/wp-json\/wp\/v2\/posts\/45963","targetHints":{"allow":["GET"]}}],"collection":[{"href":"https:\/\/santapola.es\/ca\/wp-json\/wp\/v2\/posts"}],"about":[{"href":"https:\/\/santapola.es\/ca\/wp-json\/wp\/v2\/types\/post"}],"author":[{"embeddable":true,"href":"https:\/\/santapola.es\/ca\/wp-json\/wp\/v2\/users\/96"}],"replies":[{"embeddable":true,"href":"https:\/\/santapola.es\/ca\/wp-json\/wp\/v2\/comments?post=45963"}],"version-history":[{"count":0,"href":"https:\/\/santapola.es\/ca\/wp-json\/wp\/v2\/posts\/45963\/revisions"}],"wp:featuredmedia":[{"embeddable":true,"href":"https:\/\/santapola.es\/ca\/wp-json\/wp\/v2\/media\/45964"}],"wp:attachment":[{"href":"https:\/\/santapola.es\/ca\/wp-json\/wp\/v2\/media?parent=45963"}],"wp:term":[{"taxonomy":"category","embeddable":true,"href":"https:\/\/santapola.es\/ca\/wp-json\/wp\/v2\/categories?post=45963"},{"taxonomy":"post_tag","embeddable":true,"href":"https:\/\/santapola.es\/ca\/wp-json\/wp\/v2\/tags?post=45963"}],"curies":[{"name":"wp","href":"https:\/\/api.w.org\/{rel}","templated":true}]}}