{"id":45940,"date":"2025-09-29T19:26:10","date_gmt":"2025-09-29T17:26:10","guid":{"rendered":"https:\/\/santapola.es\/?p=45940"},"modified":"2025-09-29T19:39:09","modified_gmt":"2025-09-29T17:39:09","slug":"lartista-santapolera-sofia-lopez-vidal-guanya-el-festival-darts-esceniques-creamurcia","status":"publish","type":"post","link":"https:\/\/santapola.es\/ca\/lartista-santapolera-sofia-lopez-vidal-guanya-el-festival-darts-esceniques-creamurcia\/","title":{"rendered":"L&#8217;artista santapolera Sof\u00eda L\u00f3pez Vidal guanya el Festival d&#8217;Arts Esc\u00e8niques CreaMurcia"},"content":{"rendered":"<p><strong>L&#8217;obra \u2018Abs\u00e8ncia\u2019, creada i interpretada per Sof\u00eda L\u00f3pez Vidal i \u00c1lvaro L\u00f3pez Romero, s&#8217;ha proclamat guanyadora de la final de la XXXIII edici\u00f3 del festival d&#8217;Arts Esc\u00e8niques CreaMurcia.<\/strong><\/p>\n<p>Una hist\u00f2ria d&#8217;amor per a tota la vida, que perdura amb el pas del temps, \u00e9s el rerefons de \u201cAbs\u00e8ncia\u201d, l&#8217;obra creada i interpretada per Sof\u00eda L\u00f3pez i \u00c1lvaro L\u00f3pez que s&#8217;ha proclamat vencedora d&#8217;Arts Esc\u00e8niques del XXXIII CreaMurcia en la seua edici\u00f3 especial pel 1200 aniversari de la capital murciana.<\/p>\n<p>La hist\u00f2ria d&#8217;una parella que es coneix en la seua joventut i experimenta l&#8217;amor al llarg de la seua vida, caracteritzats amb unes m\u00e0scares elaborades pel mateix \u00c1lvaro, va conv\u00e9ncer tant al jurat com al p\u00fablic assistent al Teatre Circ. Este guard\u00f3 est\u00e0 dotat amb un premi de 2.500 euros<\/p>\n<p><strong>Companys d&#8217;Art Dram\u00e0tic a M\u00farcia<\/strong><\/p>\n<p>Sof\u00eda L\u00f3pez va acabar este passat curse la carrera d&#8217;Interpretaci\u00f3, en l&#8217;itinerari de Teatre Musical, a l&#8217;Escola Superior d&#8217;Art Dram\u00e0tic de M\u00farcia. En este moment estudia un doble grau en Direcci\u00f3 Esc\u00e8nica i Dramat\u00fargia, mat\u00e8ries en les quals pret\u00e9n especialitzar-se.<\/p>\n<p>A m\u00e9s dels seus estudis, la talentosa artista de Santa Pola treballa en la companyia Taules Teatre i ara comen\u00e7ar\u00e0 gira per Espanya amb \u201cAbs\u00e8ncia\u201d, l&#8217;obra creada juntament amb \u00c1lvaro L\u00f3pez i coprodu\u00efda per <span style=\"font-weight: 400;\">Suerte Guapa Producciones<\/span>.<\/p>\n<p>Per part seua, \u00c1lvaro L\u00f3pez Romero va acabar la carrera d&#8217;Art Dram\u00e0tic en la ESAD de M\u00farcia, en l&#8217;itinerari de Creaci\u00f3, i comen\u00e7ar\u00e0 els seus estudis en el Centre del Titella, interessat per la creaci\u00f3 esc\u00e8nica a trav\u00e9s de titelles o m\u00e0scares. De fet ha elaborat les m\u00e0scares protagonistes de l&#8217;obra \u201cAbs\u00e8ncia\u201d.<\/p>\n<p><em>Fotos: Rafa M\u00e1rquez<\/em><\/p>\n","protected":false},"excerpt":{"rendered":"<p>L&#8217;obra \u2018Abs\u00e8ncia\u2019, creada i interpretada per Sof\u00eda L\u00f3pez Vidal i \u00c1lvaro L\u00f3pez Romero, s&#8217;ha proclamat guanyadora de la final de la XXXIII edici\u00f3 del festival d&#8217;Arts Esc\u00e8niques CreaMurcia. Una hist\u00f2ria d&#8217;amor per a tota la vida, que perdura amb el pas del temps, \u00e9s el rerefons de \u201cAbs\u00e8ncia\u201d, l&#8217;obra creada i interpretada per Sof\u00eda L\u00f3pez [&hellip;]<\/p>\n","protected":false},"author":96,"featured_media":45948,"comment_status":"closed","ping_status":"closed","sticky":false,"template":"","format":"standard","meta":{"_et_pb_use_builder":"","_et_pb_old_content":"","_et_gb_content_width":"","footnotes":""},"categories":[433],"tags":[1644,1451],"class_list":["post-45940","post","type-post","status-publish","format-standard","has-post-thumbnail","hentry","category-cultura-ca","tag-sofia-lopez-vidal-ca","tag-teatre"],"yoast_head":"<!-- This site is optimized with the Yoast SEO plugin v27.4 - https:\/\/yoast.com\/product\/yoast-seo-wordpress\/ -->\n<title>L&#039;artista santapolera Sof\u00eda L\u00f3pez Vidal guanya el Festival d&#039;Arts Esc\u00e8niques CreaMurcia - Ajuntament de Santa Pola<\/title>\n<meta name=\"robots\" content=\"index, follow, max-snippet:-1, max-image-preview:large, max-video-preview:-1\" \/>\n<link rel=\"canonical\" href=\"https:\/\/santapola.es\/ca\/lartista-santapolera-sofia-lopez-vidal-guanya-el-festival-darts-esceniques-creamurcia\/\" \/>\n<meta property=\"og:locale\" content=\"ca_ES\" \/>\n<meta property=\"og:type\" content=\"article\" \/>\n<meta property=\"og:title\" content=\"L&#039;artista santapolera Sof\u00eda L\u00f3pez Vidal guanya el Festival d&#039;Arts Esc\u00e8niques CreaMurcia - Ajuntament de Santa Pola\" \/>\n<meta property=\"og:description\" content=\"L&#8217;obra \u2018Abs\u00e8ncia\u2019, creada i interpretada per Sof\u00eda L\u00f3pez Vidal i \u00c1lvaro L\u00f3pez Romero, s&#8217;ha proclamat guanyadora de la final de la XXXIII edici\u00f3 del festival d&#8217;Arts Esc\u00e8niques CreaMurcia. Una hist\u00f2ria d&#8217;amor per a tota la vida, que perdura amb el pas del temps, \u00e9s el rerefons de \u201cAbs\u00e8ncia\u201d, l&#8217;obra creada i interpretada per Sof\u00eda L\u00f3pez [&hellip;]\" \/>\n<meta property=\"og:url\" content=\"https:\/\/santapola.es\/ca\/lartista-santapolera-sofia-lopez-vidal-guanya-el-festival-darts-esceniques-creamurcia\/\" \/>\n<meta property=\"og:site_name\" content=\"Ajuntament de Santa Pola\" \/>\n<meta property=\"article:publisher\" content=\"https:\/\/www.facebook.com\/AyuntamientoSantaPola\/\" \/>\n<meta property=\"article:published_time\" content=\"2025-09-29T17:26:10+00:00\" \/>\n<meta property=\"article:modified_time\" content=\"2025-09-29T17:39:09+00:00\" \/>\n<meta property=\"og:image\" content=\"https:\/\/santapola.es\/wp-content\/uploads\/2025\/09\/Ausencia-45-1.jpg\" \/>\n\t<meta property=\"og:image:width\" content=\"1000\" \/>\n\t<meta property=\"og:image:height\" content=\"750\" \/>\n\t<meta property=\"og:image:type\" content=\"image\/jpeg\" \/>\n<meta name=\"author\" content=\"Jos\u00e9 Juan L\u00f3pez Lafuente\" \/>\n<meta name=\"twitter:card\" content=\"summary_large_image\" \/>\n<meta name=\"twitter:creator\" content=\"@SantaPolaAyunt\" \/>\n<meta name=\"twitter:site\" content=\"@SantaPolaAyunt\" \/>\n<script type=\"application\/ld+json\" class=\"yoast-schema-graph\">{\"@context\":\"https:\\\/\\\/schema.org\",\"@graph\":[{\"@type\":\"Article\",\"@id\":\"https:\\\/\\\/santapola.es\\\/ca\\\/lartista-santapolera-sofia-lopez-vidal-guanya-el-festival-darts-esceniques-creamurcia\\\/#article\",\"isPartOf\":{\"@id\":\"https:\\\/\\\/santapola.es\\\/ca\\\/lartista-santapolera-sofia-lopez-vidal-guanya-el-festival-darts-esceniques-creamurcia\\\/\"},\"author\":{\"name\":\"Jos\u00e9 Juan L\u00f3pez Lafuente\",\"@id\":\"https:\\\/\\\/santapola.es\\\/ca\\\/#\\\/schema\\\/person\\\/ad1d67403707b58350c7be5e8dbc442d\"},\"headline\":\"L&#8217;artista santapolera Sof\u00eda L\u00f3pez Vidal guanya el Festival d&#8217;Arts Esc\u00e8niques CreaMurcia\",\"datePublished\":\"2025-09-29T17:26:10+00:00\",\"dateModified\":\"2025-09-29T17:39:09+00:00\",\"mainEntityOfPage\":{\"@id\":\"https:\\\/\\\/santapola.es\\\/ca\\\/lartista-santapolera-sofia-lopez-vidal-guanya-el-festival-darts-esceniques-creamurcia\\\/\"},\"wordCount\":338,\"image\":{\"@id\":\"https:\\\/\\\/santapola.es\\\/ca\\\/lartista-santapolera-sofia-lopez-vidal-guanya-el-festival-darts-esceniques-creamurcia\\\/#primaryimage\"},\"thumbnailUrl\":\"https:\\\/\\\/santapola.es\\\/wp-content\\\/uploads\\\/2025\\\/09\\\/Ausencia-45-1.jpg\",\"keywords\":[\"Sof\u00eda L\u00f3pez Vidal\",\"teatre\"],\"articleSection\":[\"Cultura\"],\"inLanguage\":\"ca\"},{\"@type\":\"WebPage\",\"@id\":\"https:\\\/\\\/santapola.es\\\/ca\\\/lartista-santapolera-sofia-lopez-vidal-guanya-el-festival-darts-esceniques-creamurcia\\\/\",\"url\":\"https:\\\/\\\/santapola.es\\\/ca\\\/lartista-santapolera-sofia-lopez-vidal-guanya-el-festival-darts-esceniques-creamurcia\\\/\",\"name\":\"L'artista santapolera Sof\u00eda L\u00f3pez Vidal guanya el Festival d'Arts Esc\u00e8niques CreaMurcia - Ajuntament de Santa Pola\",\"isPartOf\":{\"@id\":\"https:\\\/\\\/santapola.es\\\/ca\\\/#website\"},\"primaryImageOfPage\":{\"@id\":\"https:\\\/\\\/santapola.es\\\/ca\\\/lartista-santapolera-sofia-lopez-vidal-guanya-el-festival-darts-esceniques-creamurcia\\\/#primaryimage\"},\"image\":{\"@id\":\"https:\\\/\\\/santapola.es\\\/ca\\\/lartista-santapolera-sofia-lopez-vidal-guanya-el-festival-darts-esceniques-creamurcia\\\/#primaryimage\"},\"thumbnailUrl\":\"https:\\\/\\\/santapola.es\\\/wp-content\\\/uploads\\\/2025\\\/09\\\/Ausencia-45-1.jpg\",\"datePublished\":\"2025-09-29T17:26:10+00:00\",\"dateModified\":\"2025-09-29T17:39:09+00:00\",\"author\":{\"@id\":\"https:\\\/\\\/santapola.es\\\/ca\\\/#\\\/schema\\\/person\\\/ad1d67403707b58350c7be5e8dbc442d\"},\"breadcrumb\":{\"@id\":\"https:\\\/\\\/santapola.es\\\/ca\\\/lartista-santapolera-sofia-lopez-vidal-guanya-el-festival-darts-esceniques-creamurcia\\\/#breadcrumb\"},\"inLanguage\":\"ca\",\"potentialAction\":[{\"@type\":\"ReadAction\",\"target\":[\"https:\\\/\\\/santapola.es\\\/ca\\\/lartista-santapolera-sofia-lopez-vidal-guanya-el-festival-darts-esceniques-creamurcia\\\/\"]}]},{\"@type\":\"ImageObject\",\"inLanguage\":\"ca\",\"@id\":\"https:\\\/\\\/santapola.es\\\/ca\\\/lartista-santapolera-sofia-lopez-vidal-guanya-el-festival-darts-esceniques-creamurcia\\\/#primaryimage\",\"url\":\"https:\\\/\\\/santapola.es\\\/wp-content\\\/uploads\\\/2025\\\/09\\\/Ausencia-45-1.jpg\",\"contentUrl\":\"https:\\\/\\\/santapola.es\\\/wp-content\\\/uploads\\\/2025\\\/09\\\/Ausencia-45-1.jpg\",\"width\":1000,\"height\":750},{\"@type\":\"BreadcrumbList\",\"@id\":\"https:\\\/\\\/santapola.es\\\/ca\\\/lartista-santapolera-sofia-lopez-vidal-guanya-el-festival-darts-esceniques-creamurcia\\\/#breadcrumb\",\"itemListElement\":[{\"@type\":\"ListItem\",\"position\":1,\"name\":\"Inici\",\"item\":\"https:\\\/\\\/santapola.es\\\/ca\\\/\"},{\"@type\":\"ListItem\",\"position\":2,\"name\":\"L&#8217;artista santapolera Sof\u00eda L\u00f3pez Vidal guanya el Festival d&#8217;Arts Esc\u00e8niques CreaMurcia\"}]},{\"@type\":\"WebSite\",\"@id\":\"https:\\\/\\\/santapola.es\\\/ca\\\/#website\",\"url\":\"https:\\\/\\\/santapola.es\\\/ca\\\/\",\"name\":\"Ayuntamiento de Santa Pola\",\"description\":\"Web de l'Ajuntament de Santa Pola\",\"potentialAction\":[{\"@type\":\"SearchAction\",\"target\":{\"@type\":\"EntryPoint\",\"urlTemplate\":\"https:\\\/\\\/santapola.es\\\/ca\\\/?s={search_term_string}\"},\"query-input\":{\"@type\":\"PropertyValueSpecification\",\"valueRequired\":true,\"valueName\":\"search_term_string\"}}],\"inLanguage\":\"ca\"},{\"@type\":\"Person\",\"@id\":\"https:\\\/\\\/santapola.es\\\/ca\\\/#\\\/schema\\\/person\\\/ad1d67403707b58350c7be5e8dbc442d\",\"name\":\"Jos\u00e9 Juan L\u00f3pez Lafuente\"}]}<\/script>\n<!-- \/ Yoast SEO plugin. -->","yoast_head_json":{"title":"L'artista santapolera Sof\u00eda L\u00f3pez Vidal guanya el Festival d'Arts Esc\u00e8niques CreaMurcia - Ajuntament de Santa Pola","robots":{"index":"index","follow":"follow","max-snippet":"max-snippet:-1","max-image-preview":"max-image-preview:large","max-video-preview":"max-video-preview:-1"},"canonical":"https:\/\/santapola.es\/ca\/lartista-santapolera-sofia-lopez-vidal-guanya-el-festival-darts-esceniques-creamurcia\/","og_locale":"ca_ES","og_type":"article","og_title":"L'artista santapolera Sof\u00eda L\u00f3pez Vidal guanya el Festival d'Arts Esc\u00e8niques CreaMurcia - Ajuntament de Santa Pola","og_description":"L&#8217;obra \u2018Abs\u00e8ncia\u2019, creada i interpretada per Sof\u00eda L\u00f3pez Vidal i \u00c1lvaro L\u00f3pez Romero, s&#8217;ha proclamat guanyadora de la final de la XXXIII edici\u00f3 del festival d&#8217;Arts Esc\u00e8niques CreaMurcia. Una hist\u00f2ria d&#8217;amor per a tota la vida, que perdura amb el pas del temps, \u00e9s el rerefons de \u201cAbs\u00e8ncia\u201d, l&#8217;obra creada i interpretada per Sof\u00eda L\u00f3pez [&hellip;]","og_url":"https:\/\/santapola.es\/ca\/lartista-santapolera-sofia-lopez-vidal-guanya-el-festival-darts-esceniques-creamurcia\/","og_site_name":"Ajuntament de Santa Pola","article_publisher":"https:\/\/www.facebook.com\/AyuntamientoSantaPola\/","article_published_time":"2025-09-29T17:26:10+00:00","article_modified_time":"2025-09-29T17:39:09+00:00","og_image":[{"width":1000,"height":750,"url":"https:\/\/santapola.es\/wp-content\/uploads\/2025\/09\/Ausencia-45-1.jpg","type":"image\/jpeg"}],"author":"Jos\u00e9 Juan L\u00f3pez Lafuente","twitter_card":"summary_large_image","twitter_creator":"@SantaPolaAyunt","twitter_site":"@SantaPolaAyunt","schema":{"@context":"https:\/\/schema.org","@graph":[{"@type":"Article","@id":"https:\/\/santapola.es\/ca\/lartista-santapolera-sofia-lopez-vidal-guanya-el-festival-darts-esceniques-creamurcia\/#article","isPartOf":{"@id":"https:\/\/santapola.es\/ca\/lartista-santapolera-sofia-lopez-vidal-guanya-el-festival-darts-esceniques-creamurcia\/"},"author":{"name":"Jos\u00e9 Juan L\u00f3pez Lafuente","@id":"https:\/\/santapola.es\/ca\/#\/schema\/person\/ad1d67403707b58350c7be5e8dbc442d"},"headline":"L&#8217;artista santapolera Sof\u00eda L\u00f3pez Vidal guanya el Festival d&#8217;Arts Esc\u00e8niques CreaMurcia","datePublished":"2025-09-29T17:26:10+00:00","dateModified":"2025-09-29T17:39:09+00:00","mainEntityOfPage":{"@id":"https:\/\/santapola.es\/ca\/lartista-santapolera-sofia-lopez-vidal-guanya-el-festival-darts-esceniques-creamurcia\/"},"wordCount":338,"image":{"@id":"https:\/\/santapola.es\/ca\/lartista-santapolera-sofia-lopez-vidal-guanya-el-festival-darts-esceniques-creamurcia\/#primaryimage"},"thumbnailUrl":"https:\/\/santapola.es\/wp-content\/uploads\/2025\/09\/Ausencia-45-1.jpg","keywords":["Sof\u00eda L\u00f3pez Vidal","teatre"],"articleSection":["Cultura"],"inLanguage":"ca"},{"@type":"WebPage","@id":"https:\/\/santapola.es\/ca\/lartista-santapolera-sofia-lopez-vidal-guanya-el-festival-darts-esceniques-creamurcia\/","url":"https:\/\/santapola.es\/ca\/lartista-santapolera-sofia-lopez-vidal-guanya-el-festival-darts-esceniques-creamurcia\/","name":"L'artista santapolera Sof\u00eda L\u00f3pez Vidal guanya el Festival d'Arts Esc\u00e8niques CreaMurcia - Ajuntament de Santa Pola","isPartOf":{"@id":"https:\/\/santapola.es\/ca\/#website"},"primaryImageOfPage":{"@id":"https:\/\/santapola.es\/ca\/lartista-santapolera-sofia-lopez-vidal-guanya-el-festival-darts-esceniques-creamurcia\/#primaryimage"},"image":{"@id":"https:\/\/santapola.es\/ca\/lartista-santapolera-sofia-lopez-vidal-guanya-el-festival-darts-esceniques-creamurcia\/#primaryimage"},"thumbnailUrl":"https:\/\/santapola.es\/wp-content\/uploads\/2025\/09\/Ausencia-45-1.jpg","datePublished":"2025-09-29T17:26:10+00:00","dateModified":"2025-09-29T17:39:09+00:00","author":{"@id":"https:\/\/santapola.es\/ca\/#\/schema\/person\/ad1d67403707b58350c7be5e8dbc442d"},"breadcrumb":{"@id":"https:\/\/santapola.es\/ca\/lartista-santapolera-sofia-lopez-vidal-guanya-el-festival-darts-esceniques-creamurcia\/#breadcrumb"},"inLanguage":"ca","potentialAction":[{"@type":"ReadAction","target":["https:\/\/santapola.es\/ca\/lartista-santapolera-sofia-lopez-vidal-guanya-el-festival-darts-esceniques-creamurcia\/"]}]},{"@type":"ImageObject","inLanguage":"ca","@id":"https:\/\/santapola.es\/ca\/lartista-santapolera-sofia-lopez-vidal-guanya-el-festival-darts-esceniques-creamurcia\/#primaryimage","url":"https:\/\/santapola.es\/wp-content\/uploads\/2025\/09\/Ausencia-45-1.jpg","contentUrl":"https:\/\/santapola.es\/wp-content\/uploads\/2025\/09\/Ausencia-45-1.jpg","width":1000,"height":750},{"@type":"BreadcrumbList","@id":"https:\/\/santapola.es\/ca\/lartista-santapolera-sofia-lopez-vidal-guanya-el-festival-darts-esceniques-creamurcia\/#breadcrumb","itemListElement":[{"@type":"ListItem","position":1,"name":"Inici","item":"https:\/\/santapola.es\/ca\/"},{"@type":"ListItem","position":2,"name":"L&#8217;artista santapolera Sof\u00eda L\u00f3pez Vidal guanya el Festival d&#8217;Arts Esc\u00e8niques CreaMurcia"}]},{"@type":"WebSite","@id":"https:\/\/santapola.es\/ca\/#website","url":"https:\/\/santapola.es\/ca\/","name":"Ayuntamiento de Santa Pola","description":"Web de l'Ajuntament de Santa Pola","potentialAction":[{"@type":"SearchAction","target":{"@type":"EntryPoint","urlTemplate":"https:\/\/santapola.es\/ca\/?s={search_term_string}"},"query-input":{"@type":"PropertyValueSpecification","valueRequired":true,"valueName":"search_term_string"}}],"inLanguage":"ca"},{"@type":"Person","@id":"https:\/\/santapola.es\/ca\/#\/schema\/person\/ad1d67403707b58350c7be5e8dbc442d","name":"Jos\u00e9 Juan L\u00f3pez Lafuente"}]}},"_links":{"self":[{"href":"https:\/\/santapola.es\/ca\/wp-json\/wp\/v2\/posts\/45940","targetHints":{"allow":["GET"]}}],"collection":[{"href":"https:\/\/santapola.es\/ca\/wp-json\/wp\/v2\/posts"}],"about":[{"href":"https:\/\/santapola.es\/ca\/wp-json\/wp\/v2\/types\/post"}],"author":[{"embeddable":true,"href":"https:\/\/santapola.es\/ca\/wp-json\/wp\/v2\/users\/96"}],"replies":[{"embeddable":true,"href":"https:\/\/santapola.es\/ca\/wp-json\/wp\/v2\/comments?post=45940"}],"version-history":[{"count":0,"href":"https:\/\/santapola.es\/ca\/wp-json\/wp\/v2\/posts\/45940\/revisions"}],"wp:featuredmedia":[{"embeddable":true,"href":"https:\/\/santapola.es\/ca\/wp-json\/wp\/v2\/media\/45948"}],"wp:attachment":[{"href":"https:\/\/santapola.es\/ca\/wp-json\/wp\/v2\/media?parent=45940"}],"wp:term":[{"taxonomy":"category","embeddable":true,"href":"https:\/\/santapola.es\/ca\/wp-json\/wp\/v2\/categories?post=45940"},{"taxonomy":"post_tag","embeddable":true,"href":"https:\/\/santapola.es\/ca\/wp-json\/wp\/v2\/tags?post=45940"}],"curies":[{"name":"wp","href":"https:\/\/api.w.org\/{rel}","templated":true}]}}