{"id":45618,"date":"2025-09-05T11:03:08","date_gmt":"2025-09-05T09:03:08","guid":{"rendered":"https:\/\/santapola.es\/?p=45618"},"modified":"2025-09-05T11:22:04","modified_gmt":"2025-09-05T09:22:04","slug":"els-simpson-del-carrer-felip-ii-guanya-el-concurs-de-carrers-engalanats","status":"publish","type":"post","link":"https:\/\/santapola.es\/ca\/els-simpson-del-carrer-felip-ii-guanya-el-concurs-de-carrers-engalanats\/","title":{"rendered":"\u201cEls Simpson\u201d del carrer Felip II guanya el concurs de carrers engalanats"},"content":{"rendered":"<p><strong>Els ve\u00efns del tram del n\u00famero 20 al 27 del carrer Felip II han obtingut el primer premi amb la seua decoraci\u00f3 inspirada en Els Simpson. El segon premi ha sigut per a Carreters, entre Felip II i Soledad, i el tercer per a Calamar, del 3 al 11.<\/strong><\/p>\n<p>Este mat\u00ed s&#8217;ha fet p\u00fablic el resultat del concurs de carrers engalanats de les festes patronals 2025 en un acte celebrat en el Baluard del Duc, amb la pres\u00e8ncia de la regidora de Festes Nely Baile, l&#8217;edil d&#8217;Esports \u00c1ngel Piedecausa i la directora de la Casa de Cultura, Rosa Ballesta, acompanyats per les Reines i Dames majors i infantils i una \u00e0mplia representaci\u00f3 dels ve\u00efns participants.<\/p>\n<p>Han sigut onze les calles participants que s&#8217;han ajustat als criteris establits en les bases sobre el disseny del conjunt, decoraci\u00f3 de l&#8217;asfalt, decoraci\u00f3 a\u00e8ria en balcons i finestres, i la utilitzaci\u00f3 de motius referents a festes o a Santa Pola.<\/p>\n<p>El primer premi, consistent en un val de 300 euros canviable en material de papereria per a pr\u00f2xims adorns, ha recaigut en el tram del n\u00famero 20 al 27 del carrer Felipe II, que va proposar una decoraci\u00f3 inspirada en la famosa s\u00e8rie Els Simpson.<\/p>\n<p>El segon ha recaigut al carrer Carreters entre Felip II i Soledad, guanyadora de l&#8217;any passat, amb un val de 200 euros gr\u00e0cies al motiu \u201cCarreters Beach\u201d, i el tercer per al carrer Calamar, en el tram del 3 al 11, que va obtindre un val de 100 euros gr\u00e0cies a una decoraci\u00f3 reivindicativa de les festes tradicionals de Santa Pola.<\/p>\n","protected":false},"excerpt":{"rendered":"<p>Els ve\u00efns del tram del n\u00famero 20 al 27 del carrer Felip II han obtingut el primer premi amb la seua decoraci\u00f3 inspirada en Els Simpson. El segon premi ha sigut per a Carreters, entre Felip II i Soledad, i el tercer per a Calamar, del 3 al 11. Este mat\u00ed s&#8217;ha fet p\u00fablic el [&hellip;]<\/p>\n","protected":false},"author":96,"featured_media":45616,"comment_status":"closed","ping_status":"closed","sticky":false,"template":"","format":"standard","meta":{"_et_pb_use_builder":"","_et_pb_old_content":"","_et_gb_content_width":"","footnotes":""},"categories":[434],"tags":[972,563],"class_list":["post-45618","post","type-post","status-publish","format-standard","has-post-thumbnail","hentry","category-festes","tag-carrers-engalanats","tag-festes-patronals"],"yoast_head":"<!-- This site is optimized with the Yoast SEO plugin v27.4 - https:\/\/yoast.com\/product\/yoast-seo-wordpress\/ -->\n<title>\u201cEls Simpson\u201d del carrer Felip II guanya el concurs de carrers engalanats - Ajuntament de Santa Pola<\/title>\n<meta name=\"robots\" content=\"index, follow, max-snippet:-1, max-image-preview:large, max-video-preview:-1\" \/>\n<link rel=\"canonical\" href=\"https:\/\/santapola.es\/ca\/els-simpson-del-carrer-felip-ii-guanya-el-concurs-de-carrers-engalanats\/\" \/>\n<meta property=\"og:locale\" content=\"ca_ES\" \/>\n<meta property=\"og:type\" content=\"article\" \/>\n<meta property=\"og:title\" content=\"\u201cEls Simpson\u201d del carrer Felip II guanya el concurs de carrers engalanats - Ajuntament de Santa Pola\" \/>\n<meta property=\"og:description\" content=\"Els ve\u00efns del tram del n\u00famero 20 al 27 del carrer Felip II han obtingut el primer premi amb la seua decoraci\u00f3 inspirada en Els Simpson. El segon premi ha sigut per a Carreters, entre Felip II i Soledad, i el tercer per a Calamar, del 3 al 11. Este mat\u00ed s&#8217;ha fet p\u00fablic el [&hellip;]\" \/>\n<meta property=\"og:url\" content=\"https:\/\/santapola.es\/ca\/els-simpson-del-carrer-felip-ii-guanya-el-concurs-de-carrers-engalanats\/\" \/>\n<meta property=\"og:site_name\" content=\"Ajuntament de Santa Pola\" \/>\n<meta property=\"article:publisher\" content=\"https:\/\/www.facebook.com\/AyuntamientoSantaPola\/\" \/>\n<meta property=\"article:published_time\" content=\"2025-09-05T09:03:08+00:00\" \/>\n<meta property=\"article:modified_time\" content=\"2025-09-05T09:22:04+00:00\" \/>\n<meta property=\"og:image\" content=\"https:\/\/santapola.es\/wp-content\/uploads\/2025\/09\/IMG_9968.jpg\" \/>\n\t<meta property=\"og:image:width\" content=\"1920\" \/>\n\t<meta property=\"og:image:height\" content=\"1440\" \/>\n\t<meta property=\"og:image:type\" content=\"image\/jpeg\" \/>\n<meta name=\"author\" content=\"Jos\u00e9 Juan L\u00f3pez Lafuente\" \/>\n<meta name=\"twitter:card\" content=\"summary_large_image\" \/>\n<meta name=\"twitter:creator\" content=\"@SantaPolaAyunt\" \/>\n<meta name=\"twitter:site\" content=\"@SantaPolaAyunt\" \/>\n<script type=\"application\/ld+json\" class=\"yoast-schema-graph\">{\"@context\":\"https:\\\/\\\/schema.org\",\"@graph\":[{\"@type\":\"Article\",\"@id\":\"https:\\\/\\\/santapola.es\\\/ca\\\/els-simpson-del-carrer-felip-ii-guanya-el-concurs-de-carrers-engalanats\\\/#article\",\"isPartOf\":{\"@id\":\"https:\\\/\\\/santapola.es\\\/ca\\\/els-simpson-del-carrer-felip-ii-guanya-el-concurs-de-carrers-engalanats\\\/\"},\"author\":{\"name\":\"Jos\u00e9 Juan L\u00f3pez Lafuente\",\"@id\":\"https:\\\/\\\/santapola.es\\\/ca\\\/#\\\/schema\\\/person\\\/ad1d67403707b58350c7be5e8dbc442d\"},\"headline\":\"\u201cEls Simpson\u201d del carrer Felip II guanya el concurs de carrers engalanats\",\"datePublished\":\"2025-09-05T09:03:08+00:00\",\"dateModified\":\"2025-09-05T09:22:04+00:00\",\"mainEntityOfPage\":{\"@id\":\"https:\\\/\\\/santapola.es\\\/ca\\\/els-simpson-del-carrer-felip-ii-guanya-el-concurs-de-carrers-engalanats\\\/\"},\"wordCount\":279,\"image\":{\"@id\":\"https:\\\/\\\/santapola.es\\\/ca\\\/els-simpson-del-carrer-felip-ii-guanya-el-concurs-de-carrers-engalanats\\\/#primaryimage\"},\"thumbnailUrl\":\"https:\\\/\\\/santapola.es\\\/wp-content\\\/uploads\\\/2025\\\/09\\\/IMG_9968.jpg\",\"keywords\":[\"carrers engalanats\",\"Festes patronals\"],\"articleSection\":[\"Festes\"],\"inLanguage\":\"ca\"},{\"@type\":\"WebPage\",\"@id\":\"https:\\\/\\\/santapola.es\\\/ca\\\/els-simpson-del-carrer-felip-ii-guanya-el-concurs-de-carrers-engalanats\\\/\",\"url\":\"https:\\\/\\\/santapola.es\\\/ca\\\/els-simpson-del-carrer-felip-ii-guanya-el-concurs-de-carrers-engalanats\\\/\",\"name\":\"\u201cEls Simpson\u201d del carrer Felip II guanya el concurs de carrers engalanats - Ajuntament de Santa Pola\",\"isPartOf\":{\"@id\":\"https:\\\/\\\/santapola.es\\\/ca\\\/#website\"},\"primaryImageOfPage\":{\"@id\":\"https:\\\/\\\/santapola.es\\\/ca\\\/els-simpson-del-carrer-felip-ii-guanya-el-concurs-de-carrers-engalanats\\\/#primaryimage\"},\"image\":{\"@id\":\"https:\\\/\\\/santapola.es\\\/ca\\\/els-simpson-del-carrer-felip-ii-guanya-el-concurs-de-carrers-engalanats\\\/#primaryimage\"},\"thumbnailUrl\":\"https:\\\/\\\/santapola.es\\\/wp-content\\\/uploads\\\/2025\\\/09\\\/IMG_9968.jpg\",\"datePublished\":\"2025-09-05T09:03:08+00:00\",\"dateModified\":\"2025-09-05T09:22:04+00:00\",\"author\":{\"@id\":\"https:\\\/\\\/santapola.es\\\/ca\\\/#\\\/schema\\\/person\\\/ad1d67403707b58350c7be5e8dbc442d\"},\"breadcrumb\":{\"@id\":\"https:\\\/\\\/santapola.es\\\/ca\\\/els-simpson-del-carrer-felip-ii-guanya-el-concurs-de-carrers-engalanats\\\/#breadcrumb\"},\"inLanguage\":\"ca\",\"potentialAction\":[{\"@type\":\"ReadAction\",\"target\":[\"https:\\\/\\\/santapola.es\\\/ca\\\/els-simpson-del-carrer-felip-ii-guanya-el-concurs-de-carrers-engalanats\\\/\"]}]},{\"@type\":\"ImageObject\",\"inLanguage\":\"ca\",\"@id\":\"https:\\\/\\\/santapola.es\\\/ca\\\/els-simpson-del-carrer-felip-ii-guanya-el-concurs-de-carrers-engalanats\\\/#primaryimage\",\"url\":\"https:\\\/\\\/santapola.es\\\/wp-content\\\/uploads\\\/2025\\\/09\\\/IMG_9968.jpg\",\"contentUrl\":\"https:\\\/\\\/santapola.es\\\/wp-content\\\/uploads\\\/2025\\\/09\\\/IMG_9968.jpg\",\"width\":1920,\"height\":1440},{\"@type\":\"BreadcrumbList\",\"@id\":\"https:\\\/\\\/santapola.es\\\/ca\\\/els-simpson-del-carrer-felip-ii-guanya-el-concurs-de-carrers-engalanats\\\/#breadcrumb\",\"itemListElement\":[{\"@type\":\"ListItem\",\"position\":1,\"name\":\"Inici\",\"item\":\"https:\\\/\\\/santapola.es\\\/ca\\\/\"},{\"@type\":\"ListItem\",\"position\":2,\"name\":\"\u201cEls Simpson\u201d del carrer Felip II guanya el concurs de carrers engalanats\"}]},{\"@type\":\"WebSite\",\"@id\":\"https:\\\/\\\/santapola.es\\\/ca\\\/#website\",\"url\":\"https:\\\/\\\/santapola.es\\\/ca\\\/\",\"name\":\"Ayuntamiento de Santa Pola\",\"description\":\"Web de l'Ajuntament de Santa Pola\",\"potentialAction\":[{\"@type\":\"SearchAction\",\"target\":{\"@type\":\"EntryPoint\",\"urlTemplate\":\"https:\\\/\\\/santapola.es\\\/ca\\\/?s={search_term_string}\"},\"query-input\":{\"@type\":\"PropertyValueSpecification\",\"valueRequired\":true,\"valueName\":\"search_term_string\"}}],\"inLanguage\":\"ca\"},{\"@type\":\"Person\",\"@id\":\"https:\\\/\\\/santapola.es\\\/ca\\\/#\\\/schema\\\/person\\\/ad1d67403707b58350c7be5e8dbc442d\",\"name\":\"Jos\u00e9 Juan L\u00f3pez Lafuente\"}]}<\/script>\n<!-- \/ Yoast SEO plugin. -->","yoast_head_json":{"title":"\u201cEls Simpson\u201d del carrer Felip II guanya el concurs de carrers engalanats - Ajuntament de Santa Pola","robots":{"index":"index","follow":"follow","max-snippet":"max-snippet:-1","max-image-preview":"max-image-preview:large","max-video-preview":"max-video-preview:-1"},"canonical":"https:\/\/santapola.es\/ca\/els-simpson-del-carrer-felip-ii-guanya-el-concurs-de-carrers-engalanats\/","og_locale":"ca_ES","og_type":"article","og_title":"\u201cEls Simpson\u201d del carrer Felip II guanya el concurs de carrers engalanats - Ajuntament de Santa Pola","og_description":"Els ve\u00efns del tram del n\u00famero 20 al 27 del carrer Felip II han obtingut el primer premi amb la seua decoraci\u00f3 inspirada en Els Simpson. El segon premi ha sigut per a Carreters, entre Felip II i Soledad, i el tercer per a Calamar, del 3 al 11. Este mat\u00ed s&#8217;ha fet p\u00fablic el [&hellip;]","og_url":"https:\/\/santapola.es\/ca\/els-simpson-del-carrer-felip-ii-guanya-el-concurs-de-carrers-engalanats\/","og_site_name":"Ajuntament de Santa Pola","article_publisher":"https:\/\/www.facebook.com\/AyuntamientoSantaPola\/","article_published_time":"2025-09-05T09:03:08+00:00","article_modified_time":"2025-09-05T09:22:04+00:00","og_image":[{"width":1920,"height":1440,"url":"https:\/\/santapola.es\/wp-content\/uploads\/2025\/09\/IMG_9968.jpg","type":"image\/jpeg"}],"author":"Jos\u00e9 Juan L\u00f3pez Lafuente","twitter_card":"summary_large_image","twitter_creator":"@SantaPolaAyunt","twitter_site":"@SantaPolaAyunt","schema":{"@context":"https:\/\/schema.org","@graph":[{"@type":"Article","@id":"https:\/\/santapola.es\/ca\/els-simpson-del-carrer-felip-ii-guanya-el-concurs-de-carrers-engalanats\/#article","isPartOf":{"@id":"https:\/\/santapola.es\/ca\/els-simpson-del-carrer-felip-ii-guanya-el-concurs-de-carrers-engalanats\/"},"author":{"name":"Jos\u00e9 Juan L\u00f3pez Lafuente","@id":"https:\/\/santapola.es\/ca\/#\/schema\/person\/ad1d67403707b58350c7be5e8dbc442d"},"headline":"\u201cEls Simpson\u201d del carrer Felip II guanya el concurs de carrers engalanats","datePublished":"2025-09-05T09:03:08+00:00","dateModified":"2025-09-05T09:22:04+00:00","mainEntityOfPage":{"@id":"https:\/\/santapola.es\/ca\/els-simpson-del-carrer-felip-ii-guanya-el-concurs-de-carrers-engalanats\/"},"wordCount":279,"image":{"@id":"https:\/\/santapola.es\/ca\/els-simpson-del-carrer-felip-ii-guanya-el-concurs-de-carrers-engalanats\/#primaryimage"},"thumbnailUrl":"https:\/\/santapola.es\/wp-content\/uploads\/2025\/09\/IMG_9968.jpg","keywords":["carrers engalanats","Festes patronals"],"articleSection":["Festes"],"inLanguage":"ca"},{"@type":"WebPage","@id":"https:\/\/santapola.es\/ca\/els-simpson-del-carrer-felip-ii-guanya-el-concurs-de-carrers-engalanats\/","url":"https:\/\/santapola.es\/ca\/els-simpson-del-carrer-felip-ii-guanya-el-concurs-de-carrers-engalanats\/","name":"\u201cEls Simpson\u201d del carrer Felip II guanya el concurs de carrers engalanats - Ajuntament de Santa Pola","isPartOf":{"@id":"https:\/\/santapola.es\/ca\/#website"},"primaryImageOfPage":{"@id":"https:\/\/santapola.es\/ca\/els-simpson-del-carrer-felip-ii-guanya-el-concurs-de-carrers-engalanats\/#primaryimage"},"image":{"@id":"https:\/\/santapola.es\/ca\/els-simpson-del-carrer-felip-ii-guanya-el-concurs-de-carrers-engalanats\/#primaryimage"},"thumbnailUrl":"https:\/\/santapola.es\/wp-content\/uploads\/2025\/09\/IMG_9968.jpg","datePublished":"2025-09-05T09:03:08+00:00","dateModified":"2025-09-05T09:22:04+00:00","author":{"@id":"https:\/\/santapola.es\/ca\/#\/schema\/person\/ad1d67403707b58350c7be5e8dbc442d"},"breadcrumb":{"@id":"https:\/\/santapola.es\/ca\/els-simpson-del-carrer-felip-ii-guanya-el-concurs-de-carrers-engalanats\/#breadcrumb"},"inLanguage":"ca","potentialAction":[{"@type":"ReadAction","target":["https:\/\/santapola.es\/ca\/els-simpson-del-carrer-felip-ii-guanya-el-concurs-de-carrers-engalanats\/"]}]},{"@type":"ImageObject","inLanguage":"ca","@id":"https:\/\/santapola.es\/ca\/els-simpson-del-carrer-felip-ii-guanya-el-concurs-de-carrers-engalanats\/#primaryimage","url":"https:\/\/santapola.es\/wp-content\/uploads\/2025\/09\/IMG_9968.jpg","contentUrl":"https:\/\/santapola.es\/wp-content\/uploads\/2025\/09\/IMG_9968.jpg","width":1920,"height":1440},{"@type":"BreadcrumbList","@id":"https:\/\/santapola.es\/ca\/els-simpson-del-carrer-felip-ii-guanya-el-concurs-de-carrers-engalanats\/#breadcrumb","itemListElement":[{"@type":"ListItem","position":1,"name":"Inici","item":"https:\/\/santapola.es\/ca\/"},{"@type":"ListItem","position":2,"name":"\u201cEls Simpson\u201d del carrer Felip II guanya el concurs de carrers engalanats"}]},{"@type":"WebSite","@id":"https:\/\/santapola.es\/ca\/#website","url":"https:\/\/santapola.es\/ca\/","name":"Ayuntamiento de Santa Pola","description":"Web de l'Ajuntament de Santa Pola","potentialAction":[{"@type":"SearchAction","target":{"@type":"EntryPoint","urlTemplate":"https:\/\/santapola.es\/ca\/?s={search_term_string}"},"query-input":{"@type":"PropertyValueSpecification","valueRequired":true,"valueName":"search_term_string"}}],"inLanguage":"ca"},{"@type":"Person","@id":"https:\/\/santapola.es\/ca\/#\/schema\/person\/ad1d67403707b58350c7be5e8dbc442d","name":"Jos\u00e9 Juan L\u00f3pez Lafuente"}]}},"_links":{"self":[{"href":"https:\/\/santapola.es\/ca\/wp-json\/wp\/v2\/posts\/45618","targetHints":{"allow":["GET"]}}],"collection":[{"href":"https:\/\/santapola.es\/ca\/wp-json\/wp\/v2\/posts"}],"about":[{"href":"https:\/\/santapola.es\/ca\/wp-json\/wp\/v2\/types\/post"}],"author":[{"embeddable":true,"href":"https:\/\/santapola.es\/ca\/wp-json\/wp\/v2\/users\/96"}],"replies":[{"embeddable":true,"href":"https:\/\/santapola.es\/ca\/wp-json\/wp\/v2\/comments?post=45618"}],"version-history":[{"count":0,"href":"https:\/\/santapola.es\/ca\/wp-json\/wp\/v2\/posts\/45618\/revisions"}],"wp:featuredmedia":[{"embeddable":true,"href":"https:\/\/santapola.es\/ca\/wp-json\/wp\/v2\/media\/45616"}],"wp:attachment":[{"href":"https:\/\/santapola.es\/ca\/wp-json\/wp\/v2\/media?parent=45618"}],"wp:term":[{"taxonomy":"category","embeddable":true,"href":"https:\/\/santapola.es\/ca\/wp-json\/wp\/v2\/categories?post=45618"},{"taxonomy":"post_tag","embeddable":true,"href":"https:\/\/santapola.es\/ca\/wp-json\/wp\/v2\/tags?post=45618"}],"curies":[{"name":"wp","href":"https:\/\/api.w.org\/{rel}","templated":true}]}}