{"id":45575,"date":"2025-08-31T10:39:09","date_gmt":"2025-08-31T08:39:09","guid":{"rendered":"https:\/\/santapola.es\/?p=45575"},"modified":"2025-08-31T10:43:30","modified_gmt":"2025-08-31T08:43:30","slug":"el-prego-de-lola-gadea-obri-esta-nit-les-festes-patronals","status":"publish","type":"post","link":"https:\/\/santapola.es\/ca\/el-prego-de-lola-gadea-obri-esta-nit-les-festes-patronals\/","title":{"rendered":"El preg\u00f3 de Lola Gadea obri esta nit les festes patronals"},"content":{"rendered":"<p><strong>Tot est\u00e0 preparat a Santa Pola perqu\u00e8 esta mateixa nit arranquen les Festes Patronals i de Moros i Cristians en honor a la Mare de D\u00e9u de Loreto, amb el preg\u00f3 a c\u00e0rrec de la matrona i festera Lola Gadea que donar\u00e0 inici a huit dies de festejos. El tenor Jos\u00e9 Antonio M\u00e1s i la Banda Mare de D\u00e9u de Loreto actuaran despr\u00e9s del preg\u00f3.<\/strong><\/p>\n<p>En la pla\u00e7a de la Glorieta ja est\u00e0 tot disposat per a l&#8217;esperat tret d&#8217;eixida a unes festes que posen fi de manera virtual a l&#8217;estiu tur\u00edstic i s\u00f3n els ciutadans de Santa Pola els qui prenen el protagonisme. I m\u00e9s enguany que s&#8217;estrena la qualificaci\u00f3 de Festes d&#8217;Inter\u00e9s Tur\u00edstic Auton\u00f2mic de la Comunitat Valenciana.<\/p>\n<p>A les 22.00 hores est\u00e0 previst que la comitiva amb les autoritats municipals, forces vives i c\u00e0rrecs festers inicien el recorregut pel carrer del Moll fins a la Glorieta, acompanyats per la m\u00fasica tradicional de la Colla El Freu.<\/p>\n<p>A les 22.30, una vegada que tots hagen ocupat els seus seients en el cor de la vila i enfront de la muralla del Castell Fortalesa, donar\u00e0 inici l&#8217;acte amb la pujada a l&#8217;escenari dels c\u00e0rrecs del B\u00e0ndol Moro, del B\u00e0ndol Cristi\u00e0 i de les Comparses Festeres, aix\u00ed com de les Reines i Dames de les festes.<\/p>\n<p>Ser\u00e0 el moment en qu\u00e8 l&#8217;alcaldessa Loreto Serrano present a la pregonera 2025, Mar\u00eda Dolores Gadea Montiel, qui des de molt xicoteta ha viscut en primera persona les festes del poble.<\/p>\n<p>Va comen\u00e7ar participant en la desfilada multicolor del 6 de setembre, primer com a alacantina i despr\u00e9s com a hawaiana, fins que es va incorporar a la Comparsa Pescadors, amb la qual obria la desfilada com a banderera i de la qual va ser C\u00e0rrec d&#8217;Honor al costat del seu marit Andr\u00e9s M\u00e1s. Tamb\u00e9 ha participat en les desfilades de Moros i Cristians, primer en Llaganyosos i despr\u00e9s en Bedu\u00efns, sent Sultana en 2012.<\/p>\n<p>La seua traject\u00f2ria professional sempre ha estat relacionada amb la sanitat, primer com a auxiliar, despr\u00e9s es va formar en infermeria i es va especialitzar com a matrona, labor que ha desenrotllat els \u00faltims 25 anys a l&#8217;Hospital General d&#8217;Elx.<\/p>\n<p>\u00c9s d&#8217;esperar que l&#8217;habitual desimboltura de Lola Gadea siga la senya d&#8217;identitat del seu preg\u00f3, que segur no estar\u00e0 exempt d&#8217;alguna improvisaci\u00f3.<\/p>\n<p>La gala culminar\u00e0 amb l&#8217;actuaci\u00f3 del tenor Jos\u00e9 Manuel M\u00e1s, acompanyat per la Banda Mare de D\u00e9u de Loreto, i els imprescindibles focs artificials, moment despr\u00e9s del qual arrancar\u00e0 la festa en la nit santapolera amb l&#8217;obertura de les barraques per a donar curs a l&#8217;alegria.<\/p>\n","protected":false},"excerpt":{"rendered":"<p>Tot est\u00e0 preparat a Santa Pola perqu\u00e8 esta mateixa nit arranquen les Festes Patronals i de Moros i Cristians en honor a la Mare de D\u00e9u de Loreto, amb el preg\u00f3 a c\u00e0rrec de la matrona i festera Lola Gadea que donar\u00e0 inici a huit dies de festejos. El tenor Jos\u00e9 Antonio M\u00e1s i la [&hellip;]<\/p>\n","protected":false},"author":96,"featured_media":45573,"comment_status":"closed","ping_status":"closed","sticky":false,"template":"","format":"standard","meta":{"_et_pb_use_builder":"","_et_pb_old_content":"","_et_gb_content_width":"","footnotes":""},"categories":[434],"tags":[563,1565,1071],"class_list":["post-45575","post","type-post","status-publish","format-standard","has-post-thumbnail","hentry","category-festes","tag-festes-patronals","tag-lola-gadea-ca","tag-prego"],"yoast_head":"<!-- This site is optimized with the Yoast SEO plugin v27.4 - https:\/\/yoast.com\/product\/yoast-seo-wordpress\/ -->\n<title>El preg\u00f3 de Lola Gadea obri esta nit les festes patronals - Ajuntament de Santa Pola<\/title>\n<meta name=\"robots\" content=\"index, follow, max-snippet:-1, max-image-preview:large, max-video-preview:-1\" \/>\n<link rel=\"canonical\" href=\"https:\/\/santapola.es\/ca\/el-prego-de-lola-gadea-obri-esta-nit-les-festes-patronals\/\" \/>\n<meta property=\"og:locale\" content=\"ca_ES\" \/>\n<meta property=\"og:type\" content=\"article\" \/>\n<meta property=\"og:title\" content=\"El preg\u00f3 de Lola Gadea obri esta nit les festes patronals - Ajuntament de Santa Pola\" \/>\n<meta property=\"og:description\" content=\"Tot est\u00e0 preparat a Santa Pola perqu\u00e8 esta mateixa nit arranquen les Festes Patronals i de Moros i Cristians en honor a la Mare de D\u00e9u de Loreto, amb el preg\u00f3 a c\u00e0rrec de la matrona i festera Lola Gadea que donar\u00e0 inici a huit dies de festejos. El tenor Jos\u00e9 Antonio M\u00e1s i la [&hellip;]\" \/>\n<meta property=\"og:url\" content=\"https:\/\/santapola.es\/ca\/el-prego-de-lola-gadea-obri-esta-nit-les-festes-patronals\/\" \/>\n<meta property=\"og:site_name\" content=\"Ajuntament de Santa Pola\" \/>\n<meta property=\"article:publisher\" content=\"https:\/\/www.facebook.com\/AyuntamientoSantaPola\/\" \/>\n<meta property=\"article:published_time\" content=\"2025-08-31T08:39:09+00:00\" \/>\n<meta property=\"article:modified_time\" content=\"2025-08-31T08:43:30+00:00\" \/>\n<meta property=\"og:image\" content=\"https:\/\/santapola.es\/wp-content\/uploads\/2025\/08\/Lola-Gadea.jpg\" \/>\n\t<meta property=\"og:image:width\" content=\"2513\" \/>\n\t<meta property=\"og:image:height\" content=\"2532\" \/>\n\t<meta property=\"og:image:type\" content=\"image\/jpeg\" \/>\n<meta name=\"author\" content=\"Jos\u00e9 Juan L\u00f3pez Lafuente\" \/>\n<meta name=\"twitter:card\" content=\"summary_large_image\" \/>\n<meta name=\"twitter:creator\" content=\"@SantaPolaAyunt\" \/>\n<meta name=\"twitter:site\" content=\"@SantaPolaAyunt\" \/>\n<script type=\"application\/ld+json\" class=\"yoast-schema-graph\">{\"@context\":\"https:\\\/\\\/schema.org\",\"@graph\":[{\"@type\":\"Article\",\"@id\":\"https:\\\/\\\/santapola.es\\\/ca\\\/el-prego-de-lola-gadea-obri-esta-nit-les-festes-patronals\\\/#article\",\"isPartOf\":{\"@id\":\"https:\\\/\\\/santapola.es\\\/ca\\\/el-prego-de-lola-gadea-obri-esta-nit-les-festes-patronals\\\/\"},\"author\":{\"name\":\"Jos\u00e9 Juan L\u00f3pez Lafuente\",\"@id\":\"https:\\\/\\\/santapola.es\\\/ca\\\/#\\\/schema\\\/person\\\/ad1d67403707b58350c7be5e8dbc442d\"},\"headline\":\"El preg\u00f3 de Lola Gadea obri esta nit les festes patronals\",\"datePublished\":\"2025-08-31T08:39:09+00:00\",\"dateModified\":\"2025-08-31T08:43:30+00:00\",\"mainEntityOfPage\":{\"@id\":\"https:\\\/\\\/santapola.es\\\/ca\\\/el-prego-de-lola-gadea-obri-esta-nit-les-festes-patronals\\\/\"},\"wordCount\":482,\"image\":{\"@id\":\"https:\\\/\\\/santapola.es\\\/ca\\\/el-prego-de-lola-gadea-obri-esta-nit-les-festes-patronals\\\/#primaryimage\"},\"thumbnailUrl\":\"https:\\\/\\\/santapola.es\\\/wp-content\\\/uploads\\\/2025\\\/08\\\/Lola-Gadea.jpg\",\"keywords\":[\"Festes patronals\",\"Lola Gadea\",\"preg\u00f3\"],\"articleSection\":[\"Festes\"],\"inLanguage\":\"ca\"},{\"@type\":\"WebPage\",\"@id\":\"https:\\\/\\\/santapola.es\\\/ca\\\/el-prego-de-lola-gadea-obri-esta-nit-les-festes-patronals\\\/\",\"url\":\"https:\\\/\\\/santapola.es\\\/ca\\\/el-prego-de-lola-gadea-obri-esta-nit-les-festes-patronals\\\/\",\"name\":\"El preg\u00f3 de Lola Gadea obri esta nit les festes patronals - Ajuntament de Santa Pola\",\"isPartOf\":{\"@id\":\"https:\\\/\\\/santapola.es\\\/ca\\\/#website\"},\"primaryImageOfPage\":{\"@id\":\"https:\\\/\\\/santapola.es\\\/ca\\\/el-prego-de-lola-gadea-obri-esta-nit-les-festes-patronals\\\/#primaryimage\"},\"image\":{\"@id\":\"https:\\\/\\\/santapola.es\\\/ca\\\/el-prego-de-lola-gadea-obri-esta-nit-les-festes-patronals\\\/#primaryimage\"},\"thumbnailUrl\":\"https:\\\/\\\/santapola.es\\\/wp-content\\\/uploads\\\/2025\\\/08\\\/Lola-Gadea.jpg\",\"datePublished\":\"2025-08-31T08:39:09+00:00\",\"dateModified\":\"2025-08-31T08:43:30+00:00\",\"author\":{\"@id\":\"https:\\\/\\\/santapola.es\\\/ca\\\/#\\\/schema\\\/person\\\/ad1d67403707b58350c7be5e8dbc442d\"},\"breadcrumb\":{\"@id\":\"https:\\\/\\\/santapola.es\\\/ca\\\/el-prego-de-lola-gadea-obri-esta-nit-les-festes-patronals\\\/#breadcrumb\"},\"inLanguage\":\"ca\",\"potentialAction\":[{\"@type\":\"ReadAction\",\"target\":[\"https:\\\/\\\/santapola.es\\\/ca\\\/el-prego-de-lola-gadea-obri-esta-nit-les-festes-patronals\\\/\"]}]},{\"@type\":\"ImageObject\",\"inLanguage\":\"ca\",\"@id\":\"https:\\\/\\\/santapola.es\\\/ca\\\/el-prego-de-lola-gadea-obri-esta-nit-les-festes-patronals\\\/#primaryimage\",\"url\":\"https:\\\/\\\/santapola.es\\\/wp-content\\\/uploads\\\/2025\\\/08\\\/Lola-Gadea.jpg\",\"contentUrl\":\"https:\\\/\\\/santapola.es\\\/wp-content\\\/uploads\\\/2025\\\/08\\\/Lola-Gadea.jpg\",\"width\":2513,\"height\":2532},{\"@type\":\"BreadcrumbList\",\"@id\":\"https:\\\/\\\/santapola.es\\\/ca\\\/el-prego-de-lola-gadea-obri-esta-nit-les-festes-patronals\\\/#breadcrumb\",\"itemListElement\":[{\"@type\":\"ListItem\",\"position\":1,\"name\":\"Inici\",\"item\":\"https:\\\/\\\/santapola.es\\\/ca\\\/\"},{\"@type\":\"ListItem\",\"position\":2,\"name\":\"El preg\u00f3 de Lola Gadea obri esta nit les festes patronals\"}]},{\"@type\":\"WebSite\",\"@id\":\"https:\\\/\\\/santapola.es\\\/ca\\\/#website\",\"url\":\"https:\\\/\\\/santapola.es\\\/ca\\\/\",\"name\":\"Ayuntamiento de Santa Pola\",\"description\":\"Web de l'Ajuntament de Santa Pola\",\"potentialAction\":[{\"@type\":\"SearchAction\",\"target\":{\"@type\":\"EntryPoint\",\"urlTemplate\":\"https:\\\/\\\/santapola.es\\\/ca\\\/?s={search_term_string}\"},\"query-input\":{\"@type\":\"PropertyValueSpecification\",\"valueRequired\":true,\"valueName\":\"search_term_string\"}}],\"inLanguage\":\"ca\"},{\"@type\":\"Person\",\"@id\":\"https:\\\/\\\/santapola.es\\\/ca\\\/#\\\/schema\\\/person\\\/ad1d67403707b58350c7be5e8dbc442d\",\"name\":\"Jos\u00e9 Juan L\u00f3pez Lafuente\"}]}<\/script>\n<!-- \/ Yoast SEO plugin. -->","yoast_head_json":{"title":"El preg\u00f3 de Lola Gadea obri esta nit les festes patronals - Ajuntament de Santa Pola","robots":{"index":"index","follow":"follow","max-snippet":"max-snippet:-1","max-image-preview":"max-image-preview:large","max-video-preview":"max-video-preview:-1"},"canonical":"https:\/\/santapola.es\/ca\/el-prego-de-lola-gadea-obri-esta-nit-les-festes-patronals\/","og_locale":"ca_ES","og_type":"article","og_title":"El preg\u00f3 de Lola Gadea obri esta nit les festes patronals - Ajuntament de Santa Pola","og_description":"Tot est\u00e0 preparat a Santa Pola perqu\u00e8 esta mateixa nit arranquen les Festes Patronals i de Moros i Cristians en honor a la Mare de D\u00e9u de Loreto, amb el preg\u00f3 a c\u00e0rrec de la matrona i festera Lola Gadea que donar\u00e0 inici a huit dies de festejos. El tenor Jos\u00e9 Antonio M\u00e1s i la [&hellip;]","og_url":"https:\/\/santapola.es\/ca\/el-prego-de-lola-gadea-obri-esta-nit-les-festes-patronals\/","og_site_name":"Ajuntament de Santa Pola","article_publisher":"https:\/\/www.facebook.com\/AyuntamientoSantaPola\/","article_published_time":"2025-08-31T08:39:09+00:00","article_modified_time":"2025-08-31T08:43:30+00:00","og_image":[{"width":2513,"height":2532,"url":"https:\/\/santapola.es\/wp-content\/uploads\/2025\/08\/Lola-Gadea.jpg","type":"image\/jpeg"}],"author":"Jos\u00e9 Juan L\u00f3pez Lafuente","twitter_card":"summary_large_image","twitter_creator":"@SantaPolaAyunt","twitter_site":"@SantaPolaAyunt","schema":{"@context":"https:\/\/schema.org","@graph":[{"@type":"Article","@id":"https:\/\/santapola.es\/ca\/el-prego-de-lola-gadea-obri-esta-nit-les-festes-patronals\/#article","isPartOf":{"@id":"https:\/\/santapola.es\/ca\/el-prego-de-lola-gadea-obri-esta-nit-les-festes-patronals\/"},"author":{"name":"Jos\u00e9 Juan L\u00f3pez Lafuente","@id":"https:\/\/santapola.es\/ca\/#\/schema\/person\/ad1d67403707b58350c7be5e8dbc442d"},"headline":"El preg\u00f3 de Lola Gadea obri esta nit les festes patronals","datePublished":"2025-08-31T08:39:09+00:00","dateModified":"2025-08-31T08:43:30+00:00","mainEntityOfPage":{"@id":"https:\/\/santapola.es\/ca\/el-prego-de-lola-gadea-obri-esta-nit-les-festes-patronals\/"},"wordCount":482,"image":{"@id":"https:\/\/santapola.es\/ca\/el-prego-de-lola-gadea-obri-esta-nit-les-festes-patronals\/#primaryimage"},"thumbnailUrl":"https:\/\/santapola.es\/wp-content\/uploads\/2025\/08\/Lola-Gadea.jpg","keywords":["Festes patronals","Lola Gadea","preg\u00f3"],"articleSection":["Festes"],"inLanguage":"ca"},{"@type":"WebPage","@id":"https:\/\/santapola.es\/ca\/el-prego-de-lola-gadea-obri-esta-nit-les-festes-patronals\/","url":"https:\/\/santapola.es\/ca\/el-prego-de-lola-gadea-obri-esta-nit-les-festes-patronals\/","name":"El preg\u00f3 de Lola Gadea obri esta nit les festes patronals - Ajuntament de Santa Pola","isPartOf":{"@id":"https:\/\/santapola.es\/ca\/#website"},"primaryImageOfPage":{"@id":"https:\/\/santapola.es\/ca\/el-prego-de-lola-gadea-obri-esta-nit-les-festes-patronals\/#primaryimage"},"image":{"@id":"https:\/\/santapola.es\/ca\/el-prego-de-lola-gadea-obri-esta-nit-les-festes-patronals\/#primaryimage"},"thumbnailUrl":"https:\/\/santapola.es\/wp-content\/uploads\/2025\/08\/Lola-Gadea.jpg","datePublished":"2025-08-31T08:39:09+00:00","dateModified":"2025-08-31T08:43:30+00:00","author":{"@id":"https:\/\/santapola.es\/ca\/#\/schema\/person\/ad1d67403707b58350c7be5e8dbc442d"},"breadcrumb":{"@id":"https:\/\/santapola.es\/ca\/el-prego-de-lola-gadea-obri-esta-nit-les-festes-patronals\/#breadcrumb"},"inLanguage":"ca","potentialAction":[{"@type":"ReadAction","target":["https:\/\/santapola.es\/ca\/el-prego-de-lola-gadea-obri-esta-nit-les-festes-patronals\/"]}]},{"@type":"ImageObject","inLanguage":"ca","@id":"https:\/\/santapola.es\/ca\/el-prego-de-lola-gadea-obri-esta-nit-les-festes-patronals\/#primaryimage","url":"https:\/\/santapola.es\/wp-content\/uploads\/2025\/08\/Lola-Gadea.jpg","contentUrl":"https:\/\/santapola.es\/wp-content\/uploads\/2025\/08\/Lola-Gadea.jpg","width":2513,"height":2532},{"@type":"BreadcrumbList","@id":"https:\/\/santapola.es\/ca\/el-prego-de-lola-gadea-obri-esta-nit-les-festes-patronals\/#breadcrumb","itemListElement":[{"@type":"ListItem","position":1,"name":"Inici","item":"https:\/\/santapola.es\/ca\/"},{"@type":"ListItem","position":2,"name":"El preg\u00f3 de Lola Gadea obri esta nit les festes patronals"}]},{"@type":"WebSite","@id":"https:\/\/santapola.es\/ca\/#website","url":"https:\/\/santapola.es\/ca\/","name":"Ayuntamiento de Santa Pola","description":"Web de l'Ajuntament de Santa Pola","potentialAction":[{"@type":"SearchAction","target":{"@type":"EntryPoint","urlTemplate":"https:\/\/santapola.es\/ca\/?s={search_term_string}"},"query-input":{"@type":"PropertyValueSpecification","valueRequired":true,"valueName":"search_term_string"}}],"inLanguage":"ca"},{"@type":"Person","@id":"https:\/\/santapola.es\/ca\/#\/schema\/person\/ad1d67403707b58350c7be5e8dbc442d","name":"Jos\u00e9 Juan L\u00f3pez Lafuente"}]}},"_links":{"self":[{"href":"https:\/\/santapola.es\/ca\/wp-json\/wp\/v2\/posts\/45575","targetHints":{"allow":["GET"]}}],"collection":[{"href":"https:\/\/santapola.es\/ca\/wp-json\/wp\/v2\/posts"}],"about":[{"href":"https:\/\/santapola.es\/ca\/wp-json\/wp\/v2\/types\/post"}],"author":[{"embeddable":true,"href":"https:\/\/santapola.es\/ca\/wp-json\/wp\/v2\/users\/96"}],"replies":[{"embeddable":true,"href":"https:\/\/santapola.es\/ca\/wp-json\/wp\/v2\/comments?post=45575"}],"version-history":[{"count":0,"href":"https:\/\/santapola.es\/ca\/wp-json\/wp\/v2\/posts\/45575\/revisions"}],"wp:featuredmedia":[{"embeddable":true,"href":"https:\/\/santapola.es\/ca\/wp-json\/wp\/v2\/media\/45573"}],"wp:attachment":[{"href":"https:\/\/santapola.es\/ca\/wp-json\/wp\/v2\/media?parent=45575"}],"wp:term":[{"taxonomy":"category","embeddable":true,"href":"https:\/\/santapola.es\/ca\/wp-json\/wp\/v2\/categories?post=45575"},{"taxonomy":"post_tag","embeddable":true,"href":"https:\/\/santapola.es\/ca\/wp-json\/wp\/v2\/tags?post=45575"}],"curies":[{"name":"wp","href":"https:\/\/api.w.org\/{rel}","templated":true}]}}