{"id":45567,"date":"2025-08-30T10:08:09","date_gmt":"2025-08-30T08:08:09","guid":{"rendered":"https:\/\/santapola.es\/?p=45567"},"modified":"2025-08-30T10:10:32","modified_gmt":"2025-08-30T08:10:32","slug":"la-policia-local-estrena-estes-festes-una-furgoneta-adaptada-per-als-gossos-del-servici-cani","status":"publish","type":"post","link":"https:\/\/santapola.es\/ca\/la-policia-local-estrena-estes-festes-una-furgoneta-adaptada-per-als-gossos-del-servici-cani\/","title":{"rendered":"La Policia Local estrena estes festes una furgoneta adaptada per als gossos del servici can\u00ed"},"content":{"rendered":"<p><strong>El dispositiu de seguretat en festes incorporar\u00e0, entre altres efectius, dos pilots de dron, dos guies canins, la patrulla de platges i agents especialitzats en viol\u00e8ncia de g\u00e8nere i en la prevenci\u00f3 de consum i tinen\u00e7a de subst\u00e0ncies estupefaents.<\/strong><\/p>\n<p>L&#8217;alcaldessa Loreto Serrano i la regidora de Seguretat Ciutadana, Ana Blasco, han presentat este mat\u00ed el dispositiu que la Policia Local ha preparat per a preservar la seguretat dels ciutadans en les pr\u00f2ximes festes patronals. Al mateix temps han presentat un nou vehicle que s&#8217;ha posat a la disposici\u00f3 del servici can\u00ed adaptat a la seguretat i comoditat dels dos agents canins de la policia, Indio i Nero.<\/p>\n<p>Es tracta d&#8217;una furgoneta recuperada i rehabilitada que s&#8217;ha serigrafiat amb els s\u00edmbols de la Policia Local de Santa Pola i del servici can\u00ed, i en el seu maleter s&#8217;ha instal\u00b7lat un dispositiu amb dos g\u00e0bies que s\u00f3n ocupades pels gossos.<\/p>\n<p>Loreto Serrano ha explicat que \u201cdes de fa sis anys el nostre objectiu \u00e9s que la Policia Local tinga els mitjans adequats per a exercir el seu servici, i hui presentem un nou equipament per als nostres gossos policia, que estan fent una labor insuperable al costat dels seus agents responsables, un vehicle adaptat perqu\u00e8 els gossos estiguen c\u00f2modes i assegurances en els seus despla\u00e7aments\u201d.<\/p>\n<p>Roberto Mart\u00ednez, un dels dos guies que integren el servici, va explicar que \u201cprestem servici en el marc de la prevenci\u00f3 de subst\u00e0ncies estupefaents i el sovintege amb estos dos gossos pastor belga malinois de tres anys i mig, venen rescatats del maltractament i els hem formats en el marcatge llepassa, que \u00e9s totalment innocu i segur per al ciutad\u00e0 perqu\u00e8 l&#8217;animal simplement marca amb la t\u00f2fona on est\u00e0 la subst\u00e0ncia i s&#8217;asseu a esperar el seu premi\u201d.<\/p>\n<p><strong>Dispositiu de seguretat en festes<\/strong><\/p>\n<p>Ana Blasco va anunciar que \u201cen estes festes patronals comptarem amb els dos efectius del servici can\u00ed, dos agents que pilotaran els drons, dos agents especialitzats en la prevenci\u00f3 del consum i tinen\u00e7a de subst\u00e0ncies estupefaents, aix\u00ed com la patrulla de platges que estar\u00e0 pendent de l&#8217;acte de l&#8217;assalt moro en Llevant i de controlar durant estos dies de festes tot el nostre litoral, tot aix\u00f2 dirigit per una oficial i supervisat per la direcci\u00f3. Des d&#8217;ac\u00ed demane a tots responsabilitat, podem divertir-nos amb control per a aconseguir la seguretat i el benestar de tots els nostres ve\u00efns i visitants\u201d.<\/p>\n<p><strong>Especial atenci\u00f3 als botellons<\/strong><\/p>\n<p>El comissari cap de la Policia Local, Jos\u00e9 Miguel Zaragoza, va matisar que \u201ctenim un objectiu ben clar que \u00e9s preservar la seguretat dels ciutadans perqu\u00e8 tinguen unes festes patronals de gaudi i conc\u00f2rdia. Per a aix\u00f2 hem posat en marxa un dispositiu en el qual comptarem amb els dos guies canins, pilots que sobrevolaran les zones d&#8217;inter\u00e9s amb els drons i agents especialitzats en les dilig\u00e8ncies d&#8217;actes de comissi\u00f3 de delictes i tamb\u00e9 de viol\u00e8ncia de g\u00e8nere, secundats tamb\u00e9 pel punt violeta amb el qual estarem en contacte directe\u201d.<\/p>\n<p>Zaragoza va afegir que \u201ccomptarem amb huit agents especialitzats que han tingut una formaci\u00f3 espec\u00edfica per a atendre els temes de seguretat ciutadana. La seguretat \u00e9s una cosa de tots, per aix\u00f2 demanem als pares que siguen conscients que els seus fills menors han de tindre una conducta adequada quant al consum d&#8217;alcohol, intentarem evitar el botell\u00f3\u201d.<\/p>\n","protected":false},"excerpt":{"rendered":"<p>El dispositiu de seguretat en festes incorporar\u00e0, entre altres efectius, dos pilots de dron, dos guies canins, la patrulla de platges i agents especialitzats en viol\u00e8ncia de g\u00e8nere i en la prevenci\u00f3 de consum i tinen\u00e7a de subst\u00e0ncies estupefaents. L&#8217;alcaldessa Loreto Serrano i la regidora de Seguretat Ciutadana, Ana Blasco, han presentat este mat\u00ed el [&hellip;]<\/p>\n","protected":false},"author":96,"featured_media":45565,"comment_status":"closed","ping_status":"closed","sticky":false,"template":"","format":"standard","meta":{"_et_pb_use_builder":"","_et_pb_old_content":"","_et_gb_content_width":"","footnotes":""},"categories":[434,444,443],"tags":[563,446,1351],"class_list":["post-45567","post","type-post","status-publish","format-standard","has-post-thumbnail","hentry","category-festes","category-policia-ca","category-seguretat-ciutadana-proteccio-civil","tag-festes-patronals","tag-policia-local-ca","tag-servici-cani"],"yoast_head":"<!-- This site is optimized with the Yoast SEO plugin v27.4 - https:\/\/yoast.com\/product\/yoast-seo-wordpress\/ -->\n<title>La Policia Local estrena estes festes una furgoneta adaptada per als gossos del servici can\u00ed - Ajuntament de Santa Pola<\/title>\n<meta name=\"robots\" content=\"index, follow, max-snippet:-1, max-image-preview:large, max-video-preview:-1\" \/>\n<link rel=\"canonical\" href=\"https:\/\/santapola.es\/ca\/la-policia-local-estrena-estes-festes-una-furgoneta-adaptada-per-als-gossos-del-servici-cani\/\" \/>\n<meta property=\"og:locale\" content=\"ca_ES\" \/>\n<meta property=\"og:type\" content=\"article\" \/>\n<meta property=\"og:title\" content=\"La Policia Local estrena estes festes una furgoneta adaptada per als gossos del servici can\u00ed - Ajuntament de Santa Pola\" \/>\n<meta property=\"og:description\" content=\"El dispositiu de seguretat en festes incorporar\u00e0, entre altres efectius, dos pilots de dron, dos guies canins, la patrulla de platges i agents especialitzats en viol\u00e8ncia de g\u00e8nere i en la prevenci\u00f3 de consum i tinen\u00e7a de subst\u00e0ncies estupefaents. L&#8217;alcaldessa Loreto Serrano i la regidora de Seguretat Ciutadana, Ana Blasco, han presentat este mat\u00ed el [&hellip;]\" \/>\n<meta property=\"og:url\" content=\"https:\/\/santapola.es\/ca\/la-policia-local-estrena-estes-festes-una-furgoneta-adaptada-per-als-gossos-del-servici-cani\/\" \/>\n<meta property=\"og:site_name\" content=\"Ajuntament de Santa Pola\" \/>\n<meta property=\"article:publisher\" content=\"https:\/\/www.facebook.com\/AyuntamientoSantaPola\/\" \/>\n<meta property=\"article:published_time\" content=\"2025-08-30T08:08:09+00:00\" \/>\n<meta property=\"article:modified_time\" content=\"2025-08-30T08:10:32+00:00\" \/>\n<meta property=\"og:image\" content=\"https:\/\/santapola.es\/wp-content\/uploads\/2025\/08\/IMG_9678.jpg\" \/>\n\t<meta property=\"og:image:width\" content=\"2000\" \/>\n\t<meta property=\"og:image:height\" content=\"1500\" \/>\n\t<meta property=\"og:image:type\" content=\"image\/jpeg\" \/>\n<meta name=\"author\" content=\"Jos\u00e9 Juan L\u00f3pez Lafuente\" \/>\n<meta name=\"twitter:card\" content=\"summary_large_image\" \/>\n<meta name=\"twitter:creator\" content=\"@SantaPolaAyunt\" \/>\n<meta name=\"twitter:site\" content=\"@SantaPolaAyunt\" \/>\n<script type=\"application\/ld+json\" class=\"yoast-schema-graph\">{\"@context\":\"https:\\\/\\\/schema.org\",\"@graph\":[{\"@type\":\"Article\",\"@id\":\"https:\\\/\\\/santapola.es\\\/ca\\\/la-policia-local-estrena-estes-festes-una-furgoneta-adaptada-per-als-gossos-del-servici-cani\\\/#article\",\"isPartOf\":{\"@id\":\"https:\\\/\\\/santapola.es\\\/ca\\\/la-policia-local-estrena-estes-festes-una-furgoneta-adaptada-per-als-gossos-del-servici-cani\\\/\"},\"author\":{\"name\":\"Jos\u00e9 Juan L\u00f3pez Lafuente\",\"@id\":\"https:\\\/\\\/santapola.es\\\/ca\\\/#\\\/schema\\\/person\\\/ad1d67403707b58350c7be5e8dbc442d\"},\"headline\":\"La Policia Local estrena estes festes una furgoneta adaptada per als gossos del servici can\u00ed\",\"datePublished\":\"2025-08-30T08:08:09+00:00\",\"dateModified\":\"2025-08-30T08:10:32+00:00\",\"mainEntityOfPage\":{\"@id\":\"https:\\\/\\\/santapola.es\\\/ca\\\/la-policia-local-estrena-estes-festes-una-furgoneta-adaptada-per-als-gossos-del-servici-cani\\\/\"},\"wordCount\":599,\"image\":{\"@id\":\"https:\\\/\\\/santapola.es\\\/ca\\\/la-policia-local-estrena-estes-festes-una-furgoneta-adaptada-per-als-gossos-del-servici-cani\\\/#primaryimage\"},\"thumbnailUrl\":\"https:\\\/\\\/santapola.es\\\/wp-content\\\/uploads\\\/2025\\\/08\\\/IMG_9678.jpg\",\"keywords\":[\"Festes patronals\",\"Policia Local\",\"servici can\u00ed\"],\"articleSection\":[\"Festes\",\"Policia\",\"Seguretat Ciutadana \\\/ Protecci\u00f3 Civil\"],\"inLanguage\":\"ca\"},{\"@type\":\"WebPage\",\"@id\":\"https:\\\/\\\/santapola.es\\\/ca\\\/la-policia-local-estrena-estes-festes-una-furgoneta-adaptada-per-als-gossos-del-servici-cani\\\/\",\"url\":\"https:\\\/\\\/santapola.es\\\/ca\\\/la-policia-local-estrena-estes-festes-una-furgoneta-adaptada-per-als-gossos-del-servici-cani\\\/\",\"name\":\"La Policia Local estrena estes festes una furgoneta adaptada per als gossos del servici can\u00ed - Ajuntament de Santa Pola\",\"isPartOf\":{\"@id\":\"https:\\\/\\\/santapola.es\\\/ca\\\/#website\"},\"primaryImageOfPage\":{\"@id\":\"https:\\\/\\\/santapola.es\\\/ca\\\/la-policia-local-estrena-estes-festes-una-furgoneta-adaptada-per-als-gossos-del-servici-cani\\\/#primaryimage\"},\"image\":{\"@id\":\"https:\\\/\\\/santapola.es\\\/ca\\\/la-policia-local-estrena-estes-festes-una-furgoneta-adaptada-per-als-gossos-del-servici-cani\\\/#primaryimage\"},\"thumbnailUrl\":\"https:\\\/\\\/santapola.es\\\/wp-content\\\/uploads\\\/2025\\\/08\\\/IMG_9678.jpg\",\"datePublished\":\"2025-08-30T08:08:09+00:00\",\"dateModified\":\"2025-08-30T08:10:32+00:00\",\"author\":{\"@id\":\"https:\\\/\\\/santapola.es\\\/ca\\\/#\\\/schema\\\/person\\\/ad1d67403707b58350c7be5e8dbc442d\"},\"breadcrumb\":{\"@id\":\"https:\\\/\\\/santapola.es\\\/ca\\\/la-policia-local-estrena-estes-festes-una-furgoneta-adaptada-per-als-gossos-del-servici-cani\\\/#breadcrumb\"},\"inLanguage\":\"ca\",\"potentialAction\":[{\"@type\":\"ReadAction\",\"target\":[\"https:\\\/\\\/santapola.es\\\/ca\\\/la-policia-local-estrena-estes-festes-una-furgoneta-adaptada-per-als-gossos-del-servici-cani\\\/\"]}]},{\"@type\":\"ImageObject\",\"inLanguage\":\"ca\",\"@id\":\"https:\\\/\\\/santapola.es\\\/ca\\\/la-policia-local-estrena-estes-festes-una-furgoneta-adaptada-per-als-gossos-del-servici-cani\\\/#primaryimage\",\"url\":\"https:\\\/\\\/santapola.es\\\/wp-content\\\/uploads\\\/2025\\\/08\\\/IMG_9678.jpg\",\"contentUrl\":\"https:\\\/\\\/santapola.es\\\/wp-content\\\/uploads\\\/2025\\\/08\\\/IMG_9678.jpg\",\"width\":2000,\"height\":1500},{\"@type\":\"BreadcrumbList\",\"@id\":\"https:\\\/\\\/santapola.es\\\/ca\\\/la-policia-local-estrena-estes-festes-una-furgoneta-adaptada-per-als-gossos-del-servici-cani\\\/#breadcrumb\",\"itemListElement\":[{\"@type\":\"ListItem\",\"position\":1,\"name\":\"Inici\",\"item\":\"https:\\\/\\\/santapola.es\\\/ca\\\/\"},{\"@type\":\"ListItem\",\"position\":2,\"name\":\"La Policia Local estrena estes festes una furgoneta adaptada per als gossos del servici can\u00ed\"}]},{\"@type\":\"WebSite\",\"@id\":\"https:\\\/\\\/santapola.es\\\/ca\\\/#website\",\"url\":\"https:\\\/\\\/santapola.es\\\/ca\\\/\",\"name\":\"Ayuntamiento de Santa Pola\",\"description\":\"Web de l'Ajuntament de Santa Pola\",\"potentialAction\":[{\"@type\":\"SearchAction\",\"target\":{\"@type\":\"EntryPoint\",\"urlTemplate\":\"https:\\\/\\\/santapola.es\\\/ca\\\/?s={search_term_string}\"},\"query-input\":{\"@type\":\"PropertyValueSpecification\",\"valueRequired\":true,\"valueName\":\"search_term_string\"}}],\"inLanguage\":\"ca\"},{\"@type\":\"Person\",\"@id\":\"https:\\\/\\\/santapola.es\\\/ca\\\/#\\\/schema\\\/person\\\/ad1d67403707b58350c7be5e8dbc442d\",\"name\":\"Jos\u00e9 Juan L\u00f3pez Lafuente\"}]}<\/script>\n<!-- \/ Yoast SEO plugin. -->","yoast_head_json":{"title":"La Policia Local estrena estes festes una furgoneta adaptada per als gossos del servici can\u00ed - Ajuntament de Santa Pola","robots":{"index":"index","follow":"follow","max-snippet":"max-snippet:-1","max-image-preview":"max-image-preview:large","max-video-preview":"max-video-preview:-1"},"canonical":"https:\/\/santapola.es\/ca\/la-policia-local-estrena-estes-festes-una-furgoneta-adaptada-per-als-gossos-del-servici-cani\/","og_locale":"ca_ES","og_type":"article","og_title":"La Policia Local estrena estes festes una furgoneta adaptada per als gossos del servici can\u00ed - Ajuntament de Santa Pola","og_description":"El dispositiu de seguretat en festes incorporar\u00e0, entre altres efectius, dos pilots de dron, dos guies canins, la patrulla de platges i agents especialitzats en viol\u00e8ncia de g\u00e8nere i en la prevenci\u00f3 de consum i tinen\u00e7a de subst\u00e0ncies estupefaents. L&#8217;alcaldessa Loreto Serrano i la regidora de Seguretat Ciutadana, Ana Blasco, han presentat este mat\u00ed el [&hellip;]","og_url":"https:\/\/santapola.es\/ca\/la-policia-local-estrena-estes-festes-una-furgoneta-adaptada-per-als-gossos-del-servici-cani\/","og_site_name":"Ajuntament de Santa Pola","article_publisher":"https:\/\/www.facebook.com\/AyuntamientoSantaPola\/","article_published_time":"2025-08-30T08:08:09+00:00","article_modified_time":"2025-08-30T08:10:32+00:00","og_image":[{"width":2000,"height":1500,"url":"https:\/\/santapola.es\/wp-content\/uploads\/2025\/08\/IMG_9678.jpg","type":"image\/jpeg"}],"author":"Jos\u00e9 Juan L\u00f3pez Lafuente","twitter_card":"summary_large_image","twitter_creator":"@SantaPolaAyunt","twitter_site":"@SantaPolaAyunt","schema":{"@context":"https:\/\/schema.org","@graph":[{"@type":"Article","@id":"https:\/\/santapola.es\/ca\/la-policia-local-estrena-estes-festes-una-furgoneta-adaptada-per-als-gossos-del-servici-cani\/#article","isPartOf":{"@id":"https:\/\/santapola.es\/ca\/la-policia-local-estrena-estes-festes-una-furgoneta-adaptada-per-als-gossos-del-servici-cani\/"},"author":{"name":"Jos\u00e9 Juan L\u00f3pez Lafuente","@id":"https:\/\/santapola.es\/ca\/#\/schema\/person\/ad1d67403707b58350c7be5e8dbc442d"},"headline":"La Policia Local estrena estes festes una furgoneta adaptada per als gossos del servici can\u00ed","datePublished":"2025-08-30T08:08:09+00:00","dateModified":"2025-08-30T08:10:32+00:00","mainEntityOfPage":{"@id":"https:\/\/santapola.es\/ca\/la-policia-local-estrena-estes-festes-una-furgoneta-adaptada-per-als-gossos-del-servici-cani\/"},"wordCount":599,"image":{"@id":"https:\/\/santapola.es\/ca\/la-policia-local-estrena-estes-festes-una-furgoneta-adaptada-per-als-gossos-del-servici-cani\/#primaryimage"},"thumbnailUrl":"https:\/\/santapola.es\/wp-content\/uploads\/2025\/08\/IMG_9678.jpg","keywords":["Festes patronals","Policia Local","servici can\u00ed"],"articleSection":["Festes","Policia","Seguretat Ciutadana \/ Protecci\u00f3 Civil"],"inLanguage":"ca"},{"@type":"WebPage","@id":"https:\/\/santapola.es\/ca\/la-policia-local-estrena-estes-festes-una-furgoneta-adaptada-per-als-gossos-del-servici-cani\/","url":"https:\/\/santapola.es\/ca\/la-policia-local-estrena-estes-festes-una-furgoneta-adaptada-per-als-gossos-del-servici-cani\/","name":"La Policia Local estrena estes festes una furgoneta adaptada per als gossos del servici can\u00ed - Ajuntament de Santa Pola","isPartOf":{"@id":"https:\/\/santapola.es\/ca\/#website"},"primaryImageOfPage":{"@id":"https:\/\/santapola.es\/ca\/la-policia-local-estrena-estes-festes-una-furgoneta-adaptada-per-als-gossos-del-servici-cani\/#primaryimage"},"image":{"@id":"https:\/\/santapola.es\/ca\/la-policia-local-estrena-estes-festes-una-furgoneta-adaptada-per-als-gossos-del-servici-cani\/#primaryimage"},"thumbnailUrl":"https:\/\/santapola.es\/wp-content\/uploads\/2025\/08\/IMG_9678.jpg","datePublished":"2025-08-30T08:08:09+00:00","dateModified":"2025-08-30T08:10:32+00:00","author":{"@id":"https:\/\/santapola.es\/ca\/#\/schema\/person\/ad1d67403707b58350c7be5e8dbc442d"},"breadcrumb":{"@id":"https:\/\/santapola.es\/ca\/la-policia-local-estrena-estes-festes-una-furgoneta-adaptada-per-als-gossos-del-servici-cani\/#breadcrumb"},"inLanguage":"ca","potentialAction":[{"@type":"ReadAction","target":["https:\/\/santapola.es\/ca\/la-policia-local-estrena-estes-festes-una-furgoneta-adaptada-per-als-gossos-del-servici-cani\/"]}]},{"@type":"ImageObject","inLanguage":"ca","@id":"https:\/\/santapola.es\/ca\/la-policia-local-estrena-estes-festes-una-furgoneta-adaptada-per-als-gossos-del-servici-cani\/#primaryimage","url":"https:\/\/santapola.es\/wp-content\/uploads\/2025\/08\/IMG_9678.jpg","contentUrl":"https:\/\/santapola.es\/wp-content\/uploads\/2025\/08\/IMG_9678.jpg","width":2000,"height":1500},{"@type":"BreadcrumbList","@id":"https:\/\/santapola.es\/ca\/la-policia-local-estrena-estes-festes-una-furgoneta-adaptada-per-als-gossos-del-servici-cani\/#breadcrumb","itemListElement":[{"@type":"ListItem","position":1,"name":"Inici","item":"https:\/\/santapola.es\/ca\/"},{"@type":"ListItem","position":2,"name":"La Policia Local estrena estes festes una furgoneta adaptada per als gossos del servici can\u00ed"}]},{"@type":"WebSite","@id":"https:\/\/santapola.es\/ca\/#website","url":"https:\/\/santapola.es\/ca\/","name":"Ayuntamiento de Santa Pola","description":"Web de l'Ajuntament de Santa Pola","potentialAction":[{"@type":"SearchAction","target":{"@type":"EntryPoint","urlTemplate":"https:\/\/santapola.es\/ca\/?s={search_term_string}"},"query-input":{"@type":"PropertyValueSpecification","valueRequired":true,"valueName":"search_term_string"}}],"inLanguage":"ca"},{"@type":"Person","@id":"https:\/\/santapola.es\/ca\/#\/schema\/person\/ad1d67403707b58350c7be5e8dbc442d","name":"Jos\u00e9 Juan L\u00f3pez Lafuente"}]}},"_links":{"self":[{"href":"https:\/\/santapola.es\/ca\/wp-json\/wp\/v2\/posts\/45567","targetHints":{"allow":["GET"]}}],"collection":[{"href":"https:\/\/santapola.es\/ca\/wp-json\/wp\/v2\/posts"}],"about":[{"href":"https:\/\/santapola.es\/ca\/wp-json\/wp\/v2\/types\/post"}],"author":[{"embeddable":true,"href":"https:\/\/santapola.es\/ca\/wp-json\/wp\/v2\/users\/96"}],"replies":[{"embeddable":true,"href":"https:\/\/santapola.es\/ca\/wp-json\/wp\/v2\/comments?post=45567"}],"version-history":[{"count":0,"href":"https:\/\/santapola.es\/ca\/wp-json\/wp\/v2\/posts\/45567\/revisions"}],"wp:featuredmedia":[{"embeddable":true,"href":"https:\/\/santapola.es\/ca\/wp-json\/wp\/v2\/media\/45565"}],"wp:attachment":[{"href":"https:\/\/santapola.es\/ca\/wp-json\/wp\/v2\/media?parent=45567"}],"wp:term":[{"taxonomy":"category","embeddable":true,"href":"https:\/\/santapola.es\/ca\/wp-json\/wp\/v2\/categories?post=45567"},{"taxonomy":"post_tag","embeddable":true,"href":"https:\/\/santapola.es\/ca\/wp-json\/wp\/v2\/tags?post=45567"}],"curies":[{"name":"wp","href":"https:\/\/api.w.org\/{rel}","templated":true}]}}