{"id":45518,"date":"2025-08-27T13:53:12","date_gmt":"2025-08-27T11:53:12","guid":{"rendered":"https:\/\/santapola.es\/?p=45518"},"modified":"2025-08-27T13:55:48","modified_gmt":"2025-08-27T11:55:48","slug":"santa-pola-prepara-a-la-mare-de-deu-de-loreto-per-a-les-festes-patronals-amb-el-canvi-de-la-seua-corona","status":"publish","type":"post","link":"https:\/\/santapola.es\/ca\/santa-pola-prepara-a-la-mare-de-deu-de-loreto-per-a-les-festes-patronals-amb-el-canvi-de-la-seua-corona\/","title":{"rendered":"Santa Pola prepara a la Mare de D\u00e9u de Loreto per a les festes patronals amb el canvi de la seua corona"},"content":{"rendered":"<p><strong>Este mat\u00ed ha tingut lloc l&#8217;emotiu acte de canvi de corona i de joies a la imatge de la Mare de D\u00e9u de Loreto per a preparar-la de cara a les festes patronals. \u00c9s tradicional que les fam\u00edlies presenten a la Mare de D\u00e9u als xiquets nounats per a buscar la seua protecci\u00f3.<\/strong><\/p>\n<p>Hui s&#8217;ha celebrat en la capella del Castell Fortalesa un dels actes m\u00e9s emotius i arrelats que antecedix a les festes patronals: el canvi de corona a la Mare de D\u00e9u de Loreto. Organitzat per les Cambreres de la Mare de D\u00e9u, membres del departament de Servicis Generals de l&#8217;Ajuntament baixen la imatge des del seu cambril en la capella i la depositen enfront de l&#8217;altar.<\/p>\n<p>All\u00ed mateix, davant l&#8217;atenta mirada de centenars de persones que abarrotaven el xicotet espai de la capella i feien una llarga cua al pati d&#8217;armes del Castell, li retiren la corona i les seues joies habituals i li col\u00b7loquen les especials per a les festes patronals, destacant les corones tant de la Mare de D\u00e9u de Loreto com del Xiquet Jes\u00fas.<\/p>\n<p>En eixe moment va comen\u00e7ar a moure&#8217;s lentament la llarga cua, formada especialment pels xiquets i xiquetes nascuts en l&#8217;\u00faltim any i la fam\u00edlia del qual ha volgut, com a marca la tradici\u00f3, presentar-los a la Mare de D\u00e9u i demanar la seua protecci\u00f3. Tamb\u00e9 han presentat els seus respectes persones de totes les edats, la gran majoria santapoleres per\u00f2 tamb\u00e9 alguns visitants atrets per l&#8217;emotivitat de l&#8217;acte que s&#8217;ha allargat quasi una hora i mitja.<\/p>\n<p>L&#8217;alcaldessa Loreto Serrano i la regidora de Festes, Nely Baile, tamb\u00e9 han sigut presents al costat d&#8217;altres membres de la corporaci\u00f3 municipal per a rendir homenatge a la patrona de Santa Pola, la Mare de D\u00e9u de Loreto, abillada ja amb el seu ornament especial per a l&#8217;inici de les festes en tot just quatre dies.<\/p>\n","protected":false},"excerpt":{"rendered":"<p>Este mat\u00ed ha tingut lloc l&#8217;emotiu acte de canvi de corona i de joies a la imatge de la Mare de D\u00e9u de Loreto per a preparar-la de cara a les festes patronals. \u00c9s tradicional que les fam\u00edlies presenten a la Mare de D\u00e9u als xiquets nounats per a buscar la seua protecci\u00f3. Hui s&#8217;ha [&hellip;]<\/p>\n","protected":false},"author":96,"featured_media":45516,"comment_status":"closed","ping_status":"closed","sticky":false,"template":"","format":"standard","meta":{"_et_pb_use_builder":"","_et_pb_old_content":"","_et_gb_content_width":"","footnotes":""},"categories":[434],"tags":[1008],"class_list":["post-45518","post","type-post","status-publish","format-standard","has-post-thumbnail","hentry","category-festes","tag-mare-de-deu-de-loreto"],"yoast_head":"<!-- This site is optimized with the Yoast SEO plugin v27.4 - https:\/\/yoast.com\/product\/yoast-seo-wordpress\/ -->\n<title>Santa Pola prepara a la Mare de D\u00e9u de Loreto per a les festes patronals amb el canvi de la seua corona - Ajuntament de Santa Pola<\/title>\n<meta name=\"robots\" content=\"index, follow, max-snippet:-1, max-image-preview:large, max-video-preview:-1\" \/>\n<link rel=\"canonical\" href=\"https:\/\/santapola.es\/ca\/santa-pola-prepara-a-la-mare-de-deu-de-loreto-per-a-les-festes-patronals-amb-el-canvi-de-la-seua-corona\/\" \/>\n<meta property=\"og:locale\" content=\"ca_ES\" \/>\n<meta property=\"og:type\" content=\"article\" \/>\n<meta property=\"og:title\" content=\"Santa Pola prepara a la Mare de D\u00e9u de Loreto per a les festes patronals amb el canvi de la seua corona - Ajuntament de Santa Pola\" \/>\n<meta property=\"og:description\" content=\"Este mat\u00ed ha tingut lloc l&#8217;emotiu acte de canvi de corona i de joies a la imatge de la Mare de D\u00e9u de Loreto per a preparar-la de cara a les festes patronals. \u00c9s tradicional que les fam\u00edlies presenten a la Mare de D\u00e9u als xiquets nounats per a buscar la seua protecci\u00f3. Hui s&#8217;ha [&hellip;]\" \/>\n<meta property=\"og:url\" content=\"https:\/\/santapola.es\/ca\/santa-pola-prepara-a-la-mare-de-deu-de-loreto-per-a-les-festes-patronals-amb-el-canvi-de-la-seua-corona\/\" \/>\n<meta property=\"og:site_name\" content=\"Ajuntament de Santa Pola\" \/>\n<meta property=\"article:publisher\" content=\"https:\/\/www.facebook.com\/AyuntamientoSantaPola\/\" \/>\n<meta property=\"article:published_time\" content=\"2025-08-27T11:53:12+00:00\" \/>\n<meta property=\"article:modified_time\" content=\"2025-08-27T11:55:48+00:00\" \/>\n<meta property=\"og:image\" content=\"https:\/\/santapola.es\/wp-content\/uploads\/2025\/08\/IMG_9603.jpg\" \/>\n\t<meta property=\"og:image:width\" content=\"1920\" \/>\n\t<meta property=\"og:image:height\" content=\"1440\" \/>\n\t<meta property=\"og:image:type\" content=\"image\/jpeg\" \/>\n<meta name=\"author\" content=\"Jos\u00e9 Juan L\u00f3pez Lafuente\" \/>\n<meta name=\"twitter:card\" content=\"summary_large_image\" \/>\n<meta name=\"twitter:creator\" content=\"@SantaPolaAyunt\" \/>\n<meta name=\"twitter:site\" content=\"@SantaPolaAyunt\" \/>\n<script type=\"application\/ld+json\" class=\"yoast-schema-graph\">{\"@context\":\"https:\\\/\\\/schema.org\",\"@graph\":[{\"@type\":\"Article\",\"@id\":\"https:\\\/\\\/santapola.es\\\/ca\\\/santa-pola-prepara-a-la-mare-de-deu-de-loreto-per-a-les-festes-patronals-amb-el-canvi-de-la-seua-corona\\\/#article\",\"isPartOf\":{\"@id\":\"https:\\\/\\\/santapola.es\\\/ca\\\/santa-pola-prepara-a-la-mare-de-deu-de-loreto-per-a-les-festes-patronals-amb-el-canvi-de-la-seua-corona\\\/\"},\"author\":{\"name\":\"Jos\u00e9 Juan L\u00f3pez Lafuente\",\"@id\":\"https:\\\/\\\/santapola.es\\\/ca\\\/#\\\/schema\\\/person\\\/ad1d67403707b58350c7be5e8dbc442d\"},\"headline\":\"Santa Pola prepara a la Mare de D\u00e9u de Loreto per a les festes patronals amb el canvi de la seua corona\",\"datePublished\":\"2025-08-27T11:53:12+00:00\",\"dateModified\":\"2025-08-27T11:55:48+00:00\",\"mainEntityOfPage\":{\"@id\":\"https:\\\/\\\/santapola.es\\\/ca\\\/santa-pola-prepara-a-la-mare-de-deu-de-loreto-per-a-les-festes-patronals-amb-el-canvi-de-la-seua-corona\\\/\"},\"wordCount\":362,\"image\":{\"@id\":\"https:\\\/\\\/santapola.es\\\/ca\\\/santa-pola-prepara-a-la-mare-de-deu-de-loreto-per-a-les-festes-patronals-amb-el-canvi-de-la-seua-corona\\\/#primaryimage\"},\"thumbnailUrl\":\"https:\\\/\\\/santapola.es\\\/wp-content\\\/uploads\\\/2025\\\/08\\\/IMG_9603.jpg\",\"keywords\":[\"Mare de D\u00e9u de Loreto\"],\"articleSection\":[\"Festes\"],\"inLanguage\":\"ca\"},{\"@type\":\"WebPage\",\"@id\":\"https:\\\/\\\/santapola.es\\\/ca\\\/santa-pola-prepara-a-la-mare-de-deu-de-loreto-per-a-les-festes-patronals-amb-el-canvi-de-la-seua-corona\\\/\",\"url\":\"https:\\\/\\\/santapola.es\\\/ca\\\/santa-pola-prepara-a-la-mare-de-deu-de-loreto-per-a-les-festes-patronals-amb-el-canvi-de-la-seua-corona\\\/\",\"name\":\"Santa Pola prepara a la Mare de D\u00e9u de Loreto per a les festes patronals amb el canvi de la seua corona - Ajuntament de Santa Pola\",\"isPartOf\":{\"@id\":\"https:\\\/\\\/santapola.es\\\/ca\\\/#website\"},\"primaryImageOfPage\":{\"@id\":\"https:\\\/\\\/santapola.es\\\/ca\\\/santa-pola-prepara-a-la-mare-de-deu-de-loreto-per-a-les-festes-patronals-amb-el-canvi-de-la-seua-corona\\\/#primaryimage\"},\"image\":{\"@id\":\"https:\\\/\\\/santapola.es\\\/ca\\\/santa-pola-prepara-a-la-mare-de-deu-de-loreto-per-a-les-festes-patronals-amb-el-canvi-de-la-seua-corona\\\/#primaryimage\"},\"thumbnailUrl\":\"https:\\\/\\\/santapola.es\\\/wp-content\\\/uploads\\\/2025\\\/08\\\/IMG_9603.jpg\",\"datePublished\":\"2025-08-27T11:53:12+00:00\",\"dateModified\":\"2025-08-27T11:55:48+00:00\",\"author\":{\"@id\":\"https:\\\/\\\/santapola.es\\\/ca\\\/#\\\/schema\\\/person\\\/ad1d67403707b58350c7be5e8dbc442d\"},\"breadcrumb\":{\"@id\":\"https:\\\/\\\/santapola.es\\\/ca\\\/santa-pola-prepara-a-la-mare-de-deu-de-loreto-per-a-les-festes-patronals-amb-el-canvi-de-la-seua-corona\\\/#breadcrumb\"},\"inLanguage\":\"ca\",\"potentialAction\":[{\"@type\":\"ReadAction\",\"target\":[\"https:\\\/\\\/santapola.es\\\/ca\\\/santa-pola-prepara-a-la-mare-de-deu-de-loreto-per-a-les-festes-patronals-amb-el-canvi-de-la-seua-corona\\\/\"]}]},{\"@type\":\"ImageObject\",\"inLanguage\":\"ca\",\"@id\":\"https:\\\/\\\/santapola.es\\\/ca\\\/santa-pola-prepara-a-la-mare-de-deu-de-loreto-per-a-les-festes-patronals-amb-el-canvi-de-la-seua-corona\\\/#primaryimage\",\"url\":\"https:\\\/\\\/santapola.es\\\/wp-content\\\/uploads\\\/2025\\\/08\\\/IMG_9603.jpg\",\"contentUrl\":\"https:\\\/\\\/santapola.es\\\/wp-content\\\/uploads\\\/2025\\\/08\\\/IMG_9603.jpg\",\"width\":1920,\"height\":1440},{\"@type\":\"BreadcrumbList\",\"@id\":\"https:\\\/\\\/santapola.es\\\/ca\\\/santa-pola-prepara-a-la-mare-de-deu-de-loreto-per-a-les-festes-patronals-amb-el-canvi-de-la-seua-corona\\\/#breadcrumb\",\"itemListElement\":[{\"@type\":\"ListItem\",\"position\":1,\"name\":\"Inici\",\"item\":\"https:\\\/\\\/santapola.es\\\/ca\\\/\"},{\"@type\":\"ListItem\",\"position\":2,\"name\":\"Santa Pola prepara a la Mare de D\u00e9u de Loreto per a les festes patronals amb el canvi de la seua corona\"}]},{\"@type\":\"WebSite\",\"@id\":\"https:\\\/\\\/santapola.es\\\/ca\\\/#website\",\"url\":\"https:\\\/\\\/santapola.es\\\/ca\\\/\",\"name\":\"Ayuntamiento de Santa Pola\",\"description\":\"Web de l'Ajuntament de Santa Pola\",\"potentialAction\":[{\"@type\":\"SearchAction\",\"target\":{\"@type\":\"EntryPoint\",\"urlTemplate\":\"https:\\\/\\\/santapola.es\\\/ca\\\/?s={search_term_string}\"},\"query-input\":{\"@type\":\"PropertyValueSpecification\",\"valueRequired\":true,\"valueName\":\"search_term_string\"}}],\"inLanguage\":\"ca\"},{\"@type\":\"Person\",\"@id\":\"https:\\\/\\\/santapola.es\\\/ca\\\/#\\\/schema\\\/person\\\/ad1d67403707b58350c7be5e8dbc442d\",\"name\":\"Jos\u00e9 Juan L\u00f3pez Lafuente\"}]}<\/script>\n<!-- \/ Yoast SEO plugin. -->","yoast_head_json":{"title":"Santa Pola prepara a la Mare de D\u00e9u de Loreto per a les festes patronals amb el canvi de la seua corona - Ajuntament de Santa Pola","robots":{"index":"index","follow":"follow","max-snippet":"max-snippet:-1","max-image-preview":"max-image-preview:large","max-video-preview":"max-video-preview:-1"},"canonical":"https:\/\/santapola.es\/ca\/santa-pola-prepara-a-la-mare-de-deu-de-loreto-per-a-les-festes-patronals-amb-el-canvi-de-la-seua-corona\/","og_locale":"ca_ES","og_type":"article","og_title":"Santa Pola prepara a la Mare de D\u00e9u de Loreto per a les festes patronals amb el canvi de la seua corona - Ajuntament de Santa Pola","og_description":"Este mat\u00ed ha tingut lloc l&#8217;emotiu acte de canvi de corona i de joies a la imatge de la Mare de D\u00e9u de Loreto per a preparar-la de cara a les festes patronals. \u00c9s tradicional que les fam\u00edlies presenten a la Mare de D\u00e9u als xiquets nounats per a buscar la seua protecci\u00f3. Hui s&#8217;ha [&hellip;]","og_url":"https:\/\/santapola.es\/ca\/santa-pola-prepara-a-la-mare-de-deu-de-loreto-per-a-les-festes-patronals-amb-el-canvi-de-la-seua-corona\/","og_site_name":"Ajuntament de Santa Pola","article_publisher":"https:\/\/www.facebook.com\/AyuntamientoSantaPola\/","article_published_time":"2025-08-27T11:53:12+00:00","article_modified_time":"2025-08-27T11:55:48+00:00","og_image":[{"width":1920,"height":1440,"url":"https:\/\/santapola.es\/wp-content\/uploads\/2025\/08\/IMG_9603.jpg","type":"image\/jpeg"}],"author":"Jos\u00e9 Juan L\u00f3pez Lafuente","twitter_card":"summary_large_image","twitter_creator":"@SantaPolaAyunt","twitter_site":"@SantaPolaAyunt","schema":{"@context":"https:\/\/schema.org","@graph":[{"@type":"Article","@id":"https:\/\/santapola.es\/ca\/santa-pola-prepara-a-la-mare-de-deu-de-loreto-per-a-les-festes-patronals-amb-el-canvi-de-la-seua-corona\/#article","isPartOf":{"@id":"https:\/\/santapola.es\/ca\/santa-pola-prepara-a-la-mare-de-deu-de-loreto-per-a-les-festes-patronals-amb-el-canvi-de-la-seua-corona\/"},"author":{"name":"Jos\u00e9 Juan L\u00f3pez Lafuente","@id":"https:\/\/santapola.es\/ca\/#\/schema\/person\/ad1d67403707b58350c7be5e8dbc442d"},"headline":"Santa Pola prepara a la Mare de D\u00e9u de Loreto per a les festes patronals amb el canvi de la seua corona","datePublished":"2025-08-27T11:53:12+00:00","dateModified":"2025-08-27T11:55:48+00:00","mainEntityOfPage":{"@id":"https:\/\/santapola.es\/ca\/santa-pola-prepara-a-la-mare-de-deu-de-loreto-per-a-les-festes-patronals-amb-el-canvi-de-la-seua-corona\/"},"wordCount":362,"image":{"@id":"https:\/\/santapola.es\/ca\/santa-pola-prepara-a-la-mare-de-deu-de-loreto-per-a-les-festes-patronals-amb-el-canvi-de-la-seua-corona\/#primaryimage"},"thumbnailUrl":"https:\/\/santapola.es\/wp-content\/uploads\/2025\/08\/IMG_9603.jpg","keywords":["Mare de D\u00e9u de Loreto"],"articleSection":["Festes"],"inLanguage":"ca"},{"@type":"WebPage","@id":"https:\/\/santapola.es\/ca\/santa-pola-prepara-a-la-mare-de-deu-de-loreto-per-a-les-festes-patronals-amb-el-canvi-de-la-seua-corona\/","url":"https:\/\/santapola.es\/ca\/santa-pola-prepara-a-la-mare-de-deu-de-loreto-per-a-les-festes-patronals-amb-el-canvi-de-la-seua-corona\/","name":"Santa Pola prepara a la Mare de D\u00e9u de Loreto per a les festes patronals amb el canvi de la seua corona - Ajuntament de Santa Pola","isPartOf":{"@id":"https:\/\/santapola.es\/ca\/#website"},"primaryImageOfPage":{"@id":"https:\/\/santapola.es\/ca\/santa-pola-prepara-a-la-mare-de-deu-de-loreto-per-a-les-festes-patronals-amb-el-canvi-de-la-seua-corona\/#primaryimage"},"image":{"@id":"https:\/\/santapola.es\/ca\/santa-pola-prepara-a-la-mare-de-deu-de-loreto-per-a-les-festes-patronals-amb-el-canvi-de-la-seua-corona\/#primaryimage"},"thumbnailUrl":"https:\/\/santapola.es\/wp-content\/uploads\/2025\/08\/IMG_9603.jpg","datePublished":"2025-08-27T11:53:12+00:00","dateModified":"2025-08-27T11:55:48+00:00","author":{"@id":"https:\/\/santapola.es\/ca\/#\/schema\/person\/ad1d67403707b58350c7be5e8dbc442d"},"breadcrumb":{"@id":"https:\/\/santapola.es\/ca\/santa-pola-prepara-a-la-mare-de-deu-de-loreto-per-a-les-festes-patronals-amb-el-canvi-de-la-seua-corona\/#breadcrumb"},"inLanguage":"ca","potentialAction":[{"@type":"ReadAction","target":["https:\/\/santapola.es\/ca\/santa-pola-prepara-a-la-mare-de-deu-de-loreto-per-a-les-festes-patronals-amb-el-canvi-de-la-seua-corona\/"]}]},{"@type":"ImageObject","inLanguage":"ca","@id":"https:\/\/santapola.es\/ca\/santa-pola-prepara-a-la-mare-de-deu-de-loreto-per-a-les-festes-patronals-amb-el-canvi-de-la-seua-corona\/#primaryimage","url":"https:\/\/santapola.es\/wp-content\/uploads\/2025\/08\/IMG_9603.jpg","contentUrl":"https:\/\/santapola.es\/wp-content\/uploads\/2025\/08\/IMG_9603.jpg","width":1920,"height":1440},{"@type":"BreadcrumbList","@id":"https:\/\/santapola.es\/ca\/santa-pola-prepara-a-la-mare-de-deu-de-loreto-per-a-les-festes-patronals-amb-el-canvi-de-la-seua-corona\/#breadcrumb","itemListElement":[{"@type":"ListItem","position":1,"name":"Inici","item":"https:\/\/santapola.es\/ca\/"},{"@type":"ListItem","position":2,"name":"Santa Pola prepara a la Mare de D\u00e9u de Loreto per a les festes patronals amb el canvi de la seua corona"}]},{"@type":"WebSite","@id":"https:\/\/santapola.es\/ca\/#website","url":"https:\/\/santapola.es\/ca\/","name":"Ayuntamiento de Santa Pola","description":"Web de l'Ajuntament de Santa Pola","potentialAction":[{"@type":"SearchAction","target":{"@type":"EntryPoint","urlTemplate":"https:\/\/santapola.es\/ca\/?s={search_term_string}"},"query-input":{"@type":"PropertyValueSpecification","valueRequired":true,"valueName":"search_term_string"}}],"inLanguage":"ca"},{"@type":"Person","@id":"https:\/\/santapola.es\/ca\/#\/schema\/person\/ad1d67403707b58350c7be5e8dbc442d","name":"Jos\u00e9 Juan L\u00f3pez Lafuente"}]}},"_links":{"self":[{"href":"https:\/\/santapola.es\/ca\/wp-json\/wp\/v2\/posts\/45518","targetHints":{"allow":["GET"]}}],"collection":[{"href":"https:\/\/santapola.es\/ca\/wp-json\/wp\/v2\/posts"}],"about":[{"href":"https:\/\/santapola.es\/ca\/wp-json\/wp\/v2\/types\/post"}],"author":[{"embeddable":true,"href":"https:\/\/santapola.es\/ca\/wp-json\/wp\/v2\/users\/96"}],"replies":[{"embeddable":true,"href":"https:\/\/santapola.es\/ca\/wp-json\/wp\/v2\/comments?post=45518"}],"version-history":[{"count":0,"href":"https:\/\/santapola.es\/ca\/wp-json\/wp\/v2\/posts\/45518\/revisions"}],"wp:featuredmedia":[{"embeddable":true,"href":"https:\/\/santapola.es\/ca\/wp-json\/wp\/v2\/media\/45516"}],"wp:attachment":[{"href":"https:\/\/santapola.es\/ca\/wp-json\/wp\/v2\/media?parent=45518"}],"wp:term":[{"taxonomy":"category","embeddable":true,"href":"https:\/\/santapola.es\/ca\/wp-json\/wp\/v2\/categories?post=45518"},{"taxonomy":"post_tag","embeddable":true,"href":"https:\/\/santapola.es\/ca\/wp-json\/wp\/v2\/tags?post=45518"}],"curies":[{"name":"wp","href":"https:\/\/api.w.org\/{rel}","templated":true}]}}