{"id":45416,"date":"2025-08-13T14:41:26","date_gmt":"2025-08-13T12:41:26","guid":{"rendered":"https:\/\/santapola.es\/?p=45416"},"modified":"2025-08-13T14:46:04","modified_gmt":"2025-08-13T12:46:04","slug":"la-29e-carrera-a-lalba-de-santa-pola-amplia-la-inscripcio-fins-als-1-800-corredors-per-a-batre-el-seu-propi-record","status":"publish","type":"post","link":"https:\/\/santapola.es\/ca\/la-29e-carrera-a-lalba-de-santa-pola-amplia-la-inscripcio-fins-als-1-800-corredors-per-a-batre-el-seu-propi-record\/","title":{"rendered":"La 29\u00e9 Carrera a l&#8217;alba de Santa Pola amplia la inscripci\u00f3 fins als 1.800 corredors per a batre el seu propi r\u00e8cord"},"content":{"rendered":"<p><strong>El diumenge 31 d&#8217;agost se celebra una de les proves m\u00e9s ic\u00f2niques de la Costa Blanca: la Carrera a l&#8217;alba que recorre el litoral de Santa Pola amb vista a la mar i a l&#8217;eixida del sol. L&#8217;organitzaci\u00f3 ha ampliat les 1.500 places inicialment oferides a 1.800, davant la gran demanda per a inscriure&#8217;s.<\/strong><\/p>\n<p>S\u00f3n els 6.250 metres m\u00e9s agradables de c\u00f3rrer per als runners, una carrera familiar tala amb la qual el Club d&#8217;Atletisme Santa Pola pret\u00e9n fomentar els h\u00e0bits saludables i que es gaudisca, en fam\u00edlia o amics, la gaudida de matinar i eixir a trotar veient comen\u00e7ar el dia en un recorregut id\u00edl\u00b7lic, sempre enfront del Mediterrani.<\/p>\n<p>La Carrera a l&#8217;alba arriba a la seua vint-i-novena edici\u00f3 diumenge que ve 31 d&#8217;agost, amb eixida a les 7.30 des de l&#8217;avinguda Santiago Bernabeu i arribada en el mateix punt, despr\u00e9s de rec\u00f3rrer la dist\u00e0ncia de 6.250 metres.<\/p>\n<p>Es tornar\u00e0 de nou a batre el r\u00e8cord de participaci\u00f3, la qual cosa la convertix en la carrera de l&#8217;estiu a la prov\u00edncia d&#8217;Alacant. Les 1.500 places inicialment oferides s&#8217;han esgotat i el club ha decidit ampliar 300 m\u00e9s, fins a 1.800, davant la gran demanda dels corredors.<\/p>\n<p><strong>Coca boba i aigua encebada per a reposar forces<\/strong><\/p>\n<p>Una altra particularitat d&#8217;esta prova \u00e9s que, en finalitzar, s&#8217;oferix als corredors avituallament l\u00edquid i la t\u00edpica coca boba amb aigua encebada, i per descomptat un bany de mar gratu\u00efta a les platges de Santa Pola.<\/p>\n<p>Altres servicis que l&#8217;organitzaci\u00f3 oferix este dia s\u00f3n guarda-roba, lavabos qu\u00edmics, cronometratge de MyLaps, servicis m\u00e8dics, asseguran\u00e7a d&#8217;accidents i fotografia a l&#8217;arribada a meta, via web i xarxes.<\/p>\n<p><strong>Recollida de dorsals<\/strong><\/p>\n<p>Per als inscrits cal assenyalar que la recollida de dorsals estar\u00e0 habilitada des del dilluns 25 al dissabte 30 d&#8217;agost, en horari de dem\u00e0 de 10 a 12.00 i de 12.30 a 13.30, i a les vesprades de 18.00 h a 20.00 hores, en la seu del Club Atletisme Santa Pola en l&#8217;Avinguda d&#8217;Albacete s\/n, al costat de l&#8217;estadi Manolo Maci\u00e1. El diumenge, dia de la prova, no hi ha recollida de dorsal ni samarreta.<\/p>\n<p>Com \u00e9s tradicional, el tret d&#8217;eixida i el lliurament de trofeus ser\u00e0 a c\u00e0rrec de la Reina de les Festes 2025 i les seues Dames d&#8217;Honor, ja que esta carrera est\u00e0 \u00edntimament lligada al pre\u00e0mbul de les festes patronals en honor a la Mare de D\u00e9u de Loreto.<\/p>\n<p><img loading=\"lazy\" decoding=\"async\" class=\"aligncenter size-large wp-image-45413\" src=\"https:\/\/santapola.es\/wp-content\/uploads\/2025\/08\/Carrera-al-Amanecer-2025-CASP-2-704x1024.jpg\" alt=\"\" width=\"704\" height=\"1024\" \/><\/p>\n","protected":false},"excerpt":{"rendered":"<p>El diumenge 31 d&#8217;agost se celebra una de les proves m\u00e9s ic\u00f2niques de la Costa Blanca: la Carrera a l&#8217;alba que recorre el litoral de Santa Pola amb vista a la mar i a l&#8217;eixida del sol. L&#8217;organitzaci\u00f3 ha ampliat les 1.500 places inicialment oferides a 1.800, davant la gran demanda per a inscriure&#8217;s. S\u00f3n [&hellip;]<\/p>\n","protected":false},"author":96,"featured_media":45411,"comment_status":"closed","ping_status":"closed","sticky":false,"template":"","format":"standard","meta":{"_et_pb_use_builder":"","_et_pb_old_content":"","_et_gb_content_width":"","footnotes":""},"categories":[439],"tags":[1612,828],"class_list":["post-45416","post","type-post","status-publish","format-standard","has-post-thumbnail","hentry","category-esport","tag-carrera-a-lalba","tag-club-de-atletismo-santa-pola-ca"],"yoast_head":"<!-- This site is optimized with the Yoast SEO plugin v27.4 - https:\/\/yoast.com\/product\/yoast-seo-wordpress\/ -->\n<title>La 29\u00e9 Carrera a l&#039;alba de Santa Pola amplia la inscripci\u00f3 fins als 1.800 corredors per a batre el seu propi r\u00e8cord - Ajuntament de Santa Pola<\/title>\n<meta name=\"robots\" content=\"index, follow, max-snippet:-1, max-image-preview:large, max-video-preview:-1\" \/>\n<link rel=\"canonical\" href=\"https:\/\/santapola.es\/ca\/la-29e-carrera-a-lalba-de-santa-pola-amplia-la-inscripcio-fins-als-1-800-corredors-per-a-batre-el-seu-propi-record\/\" \/>\n<meta property=\"og:locale\" content=\"ca_ES\" \/>\n<meta property=\"og:type\" content=\"article\" \/>\n<meta property=\"og:title\" content=\"La 29\u00e9 Carrera a l&#039;alba de Santa Pola amplia la inscripci\u00f3 fins als 1.800 corredors per a batre el seu propi r\u00e8cord - Ajuntament de Santa Pola\" \/>\n<meta property=\"og:description\" content=\"El diumenge 31 d&#8217;agost se celebra una de les proves m\u00e9s ic\u00f2niques de la Costa Blanca: la Carrera a l&#8217;alba que recorre el litoral de Santa Pola amb vista a la mar i a l&#8217;eixida del sol. L&#8217;organitzaci\u00f3 ha ampliat les 1.500 places inicialment oferides a 1.800, davant la gran demanda per a inscriure&#8217;s. S\u00f3n [&hellip;]\" \/>\n<meta property=\"og:url\" content=\"https:\/\/santapola.es\/ca\/la-29e-carrera-a-lalba-de-santa-pola-amplia-la-inscripcio-fins-als-1-800-corredors-per-a-batre-el-seu-propi-record\/\" \/>\n<meta property=\"og:site_name\" content=\"Ajuntament de Santa Pola\" \/>\n<meta property=\"article:publisher\" content=\"https:\/\/www.facebook.com\/AyuntamientoSantaPola\/\" \/>\n<meta property=\"article:published_time\" content=\"2025-08-13T12:41:26+00:00\" \/>\n<meta property=\"article:modified_time\" content=\"2025-08-13T12:46:04+00:00\" \/>\n<meta property=\"og:image\" content=\"https:\/\/santapola.es\/wp-content\/uploads\/2025\/08\/Salida-Carrera-Amanecer-2023.jpg\" \/>\n\t<meta property=\"og:image:width\" content=\"1028\" \/>\n\t<meta property=\"og:image:height\" content=\"686\" \/>\n\t<meta property=\"og:image:type\" content=\"image\/jpeg\" \/>\n<meta name=\"author\" content=\"Jos\u00e9 Juan L\u00f3pez Lafuente\" \/>\n<meta name=\"twitter:card\" content=\"summary_large_image\" \/>\n<meta name=\"twitter:creator\" content=\"@SantaPolaAyunt\" \/>\n<meta name=\"twitter:site\" content=\"@SantaPolaAyunt\" \/>\n<script type=\"application\/ld+json\" class=\"yoast-schema-graph\">{\"@context\":\"https:\\\/\\\/schema.org\",\"@graph\":[{\"@type\":\"Article\",\"@id\":\"https:\\\/\\\/santapola.es\\\/ca\\\/la-29e-carrera-a-lalba-de-santa-pola-amplia-la-inscripcio-fins-als-1-800-corredors-per-a-batre-el-seu-propi-record\\\/#article\",\"isPartOf\":{\"@id\":\"https:\\\/\\\/santapola.es\\\/ca\\\/la-29e-carrera-a-lalba-de-santa-pola-amplia-la-inscripcio-fins-als-1-800-corredors-per-a-batre-el-seu-propi-record\\\/\"},\"author\":{\"name\":\"Jos\u00e9 Juan L\u00f3pez Lafuente\",\"@id\":\"https:\\\/\\\/santapola.es\\\/ca\\\/#\\\/schema\\\/person\\\/ad1d67403707b58350c7be5e8dbc442d\"},\"headline\":\"La 29\u00e9 Carrera a l&#8217;alba de Santa Pola amplia la inscripci\u00f3 fins als 1.800 corredors per a batre el seu propi r\u00e8cord\",\"datePublished\":\"2025-08-13T12:41:26+00:00\",\"dateModified\":\"2025-08-13T12:46:04+00:00\",\"mainEntityOfPage\":{\"@id\":\"https:\\\/\\\/santapola.es\\\/ca\\\/la-29e-carrera-a-lalba-de-santa-pola-amplia-la-inscripcio-fins-als-1-800-corredors-per-a-batre-el-seu-propi-record\\\/\"},\"wordCount\":450,\"image\":{\"@id\":\"https:\\\/\\\/santapola.es\\\/ca\\\/la-29e-carrera-a-lalba-de-santa-pola-amplia-la-inscripcio-fins-als-1-800-corredors-per-a-batre-el-seu-propi-record\\\/#primaryimage\"},\"thumbnailUrl\":\"https:\\\/\\\/santapola.es\\\/wp-content\\\/uploads\\\/2025\\\/08\\\/Salida-Carrera-Amanecer-2023.jpg\",\"keywords\":[\"Carrera a l'Alba\",\"Club de Atletismo Santa Pola\"],\"articleSection\":[\"Esport\"],\"inLanguage\":\"ca\"},{\"@type\":\"WebPage\",\"@id\":\"https:\\\/\\\/santapola.es\\\/ca\\\/la-29e-carrera-a-lalba-de-santa-pola-amplia-la-inscripcio-fins-als-1-800-corredors-per-a-batre-el-seu-propi-record\\\/\",\"url\":\"https:\\\/\\\/santapola.es\\\/ca\\\/la-29e-carrera-a-lalba-de-santa-pola-amplia-la-inscripcio-fins-als-1-800-corredors-per-a-batre-el-seu-propi-record\\\/\",\"name\":\"La 29\u00e9 Carrera a l'alba de Santa Pola amplia la inscripci\u00f3 fins als 1.800 corredors per a batre el seu propi r\u00e8cord - Ajuntament de Santa Pola\",\"isPartOf\":{\"@id\":\"https:\\\/\\\/santapola.es\\\/ca\\\/#website\"},\"primaryImageOfPage\":{\"@id\":\"https:\\\/\\\/santapola.es\\\/ca\\\/la-29e-carrera-a-lalba-de-santa-pola-amplia-la-inscripcio-fins-als-1-800-corredors-per-a-batre-el-seu-propi-record\\\/#primaryimage\"},\"image\":{\"@id\":\"https:\\\/\\\/santapola.es\\\/ca\\\/la-29e-carrera-a-lalba-de-santa-pola-amplia-la-inscripcio-fins-als-1-800-corredors-per-a-batre-el-seu-propi-record\\\/#primaryimage\"},\"thumbnailUrl\":\"https:\\\/\\\/santapola.es\\\/wp-content\\\/uploads\\\/2025\\\/08\\\/Salida-Carrera-Amanecer-2023.jpg\",\"datePublished\":\"2025-08-13T12:41:26+00:00\",\"dateModified\":\"2025-08-13T12:46:04+00:00\",\"author\":{\"@id\":\"https:\\\/\\\/santapola.es\\\/ca\\\/#\\\/schema\\\/person\\\/ad1d67403707b58350c7be5e8dbc442d\"},\"breadcrumb\":{\"@id\":\"https:\\\/\\\/santapola.es\\\/ca\\\/la-29e-carrera-a-lalba-de-santa-pola-amplia-la-inscripcio-fins-als-1-800-corredors-per-a-batre-el-seu-propi-record\\\/#breadcrumb\"},\"inLanguage\":\"ca\",\"potentialAction\":[{\"@type\":\"ReadAction\",\"target\":[\"https:\\\/\\\/santapola.es\\\/ca\\\/la-29e-carrera-a-lalba-de-santa-pola-amplia-la-inscripcio-fins-als-1-800-corredors-per-a-batre-el-seu-propi-record\\\/\"]}]},{\"@type\":\"ImageObject\",\"inLanguage\":\"ca\",\"@id\":\"https:\\\/\\\/santapola.es\\\/ca\\\/la-29e-carrera-a-lalba-de-santa-pola-amplia-la-inscripcio-fins-als-1-800-corredors-per-a-batre-el-seu-propi-record\\\/#primaryimage\",\"url\":\"https:\\\/\\\/santapola.es\\\/wp-content\\\/uploads\\\/2025\\\/08\\\/Salida-Carrera-Amanecer-2023.jpg\",\"contentUrl\":\"https:\\\/\\\/santapola.es\\\/wp-content\\\/uploads\\\/2025\\\/08\\\/Salida-Carrera-Amanecer-2023.jpg\",\"width\":1028,\"height\":686},{\"@type\":\"BreadcrumbList\",\"@id\":\"https:\\\/\\\/santapola.es\\\/ca\\\/la-29e-carrera-a-lalba-de-santa-pola-amplia-la-inscripcio-fins-als-1-800-corredors-per-a-batre-el-seu-propi-record\\\/#breadcrumb\",\"itemListElement\":[{\"@type\":\"ListItem\",\"position\":1,\"name\":\"Inici\",\"item\":\"https:\\\/\\\/santapola.es\\\/ca\\\/\"},{\"@type\":\"ListItem\",\"position\":2,\"name\":\"La 29\u00e9 Carrera a l&#8217;alba de Santa Pola amplia la inscripci\u00f3 fins als 1.800 corredors per a batre el seu propi r\u00e8cord\"}]},{\"@type\":\"WebSite\",\"@id\":\"https:\\\/\\\/santapola.es\\\/ca\\\/#website\",\"url\":\"https:\\\/\\\/santapola.es\\\/ca\\\/\",\"name\":\"Ayuntamiento de Santa Pola\",\"description\":\"Web de l'Ajuntament de Santa Pola\",\"potentialAction\":[{\"@type\":\"SearchAction\",\"target\":{\"@type\":\"EntryPoint\",\"urlTemplate\":\"https:\\\/\\\/santapola.es\\\/ca\\\/?s={search_term_string}\"},\"query-input\":{\"@type\":\"PropertyValueSpecification\",\"valueRequired\":true,\"valueName\":\"search_term_string\"}}],\"inLanguage\":\"ca\"},{\"@type\":\"Person\",\"@id\":\"https:\\\/\\\/santapola.es\\\/ca\\\/#\\\/schema\\\/person\\\/ad1d67403707b58350c7be5e8dbc442d\",\"name\":\"Jos\u00e9 Juan L\u00f3pez Lafuente\"}]}<\/script>\n<!-- \/ Yoast SEO plugin. -->","yoast_head_json":{"title":"La 29\u00e9 Carrera a l'alba de Santa Pola amplia la inscripci\u00f3 fins als 1.800 corredors per a batre el seu propi r\u00e8cord - Ajuntament de Santa Pola","robots":{"index":"index","follow":"follow","max-snippet":"max-snippet:-1","max-image-preview":"max-image-preview:large","max-video-preview":"max-video-preview:-1"},"canonical":"https:\/\/santapola.es\/ca\/la-29e-carrera-a-lalba-de-santa-pola-amplia-la-inscripcio-fins-als-1-800-corredors-per-a-batre-el-seu-propi-record\/","og_locale":"ca_ES","og_type":"article","og_title":"La 29\u00e9 Carrera a l'alba de Santa Pola amplia la inscripci\u00f3 fins als 1.800 corredors per a batre el seu propi r\u00e8cord - Ajuntament de Santa Pola","og_description":"El diumenge 31 d&#8217;agost se celebra una de les proves m\u00e9s ic\u00f2niques de la Costa Blanca: la Carrera a l&#8217;alba que recorre el litoral de Santa Pola amb vista a la mar i a l&#8217;eixida del sol. L&#8217;organitzaci\u00f3 ha ampliat les 1.500 places inicialment oferides a 1.800, davant la gran demanda per a inscriure&#8217;s. S\u00f3n [&hellip;]","og_url":"https:\/\/santapola.es\/ca\/la-29e-carrera-a-lalba-de-santa-pola-amplia-la-inscripcio-fins-als-1-800-corredors-per-a-batre-el-seu-propi-record\/","og_site_name":"Ajuntament de Santa Pola","article_publisher":"https:\/\/www.facebook.com\/AyuntamientoSantaPola\/","article_published_time":"2025-08-13T12:41:26+00:00","article_modified_time":"2025-08-13T12:46:04+00:00","og_image":[{"width":1028,"height":686,"url":"https:\/\/santapola.es\/wp-content\/uploads\/2025\/08\/Salida-Carrera-Amanecer-2023.jpg","type":"image\/jpeg"}],"author":"Jos\u00e9 Juan L\u00f3pez Lafuente","twitter_card":"summary_large_image","twitter_creator":"@SantaPolaAyunt","twitter_site":"@SantaPolaAyunt","schema":{"@context":"https:\/\/schema.org","@graph":[{"@type":"Article","@id":"https:\/\/santapola.es\/ca\/la-29e-carrera-a-lalba-de-santa-pola-amplia-la-inscripcio-fins-als-1-800-corredors-per-a-batre-el-seu-propi-record\/#article","isPartOf":{"@id":"https:\/\/santapola.es\/ca\/la-29e-carrera-a-lalba-de-santa-pola-amplia-la-inscripcio-fins-als-1-800-corredors-per-a-batre-el-seu-propi-record\/"},"author":{"name":"Jos\u00e9 Juan L\u00f3pez Lafuente","@id":"https:\/\/santapola.es\/ca\/#\/schema\/person\/ad1d67403707b58350c7be5e8dbc442d"},"headline":"La 29\u00e9 Carrera a l&#8217;alba de Santa Pola amplia la inscripci\u00f3 fins als 1.800 corredors per a batre el seu propi r\u00e8cord","datePublished":"2025-08-13T12:41:26+00:00","dateModified":"2025-08-13T12:46:04+00:00","mainEntityOfPage":{"@id":"https:\/\/santapola.es\/ca\/la-29e-carrera-a-lalba-de-santa-pola-amplia-la-inscripcio-fins-als-1-800-corredors-per-a-batre-el-seu-propi-record\/"},"wordCount":450,"image":{"@id":"https:\/\/santapola.es\/ca\/la-29e-carrera-a-lalba-de-santa-pola-amplia-la-inscripcio-fins-als-1-800-corredors-per-a-batre-el-seu-propi-record\/#primaryimage"},"thumbnailUrl":"https:\/\/santapola.es\/wp-content\/uploads\/2025\/08\/Salida-Carrera-Amanecer-2023.jpg","keywords":["Carrera a l'Alba","Club de Atletismo Santa Pola"],"articleSection":["Esport"],"inLanguage":"ca"},{"@type":"WebPage","@id":"https:\/\/santapola.es\/ca\/la-29e-carrera-a-lalba-de-santa-pola-amplia-la-inscripcio-fins-als-1-800-corredors-per-a-batre-el-seu-propi-record\/","url":"https:\/\/santapola.es\/ca\/la-29e-carrera-a-lalba-de-santa-pola-amplia-la-inscripcio-fins-als-1-800-corredors-per-a-batre-el-seu-propi-record\/","name":"La 29\u00e9 Carrera a l'alba de Santa Pola amplia la inscripci\u00f3 fins als 1.800 corredors per a batre el seu propi r\u00e8cord - Ajuntament de Santa Pola","isPartOf":{"@id":"https:\/\/santapola.es\/ca\/#website"},"primaryImageOfPage":{"@id":"https:\/\/santapola.es\/ca\/la-29e-carrera-a-lalba-de-santa-pola-amplia-la-inscripcio-fins-als-1-800-corredors-per-a-batre-el-seu-propi-record\/#primaryimage"},"image":{"@id":"https:\/\/santapola.es\/ca\/la-29e-carrera-a-lalba-de-santa-pola-amplia-la-inscripcio-fins-als-1-800-corredors-per-a-batre-el-seu-propi-record\/#primaryimage"},"thumbnailUrl":"https:\/\/santapola.es\/wp-content\/uploads\/2025\/08\/Salida-Carrera-Amanecer-2023.jpg","datePublished":"2025-08-13T12:41:26+00:00","dateModified":"2025-08-13T12:46:04+00:00","author":{"@id":"https:\/\/santapola.es\/ca\/#\/schema\/person\/ad1d67403707b58350c7be5e8dbc442d"},"breadcrumb":{"@id":"https:\/\/santapola.es\/ca\/la-29e-carrera-a-lalba-de-santa-pola-amplia-la-inscripcio-fins-als-1-800-corredors-per-a-batre-el-seu-propi-record\/#breadcrumb"},"inLanguage":"ca","potentialAction":[{"@type":"ReadAction","target":["https:\/\/santapola.es\/ca\/la-29e-carrera-a-lalba-de-santa-pola-amplia-la-inscripcio-fins-als-1-800-corredors-per-a-batre-el-seu-propi-record\/"]}]},{"@type":"ImageObject","inLanguage":"ca","@id":"https:\/\/santapola.es\/ca\/la-29e-carrera-a-lalba-de-santa-pola-amplia-la-inscripcio-fins-als-1-800-corredors-per-a-batre-el-seu-propi-record\/#primaryimage","url":"https:\/\/santapola.es\/wp-content\/uploads\/2025\/08\/Salida-Carrera-Amanecer-2023.jpg","contentUrl":"https:\/\/santapola.es\/wp-content\/uploads\/2025\/08\/Salida-Carrera-Amanecer-2023.jpg","width":1028,"height":686},{"@type":"BreadcrumbList","@id":"https:\/\/santapola.es\/ca\/la-29e-carrera-a-lalba-de-santa-pola-amplia-la-inscripcio-fins-als-1-800-corredors-per-a-batre-el-seu-propi-record\/#breadcrumb","itemListElement":[{"@type":"ListItem","position":1,"name":"Inici","item":"https:\/\/santapola.es\/ca\/"},{"@type":"ListItem","position":2,"name":"La 29\u00e9 Carrera a l&#8217;alba de Santa Pola amplia la inscripci\u00f3 fins als 1.800 corredors per a batre el seu propi r\u00e8cord"}]},{"@type":"WebSite","@id":"https:\/\/santapola.es\/ca\/#website","url":"https:\/\/santapola.es\/ca\/","name":"Ayuntamiento de Santa Pola","description":"Web de l'Ajuntament de Santa Pola","potentialAction":[{"@type":"SearchAction","target":{"@type":"EntryPoint","urlTemplate":"https:\/\/santapola.es\/ca\/?s={search_term_string}"},"query-input":{"@type":"PropertyValueSpecification","valueRequired":true,"valueName":"search_term_string"}}],"inLanguage":"ca"},{"@type":"Person","@id":"https:\/\/santapola.es\/ca\/#\/schema\/person\/ad1d67403707b58350c7be5e8dbc442d","name":"Jos\u00e9 Juan L\u00f3pez Lafuente"}]}},"_links":{"self":[{"href":"https:\/\/santapola.es\/ca\/wp-json\/wp\/v2\/posts\/45416","targetHints":{"allow":["GET"]}}],"collection":[{"href":"https:\/\/santapola.es\/ca\/wp-json\/wp\/v2\/posts"}],"about":[{"href":"https:\/\/santapola.es\/ca\/wp-json\/wp\/v2\/types\/post"}],"author":[{"embeddable":true,"href":"https:\/\/santapola.es\/ca\/wp-json\/wp\/v2\/users\/96"}],"replies":[{"embeddable":true,"href":"https:\/\/santapola.es\/ca\/wp-json\/wp\/v2\/comments?post=45416"}],"version-history":[{"count":0,"href":"https:\/\/santapola.es\/ca\/wp-json\/wp\/v2\/posts\/45416\/revisions"}],"wp:featuredmedia":[{"embeddable":true,"href":"https:\/\/santapola.es\/ca\/wp-json\/wp\/v2\/media\/45411"}],"wp:attachment":[{"href":"https:\/\/santapola.es\/ca\/wp-json\/wp\/v2\/media?parent=45416"}],"wp:term":[{"taxonomy":"category","embeddable":true,"href":"https:\/\/santapola.es\/ca\/wp-json\/wp\/v2\/categories?post=45416"},{"taxonomy":"post_tag","embeddable":true,"href":"https:\/\/santapola.es\/ca\/wp-json\/wp\/v2\/tags?post=45416"}],"curies":[{"name":"wp","href":"https:\/\/api.w.org\/{rel}","templated":true}]}}