{"id":45353,"date":"2025-08-12T10:54:32","date_gmt":"2025-08-12T08:54:32","guid":{"rendered":"https:\/\/santapola.es\/?p=45353"},"modified":"2025-08-12T10:57:00","modified_gmt":"2025-08-12T08:57:00","slug":"despres-de-la-presentacio-del-cartell-oficial-santa-pola-sacosta-mes-a-les-seues-festes-amb-les-eleccions-de-reines-major-infantil-i-de-tercera-edat","status":"publish","type":"post","link":"https:\/\/santapola.es\/ca\/despres-de-la-presentacio-del-cartell-oficial-santa-pola-sacosta-mes-a-les-seues-festes-amb-les-eleccions-de-reines-major-infantil-i-de-tercera-edat\/","title":{"rendered":"Despr\u00e9s de la presentaci\u00f3 del cartell oficial, Santa Pola s&#8217;acosta m\u00e9s a les seues festes amb les eleccions de Reines Major, Infantil i de Tercera Edat"},"content":{"rendered":"<p><strong>Les invitacions per a assistir el dissabte a l&#8217;elecci\u00f3 de Reina Major a l&#8217;Auditori El Palmerar s&#8217;entregaran este dimecres 13 en el Centre C\u00edvic de 17 a 21 hores. El diumenge ser\u00e0 el torn de la Reina Infantil i el dilluns la de la Tercera Edat, amb entrada lliure fins a completar aforament.<\/strong><\/p>\n<p>Continua a Santa Pola el pre\u00e0mbul de les Festes Patronals i de Moros i Cristians en honor a la Mare de D\u00e9u de Loreto, que enguany estrenen amb orgull la qualificaci\u00f3 de Festes d&#8217;Inter\u00e9s Tur\u00edstic Auton\u00f2mic de la Comunitat Valenciana. Des de la nit del 31 d&#8217;agost, amb el preg\u00f3 a c\u00e0rrec de Lola Gadea, fins al 8 de setembre, festivitat de la patrona, la vila gaudir\u00e0 de m\u00e9s de huit dies intensos de celebracions que posaran punt i final a l&#8217;estiu \u201ctradicional\u201d.<\/p>\n<p>Dissabte passat va arrancar el pre\u00e0mbul al Castell Fortalesa amb la presentaci\u00f3 oficial dels c\u00e0rrecs de Moros i Cristians i Comparses Festeres, que va culminar amb el descobriment del cartell i llibre de festes d&#8217;enguany, el disseny i la maquetaci\u00f3 de les quals ha sigut a c\u00e0rrec dels germans Jos\u00e9 Antonio i Manuel L\u00f3pez S\u00e1nchez, reconeguts artistes locals.<\/p>\n<p>El cartell mostra les figures del palad\u00ed moro i la paladina cristiana amb les seues espases desenfundades, amb una representaci\u00f3 de l&#8217;escut de Santa Pola i, sobre ells, la imatge de la Verge de Loreto.<\/p>\n<p><strong>Trilogia d&#8217;eleccions<\/strong><\/p>\n<p>La vila marinera compte en el seu haver amb la particularitat de triar tres reines cada any. En primer lloc, el dissabte 16 a les 22.00 hores se celebrar\u00e0 l&#8217;acte d&#8217;elecci\u00f3 de la Reina Major i les seues Dames d&#8217;Honor a l&#8217;Auditori El Palmerar, on el p\u00fablic assistent votar\u00e0 a la seua candidata preferida. L&#8217;esdeveniment ser\u00e0 amenitzat amb l&#8217;espectacle \u201cFemme Flow, les reines del pop urb\u00e0\u201d.<\/p>\n<p>Eixe dia l&#8217;acc\u00e9s al Palmerar ser\u00e0 mitjan\u00e7ant invitaci\u00f3. La Regidoria de Festes repartir\u00e0 de manera gratu\u00efta les paperetes este dimecres 13 d&#8217;agost en el Centre C\u00edvic i Social, en horari de 17 a 21 hores.<\/p>\n<p>S&#8217;entregaran un m\u00e0xim de dos invitacions per persona major d&#8217;edat, que haur\u00e0 de presentar el seu DNI. Aix\u00ed mateix, els xiquets menors de 3 anys no necessiten invitaci\u00f3 al no ocupar seient.<\/p>\n<p>D&#8217;altra banda, el diumenge 17 a les 20.00 ser\u00e0 el torn de l&#8217;elecci\u00f3 de Reina i Dames Infantils, en un esdeveniment en el qual tamb\u00e9 es presentar\u00e0 als c\u00e0rrecs infantils de les comparses i culminar\u00e0 amb la representaci\u00f3 del musical \u201cPeter Pan\u201d a c\u00e0rrec de l&#8217;Escola de Dansa Inmaculada Ja\u00e9n. En este cas l&#8217;entrada ser\u00e0 gratu\u00efta fins a completar l&#8217;aforament del Palmerar i l&#8217;elecci\u00f3 ser\u00e0 per sorteig.<\/p>\n<p>Finalment, el dilluns 18, a les 20.30 hores, es tancar\u00e0 la trilogia amb l&#8217;elecci\u00f3 de la Reina de la Tercera Edat entre tres candidates, tamb\u00e9 per sorteig i amb entrada lliure. L&#8217;espectacle \u201cLes can\u00e7ons de la teua vida\u201d posar\u00e0 l&#8217;al\u00b7licient musical a la gala.<\/p>\n<p>L&#8217;Ajuntament de Santa Pola, a trav\u00e9s del seu Gabinet de Premsa i Comunicaci\u00f3, oferir\u00e0 la retransmissi\u00f3 en l\u00ednia dels tres actes a trav\u00e9s de les seues xarxes socials, perqu\u00e8 no li&#8217;ls perden aquelles persones que no puguen acudir.<\/p>\n<p><img loading=\"lazy\" decoding=\"async\" class=\"aligncenter size-large wp-image-45351\" src=\"https:\/\/santapola.es\/wp-content\/uploads\/2025\/08\/Cartel-Fiestas-2025-732x1024.jpg\" alt=\"\" width=\"732\" height=\"1024\" \/><\/p>\n","protected":false},"excerpt":{"rendered":"<p>Les invitacions per a assistir el dissabte a l&#8217;elecci\u00f3 de Reina Major a l&#8217;Auditori El Palmerar s&#8217;entregaran este dimecres 13 en el Centre C\u00edvic de 17 a 21 hores. El diumenge ser\u00e0 el torn de la Reina Infantil i el dilluns la de la Tercera Edat, amb entrada lliure fins a completar aforament. Continua a [&hellip;]<\/p>\n","protected":false},"author":96,"featured_media":45349,"comment_status":"closed","ping_status":"closed","sticky":false,"template":"","format":"standard","meta":{"_et_pb_use_builder":"","_et_pb_old_content":"","_et_gb_content_width":"","footnotes":""},"categories":[434],"tags":[1029,1031],"class_list":["post-45353","post","type-post","status-publish","format-standard","has-post-thumbnail","hentry","category-festes","tag-cartell-de-festes","tag-eleccio-reina-de-les-festes"],"yoast_head":"<!-- This site is optimized with the Yoast SEO plugin v27.4 - https:\/\/yoast.com\/product\/yoast-seo-wordpress\/ -->\n<title>Despr\u00e9s de la presentaci\u00f3 del cartell oficial, Santa Pola s&#039;acosta m\u00e9s a les seues festes amb les eleccions de Reines Major, Infantil i de Tercera Edat - Ajuntament de Santa Pola<\/title>\n<meta name=\"robots\" content=\"index, follow, max-snippet:-1, max-image-preview:large, max-video-preview:-1\" \/>\n<link rel=\"canonical\" href=\"https:\/\/santapola.es\/ca\/despres-de-la-presentacio-del-cartell-oficial-santa-pola-sacosta-mes-a-les-seues-festes-amb-les-eleccions-de-reines-major-infantil-i-de-tercera-edat\/\" \/>\n<meta property=\"og:locale\" content=\"ca_ES\" \/>\n<meta property=\"og:type\" content=\"article\" \/>\n<meta property=\"og:title\" content=\"Despr\u00e9s de la presentaci\u00f3 del cartell oficial, Santa Pola s&#039;acosta m\u00e9s a les seues festes amb les eleccions de Reines Major, Infantil i de Tercera Edat - Ajuntament de Santa Pola\" \/>\n<meta property=\"og:description\" content=\"Les invitacions per a assistir el dissabte a l&#8217;elecci\u00f3 de Reina Major a l&#8217;Auditori El Palmerar s&#8217;entregaran este dimecres 13 en el Centre C\u00edvic de 17 a 21 hores. El diumenge ser\u00e0 el torn de la Reina Infantil i el dilluns la de la Tercera Edat, amb entrada lliure fins a completar aforament. Continua a [&hellip;]\" \/>\n<meta property=\"og:url\" content=\"https:\/\/santapola.es\/ca\/despres-de-la-presentacio-del-cartell-oficial-santa-pola-sacosta-mes-a-les-seues-festes-amb-les-eleccions-de-reines-major-infantil-i-de-tercera-edat\/\" \/>\n<meta property=\"og:site_name\" content=\"Ajuntament de Santa Pola\" \/>\n<meta property=\"article:publisher\" content=\"https:\/\/www.facebook.com\/AyuntamientoSantaPola\/\" \/>\n<meta property=\"article:published_time\" content=\"2025-08-12T08:54:32+00:00\" \/>\n<meta property=\"article:modified_time\" content=\"2025-08-12T08:57:00+00:00\" \/>\n<meta property=\"og:image\" content=\"https:\/\/santapola.es\/wp-content\/uploads\/2025\/08\/2025-08-12-disenadores-cartel.jpg\" \/>\n\t<meta property=\"og:image:width\" content=\"2048\" \/>\n\t<meta property=\"og:image:height\" content=\"1536\" \/>\n\t<meta property=\"og:image:type\" content=\"image\/jpeg\" \/>\n<meta name=\"author\" content=\"Jos\u00e9 Juan L\u00f3pez Lafuente\" \/>\n<meta name=\"twitter:card\" content=\"summary_large_image\" \/>\n<meta name=\"twitter:creator\" content=\"@SantaPolaAyunt\" \/>\n<meta name=\"twitter:site\" content=\"@SantaPolaAyunt\" \/>\n<script type=\"application\/ld+json\" class=\"yoast-schema-graph\">{\"@context\":\"https:\\\/\\\/schema.org\",\"@graph\":[{\"@type\":\"Article\",\"@id\":\"https:\\\/\\\/santapola.es\\\/ca\\\/despres-de-la-presentacio-del-cartell-oficial-santa-pola-sacosta-mes-a-les-seues-festes-amb-les-eleccions-de-reines-major-infantil-i-de-tercera-edat\\\/#article\",\"isPartOf\":{\"@id\":\"https:\\\/\\\/santapola.es\\\/ca\\\/despres-de-la-presentacio-del-cartell-oficial-santa-pola-sacosta-mes-a-les-seues-festes-amb-les-eleccions-de-reines-major-infantil-i-de-tercera-edat\\\/\"},\"author\":{\"name\":\"Jos\u00e9 Juan L\u00f3pez Lafuente\",\"@id\":\"https:\\\/\\\/santapola.es\\\/ca\\\/#\\\/schema\\\/person\\\/ad1d67403707b58350c7be5e8dbc442d\"},\"headline\":\"Despr\u00e9s de la presentaci\u00f3 del cartell oficial, Santa Pola s&#8217;acosta m\u00e9s a les seues festes amb les eleccions de Reines Major, Infantil i de Tercera Edat\",\"datePublished\":\"2025-08-12T08:54:32+00:00\",\"dateModified\":\"2025-08-12T08:57:00+00:00\",\"mainEntityOfPage\":{\"@id\":\"https:\\\/\\\/santapola.es\\\/ca\\\/despres-de-la-presentacio-del-cartell-oficial-santa-pola-sacosta-mes-a-les-seues-festes-amb-les-eleccions-de-reines-major-infantil-i-de-tercera-edat\\\/\"},\"wordCount\":585,\"image\":{\"@id\":\"https:\\\/\\\/santapola.es\\\/ca\\\/despres-de-la-presentacio-del-cartell-oficial-santa-pola-sacosta-mes-a-les-seues-festes-amb-les-eleccions-de-reines-major-infantil-i-de-tercera-edat\\\/#primaryimage\"},\"thumbnailUrl\":\"https:\\\/\\\/santapola.es\\\/wp-content\\\/uploads\\\/2025\\\/08\\\/2025-08-12-disenadores-cartel.jpg\",\"keywords\":[\"Cartell de festes\",\"Elecci\u00f3 Reina de les Festes\"],\"articleSection\":[\"Festes\"],\"inLanguage\":\"ca\"},{\"@type\":\"WebPage\",\"@id\":\"https:\\\/\\\/santapola.es\\\/ca\\\/despres-de-la-presentacio-del-cartell-oficial-santa-pola-sacosta-mes-a-les-seues-festes-amb-les-eleccions-de-reines-major-infantil-i-de-tercera-edat\\\/\",\"url\":\"https:\\\/\\\/santapola.es\\\/ca\\\/despres-de-la-presentacio-del-cartell-oficial-santa-pola-sacosta-mes-a-les-seues-festes-amb-les-eleccions-de-reines-major-infantil-i-de-tercera-edat\\\/\",\"name\":\"Despr\u00e9s de la presentaci\u00f3 del cartell oficial, Santa Pola s'acosta m\u00e9s a les seues festes amb les eleccions de Reines Major, Infantil i de Tercera Edat - Ajuntament de Santa Pola\",\"isPartOf\":{\"@id\":\"https:\\\/\\\/santapola.es\\\/ca\\\/#website\"},\"primaryImageOfPage\":{\"@id\":\"https:\\\/\\\/santapola.es\\\/ca\\\/despres-de-la-presentacio-del-cartell-oficial-santa-pola-sacosta-mes-a-les-seues-festes-amb-les-eleccions-de-reines-major-infantil-i-de-tercera-edat\\\/#primaryimage\"},\"image\":{\"@id\":\"https:\\\/\\\/santapola.es\\\/ca\\\/despres-de-la-presentacio-del-cartell-oficial-santa-pola-sacosta-mes-a-les-seues-festes-amb-les-eleccions-de-reines-major-infantil-i-de-tercera-edat\\\/#primaryimage\"},\"thumbnailUrl\":\"https:\\\/\\\/santapola.es\\\/wp-content\\\/uploads\\\/2025\\\/08\\\/2025-08-12-disenadores-cartel.jpg\",\"datePublished\":\"2025-08-12T08:54:32+00:00\",\"dateModified\":\"2025-08-12T08:57:00+00:00\",\"author\":{\"@id\":\"https:\\\/\\\/santapola.es\\\/ca\\\/#\\\/schema\\\/person\\\/ad1d67403707b58350c7be5e8dbc442d\"},\"breadcrumb\":{\"@id\":\"https:\\\/\\\/santapola.es\\\/ca\\\/despres-de-la-presentacio-del-cartell-oficial-santa-pola-sacosta-mes-a-les-seues-festes-amb-les-eleccions-de-reines-major-infantil-i-de-tercera-edat\\\/#breadcrumb\"},\"inLanguage\":\"ca\",\"potentialAction\":[{\"@type\":\"ReadAction\",\"target\":[\"https:\\\/\\\/santapola.es\\\/ca\\\/despres-de-la-presentacio-del-cartell-oficial-santa-pola-sacosta-mes-a-les-seues-festes-amb-les-eleccions-de-reines-major-infantil-i-de-tercera-edat\\\/\"]}]},{\"@type\":\"ImageObject\",\"inLanguage\":\"ca\",\"@id\":\"https:\\\/\\\/santapola.es\\\/ca\\\/despres-de-la-presentacio-del-cartell-oficial-santa-pola-sacosta-mes-a-les-seues-festes-amb-les-eleccions-de-reines-major-infantil-i-de-tercera-edat\\\/#primaryimage\",\"url\":\"https:\\\/\\\/santapola.es\\\/wp-content\\\/uploads\\\/2025\\\/08\\\/2025-08-12-disenadores-cartel.jpg\",\"contentUrl\":\"https:\\\/\\\/santapola.es\\\/wp-content\\\/uploads\\\/2025\\\/08\\\/2025-08-12-disenadores-cartel.jpg\",\"width\":2048,\"height\":1536},{\"@type\":\"BreadcrumbList\",\"@id\":\"https:\\\/\\\/santapola.es\\\/ca\\\/despres-de-la-presentacio-del-cartell-oficial-santa-pola-sacosta-mes-a-les-seues-festes-amb-les-eleccions-de-reines-major-infantil-i-de-tercera-edat\\\/#breadcrumb\",\"itemListElement\":[{\"@type\":\"ListItem\",\"position\":1,\"name\":\"Inici\",\"item\":\"https:\\\/\\\/santapola.es\\\/ca\\\/\"},{\"@type\":\"ListItem\",\"position\":2,\"name\":\"Despr\u00e9s de la presentaci\u00f3 del cartell oficial, Santa Pola s&#8217;acosta m\u00e9s a les seues festes amb les eleccions de Reines Major, Infantil i de Tercera Edat\"}]},{\"@type\":\"WebSite\",\"@id\":\"https:\\\/\\\/santapola.es\\\/ca\\\/#website\",\"url\":\"https:\\\/\\\/santapola.es\\\/ca\\\/\",\"name\":\"Ayuntamiento de Santa Pola\",\"description\":\"Web de l'Ajuntament de Santa Pola\",\"potentialAction\":[{\"@type\":\"SearchAction\",\"target\":{\"@type\":\"EntryPoint\",\"urlTemplate\":\"https:\\\/\\\/santapola.es\\\/ca\\\/?s={search_term_string}\"},\"query-input\":{\"@type\":\"PropertyValueSpecification\",\"valueRequired\":true,\"valueName\":\"search_term_string\"}}],\"inLanguage\":\"ca\"},{\"@type\":\"Person\",\"@id\":\"https:\\\/\\\/santapola.es\\\/ca\\\/#\\\/schema\\\/person\\\/ad1d67403707b58350c7be5e8dbc442d\",\"name\":\"Jos\u00e9 Juan L\u00f3pez Lafuente\"}]}<\/script>\n<!-- \/ Yoast SEO plugin. -->","yoast_head_json":{"title":"Despr\u00e9s de la presentaci\u00f3 del cartell oficial, Santa Pola s'acosta m\u00e9s a les seues festes amb les eleccions de Reines Major, Infantil i de Tercera Edat - Ajuntament de Santa Pola","robots":{"index":"index","follow":"follow","max-snippet":"max-snippet:-1","max-image-preview":"max-image-preview:large","max-video-preview":"max-video-preview:-1"},"canonical":"https:\/\/santapola.es\/ca\/despres-de-la-presentacio-del-cartell-oficial-santa-pola-sacosta-mes-a-les-seues-festes-amb-les-eleccions-de-reines-major-infantil-i-de-tercera-edat\/","og_locale":"ca_ES","og_type":"article","og_title":"Despr\u00e9s de la presentaci\u00f3 del cartell oficial, Santa Pola s'acosta m\u00e9s a les seues festes amb les eleccions de Reines Major, Infantil i de Tercera Edat - Ajuntament de Santa Pola","og_description":"Les invitacions per a assistir el dissabte a l&#8217;elecci\u00f3 de Reina Major a l&#8217;Auditori El Palmerar s&#8217;entregaran este dimecres 13 en el Centre C\u00edvic de 17 a 21 hores. El diumenge ser\u00e0 el torn de la Reina Infantil i el dilluns la de la Tercera Edat, amb entrada lliure fins a completar aforament. Continua a [&hellip;]","og_url":"https:\/\/santapola.es\/ca\/despres-de-la-presentacio-del-cartell-oficial-santa-pola-sacosta-mes-a-les-seues-festes-amb-les-eleccions-de-reines-major-infantil-i-de-tercera-edat\/","og_site_name":"Ajuntament de Santa Pola","article_publisher":"https:\/\/www.facebook.com\/AyuntamientoSantaPola\/","article_published_time":"2025-08-12T08:54:32+00:00","article_modified_time":"2025-08-12T08:57:00+00:00","og_image":[{"width":2048,"height":1536,"url":"https:\/\/santapola.es\/wp-content\/uploads\/2025\/08\/2025-08-12-disenadores-cartel.jpg","type":"image\/jpeg"}],"author":"Jos\u00e9 Juan L\u00f3pez Lafuente","twitter_card":"summary_large_image","twitter_creator":"@SantaPolaAyunt","twitter_site":"@SantaPolaAyunt","schema":{"@context":"https:\/\/schema.org","@graph":[{"@type":"Article","@id":"https:\/\/santapola.es\/ca\/despres-de-la-presentacio-del-cartell-oficial-santa-pola-sacosta-mes-a-les-seues-festes-amb-les-eleccions-de-reines-major-infantil-i-de-tercera-edat\/#article","isPartOf":{"@id":"https:\/\/santapola.es\/ca\/despres-de-la-presentacio-del-cartell-oficial-santa-pola-sacosta-mes-a-les-seues-festes-amb-les-eleccions-de-reines-major-infantil-i-de-tercera-edat\/"},"author":{"name":"Jos\u00e9 Juan L\u00f3pez Lafuente","@id":"https:\/\/santapola.es\/ca\/#\/schema\/person\/ad1d67403707b58350c7be5e8dbc442d"},"headline":"Despr\u00e9s de la presentaci\u00f3 del cartell oficial, Santa Pola s&#8217;acosta m\u00e9s a les seues festes amb les eleccions de Reines Major, Infantil i de Tercera Edat","datePublished":"2025-08-12T08:54:32+00:00","dateModified":"2025-08-12T08:57:00+00:00","mainEntityOfPage":{"@id":"https:\/\/santapola.es\/ca\/despres-de-la-presentacio-del-cartell-oficial-santa-pola-sacosta-mes-a-les-seues-festes-amb-les-eleccions-de-reines-major-infantil-i-de-tercera-edat\/"},"wordCount":585,"image":{"@id":"https:\/\/santapola.es\/ca\/despres-de-la-presentacio-del-cartell-oficial-santa-pola-sacosta-mes-a-les-seues-festes-amb-les-eleccions-de-reines-major-infantil-i-de-tercera-edat\/#primaryimage"},"thumbnailUrl":"https:\/\/santapola.es\/wp-content\/uploads\/2025\/08\/2025-08-12-disenadores-cartel.jpg","keywords":["Cartell de festes","Elecci\u00f3 Reina de les Festes"],"articleSection":["Festes"],"inLanguage":"ca"},{"@type":"WebPage","@id":"https:\/\/santapola.es\/ca\/despres-de-la-presentacio-del-cartell-oficial-santa-pola-sacosta-mes-a-les-seues-festes-amb-les-eleccions-de-reines-major-infantil-i-de-tercera-edat\/","url":"https:\/\/santapola.es\/ca\/despres-de-la-presentacio-del-cartell-oficial-santa-pola-sacosta-mes-a-les-seues-festes-amb-les-eleccions-de-reines-major-infantil-i-de-tercera-edat\/","name":"Despr\u00e9s de la presentaci\u00f3 del cartell oficial, Santa Pola s'acosta m\u00e9s a les seues festes amb les eleccions de Reines Major, Infantil i de Tercera Edat - Ajuntament de Santa Pola","isPartOf":{"@id":"https:\/\/santapola.es\/ca\/#website"},"primaryImageOfPage":{"@id":"https:\/\/santapola.es\/ca\/despres-de-la-presentacio-del-cartell-oficial-santa-pola-sacosta-mes-a-les-seues-festes-amb-les-eleccions-de-reines-major-infantil-i-de-tercera-edat\/#primaryimage"},"image":{"@id":"https:\/\/santapola.es\/ca\/despres-de-la-presentacio-del-cartell-oficial-santa-pola-sacosta-mes-a-les-seues-festes-amb-les-eleccions-de-reines-major-infantil-i-de-tercera-edat\/#primaryimage"},"thumbnailUrl":"https:\/\/santapola.es\/wp-content\/uploads\/2025\/08\/2025-08-12-disenadores-cartel.jpg","datePublished":"2025-08-12T08:54:32+00:00","dateModified":"2025-08-12T08:57:00+00:00","author":{"@id":"https:\/\/santapola.es\/ca\/#\/schema\/person\/ad1d67403707b58350c7be5e8dbc442d"},"breadcrumb":{"@id":"https:\/\/santapola.es\/ca\/despres-de-la-presentacio-del-cartell-oficial-santa-pola-sacosta-mes-a-les-seues-festes-amb-les-eleccions-de-reines-major-infantil-i-de-tercera-edat\/#breadcrumb"},"inLanguage":"ca","potentialAction":[{"@type":"ReadAction","target":["https:\/\/santapola.es\/ca\/despres-de-la-presentacio-del-cartell-oficial-santa-pola-sacosta-mes-a-les-seues-festes-amb-les-eleccions-de-reines-major-infantil-i-de-tercera-edat\/"]}]},{"@type":"ImageObject","inLanguage":"ca","@id":"https:\/\/santapola.es\/ca\/despres-de-la-presentacio-del-cartell-oficial-santa-pola-sacosta-mes-a-les-seues-festes-amb-les-eleccions-de-reines-major-infantil-i-de-tercera-edat\/#primaryimage","url":"https:\/\/santapola.es\/wp-content\/uploads\/2025\/08\/2025-08-12-disenadores-cartel.jpg","contentUrl":"https:\/\/santapola.es\/wp-content\/uploads\/2025\/08\/2025-08-12-disenadores-cartel.jpg","width":2048,"height":1536},{"@type":"BreadcrumbList","@id":"https:\/\/santapola.es\/ca\/despres-de-la-presentacio-del-cartell-oficial-santa-pola-sacosta-mes-a-les-seues-festes-amb-les-eleccions-de-reines-major-infantil-i-de-tercera-edat\/#breadcrumb","itemListElement":[{"@type":"ListItem","position":1,"name":"Inici","item":"https:\/\/santapola.es\/ca\/"},{"@type":"ListItem","position":2,"name":"Despr\u00e9s de la presentaci\u00f3 del cartell oficial, Santa Pola s&#8217;acosta m\u00e9s a les seues festes amb les eleccions de Reines Major, Infantil i de Tercera Edat"}]},{"@type":"WebSite","@id":"https:\/\/santapola.es\/ca\/#website","url":"https:\/\/santapola.es\/ca\/","name":"Ayuntamiento de Santa Pola","description":"Web de l'Ajuntament de Santa Pola","potentialAction":[{"@type":"SearchAction","target":{"@type":"EntryPoint","urlTemplate":"https:\/\/santapola.es\/ca\/?s={search_term_string}"},"query-input":{"@type":"PropertyValueSpecification","valueRequired":true,"valueName":"search_term_string"}}],"inLanguage":"ca"},{"@type":"Person","@id":"https:\/\/santapola.es\/ca\/#\/schema\/person\/ad1d67403707b58350c7be5e8dbc442d","name":"Jos\u00e9 Juan L\u00f3pez Lafuente"}]}},"_links":{"self":[{"href":"https:\/\/santapola.es\/ca\/wp-json\/wp\/v2\/posts\/45353","targetHints":{"allow":["GET"]}}],"collection":[{"href":"https:\/\/santapola.es\/ca\/wp-json\/wp\/v2\/posts"}],"about":[{"href":"https:\/\/santapola.es\/ca\/wp-json\/wp\/v2\/types\/post"}],"author":[{"embeddable":true,"href":"https:\/\/santapola.es\/ca\/wp-json\/wp\/v2\/users\/96"}],"replies":[{"embeddable":true,"href":"https:\/\/santapola.es\/ca\/wp-json\/wp\/v2\/comments?post=45353"}],"version-history":[{"count":0,"href":"https:\/\/santapola.es\/ca\/wp-json\/wp\/v2\/posts\/45353\/revisions"}],"wp:featuredmedia":[{"embeddable":true,"href":"https:\/\/santapola.es\/ca\/wp-json\/wp\/v2\/media\/45349"}],"wp:attachment":[{"href":"https:\/\/santapola.es\/ca\/wp-json\/wp\/v2\/media?parent=45353"}],"wp:term":[{"taxonomy":"category","embeddable":true,"href":"https:\/\/santapola.es\/ca\/wp-json\/wp\/v2\/categories?post=45353"},{"taxonomy":"post_tag","embeddable":true,"href":"https:\/\/santapola.es\/ca\/wp-json\/wp\/v2\/tags?post=45353"}],"curies":[{"name":"wp","href":"https:\/\/api.w.org\/{rel}","templated":true}]}}