{"id":45286,"date":"2025-08-07T13:30:01","date_gmt":"2025-08-07T11:30:01","guid":{"rendered":"https:\/\/santapola.es\/?p=45286"},"modified":"2025-08-07T13:33:51","modified_gmt":"2025-08-07T11:33:51","slug":"el-talent-jove-de-santa-pola-rep-un-reconeixement-public-en-la-gala-jovens-amb-valors-2025","status":"publish","type":"post","link":"https:\/\/santapola.es\/ca\/el-talent-jove-de-santa-pola-rep-un-reconeixement-public-en-la-gala-jovens-amb-valors-2025\/","title":{"rendered":"El talent jove de Santa Pola rep un reconeixement p\u00fablic en la gala Jovens Amb Valors 2025"},"content":{"rendered":"<p><strong>La Regidoria de Joventut entrega deu guardons a personatges del m\u00f3n de la cultura, l&#8217;esport, el rendiment acad\u00e8mic, l&#8217;emprenedoria, la ci\u00e8ncia o les humanitats en una nova edici\u00f3 de la gala Jovens Amb Valors.<\/strong><\/p>\n<p>El Castell Fortalesa va ser anit l&#8217;escenari idoni en el dia en qu\u00e8 la joventut santapolera cobra major protagonisme, prop de coincidir amb el Dia Internacional de la Joventut que se celebra el 12 d&#8217;agost. La gala Jovens Amb Valors 2025, organitzada per la Regidoria de Joventut a trav\u00e9s del Rac\u00f3 Jove, va servir per a entregar deu guardons a j\u00f3vens entre 17 i 34 anys que, amb el seu esfor\u00e7 i entusiasme, han aconseguit grans metes, convertint-se en exemple per a futures generacions.<\/p>\n<p>Per a aix\u00f2, un jurat compost per professors dels instituts Santa Pola i Cap de l\u2019Aljub, els departaments municipals d&#8217;Esports i Cultura, aix\u00ed com el servici Santa Pola Empr\u00e9n, va decidir els noms dels premiats d&#8217;enguany.<\/p>\n<p>L&#8217;acte va ser presentat per Irene Pardo i Carito Delgado de Improvivencia, que van oferir a m\u00e9s un espectacle d&#8217;improvisaci\u00f3 que va arrancar els aplaudiments del p\u00fablic. Va comen\u00e7ar amb l&#8217;actuaci\u00f3 de l&#8217;escola de ball New Dance Life, que a m\u00e9s va ser protagonista del primer guard\u00f3 de la nit.<\/p>\n<p>Pels seus m\u00e8rits en el m\u00f3n de la dansa i formades en New Dance Life, van rebre el seu reconeixement Dana T\u00e1rrega Corb\u00ed, Valeria Nicol\u00e1s Cifuentes, Flavia Pascual Contreras, Mar\u00eda Torregrosa Fuentes, Roc\u00edo Pomares Mart\u00ed i Elsa Sarri\u00f3n Piedecausa.<\/p>\n<p>El seg\u00fcent premi col\u00b7lectiu va ser per a l&#8217;IES Cap de L\u2019Aljub per \u201cConectant emocions\u201d, un projecte integrador de difusi\u00f3 i comunicaci\u00f3 per a la conviv\u00e8ncia i benestar emocional de tota la comunitat educativa en el qual participen alumnes de 4t de l&#8217;ESO, 1r de Batxiller i Formaci\u00f3 Professional.<\/p>\n<p><strong>J\u00f3vens emprenedors<\/strong><\/p>\n<p>En la categoria d&#8217;emprenedors van ser dos els destacats. D&#8217;una banda, Ione Astondoa Gonz\u00e1lez, de 31 anys, que representa la quarta generaci\u00f3 d&#8217;una saga dedicada a la construcci\u00f3 naval, Astilleros Astondoa, la primera dona a assumir una posici\u00f3 de lideratge en la hist\u00f2ria d&#8217;esta empresa referent a Europa i Am\u00e8rica.<\/p>\n<p>Per un altre, Emilio Guill\u00e9n Belmonte, amb 35 anys, \u00e9s el fundador i xef d&#8217;un dels restaurants de major projecci\u00f3 a Santa Pola, el P\u00f2sit Pesquer, reconegut enguany per la Guia Repsol i que, despr\u00e9s d&#8217;una s\u00f2lida formaci\u00f3, oferix una cuina diferent basada en el peix fresc de la nostra badia.<\/p>\n<p><strong>Millors estudiants<\/strong><\/p>\n<p>En la categoria de millor rendiment acad\u00e8mic van ser premiades Irene Gilabert Pomares, de 17 anys i estudiant de l&#8217;IES Santa Pola, que ha aconseguit la nota mitjana m\u00e9s alta de batxillerat amb un 10 per a accedir a la Universitat d&#8217;Alacant per a cursar estudis de Traducci\u00f3 i Interpretaci\u00f3 en angl\u00e9s, aix\u00ed com Alexia G\u00f3mez Pamies, de 18 anys i estudiant de l&#8217;IES Cap de L\u2019Aljub, amb un 9,78 de nota mitjana i un 13,36 a la PAU, notes amb les quals comen\u00e7ar\u00e0 el grau d&#8217;Espa\u00f1ol, Llengua i Literatura en la UA.<\/p>\n<p><strong>Promeses de l&#8217;esport<\/strong><\/p>\n<p>Francisco Tom\u00e1s L\u00f3pez Fuentes \u00e9s cintur\u00f3 negre de karate i membre del Club Karate Seishin on tamb\u00e9 \u00e9s coach dels seus alumnes m\u00e9s j\u00f3vens, va ser campi\u00f3 auton\u00f2mic i bronze d&#8217;Espanya, membre de la selecci\u00f3 espanyola en categoria cadet i continua evolucionant amb l&#8217;objectiu de convertir-se en un dels millors competidors nacionals.<\/p>\n<p>Lidia Moreno Moragas s&#8217;ha especialitzat en proves ciclistes de muntanya, triatl\u00f3 i travessies nadant obtenint nombroses vict\u00f2ries i podis en diferents campionats, sent primera local en la travessia Tabarca-Santa Pola i subcampiona d&#8217;Europa de Aquabike MD.<\/p>\n<p>En la categoria de ci\u00e8ncia i tecnologia va ser premiat Juanfran Luchoro Cerd\u00e0, graduat en Farm\u00e0cia per la UMH i Premi Extraordinari d&#8217;Excel\u00b7l\u00e8ncia d&#8217;esta universitat. Actualment \u00e9s resident de tercer any en l&#8217;especialitat d&#8217;Immunologia a l&#8217;Hospital Cl\u00ednic de Barcelona i participa en el desenrotllament i supervisi\u00f3 de proves diagn\u00f2stiques per a malalties d&#8217;origen immunitari.<\/p>\n<p><strong>Referent per a la joventut<\/strong><\/p>\n<p>L&#8217;\u00faltim dels premis, de car\u00e0cter extraordinari, va anar per a una persona que ha sigut referent per als j\u00f3vens de Santa Pola: el bibliotecari i arxiver municipal Rafael Pla Grau, recentment jubilat. Es va destacar d&#8217;ell la seua figura com a acompanyant de tantes generacions usu\u00e0ries de la biblioteca per a les seues tasques d&#8217;estudi o recopilaci\u00f3 d&#8217;informaci\u00f3, amb la seua amabilitat i actitud de servici que els va acompanyar en este proc\u00e9s de formaci\u00f3, en uns temps on no existien xarxes socials ni internet.<\/p>\n<p>El regidor de Joventut, Joaqu\u00edn Lozano, va tancar l&#8217;acte amb paraules d&#8217;agra\u00efment a la labor de tots els premiats, assegurant que no sols s\u00f3n el futur, s\u00f3n el present d&#8217;una generaci\u00f3 de santapolers i santapoleres que s&#8217;estan convertint en referents per a molts altres j\u00f3vens.<\/p>\n","protected":false},"excerpt":{"rendered":"<p>La Regidoria de Joventut entrega deu guardons a personatges del m\u00f3n de la cultura, l&#8217;esport, el rendiment acad\u00e8mic, l&#8217;emprenedoria, la ci\u00e8ncia o les humanitats en una nova edici\u00f3 de la gala Jovens Amb Valors. El Castell Fortalesa va ser anit l&#8217;escenari idoni en el dia en qu\u00e8 la joventut santapolera cobra major protagonisme, prop de [&hellip;]<\/p>\n","protected":false},"author":96,"featured_media":45284,"comment_status":"closed","ping_status":"closed","sticky":false,"template":"","format":"standard","meta":{"_et_pb_use_builder":"","_et_pb_old_content":"","_et_gb_content_width":"","footnotes":""},"categories":[494],"tags":[498,1609,544],"class_list":["post-45286","post","type-post","status-publish","format-standard","has-post-thumbnail","hentry","category-joventut","tag-joaquin-lozano-ca","tag-jovens-amb-valors-ca","tag-raco-jove-ca"],"yoast_head":"<!-- This site is optimized with the Yoast SEO plugin v27.4 - https:\/\/yoast.com\/product\/yoast-seo-wordpress\/ -->\n<title>El talent jove de Santa Pola rep un reconeixement p\u00fablic en la gala Jovens Amb Valors 2025 - Ajuntament de Santa Pola<\/title>\n<meta name=\"robots\" content=\"index, follow, max-snippet:-1, max-image-preview:large, max-video-preview:-1\" \/>\n<link rel=\"canonical\" href=\"https:\/\/santapola.es\/ca\/el-talent-jove-de-santa-pola-rep-un-reconeixement-public-en-la-gala-jovens-amb-valors-2025\/\" \/>\n<meta property=\"og:locale\" content=\"ca_ES\" \/>\n<meta property=\"og:type\" content=\"article\" \/>\n<meta property=\"og:title\" content=\"El talent jove de Santa Pola rep un reconeixement p\u00fablic en la gala Jovens Amb Valors 2025 - Ajuntament de Santa Pola\" \/>\n<meta property=\"og:description\" content=\"La Regidoria de Joventut entrega deu guardons a personatges del m\u00f3n de la cultura, l&#8217;esport, el rendiment acad\u00e8mic, l&#8217;emprenedoria, la ci\u00e8ncia o les humanitats en una nova edici\u00f3 de la gala Jovens Amb Valors. El Castell Fortalesa va ser anit l&#8217;escenari idoni en el dia en qu\u00e8 la joventut santapolera cobra major protagonisme, prop de [&hellip;]\" \/>\n<meta property=\"og:url\" content=\"https:\/\/santapola.es\/ca\/el-talent-jove-de-santa-pola-rep-un-reconeixement-public-en-la-gala-jovens-amb-valors-2025\/\" \/>\n<meta property=\"og:site_name\" content=\"Ajuntament de Santa Pola\" \/>\n<meta property=\"article:publisher\" content=\"https:\/\/www.facebook.com\/AyuntamientoSantaPola\/\" \/>\n<meta property=\"article:published_time\" content=\"2025-08-07T11:30:01+00:00\" \/>\n<meta property=\"article:modified_time\" content=\"2025-08-07T11:33:51+00:00\" \/>\n<meta property=\"og:image\" content=\"https:\/\/santapola.es\/wp-content\/uploads\/2025\/08\/RSPMEDIA-017-06082025.jpg\" \/>\n\t<meta property=\"og:image:width\" content=\"1920\" \/>\n\t<meta property=\"og:image:height\" content=\"1079\" \/>\n\t<meta property=\"og:image:type\" content=\"image\/jpeg\" \/>\n<meta name=\"author\" content=\"Jos\u00e9 Juan L\u00f3pez Lafuente\" \/>\n<meta name=\"twitter:card\" content=\"summary_large_image\" \/>\n<meta name=\"twitter:creator\" content=\"@SantaPolaAyunt\" \/>\n<meta name=\"twitter:site\" content=\"@SantaPolaAyunt\" \/>\n<script type=\"application\/ld+json\" class=\"yoast-schema-graph\">{\"@context\":\"https:\\\/\\\/schema.org\",\"@graph\":[{\"@type\":\"Article\",\"@id\":\"https:\\\/\\\/santapola.es\\\/ca\\\/el-talent-jove-de-santa-pola-rep-un-reconeixement-public-en-la-gala-jovens-amb-valors-2025\\\/#article\",\"isPartOf\":{\"@id\":\"https:\\\/\\\/santapola.es\\\/ca\\\/el-talent-jove-de-santa-pola-rep-un-reconeixement-public-en-la-gala-jovens-amb-valors-2025\\\/\"},\"author\":{\"name\":\"Jos\u00e9 Juan L\u00f3pez Lafuente\",\"@id\":\"https:\\\/\\\/santapola.es\\\/ca\\\/#\\\/schema\\\/person\\\/ad1d67403707b58350c7be5e8dbc442d\"},\"headline\":\"El talent jove de Santa Pola rep un reconeixement p\u00fablic en la gala Jovens Amb Valors 2025\",\"datePublished\":\"2025-08-07T11:30:01+00:00\",\"dateModified\":\"2025-08-07T11:33:51+00:00\",\"mainEntityOfPage\":{\"@id\":\"https:\\\/\\\/santapola.es\\\/ca\\\/el-talent-jove-de-santa-pola-rep-un-reconeixement-public-en-la-gala-jovens-amb-valors-2025\\\/\"},\"wordCount\":875,\"image\":{\"@id\":\"https:\\\/\\\/santapola.es\\\/ca\\\/el-talent-jove-de-santa-pola-rep-un-reconeixement-public-en-la-gala-jovens-amb-valors-2025\\\/#primaryimage\"},\"thumbnailUrl\":\"https:\\\/\\\/santapola.es\\\/wp-content\\\/uploads\\\/2025\\\/08\\\/RSPMEDIA-017-06082025.jpg\",\"keywords\":[\"Joaqu\u00edn Lozano\",\"Jovens amb Valors\",\"Rac\u00f3 Jove\"],\"articleSection\":[\"Joventut\"],\"inLanguage\":\"ca\"},{\"@type\":\"WebPage\",\"@id\":\"https:\\\/\\\/santapola.es\\\/ca\\\/el-talent-jove-de-santa-pola-rep-un-reconeixement-public-en-la-gala-jovens-amb-valors-2025\\\/\",\"url\":\"https:\\\/\\\/santapola.es\\\/ca\\\/el-talent-jove-de-santa-pola-rep-un-reconeixement-public-en-la-gala-jovens-amb-valors-2025\\\/\",\"name\":\"El talent jove de Santa Pola rep un reconeixement p\u00fablic en la gala Jovens Amb Valors 2025 - Ajuntament de Santa Pola\",\"isPartOf\":{\"@id\":\"https:\\\/\\\/santapola.es\\\/ca\\\/#website\"},\"primaryImageOfPage\":{\"@id\":\"https:\\\/\\\/santapola.es\\\/ca\\\/el-talent-jove-de-santa-pola-rep-un-reconeixement-public-en-la-gala-jovens-amb-valors-2025\\\/#primaryimage\"},\"image\":{\"@id\":\"https:\\\/\\\/santapola.es\\\/ca\\\/el-talent-jove-de-santa-pola-rep-un-reconeixement-public-en-la-gala-jovens-amb-valors-2025\\\/#primaryimage\"},\"thumbnailUrl\":\"https:\\\/\\\/santapola.es\\\/wp-content\\\/uploads\\\/2025\\\/08\\\/RSPMEDIA-017-06082025.jpg\",\"datePublished\":\"2025-08-07T11:30:01+00:00\",\"dateModified\":\"2025-08-07T11:33:51+00:00\",\"author\":{\"@id\":\"https:\\\/\\\/santapola.es\\\/ca\\\/#\\\/schema\\\/person\\\/ad1d67403707b58350c7be5e8dbc442d\"},\"breadcrumb\":{\"@id\":\"https:\\\/\\\/santapola.es\\\/ca\\\/el-talent-jove-de-santa-pola-rep-un-reconeixement-public-en-la-gala-jovens-amb-valors-2025\\\/#breadcrumb\"},\"inLanguage\":\"ca\",\"potentialAction\":[{\"@type\":\"ReadAction\",\"target\":[\"https:\\\/\\\/santapola.es\\\/ca\\\/el-talent-jove-de-santa-pola-rep-un-reconeixement-public-en-la-gala-jovens-amb-valors-2025\\\/\"]}]},{\"@type\":\"ImageObject\",\"inLanguage\":\"ca\",\"@id\":\"https:\\\/\\\/santapola.es\\\/ca\\\/el-talent-jove-de-santa-pola-rep-un-reconeixement-public-en-la-gala-jovens-amb-valors-2025\\\/#primaryimage\",\"url\":\"https:\\\/\\\/santapola.es\\\/wp-content\\\/uploads\\\/2025\\\/08\\\/RSPMEDIA-017-06082025.jpg\",\"contentUrl\":\"https:\\\/\\\/santapola.es\\\/wp-content\\\/uploads\\\/2025\\\/08\\\/RSPMEDIA-017-06082025.jpg\",\"width\":1920,\"height\":1079},{\"@type\":\"BreadcrumbList\",\"@id\":\"https:\\\/\\\/santapola.es\\\/ca\\\/el-talent-jove-de-santa-pola-rep-un-reconeixement-public-en-la-gala-jovens-amb-valors-2025\\\/#breadcrumb\",\"itemListElement\":[{\"@type\":\"ListItem\",\"position\":1,\"name\":\"Inici\",\"item\":\"https:\\\/\\\/santapola.es\\\/ca\\\/\"},{\"@type\":\"ListItem\",\"position\":2,\"name\":\"El talent jove de Santa Pola rep un reconeixement p\u00fablic en la gala Jovens Amb Valors 2025\"}]},{\"@type\":\"WebSite\",\"@id\":\"https:\\\/\\\/santapola.es\\\/ca\\\/#website\",\"url\":\"https:\\\/\\\/santapola.es\\\/ca\\\/\",\"name\":\"Ayuntamiento de Santa Pola\",\"description\":\"Web de l'Ajuntament de Santa Pola\",\"potentialAction\":[{\"@type\":\"SearchAction\",\"target\":{\"@type\":\"EntryPoint\",\"urlTemplate\":\"https:\\\/\\\/santapola.es\\\/ca\\\/?s={search_term_string}\"},\"query-input\":{\"@type\":\"PropertyValueSpecification\",\"valueRequired\":true,\"valueName\":\"search_term_string\"}}],\"inLanguage\":\"ca\"},{\"@type\":\"Person\",\"@id\":\"https:\\\/\\\/santapola.es\\\/ca\\\/#\\\/schema\\\/person\\\/ad1d67403707b58350c7be5e8dbc442d\",\"name\":\"Jos\u00e9 Juan L\u00f3pez Lafuente\"}]}<\/script>\n<!-- \/ Yoast SEO plugin. -->","yoast_head_json":{"title":"El talent jove de Santa Pola rep un reconeixement p\u00fablic en la gala Jovens Amb Valors 2025 - Ajuntament de Santa Pola","robots":{"index":"index","follow":"follow","max-snippet":"max-snippet:-1","max-image-preview":"max-image-preview:large","max-video-preview":"max-video-preview:-1"},"canonical":"https:\/\/santapola.es\/ca\/el-talent-jove-de-santa-pola-rep-un-reconeixement-public-en-la-gala-jovens-amb-valors-2025\/","og_locale":"ca_ES","og_type":"article","og_title":"El talent jove de Santa Pola rep un reconeixement p\u00fablic en la gala Jovens Amb Valors 2025 - Ajuntament de Santa Pola","og_description":"La Regidoria de Joventut entrega deu guardons a personatges del m\u00f3n de la cultura, l&#8217;esport, el rendiment acad\u00e8mic, l&#8217;emprenedoria, la ci\u00e8ncia o les humanitats en una nova edici\u00f3 de la gala Jovens Amb Valors. El Castell Fortalesa va ser anit l&#8217;escenari idoni en el dia en qu\u00e8 la joventut santapolera cobra major protagonisme, prop de [&hellip;]","og_url":"https:\/\/santapola.es\/ca\/el-talent-jove-de-santa-pola-rep-un-reconeixement-public-en-la-gala-jovens-amb-valors-2025\/","og_site_name":"Ajuntament de Santa Pola","article_publisher":"https:\/\/www.facebook.com\/AyuntamientoSantaPola\/","article_published_time":"2025-08-07T11:30:01+00:00","article_modified_time":"2025-08-07T11:33:51+00:00","og_image":[{"width":1920,"height":1079,"url":"https:\/\/santapola.es\/wp-content\/uploads\/2025\/08\/RSPMEDIA-017-06082025.jpg","type":"image\/jpeg"}],"author":"Jos\u00e9 Juan L\u00f3pez Lafuente","twitter_card":"summary_large_image","twitter_creator":"@SantaPolaAyunt","twitter_site":"@SantaPolaAyunt","schema":{"@context":"https:\/\/schema.org","@graph":[{"@type":"Article","@id":"https:\/\/santapola.es\/ca\/el-talent-jove-de-santa-pola-rep-un-reconeixement-public-en-la-gala-jovens-amb-valors-2025\/#article","isPartOf":{"@id":"https:\/\/santapola.es\/ca\/el-talent-jove-de-santa-pola-rep-un-reconeixement-public-en-la-gala-jovens-amb-valors-2025\/"},"author":{"name":"Jos\u00e9 Juan L\u00f3pez Lafuente","@id":"https:\/\/santapola.es\/ca\/#\/schema\/person\/ad1d67403707b58350c7be5e8dbc442d"},"headline":"El talent jove de Santa Pola rep un reconeixement p\u00fablic en la gala Jovens Amb Valors 2025","datePublished":"2025-08-07T11:30:01+00:00","dateModified":"2025-08-07T11:33:51+00:00","mainEntityOfPage":{"@id":"https:\/\/santapola.es\/ca\/el-talent-jove-de-santa-pola-rep-un-reconeixement-public-en-la-gala-jovens-amb-valors-2025\/"},"wordCount":875,"image":{"@id":"https:\/\/santapola.es\/ca\/el-talent-jove-de-santa-pola-rep-un-reconeixement-public-en-la-gala-jovens-amb-valors-2025\/#primaryimage"},"thumbnailUrl":"https:\/\/santapola.es\/wp-content\/uploads\/2025\/08\/RSPMEDIA-017-06082025.jpg","keywords":["Joaqu\u00edn Lozano","Jovens amb Valors","Rac\u00f3 Jove"],"articleSection":["Joventut"],"inLanguage":"ca"},{"@type":"WebPage","@id":"https:\/\/santapola.es\/ca\/el-talent-jove-de-santa-pola-rep-un-reconeixement-public-en-la-gala-jovens-amb-valors-2025\/","url":"https:\/\/santapola.es\/ca\/el-talent-jove-de-santa-pola-rep-un-reconeixement-public-en-la-gala-jovens-amb-valors-2025\/","name":"El talent jove de Santa Pola rep un reconeixement p\u00fablic en la gala Jovens Amb Valors 2025 - Ajuntament de Santa Pola","isPartOf":{"@id":"https:\/\/santapola.es\/ca\/#website"},"primaryImageOfPage":{"@id":"https:\/\/santapola.es\/ca\/el-talent-jove-de-santa-pola-rep-un-reconeixement-public-en-la-gala-jovens-amb-valors-2025\/#primaryimage"},"image":{"@id":"https:\/\/santapola.es\/ca\/el-talent-jove-de-santa-pola-rep-un-reconeixement-public-en-la-gala-jovens-amb-valors-2025\/#primaryimage"},"thumbnailUrl":"https:\/\/santapola.es\/wp-content\/uploads\/2025\/08\/RSPMEDIA-017-06082025.jpg","datePublished":"2025-08-07T11:30:01+00:00","dateModified":"2025-08-07T11:33:51+00:00","author":{"@id":"https:\/\/santapola.es\/ca\/#\/schema\/person\/ad1d67403707b58350c7be5e8dbc442d"},"breadcrumb":{"@id":"https:\/\/santapola.es\/ca\/el-talent-jove-de-santa-pola-rep-un-reconeixement-public-en-la-gala-jovens-amb-valors-2025\/#breadcrumb"},"inLanguage":"ca","potentialAction":[{"@type":"ReadAction","target":["https:\/\/santapola.es\/ca\/el-talent-jove-de-santa-pola-rep-un-reconeixement-public-en-la-gala-jovens-amb-valors-2025\/"]}]},{"@type":"ImageObject","inLanguage":"ca","@id":"https:\/\/santapola.es\/ca\/el-talent-jove-de-santa-pola-rep-un-reconeixement-public-en-la-gala-jovens-amb-valors-2025\/#primaryimage","url":"https:\/\/santapola.es\/wp-content\/uploads\/2025\/08\/RSPMEDIA-017-06082025.jpg","contentUrl":"https:\/\/santapola.es\/wp-content\/uploads\/2025\/08\/RSPMEDIA-017-06082025.jpg","width":1920,"height":1079},{"@type":"BreadcrumbList","@id":"https:\/\/santapola.es\/ca\/el-talent-jove-de-santa-pola-rep-un-reconeixement-public-en-la-gala-jovens-amb-valors-2025\/#breadcrumb","itemListElement":[{"@type":"ListItem","position":1,"name":"Inici","item":"https:\/\/santapola.es\/ca\/"},{"@type":"ListItem","position":2,"name":"El talent jove de Santa Pola rep un reconeixement p\u00fablic en la gala Jovens Amb Valors 2025"}]},{"@type":"WebSite","@id":"https:\/\/santapola.es\/ca\/#website","url":"https:\/\/santapola.es\/ca\/","name":"Ayuntamiento de Santa Pola","description":"Web de l'Ajuntament de Santa Pola","potentialAction":[{"@type":"SearchAction","target":{"@type":"EntryPoint","urlTemplate":"https:\/\/santapola.es\/ca\/?s={search_term_string}"},"query-input":{"@type":"PropertyValueSpecification","valueRequired":true,"valueName":"search_term_string"}}],"inLanguage":"ca"},{"@type":"Person","@id":"https:\/\/santapola.es\/ca\/#\/schema\/person\/ad1d67403707b58350c7be5e8dbc442d","name":"Jos\u00e9 Juan L\u00f3pez Lafuente"}]}},"_links":{"self":[{"href":"https:\/\/santapola.es\/ca\/wp-json\/wp\/v2\/posts\/45286","targetHints":{"allow":["GET"]}}],"collection":[{"href":"https:\/\/santapola.es\/ca\/wp-json\/wp\/v2\/posts"}],"about":[{"href":"https:\/\/santapola.es\/ca\/wp-json\/wp\/v2\/types\/post"}],"author":[{"embeddable":true,"href":"https:\/\/santapola.es\/ca\/wp-json\/wp\/v2\/users\/96"}],"replies":[{"embeddable":true,"href":"https:\/\/santapola.es\/ca\/wp-json\/wp\/v2\/comments?post=45286"}],"version-history":[{"count":0,"href":"https:\/\/santapola.es\/ca\/wp-json\/wp\/v2\/posts\/45286\/revisions"}],"wp:featuredmedia":[{"embeddable":true,"href":"https:\/\/santapola.es\/ca\/wp-json\/wp\/v2\/media\/45284"}],"wp:attachment":[{"href":"https:\/\/santapola.es\/ca\/wp-json\/wp\/v2\/media?parent=45286"}],"wp:term":[{"taxonomy":"category","embeddable":true,"href":"https:\/\/santapola.es\/ca\/wp-json\/wp\/v2\/categories?post=45286"},{"taxonomy":"post_tag","embeddable":true,"href":"https:\/\/santapola.es\/ca\/wp-json\/wp\/v2\/tags?post=45286"}],"curies":[{"name":"wp","href":"https:\/\/api.w.org\/{rel}","templated":true}]}}