{"id":45133,"date":"2025-08-01T14:25:35","date_gmt":"2025-08-01T12:25:35","guid":{"rendered":"https:\/\/santapola.es\/?p=45133"},"modified":"2025-08-01T14:35:58","modified_gmt":"2025-08-01T12:35:58","slug":"cuatro-agentes-de-la-policia-local-de-santa-pola-reciben-la-felicitacion-publica-por-su-actuacion-voluntaria-durante-la-dana","status":"publish","type":"post","link":"https:\/\/santapola.es\/ca\/cuatro-agentes-de-la-policia-local-de-santa-pola-reciben-la-felicitacion-publica-por-su-actuacion-voluntaria-durante-la-dana\/","title":{"rendered":"Cuatro agentes de la Polic\u00eda Local de Santa Pola reciben la felicitaci\u00f3n p\u00fablica por desmantelar un punto de venta ilegal de sustancias"},"content":{"rendered":"<p><b>En el pleno ordinario de julio se dio cuenta de la felicitaci\u00f3n de la Agencia Valenciana de Seguridad y Respuesta a las Emergencias, se renov\u00f3 a Mar\u00eda Jos\u00e9 G\u00f3mez Polo como Jueza de Paz y se aprobaron por unanimidad los cat\u00e1logos de funcionarios y personal laboral para 2025.<\/b><\/p>\n<p><span style=\"font-weight: 400;\">Entre los puntos tratados en el pleno ordinario de julio cabe destacar la aprobaci\u00f3n por unanimidad de reelegir a Mar\u00eda Jos\u00e9 G\u00f3mez Polo como Jueza de Paz titular, la daci\u00f3n de cuenta de la declaraci\u00f3n de Fiestas de Inter\u00e9s Tur\u00edstico de la Comunitat Valenciana para las Fiestas Patronales y de Moros y Cristianos en honor a la Virgen de Loreto.\u00a0<\/span><\/p>\n<p><span style=\"font-weight: 400;\">En el cap\u00edtulo de personal hubo consenso general para aprobar los cat\u00e1logos de puestos de trabajo de funcionarios y personal laboral para la plantilla municipal de 2025, as\u00ed como una modificaci\u00f3n sobre los criterios de valoraci\u00f3n de productividad en los derechos y deberes retributivos del personal del Ayuntamiento.<\/span><\/p>\n<p><span style=\"font-weight: 400;\">Tambi\u00e9n se dio cuenta de la concesi\u00f3n por parte de la Agencia Valenciana de Seguridad y Respuesta a las Emergencias (AVSRE) de felicitaci\u00f3n p\u00fablica a t\u00edtulo individual a cuatro miembros del Cuerpo de la Polic\u00eda Local de Santa Pola por su actuaci\u00f3n al identificar un punto de venta ilegal de sustancias en pleno centro urbano, deteniendo al presunto responsable por un delito contra la salud p\u00fablica por tr\u00e1fico de drogas.<\/span><\/p>\n<p><iframe loading=\"lazy\" title=\"PLENO ORDINARIO AYTO SANTA POLA | 31 JULIO 2025\" width=\"1080\" height=\"608\" src=\"https:\/\/www.youtube.com\/embed\/ni28C8CMHpE?feature=oembed\"  allow=\"accelerometer; autoplay; clipboard-write; encrypted-media; gyroscope; picture-in-picture; web-share\" referrerpolicy=\"strict-origin-when-cross-origin\" allowfullscreen><\/iframe><\/p>\n<p><b>Mociones pol\u00edticas<\/b><\/p>\n<p><span style=\"font-weight: 400;\">Se aprob\u00f3 por unanimidad una moci\u00f3n presentada por Vox, y consensuada con el resto de grupos, para la defensa del sector pesquero y el rechazo a las pol\u00edticas de reducci\u00f3n dr\u00e1stica de d\u00edas de pesca de arrastre impuestas por la Comisi\u00f3n Europea.<\/span><\/p>\n<p><span style=\"font-weight: 400;\">Tambi\u00e9n se aprob\u00f3, esta vez por mayor\u00eda con la abstenci\u00f3n de Vox, una moci\u00f3n del Grupo Socialista contra los discursos de odio y criminalizaci\u00f3n de la inmigraci\u00f3n.\u00a0<\/span><\/p>\n<p><span style=\"font-weight: 400;\">Por otro lado, dos mociones de M\u00e9s Santa Pola fueron rechazadas con mayor\u00eda de votos negativos de los grupos Popular y Vox, y tan solo secundadas por los socialistas: la de rechazo a la ley de la Generalitat Valenciana 3\/2025, de 22 de mayo, de protecci\u00f3n y ordenaci\u00f3n de la costa valenciana, as\u00ed como otra para la prevenci\u00f3n y lucha contra la corrupci\u00f3n en las instituciones p\u00fablicas, en este caso por no estar de acuerdo con la redacci\u00f3n presentada.<\/span><\/p>\n","protected":false},"excerpt":{"rendered":"<p>En el pleno ordinario de julio se dio cuenta de la felicitaci\u00f3n de la Agencia Valenciana de Seguridad y Respuesta a las Emergencias, se renov\u00f3 a Mar\u00eda Jos\u00e9 G\u00f3mez Polo como Jueza de Paz y se aprobaron por unanimidad los cat\u00e1logos de funcionarios y personal laboral para 2025. Entre los puntos tratados en el pleno [&hellip;]<\/p>\n","protected":false},"author":96,"featured_media":45138,"comment_status":"closed","ping_status":"closed","sticky":false,"template":"","format":"standard","meta":{"_et_pb_use_builder":"","_et_pb_old_content":"","_et_gb_content_width":"","footnotes":""},"categories":[100],"tags":[1341,248],"class_list":["post-45133","post","type-post","status-publish","format-standard","has-post-thumbnail","hentry","category-plenos","tag-pleno","tag-policia-local"],"yoast_head":"<!-- This site is optimized with the Yoast SEO plugin v27.4 - https:\/\/yoast.com\/product\/yoast-seo-wordpress\/ -->\n<title>Cuatro agentes de la Polic\u00eda Local de Santa Pola reciben la felicitaci\u00f3n p\u00fablica por desmantelar un punto de venta ilegal de sustancias - Ajuntament de Santa Pola<\/title>\n<meta name=\"robots\" content=\"index, follow, max-snippet:-1, max-image-preview:large, max-video-preview:-1\" \/>\n<link rel=\"canonical\" href=\"https:\/\/santapola.es\/ca\/cuatro-agentes-de-la-policia-local-de-santa-pola-reciben-la-felicitacion-publica-por-su-actuacion-voluntaria-durante-la-dana\/\" \/>\n<meta property=\"og:locale\" content=\"ca_ES\" \/>\n<meta property=\"og:type\" content=\"article\" \/>\n<meta property=\"og:title\" content=\"Cuatro agentes de la Polic\u00eda Local de Santa Pola reciben la felicitaci\u00f3n p\u00fablica por desmantelar un punto de venta ilegal de sustancias - Ajuntament de Santa Pola\" \/>\n<meta property=\"og:description\" content=\"En el pleno ordinario de julio se dio cuenta de la felicitaci\u00f3n de la Agencia Valenciana de Seguridad y Respuesta a las Emergencias, se renov\u00f3 a Mar\u00eda Jos\u00e9 G\u00f3mez Polo como Jueza de Paz y se aprobaron por unanimidad los cat\u00e1logos de funcionarios y personal laboral para 2025. Entre los puntos tratados en el pleno [&hellip;]\" \/>\n<meta property=\"og:url\" content=\"https:\/\/santapola.es\/ca\/cuatro-agentes-de-la-policia-local-de-santa-pola-reciben-la-felicitacion-publica-por-su-actuacion-voluntaria-durante-la-dana\/\" \/>\n<meta property=\"og:site_name\" content=\"Ajuntament de Santa Pola\" \/>\n<meta property=\"article:publisher\" content=\"https:\/\/www.facebook.com\/AyuntamientoSantaPola\/\" \/>\n<meta property=\"article:published_time\" content=\"2025-08-01T12:25:35+00:00\" \/>\n<meta property=\"article:modified_time\" content=\"2025-08-01T12:35:58+00:00\" \/>\n<meta property=\"og:image\" content=\"https:\/\/santapola.es\/wp-content\/uploads\/2025\/08\/2025-08-01-pleno.jpg\" \/>\n\t<meta property=\"og:image:width\" content=\"1920\" \/>\n\t<meta property=\"og:image:height\" content=\"1079\" \/>\n\t<meta property=\"og:image:type\" content=\"image\/jpeg\" \/>\n<meta name=\"author\" content=\"Jos\u00e9 Juan L\u00f3pez Lafuente\" \/>\n<meta name=\"twitter:card\" content=\"summary_large_image\" \/>\n<meta name=\"twitter:creator\" content=\"@SantaPolaAyunt\" \/>\n<meta name=\"twitter:site\" content=\"@SantaPolaAyunt\" \/>\n<script type=\"application\/ld+json\" class=\"yoast-schema-graph\">{\"@context\":\"https:\\\/\\\/schema.org\",\"@graph\":[{\"@type\":\"Article\",\"@id\":\"https:\\\/\\\/santapola.es\\\/ca\\\/cuatro-agentes-de-la-policia-local-de-santa-pola-reciben-la-felicitacion-publica-por-su-actuacion-voluntaria-durante-la-dana\\\/#article\",\"isPartOf\":{\"@id\":\"https:\\\/\\\/santapola.es\\\/ca\\\/cuatro-agentes-de-la-policia-local-de-santa-pola-reciben-la-felicitacion-publica-por-su-actuacion-voluntaria-durante-la-dana\\\/\"},\"author\":{\"name\":\"Jos\u00e9 Juan L\u00f3pez Lafuente\",\"@id\":\"https:\\\/\\\/santapola.es\\\/ca\\\/#\\\/schema\\\/person\\\/ad1d67403707b58350c7be5e8dbc442d\"},\"headline\":\"Cuatro agentes de la Polic\u00eda Local de Santa Pola reciben la felicitaci\u00f3n p\u00fablica por desmantelar un punto de venta ilegal de sustancias\",\"datePublished\":\"2025-08-01T12:25:35+00:00\",\"dateModified\":\"2025-08-01T12:35:58+00:00\",\"mainEntityOfPage\":{\"@id\":\"https:\\\/\\\/santapola.es\\\/ca\\\/cuatro-agentes-de-la-policia-local-de-santa-pola-reciben-la-felicitacion-publica-por-su-actuacion-voluntaria-durante-la-dana\\\/\"},\"wordCount\":451,\"image\":{\"@id\":\"https:\\\/\\\/santapola.es\\\/ca\\\/cuatro-agentes-de-la-policia-local-de-santa-pola-reciben-la-felicitacion-publica-por-su-actuacion-voluntaria-durante-la-dana\\\/#primaryimage\"},\"thumbnailUrl\":\"https:\\\/\\\/santapola.es\\\/wp-content\\\/uploads\\\/2025\\\/08\\\/2025-08-01-pleno.jpg\",\"keywords\":[\"pleno\",\"Polic\u00eda Local\"],\"articleSection\":[\"Plenos\"],\"inLanguage\":\"ca\"},{\"@type\":\"WebPage\",\"@id\":\"https:\\\/\\\/santapola.es\\\/ca\\\/cuatro-agentes-de-la-policia-local-de-santa-pola-reciben-la-felicitacion-publica-por-su-actuacion-voluntaria-durante-la-dana\\\/\",\"url\":\"https:\\\/\\\/santapola.es\\\/ca\\\/cuatro-agentes-de-la-policia-local-de-santa-pola-reciben-la-felicitacion-publica-por-su-actuacion-voluntaria-durante-la-dana\\\/\",\"name\":\"Cuatro agentes de la Polic\u00eda Local de Santa Pola reciben la felicitaci\u00f3n p\u00fablica por desmantelar un punto de venta ilegal de sustancias - Ajuntament de Santa Pola\",\"isPartOf\":{\"@id\":\"https:\\\/\\\/santapola.es\\\/ca\\\/#website\"},\"primaryImageOfPage\":{\"@id\":\"https:\\\/\\\/santapola.es\\\/ca\\\/cuatro-agentes-de-la-policia-local-de-santa-pola-reciben-la-felicitacion-publica-por-su-actuacion-voluntaria-durante-la-dana\\\/#primaryimage\"},\"image\":{\"@id\":\"https:\\\/\\\/santapola.es\\\/ca\\\/cuatro-agentes-de-la-policia-local-de-santa-pola-reciben-la-felicitacion-publica-por-su-actuacion-voluntaria-durante-la-dana\\\/#primaryimage\"},\"thumbnailUrl\":\"https:\\\/\\\/santapola.es\\\/wp-content\\\/uploads\\\/2025\\\/08\\\/2025-08-01-pleno.jpg\",\"datePublished\":\"2025-08-01T12:25:35+00:00\",\"dateModified\":\"2025-08-01T12:35:58+00:00\",\"author\":{\"@id\":\"https:\\\/\\\/santapola.es\\\/ca\\\/#\\\/schema\\\/person\\\/ad1d67403707b58350c7be5e8dbc442d\"},\"breadcrumb\":{\"@id\":\"https:\\\/\\\/santapola.es\\\/ca\\\/cuatro-agentes-de-la-policia-local-de-santa-pola-reciben-la-felicitacion-publica-por-su-actuacion-voluntaria-durante-la-dana\\\/#breadcrumb\"},\"inLanguage\":\"ca\",\"potentialAction\":[{\"@type\":\"ReadAction\",\"target\":[\"https:\\\/\\\/santapola.es\\\/ca\\\/cuatro-agentes-de-la-policia-local-de-santa-pola-reciben-la-felicitacion-publica-por-su-actuacion-voluntaria-durante-la-dana\\\/\"]}]},{\"@type\":\"ImageObject\",\"inLanguage\":\"ca\",\"@id\":\"https:\\\/\\\/santapola.es\\\/ca\\\/cuatro-agentes-de-la-policia-local-de-santa-pola-reciben-la-felicitacion-publica-por-su-actuacion-voluntaria-durante-la-dana\\\/#primaryimage\",\"url\":\"https:\\\/\\\/santapola.es\\\/wp-content\\\/uploads\\\/2025\\\/08\\\/2025-08-01-pleno.jpg\",\"contentUrl\":\"https:\\\/\\\/santapola.es\\\/wp-content\\\/uploads\\\/2025\\\/08\\\/2025-08-01-pleno.jpg\",\"width\":1920,\"height\":1079},{\"@type\":\"BreadcrumbList\",\"@id\":\"https:\\\/\\\/santapola.es\\\/ca\\\/cuatro-agentes-de-la-policia-local-de-santa-pola-reciben-la-felicitacion-publica-por-su-actuacion-voluntaria-durante-la-dana\\\/#breadcrumb\",\"itemListElement\":[{\"@type\":\"ListItem\",\"position\":1,\"name\":\"Inici\",\"item\":\"https:\\\/\\\/santapola.es\\\/ca\\\/\"},{\"@type\":\"ListItem\",\"position\":2,\"name\":\"Cuatro agentes de la Polic\u00eda Local de Santa Pola reciben la felicitaci\u00f3n p\u00fablica por desmantelar un punto de venta ilegal de sustancias\"}]},{\"@type\":\"WebSite\",\"@id\":\"https:\\\/\\\/santapola.es\\\/ca\\\/#website\",\"url\":\"https:\\\/\\\/santapola.es\\\/ca\\\/\",\"name\":\"Ayuntamiento de Santa Pola\",\"description\":\"Web de l'Ajuntament de Santa Pola\",\"potentialAction\":[{\"@type\":\"SearchAction\",\"target\":{\"@type\":\"EntryPoint\",\"urlTemplate\":\"https:\\\/\\\/santapola.es\\\/ca\\\/?s={search_term_string}\"},\"query-input\":{\"@type\":\"PropertyValueSpecification\",\"valueRequired\":true,\"valueName\":\"search_term_string\"}}],\"inLanguage\":\"ca\"},{\"@type\":\"Person\",\"@id\":\"https:\\\/\\\/santapola.es\\\/ca\\\/#\\\/schema\\\/person\\\/ad1d67403707b58350c7be5e8dbc442d\",\"name\":\"Jos\u00e9 Juan L\u00f3pez Lafuente\"}]}<\/script>\n<!-- \/ Yoast SEO plugin. -->","yoast_head_json":{"title":"Cuatro agentes de la Polic\u00eda Local de Santa Pola reciben la felicitaci\u00f3n p\u00fablica por desmantelar un punto de venta ilegal de sustancias - Ajuntament de Santa Pola","robots":{"index":"index","follow":"follow","max-snippet":"max-snippet:-1","max-image-preview":"max-image-preview:large","max-video-preview":"max-video-preview:-1"},"canonical":"https:\/\/santapola.es\/ca\/cuatro-agentes-de-la-policia-local-de-santa-pola-reciben-la-felicitacion-publica-por-su-actuacion-voluntaria-durante-la-dana\/","og_locale":"ca_ES","og_type":"article","og_title":"Cuatro agentes de la Polic\u00eda Local de Santa Pola reciben la felicitaci\u00f3n p\u00fablica por desmantelar un punto de venta ilegal de sustancias - Ajuntament de Santa Pola","og_description":"En el pleno ordinario de julio se dio cuenta de la felicitaci\u00f3n de la Agencia Valenciana de Seguridad y Respuesta a las Emergencias, se renov\u00f3 a Mar\u00eda Jos\u00e9 G\u00f3mez Polo como Jueza de Paz y se aprobaron por unanimidad los cat\u00e1logos de funcionarios y personal laboral para 2025. Entre los puntos tratados en el pleno [&hellip;]","og_url":"https:\/\/santapola.es\/ca\/cuatro-agentes-de-la-policia-local-de-santa-pola-reciben-la-felicitacion-publica-por-su-actuacion-voluntaria-durante-la-dana\/","og_site_name":"Ajuntament de Santa Pola","article_publisher":"https:\/\/www.facebook.com\/AyuntamientoSantaPola\/","article_published_time":"2025-08-01T12:25:35+00:00","article_modified_time":"2025-08-01T12:35:58+00:00","og_image":[{"width":1920,"height":1079,"url":"https:\/\/santapola.es\/wp-content\/uploads\/2025\/08\/2025-08-01-pleno.jpg","type":"image\/jpeg"}],"author":"Jos\u00e9 Juan L\u00f3pez Lafuente","twitter_card":"summary_large_image","twitter_creator":"@SantaPolaAyunt","twitter_site":"@SantaPolaAyunt","schema":{"@context":"https:\/\/schema.org","@graph":[{"@type":"Article","@id":"https:\/\/santapola.es\/ca\/cuatro-agentes-de-la-policia-local-de-santa-pola-reciben-la-felicitacion-publica-por-su-actuacion-voluntaria-durante-la-dana\/#article","isPartOf":{"@id":"https:\/\/santapola.es\/ca\/cuatro-agentes-de-la-policia-local-de-santa-pola-reciben-la-felicitacion-publica-por-su-actuacion-voluntaria-durante-la-dana\/"},"author":{"name":"Jos\u00e9 Juan L\u00f3pez Lafuente","@id":"https:\/\/santapola.es\/ca\/#\/schema\/person\/ad1d67403707b58350c7be5e8dbc442d"},"headline":"Cuatro agentes de la Polic\u00eda Local de Santa Pola reciben la felicitaci\u00f3n p\u00fablica por desmantelar un punto de venta ilegal de sustancias","datePublished":"2025-08-01T12:25:35+00:00","dateModified":"2025-08-01T12:35:58+00:00","mainEntityOfPage":{"@id":"https:\/\/santapola.es\/ca\/cuatro-agentes-de-la-policia-local-de-santa-pola-reciben-la-felicitacion-publica-por-su-actuacion-voluntaria-durante-la-dana\/"},"wordCount":451,"image":{"@id":"https:\/\/santapola.es\/ca\/cuatro-agentes-de-la-policia-local-de-santa-pola-reciben-la-felicitacion-publica-por-su-actuacion-voluntaria-durante-la-dana\/#primaryimage"},"thumbnailUrl":"https:\/\/santapola.es\/wp-content\/uploads\/2025\/08\/2025-08-01-pleno.jpg","keywords":["pleno","Polic\u00eda Local"],"articleSection":["Plenos"],"inLanguage":"ca"},{"@type":"WebPage","@id":"https:\/\/santapola.es\/ca\/cuatro-agentes-de-la-policia-local-de-santa-pola-reciben-la-felicitacion-publica-por-su-actuacion-voluntaria-durante-la-dana\/","url":"https:\/\/santapola.es\/ca\/cuatro-agentes-de-la-policia-local-de-santa-pola-reciben-la-felicitacion-publica-por-su-actuacion-voluntaria-durante-la-dana\/","name":"Cuatro agentes de la Polic\u00eda Local de Santa Pola reciben la felicitaci\u00f3n p\u00fablica por desmantelar un punto de venta ilegal de sustancias - Ajuntament de Santa Pola","isPartOf":{"@id":"https:\/\/santapola.es\/ca\/#website"},"primaryImageOfPage":{"@id":"https:\/\/santapola.es\/ca\/cuatro-agentes-de-la-policia-local-de-santa-pola-reciben-la-felicitacion-publica-por-su-actuacion-voluntaria-durante-la-dana\/#primaryimage"},"image":{"@id":"https:\/\/santapola.es\/ca\/cuatro-agentes-de-la-policia-local-de-santa-pola-reciben-la-felicitacion-publica-por-su-actuacion-voluntaria-durante-la-dana\/#primaryimage"},"thumbnailUrl":"https:\/\/santapola.es\/wp-content\/uploads\/2025\/08\/2025-08-01-pleno.jpg","datePublished":"2025-08-01T12:25:35+00:00","dateModified":"2025-08-01T12:35:58+00:00","author":{"@id":"https:\/\/santapola.es\/ca\/#\/schema\/person\/ad1d67403707b58350c7be5e8dbc442d"},"breadcrumb":{"@id":"https:\/\/santapola.es\/ca\/cuatro-agentes-de-la-policia-local-de-santa-pola-reciben-la-felicitacion-publica-por-su-actuacion-voluntaria-durante-la-dana\/#breadcrumb"},"inLanguage":"ca","potentialAction":[{"@type":"ReadAction","target":["https:\/\/santapola.es\/ca\/cuatro-agentes-de-la-policia-local-de-santa-pola-reciben-la-felicitacion-publica-por-su-actuacion-voluntaria-durante-la-dana\/"]}]},{"@type":"ImageObject","inLanguage":"ca","@id":"https:\/\/santapola.es\/ca\/cuatro-agentes-de-la-policia-local-de-santa-pola-reciben-la-felicitacion-publica-por-su-actuacion-voluntaria-durante-la-dana\/#primaryimage","url":"https:\/\/santapola.es\/wp-content\/uploads\/2025\/08\/2025-08-01-pleno.jpg","contentUrl":"https:\/\/santapola.es\/wp-content\/uploads\/2025\/08\/2025-08-01-pleno.jpg","width":1920,"height":1079},{"@type":"BreadcrumbList","@id":"https:\/\/santapola.es\/ca\/cuatro-agentes-de-la-policia-local-de-santa-pola-reciben-la-felicitacion-publica-por-su-actuacion-voluntaria-durante-la-dana\/#breadcrumb","itemListElement":[{"@type":"ListItem","position":1,"name":"Inici","item":"https:\/\/santapola.es\/ca\/"},{"@type":"ListItem","position":2,"name":"Cuatro agentes de la Polic\u00eda Local de Santa Pola reciben la felicitaci\u00f3n p\u00fablica por desmantelar un punto de venta ilegal de sustancias"}]},{"@type":"WebSite","@id":"https:\/\/santapola.es\/ca\/#website","url":"https:\/\/santapola.es\/ca\/","name":"Ayuntamiento de Santa Pola","description":"Web de l'Ajuntament de Santa Pola","potentialAction":[{"@type":"SearchAction","target":{"@type":"EntryPoint","urlTemplate":"https:\/\/santapola.es\/ca\/?s={search_term_string}"},"query-input":{"@type":"PropertyValueSpecification","valueRequired":true,"valueName":"search_term_string"}}],"inLanguage":"ca"},{"@type":"Person","@id":"https:\/\/santapola.es\/ca\/#\/schema\/person\/ad1d67403707b58350c7be5e8dbc442d","name":"Jos\u00e9 Juan L\u00f3pez Lafuente"}]}},"_links":{"self":[{"href":"https:\/\/santapola.es\/ca\/wp-json\/wp\/v2\/posts\/45133","targetHints":{"allow":["GET"]}}],"collection":[{"href":"https:\/\/santapola.es\/ca\/wp-json\/wp\/v2\/posts"}],"about":[{"href":"https:\/\/santapola.es\/ca\/wp-json\/wp\/v2\/types\/post"}],"author":[{"embeddable":true,"href":"https:\/\/santapola.es\/ca\/wp-json\/wp\/v2\/users\/96"}],"replies":[{"embeddable":true,"href":"https:\/\/santapola.es\/ca\/wp-json\/wp\/v2\/comments?post=45133"}],"version-history":[{"count":0,"href":"https:\/\/santapola.es\/ca\/wp-json\/wp\/v2\/posts\/45133\/revisions"}],"wp:featuredmedia":[{"embeddable":true,"href":"https:\/\/santapola.es\/ca\/wp-json\/wp\/v2\/media\/45138"}],"wp:attachment":[{"href":"https:\/\/santapola.es\/ca\/wp-json\/wp\/v2\/media?parent=45133"}],"wp:term":[{"taxonomy":"category","embeddable":true,"href":"https:\/\/santapola.es\/ca\/wp-json\/wp\/v2\/categories?post=45133"},{"taxonomy":"post_tag","embeddable":true,"href":"https:\/\/santapola.es\/ca\/wp-json\/wp\/v2\/tags?post=45133"}],"curies":[{"name":"wp","href":"https:\/\/api.w.org\/{rel}","templated":true}]}}