{"id":45072,"date":"2025-07-30T11:20:47","date_gmt":"2025-07-30T09:20:47","guid":{"rendered":"https:\/\/santapola.es\/?p=45072"},"modified":"2025-07-30T11:22:48","modified_gmt":"2025-07-30T09:22:48","slug":"a-lespera-de-permis-per-a-retirar-tones-darribatge-de-posidonia-en-les-cales-sota-el-cap-de-santa-pola","status":"publish","type":"post","link":"https:\/\/santapola.es\/ca\/a-lespera-de-permis-per-a-retirar-tones-darribatge-de-posidonia-en-les-cales-sota-el-cap-de-santa-pola\/","title":{"rendered":"A l&#8217;espera de perm\u00eds per a retirar tones d&#8217;arribatge de posid\u00f2nia en les cales sota el Cap de Santa Pola"},"content":{"rendered":"<p><strong>Els arribatges no es poden retirar de les platges naturals en tot l&#8217;any, excepte autoritzaci\u00f3 de la Direcci\u00f3 General de Medi Natural i Animal per episodis extraordinaris com el temporal dels \u00faltims dies. L&#8217;Ajuntament ja ha sol\u00b7licitat el perm\u00eds i est\u00e0 a l&#8217;espera de contestaci\u00f3 per a retirar l&#8217;alga de les zones de bany.<\/strong><\/p>\n<p>La regidoria de Platges ha sol\u00b7licitat perm\u00eds a la Direcci\u00f3 General de Medi Natural i Animal perqu\u00e8 autoritze l&#8217;Ajuntament de Santa Pola a retirar la gran quantitat d&#8217;arribatge de posid\u00f2nia que s&#8217;ha acumulat a les platges naturals del municipi durant el temporal de llevant que es va produir en els \u00faltims dies.<\/p>\n<p>La llei impedix que els ajuntaments retiren els arribatges a les seues platges naturals durant els 365 dies de l&#8217;any, este \u00e9s el motiu pel qual des de la regidoria de Platges no es pot actuar sense un perm\u00eds especial de la conselleria.<\/p>\n<p><strong>Protecci\u00f3 de les platges<\/strong><\/p>\n<p>El manual de bones pr\u00e0ctiques per a la retirada de restes de posid\u00f2nia i seba, que dona compliment al Decret 64\/2022, de 20 de maig, del Consell de la Generalitat Valenciana, per a la conservaci\u00f3 de prades de faner\u00f2games marines en la Comunitat Valenciana, establix on, quan i com poden ser retirats els arribatges.<\/p>\n<p>L&#8217;arribada i deposici\u00f3 d&#8217;estes restes a platges i zones costaneres t\u00e9 un efecte positiu per a l&#8217;estabilitat de les platges, en actuar com una barrera natural contra l&#8217;erosi\u00f3 marina.<\/p>\n<p>Esta normativa impedix que els ajuntaments puguen retirar els arribatges a les platges catalogades com a naturals, fins i tot a les platges urbanes que es troben \u201cen situaci\u00f3 acusada de retroc\u00e9s de la l\u00ednia de costa, amb amples de platja inferiors a 10 metres\u201d.<\/p>\n<p><strong>Acumulacions en les cales sota el Cap<\/strong><\/p>\n<p>Les m\u00e9s afectades han sigut les cales de L&#8217;Ermita i del Bancal de l&#8217;Arena, sota el Cap de Santa Pola, per estar m\u00e9s exposades als vents de llevant. En elles s&#8217;han acumulat durant els \u00faltims dies tones d&#8217;arribatge de posid\u00f2nia oce\u00e0nica que dificulten als banyistes l&#8217;acc\u00e9s a la mar.<\/p>\n<p>El regidor de Platges, \u00c1ngel Piedecausa, ha explicat que \u201c\u00e9s necessari que els nostres residents i visitants siguen conscients que en cap \u00e8poca de l&#8217;any podem retirar l&#8217;alga de les ribes de les nostres platges naturals, ens el prohibix la llei perqu\u00e8 la barrera que forma la posid\u00f2nia protegix els arenals de l&#8217;acci\u00f3 dels temporals\u201d.<\/p>\n<p>\u201cTan sols quan es produ\u00efxen fen\u00f2mens extraordinaris, com el temporal que vam tindre en els \u00faltims dies, ens poden autoritzar si ho estimen convenient, per\u00f2 no ens queda m\u00e9s remei que esperar la seua contestaci\u00f3 per a poder actuar\u201d, va matisar l&#8217;edil.<\/p>\n<p>Els servicis municipals estan ara a l&#8217;espera de rebre la pertinent autoritzaci\u00f3 per a procedir a la retirada de les algues amb la m\u00e0xima celeritat possible. Donat el gran volum d&#8217;arribatge acumulat, s&#8217;estima que ser\u00e0 necessari completar la c\u00e0rrega de m\u00e9s de cent camions.<\/p>\n","protected":false},"excerpt":{"rendered":"<p>Els arribatges no es poden retirar de les platges naturals en tot l&#8217;any, excepte autoritzaci\u00f3 de la Direcci\u00f3 General de Medi Natural i Animal per episodis extraordinaris com el temporal dels \u00faltims dies. L&#8217;Ajuntament ja ha sol\u00b7licitat el perm\u00eds i est\u00e0 a l&#8217;espera de contestaci\u00f3 per a retirar l&#8217;alga de les zones de bany. La [&hellip;]<\/p>\n","protected":false},"author":96,"featured_media":45070,"comment_status":"closed","ping_status":"closed","sticky":false,"template":"","format":"standard","meta":{"_et_pb_use_builder":"","_et_pb_old_content":"","_et_gb_content_width":"","footnotes":""},"categories":[574],"tags":[581,1583,1584,1585],"class_list":["post-45072","post","type-post","status-publish","format-standard","has-post-thumbnail","hentry","category-platjes","tag-angel-piedecausa-ca","tag-cala-de-lermita","tag-cala-del-bancal-de-larena","tag-posidonia-ca"],"yoast_head":"<!-- This site is optimized with the Yoast SEO plugin v27.4 - https:\/\/yoast.com\/product\/yoast-seo-wordpress\/ -->\n<title>A l&#039;espera de perm\u00eds per a retirar tones d&#039;arribatge de posid\u00f2nia en les cales sota el Cap de Santa Pola - Ajuntament de Santa Pola<\/title>\n<meta name=\"robots\" content=\"index, follow, max-snippet:-1, max-image-preview:large, max-video-preview:-1\" \/>\n<link rel=\"canonical\" href=\"https:\/\/santapola.es\/ca\/a-lespera-de-permis-per-a-retirar-tones-darribatge-de-posidonia-en-les-cales-sota-el-cap-de-santa-pola\/\" \/>\n<meta property=\"og:locale\" content=\"ca_ES\" \/>\n<meta property=\"og:type\" content=\"article\" \/>\n<meta property=\"og:title\" content=\"A l&#039;espera de perm\u00eds per a retirar tones d&#039;arribatge de posid\u00f2nia en les cales sota el Cap de Santa Pola - Ajuntament de Santa Pola\" \/>\n<meta property=\"og:description\" content=\"Els arribatges no es poden retirar de les platges naturals en tot l&#8217;any, excepte autoritzaci\u00f3 de la Direcci\u00f3 General de Medi Natural i Animal per episodis extraordinaris com el temporal dels \u00faltims dies. L&#8217;Ajuntament ja ha sol\u00b7licitat el perm\u00eds i est\u00e0 a l&#8217;espera de contestaci\u00f3 per a retirar l&#8217;alga de les zones de bany. La [&hellip;]\" \/>\n<meta property=\"og:url\" content=\"https:\/\/santapola.es\/ca\/a-lespera-de-permis-per-a-retirar-tones-darribatge-de-posidonia-en-les-cales-sota-el-cap-de-santa-pola\/\" \/>\n<meta property=\"og:site_name\" content=\"Ajuntament de Santa Pola\" \/>\n<meta property=\"article:publisher\" content=\"https:\/\/www.facebook.com\/AyuntamientoSantaPola\/\" \/>\n<meta property=\"article:published_time\" content=\"2025-07-30T09:20:47+00:00\" \/>\n<meta property=\"article:modified_time\" content=\"2025-07-30T09:22:48+00:00\" \/>\n<meta property=\"og:image\" content=\"https:\/\/santapola.es\/wp-content\/uploads\/2025\/07\/2025-07-30-arribazones-1.jpeg\" \/>\n\t<meta property=\"og:image:width\" content=\"1920\" \/>\n\t<meta property=\"og:image:height\" content=\"1440\" \/>\n\t<meta property=\"og:image:type\" content=\"image\/jpeg\" \/>\n<meta name=\"author\" content=\"Jos\u00e9 Juan L\u00f3pez Lafuente\" \/>\n<meta name=\"twitter:card\" content=\"summary_large_image\" \/>\n<meta name=\"twitter:creator\" content=\"@SantaPolaAyunt\" \/>\n<meta name=\"twitter:site\" content=\"@SantaPolaAyunt\" \/>\n<script type=\"application\/ld+json\" class=\"yoast-schema-graph\">{\"@context\":\"https:\\\/\\\/schema.org\",\"@graph\":[{\"@type\":\"Article\",\"@id\":\"https:\\\/\\\/santapola.es\\\/ca\\\/a-lespera-de-permis-per-a-retirar-tones-darribatge-de-posidonia-en-les-cales-sota-el-cap-de-santa-pola\\\/#article\",\"isPartOf\":{\"@id\":\"https:\\\/\\\/santapola.es\\\/ca\\\/a-lespera-de-permis-per-a-retirar-tones-darribatge-de-posidonia-en-les-cales-sota-el-cap-de-santa-pola\\\/\"},\"author\":{\"name\":\"Jos\u00e9 Juan L\u00f3pez Lafuente\",\"@id\":\"https:\\\/\\\/santapola.es\\\/ca\\\/#\\\/schema\\\/person\\\/ad1d67403707b58350c7be5e8dbc442d\"},\"headline\":\"A l&#8217;espera de perm\u00eds per a retirar tones d&#8217;arribatge de posid\u00f2nia en les cales sota el Cap de Santa Pola\",\"datePublished\":\"2025-07-30T09:20:47+00:00\",\"dateModified\":\"2025-07-30T09:22:48+00:00\",\"mainEntityOfPage\":{\"@id\":\"https:\\\/\\\/santapola.es\\\/ca\\\/a-lespera-de-permis-per-a-retirar-tones-darribatge-de-posidonia-en-les-cales-sota-el-cap-de-santa-pola\\\/\"},\"wordCount\":545,\"image\":{\"@id\":\"https:\\\/\\\/santapola.es\\\/ca\\\/a-lespera-de-permis-per-a-retirar-tones-darribatge-de-posidonia-en-les-cales-sota-el-cap-de-santa-pola\\\/#primaryimage\"},\"thumbnailUrl\":\"https:\\\/\\\/santapola.es\\\/wp-content\\\/uploads\\\/2025\\\/07\\\/2025-07-30-arribazones-1.jpeg\",\"keywords\":[\"\u00c1ngel Piedecausa\",\"Cala de L'Ermita\",\"Cala del Bancal de L'Arena\",\"posidonia\"],\"articleSection\":[\"Platjes\"],\"inLanguage\":\"ca\"},{\"@type\":\"WebPage\",\"@id\":\"https:\\\/\\\/santapola.es\\\/ca\\\/a-lespera-de-permis-per-a-retirar-tones-darribatge-de-posidonia-en-les-cales-sota-el-cap-de-santa-pola\\\/\",\"url\":\"https:\\\/\\\/santapola.es\\\/ca\\\/a-lespera-de-permis-per-a-retirar-tones-darribatge-de-posidonia-en-les-cales-sota-el-cap-de-santa-pola\\\/\",\"name\":\"A l'espera de perm\u00eds per a retirar tones d'arribatge de posid\u00f2nia en les cales sota el Cap de Santa Pola - Ajuntament de Santa Pola\",\"isPartOf\":{\"@id\":\"https:\\\/\\\/santapola.es\\\/ca\\\/#website\"},\"primaryImageOfPage\":{\"@id\":\"https:\\\/\\\/santapola.es\\\/ca\\\/a-lespera-de-permis-per-a-retirar-tones-darribatge-de-posidonia-en-les-cales-sota-el-cap-de-santa-pola\\\/#primaryimage\"},\"image\":{\"@id\":\"https:\\\/\\\/santapola.es\\\/ca\\\/a-lespera-de-permis-per-a-retirar-tones-darribatge-de-posidonia-en-les-cales-sota-el-cap-de-santa-pola\\\/#primaryimage\"},\"thumbnailUrl\":\"https:\\\/\\\/santapola.es\\\/wp-content\\\/uploads\\\/2025\\\/07\\\/2025-07-30-arribazones-1.jpeg\",\"datePublished\":\"2025-07-30T09:20:47+00:00\",\"dateModified\":\"2025-07-30T09:22:48+00:00\",\"author\":{\"@id\":\"https:\\\/\\\/santapola.es\\\/ca\\\/#\\\/schema\\\/person\\\/ad1d67403707b58350c7be5e8dbc442d\"},\"breadcrumb\":{\"@id\":\"https:\\\/\\\/santapola.es\\\/ca\\\/a-lespera-de-permis-per-a-retirar-tones-darribatge-de-posidonia-en-les-cales-sota-el-cap-de-santa-pola\\\/#breadcrumb\"},\"inLanguage\":\"ca\",\"potentialAction\":[{\"@type\":\"ReadAction\",\"target\":[\"https:\\\/\\\/santapola.es\\\/ca\\\/a-lespera-de-permis-per-a-retirar-tones-darribatge-de-posidonia-en-les-cales-sota-el-cap-de-santa-pola\\\/\"]}]},{\"@type\":\"ImageObject\",\"inLanguage\":\"ca\",\"@id\":\"https:\\\/\\\/santapola.es\\\/ca\\\/a-lespera-de-permis-per-a-retirar-tones-darribatge-de-posidonia-en-les-cales-sota-el-cap-de-santa-pola\\\/#primaryimage\",\"url\":\"https:\\\/\\\/santapola.es\\\/wp-content\\\/uploads\\\/2025\\\/07\\\/2025-07-30-arribazones-1.jpeg\",\"contentUrl\":\"https:\\\/\\\/santapola.es\\\/wp-content\\\/uploads\\\/2025\\\/07\\\/2025-07-30-arribazones-1.jpeg\",\"width\":1920,\"height\":1440},{\"@type\":\"BreadcrumbList\",\"@id\":\"https:\\\/\\\/santapola.es\\\/ca\\\/a-lespera-de-permis-per-a-retirar-tones-darribatge-de-posidonia-en-les-cales-sota-el-cap-de-santa-pola\\\/#breadcrumb\",\"itemListElement\":[{\"@type\":\"ListItem\",\"position\":1,\"name\":\"Inici\",\"item\":\"https:\\\/\\\/santapola.es\\\/ca\\\/\"},{\"@type\":\"ListItem\",\"position\":2,\"name\":\"A l&#8217;espera de perm\u00eds per a retirar tones d&#8217;arribatge de posid\u00f2nia en les cales sota el Cap de Santa Pola\"}]},{\"@type\":\"WebSite\",\"@id\":\"https:\\\/\\\/santapola.es\\\/ca\\\/#website\",\"url\":\"https:\\\/\\\/santapola.es\\\/ca\\\/\",\"name\":\"Ayuntamiento de Santa Pola\",\"description\":\"Web de l'Ajuntament de Santa Pola\",\"potentialAction\":[{\"@type\":\"SearchAction\",\"target\":{\"@type\":\"EntryPoint\",\"urlTemplate\":\"https:\\\/\\\/santapola.es\\\/ca\\\/?s={search_term_string}\"},\"query-input\":{\"@type\":\"PropertyValueSpecification\",\"valueRequired\":true,\"valueName\":\"search_term_string\"}}],\"inLanguage\":\"ca\"},{\"@type\":\"Person\",\"@id\":\"https:\\\/\\\/santapola.es\\\/ca\\\/#\\\/schema\\\/person\\\/ad1d67403707b58350c7be5e8dbc442d\",\"name\":\"Jos\u00e9 Juan L\u00f3pez Lafuente\"}]}<\/script>\n<!-- \/ Yoast SEO plugin. -->","yoast_head_json":{"title":"A l'espera de perm\u00eds per a retirar tones d'arribatge de posid\u00f2nia en les cales sota el Cap de Santa Pola - Ajuntament de Santa Pola","robots":{"index":"index","follow":"follow","max-snippet":"max-snippet:-1","max-image-preview":"max-image-preview:large","max-video-preview":"max-video-preview:-1"},"canonical":"https:\/\/santapola.es\/ca\/a-lespera-de-permis-per-a-retirar-tones-darribatge-de-posidonia-en-les-cales-sota-el-cap-de-santa-pola\/","og_locale":"ca_ES","og_type":"article","og_title":"A l'espera de perm\u00eds per a retirar tones d'arribatge de posid\u00f2nia en les cales sota el Cap de Santa Pola - Ajuntament de Santa Pola","og_description":"Els arribatges no es poden retirar de les platges naturals en tot l&#8217;any, excepte autoritzaci\u00f3 de la Direcci\u00f3 General de Medi Natural i Animal per episodis extraordinaris com el temporal dels \u00faltims dies. L&#8217;Ajuntament ja ha sol\u00b7licitat el perm\u00eds i est\u00e0 a l&#8217;espera de contestaci\u00f3 per a retirar l&#8217;alga de les zones de bany. La [&hellip;]","og_url":"https:\/\/santapola.es\/ca\/a-lespera-de-permis-per-a-retirar-tones-darribatge-de-posidonia-en-les-cales-sota-el-cap-de-santa-pola\/","og_site_name":"Ajuntament de Santa Pola","article_publisher":"https:\/\/www.facebook.com\/AyuntamientoSantaPola\/","article_published_time":"2025-07-30T09:20:47+00:00","article_modified_time":"2025-07-30T09:22:48+00:00","og_image":[{"width":1920,"height":1440,"url":"https:\/\/santapola.es\/wp-content\/uploads\/2025\/07\/2025-07-30-arribazones-1.jpeg","type":"image\/jpeg"}],"author":"Jos\u00e9 Juan L\u00f3pez Lafuente","twitter_card":"summary_large_image","twitter_creator":"@SantaPolaAyunt","twitter_site":"@SantaPolaAyunt","schema":{"@context":"https:\/\/schema.org","@graph":[{"@type":"Article","@id":"https:\/\/santapola.es\/ca\/a-lespera-de-permis-per-a-retirar-tones-darribatge-de-posidonia-en-les-cales-sota-el-cap-de-santa-pola\/#article","isPartOf":{"@id":"https:\/\/santapola.es\/ca\/a-lespera-de-permis-per-a-retirar-tones-darribatge-de-posidonia-en-les-cales-sota-el-cap-de-santa-pola\/"},"author":{"name":"Jos\u00e9 Juan L\u00f3pez Lafuente","@id":"https:\/\/santapola.es\/ca\/#\/schema\/person\/ad1d67403707b58350c7be5e8dbc442d"},"headline":"A l&#8217;espera de perm\u00eds per a retirar tones d&#8217;arribatge de posid\u00f2nia en les cales sota el Cap de Santa Pola","datePublished":"2025-07-30T09:20:47+00:00","dateModified":"2025-07-30T09:22:48+00:00","mainEntityOfPage":{"@id":"https:\/\/santapola.es\/ca\/a-lespera-de-permis-per-a-retirar-tones-darribatge-de-posidonia-en-les-cales-sota-el-cap-de-santa-pola\/"},"wordCount":545,"image":{"@id":"https:\/\/santapola.es\/ca\/a-lespera-de-permis-per-a-retirar-tones-darribatge-de-posidonia-en-les-cales-sota-el-cap-de-santa-pola\/#primaryimage"},"thumbnailUrl":"https:\/\/santapola.es\/wp-content\/uploads\/2025\/07\/2025-07-30-arribazones-1.jpeg","keywords":["\u00c1ngel Piedecausa","Cala de L'Ermita","Cala del Bancal de L'Arena","posidonia"],"articleSection":["Platjes"],"inLanguage":"ca"},{"@type":"WebPage","@id":"https:\/\/santapola.es\/ca\/a-lespera-de-permis-per-a-retirar-tones-darribatge-de-posidonia-en-les-cales-sota-el-cap-de-santa-pola\/","url":"https:\/\/santapola.es\/ca\/a-lespera-de-permis-per-a-retirar-tones-darribatge-de-posidonia-en-les-cales-sota-el-cap-de-santa-pola\/","name":"A l'espera de perm\u00eds per a retirar tones d'arribatge de posid\u00f2nia en les cales sota el Cap de Santa Pola - Ajuntament de Santa Pola","isPartOf":{"@id":"https:\/\/santapola.es\/ca\/#website"},"primaryImageOfPage":{"@id":"https:\/\/santapola.es\/ca\/a-lespera-de-permis-per-a-retirar-tones-darribatge-de-posidonia-en-les-cales-sota-el-cap-de-santa-pola\/#primaryimage"},"image":{"@id":"https:\/\/santapola.es\/ca\/a-lespera-de-permis-per-a-retirar-tones-darribatge-de-posidonia-en-les-cales-sota-el-cap-de-santa-pola\/#primaryimage"},"thumbnailUrl":"https:\/\/santapola.es\/wp-content\/uploads\/2025\/07\/2025-07-30-arribazones-1.jpeg","datePublished":"2025-07-30T09:20:47+00:00","dateModified":"2025-07-30T09:22:48+00:00","author":{"@id":"https:\/\/santapola.es\/ca\/#\/schema\/person\/ad1d67403707b58350c7be5e8dbc442d"},"breadcrumb":{"@id":"https:\/\/santapola.es\/ca\/a-lespera-de-permis-per-a-retirar-tones-darribatge-de-posidonia-en-les-cales-sota-el-cap-de-santa-pola\/#breadcrumb"},"inLanguage":"ca","potentialAction":[{"@type":"ReadAction","target":["https:\/\/santapola.es\/ca\/a-lespera-de-permis-per-a-retirar-tones-darribatge-de-posidonia-en-les-cales-sota-el-cap-de-santa-pola\/"]}]},{"@type":"ImageObject","inLanguage":"ca","@id":"https:\/\/santapola.es\/ca\/a-lespera-de-permis-per-a-retirar-tones-darribatge-de-posidonia-en-les-cales-sota-el-cap-de-santa-pola\/#primaryimage","url":"https:\/\/santapola.es\/wp-content\/uploads\/2025\/07\/2025-07-30-arribazones-1.jpeg","contentUrl":"https:\/\/santapola.es\/wp-content\/uploads\/2025\/07\/2025-07-30-arribazones-1.jpeg","width":1920,"height":1440},{"@type":"BreadcrumbList","@id":"https:\/\/santapola.es\/ca\/a-lespera-de-permis-per-a-retirar-tones-darribatge-de-posidonia-en-les-cales-sota-el-cap-de-santa-pola\/#breadcrumb","itemListElement":[{"@type":"ListItem","position":1,"name":"Inici","item":"https:\/\/santapola.es\/ca\/"},{"@type":"ListItem","position":2,"name":"A l&#8217;espera de perm\u00eds per a retirar tones d&#8217;arribatge de posid\u00f2nia en les cales sota el Cap de Santa Pola"}]},{"@type":"WebSite","@id":"https:\/\/santapola.es\/ca\/#website","url":"https:\/\/santapola.es\/ca\/","name":"Ayuntamiento de Santa Pola","description":"Web de l'Ajuntament de Santa Pola","potentialAction":[{"@type":"SearchAction","target":{"@type":"EntryPoint","urlTemplate":"https:\/\/santapola.es\/ca\/?s={search_term_string}"},"query-input":{"@type":"PropertyValueSpecification","valueRequired":true,"valueName":"search_term_string"}}],"inLanguage":"ca"},{"@type":"Person","@id":"https:\/\/santapola.es\/ca\/#\/schema\/person\/ad1d67403707b58350c7be5e8dbc442d","name":"Jos\u00e9 Juan L\u00f3pez Lafuente"}]}},"_links":{"self":[{"href":"https:\/\/santapola.es\/ca\/wp-json\/wp\/v2\/posts\/45072","targetHints":{"allow":["GET"]}}],"collection":[{"href":"https:\/\/santapola.es\/ca\/wp-json\/wp\/v2\/posts"}],"about":[{"href":"https:\/\/santapola.es\/ca\/wp-json\/wp\/v2\/types\/post"}],"author":[{"embeddable":true,"href":"https:\/\/santapola.es\/ca\/wp-json\/wp\/v2\/users\/96"}],"replies":[{"embeddable":true,"href":"https:\/\/santapola.es\/ca\/wp-json\/wp\/v2\/comments?post=45072"}],"version-history":[{"count":0,"href":"https:\/\/santapola.es\/ca\/wp-json\/wp\/v2\/posts\/45072\/revisions"}],"wp:featuredmedia":[{"embeddable":true,"href":"https:\/\/santapola.es\/ca\/wp-json\/wp\/v2\/media\/45070"}],"wp:attachment":[{"href":"https:\/\/santapola.es\/ca\/wp-json\/wp\/v2\/media?parent=45072"}],"wp:term":[{"taxonomy":"category","embeddable":true,"href":"https:\/\/santapola.es\/ca\/wp-json\/wp\/v2\/categories?post=45072"},{"taxonomy":"post_tag","embeddable":true,"href":"https:\/\/santapola.es\/ca\/wp-json\/wp\/v2\/tags?post=45072"}],"curies":[{"name":"wp","href":"https:\/\/api.w.org\/{rel}","templated":true}]}}