{"id":45039,"date":"2025-07-28T12:57:31","date_gmt":"2025-07-28T10:57:31","guid":{"rendered":"https:\/\/santapola.es\/?p=45039"},"modified":"2025-08-06T14:37:19","modified_gmt":"2025-08-06T12:37:19","slug":"gran-alacant-tindra-per-fi-el-seu-ambulatori-medic-despres-daprovar-el-consell-la-seua-construccio","status":"publish","type":"post","link":"https:\/\/santapola.es\/ca\/gran-alacant-tindra-per-fi-el-seu-ambulatori-medic-despres-daprovar-el-consell-la-seua-construccio\/","title":{"rendered":"Gran Alacant tindr\u00e0 per fi el seu consultori m\u00e8dic despr\u00e9s d&#8217;aprovar el Consell la seua construcci\u00f3"},"content":{"rendered":"<p><strong>La Conselleria de Sanitat aportar\u00e0 el finan\u00e7ament i delegar\u00e0 a l&#8217;Ajuntament de Santa Pola la gesti\u00f3 de les obres i el manteniment de l&#8217;edifici. La nova infraestructura sanit\u00e0ria se situar\u00e0 al carrer Monte de Santa Pola, annexa al segon col\u00b7legi de Gran Alacant.<\/strong><\/p>\n<p>El regidor de Sanitat i Gran Alacant, Borja Merino, ha confirmat que \u201cel Consell va publicar la setmana passada un decret que regula la construcci\u00f3 de cinc noves infraestructures sanit\u00e0ries en la Comunitat Valenciana i una d&#8217;elles ser\u00e0 per a Santa Pola, concretament un nou edifici que es convertir\u00e0 en el consultori m\u00e8dic de Gran Alacant\u201d.<\/p>\n<p>Segons especifica el decret, \u201cpermet a la Conselleria delegar determinades compet\u00e8ncies en estos ajuntaments perqu\u00e8 es facen c\u00e0rrec de la gesti\u00f3 i les actuacions pertinents per a la posada en marxa o millora d&#8217;un centre de l&#8217;\u00e0mbit de l&#8217;Atenci\u00f3 Prim\u00e0ria. D&#8217;esta manera, seran els ajuntaments que tinguen la propietat de l&#8217;obra i es facen c\u00e0rrec del proc\u00e9s administratiu com s\u00f3n els tr\u00e0mits de contractaci\u00f3 o seguiment de l&#8217;obra. Posteriorment a la seua construcci\u00f3, estos ajuntaments es faran c\u00e0rrec dels gastos de manteniment dels edificis, des de la llum o l&#8217;aigua fins als servicis de neteja, entre altres\u201d. El finan\u00e7ament de l&#8217;obra ser\u00e0 a c\u00e0rrec de la Conselleria de Sanitat.<\/p>\n<p><iframe loading=\"lazy\" title=\"\ud83d\udc69\u200d\u2695\ufe0f\ud83e\ude7a\ud83d\udc89 La Generalitat Valenciana confirma la construcci\u00f3n del nuevo consultorio de Gran Alacant\" width=\"1080\" height=\"608\" src=\"https:\/\/www.youtube.com\/embed\/Jml0SSRY1IY?feature=oembed\"  allow=\"accelerometer; autoplay; clipboard-write; encrypted-media; gyroscope; picture-in-picture; web-share\" referrerpolicy=\"strict-origin-when-cross-origin\" allowfullscreen><\/iframe><\/p>\n<p><strong>Projecte b\u00e0sic<\/strong><\/p>\n<p>Borja Merino ha explicat que \u201caix\u00f2 ha sigut fruit del treball sense descans del nostre equip de govern, des de l&#8217;inici de la legislatura, en la reivindicaci\u00f3 d&#8217;esta infraestructura, en coordinaci\u00f3 amb la direcci\u00f3 de l&#8217;Hospital General d&#8217;Elx per a elaborar un projecte b\u00e0sic que ens ha condu\u00eft fins a este assoliment tan important\u201d.<\/p>\n<p>Este projecte b\u00e0sic elaborat per l&#8217;Ajuntament de Santa Pola contempla la construcci\u00f3 d&#8217;un nou edifici al carrer Monte de Santa Pola, en la parcel\u00b7la annexa al segon col\u00b7legi de Gran Alacant l&#8217;execuci\u00f3 del qual est\u00e0 a punt de finalitzar.<\/p>\n<p>L&#8217;edifici tindria una superf\u00edcie de 955 m\u00b2 i, de manera provisional fins a la redacci\u00f3 del projecte definitiu, contempla la dotaci\u00f3 d&#8217;una \u00e0rea de medicina general amb 5 consultes de medicina i 4 d&#8217;infermeria, una \u00e0rea pedi\u00e0trica amb 2 consultes m\u00e8diques i 2 d&#8217;infermeria, una \u00e0rea maternal, una sala d&#8217;extraccions, zona de recepci\u00f3 i \u00e0rea administrativa.<\/p>\n<p>El regidor va especificar que \u201cser\u00e0 un nou edifici adaptat a les necessitats actuals i futures dels residents en Gran Alacant, amb capacitat per a ser ampliat quan siga necessari. Ara estem a l&#8217;espera que la conselleria ens indique com agilitzar els tr\u00e0mits, per a aix\u00f2 serem el m\u00e9s \u00e0gils possible per a donar-li la m\u00e0xima prioritat i que prompte siga una realitat f\u00edsica per al nostre barri\u201d.<\/p>\n","protected":false},"excerpt":{"rendered":"<p>La Conselleria de Sanitat aportar\u00e0 el finan\u00e7ament i delegar\u00e0 a l&#8217;Ajuntament de Santa Pola la gesti\u00f3 de les obres i el manteniment de l&#8217;edifici. La nova infraestructura sanit\u00e0ria se situar\u00e0 al carrer Monte de Santa Pola, annexa al segon col\u00b7legi de Gran Alacant. El regidor de Sanitat i Gran Alacant, Borja Merino, ha confirmat que [&hellip;]<\/p>\n","protected":false},"author":96,"featured_media":45037,"comment_status":"closed","ping_status":"closed","sticky":false,"template":"","format":"standard","meta":{"_et_pb_use_builder":"","_et_pb_old_content":"","_et_gb_content_width":"","footnotes":""},"categories":[588,649],"tags":[582,1578],"class_list":["post-45039","post","type-post","status-publish","format-standard","has-post-thumbnail","hentry","category-gran-alacant-2","category-sanitat","tag-borja-merino-ca","tag-consultori-de-gran-alacant"],"yoast_head":"<!-- This site is optimized with the Yoast SEO plugin v27.4 - https:\/\/yoast.com\/product\/yoast-seo-wordpress\/ -->\n<title>Gran Alacant tindr\u00e0 per fi el seu consultori m\u00e8dic despr\u00e9s d&#039;aprovar el Consell la seua construcci\u00f3 - Ajuntament de Santa Pola<\/title>\n<meta name=\"robots\" content=\"index, follow, max-snippet:-1, max-image-preview:large, max-video-preview:-1\" \/>\n<link rel=\"canonical\" href=\"https:\/\/santapola.es\/ca\/gran-alacant-tindra-per-fi-el-seu-ambulatori-medic-despres-daprovar-el-consell-la-seua-construccio\/\" \/>\n<meta property=\"og:locale\" content=\"ca_ES\" \/>\n<meta property=\"og:type\" content=\"article\" \/>\n<meta property=\"og:title\" content=\"Gran Alacant tindr\u00e0 per fi el seu consultori m\u00e8dic despr\u00e9s d&#039;aprovar el Consell la seua construcci\u00f3 - Ajuntament de Santa Pola\" \/>\n<meta property=\"og:description\" content=\"La Conselleria de Sanitat aportar\u00e0 el finan\u00e7ament i delegar\u00e0 a l&#8217;Ajuntament de Santa Pola la gesti\u00f3 de les obres i el manteniment de l&#8217;edifici. La nova infraestructura sanit\u00e0ria se situar\u00e0 al carrer Monte de Santa Pola, annexa al segon col\u00b7legi de Gran Alacant. El regidor de Sanitat i Gran Alacant, Borja Merino, ha confirmat que [&hellip;]\" \/>\n<meta property=\"og:url\" content=\"https:\/\/santapola.es\/ca\/gran-alacant-tindra-per-fi-el-seu-ambulatori-medic-despres-daprovar-el-consell-la-seua-construccio\/\" \/>\n<meta property=\"og:site_name\" content=\"Ajuntament de Santa Pola\" \/>\n<meta property=\"article:publisher\" content=\"https:\/\/www.facebook.com\/AyuntamientoSantaPola\/\" \/>\n<meta property=\"article:published_time\" content=\"2025-07-28T10:57:31+00:00\" \/>\n<meta property=\"article:modified_time\" content=\"2025-08-06T12:37:19+00:00\" \/>\n<meta property=\"og:image\" content=\"https:\/\/santapola.es\/wp-content\/uploads\/2025\/07\/consultorio.jpg\" \/>\n\t<meta property=\"og:image:width\" content=\"2004\" \/>\n\t<meta property=\"og:image:height\" content=\"1360\" \/>\n\t<meta property=\"og:image:type\" content=\"image\/jpeg\" \/>\n<meta name=\"author\" content=\"Jos\u00e9 Juan L\u00f3pez Lafuente\" \/>\n<meta name=\"twitter:card\" content=\"summary_large_image\" \/>\n<meta name=\"twitter:creator\" content=\"@SantaPolaAyunt\" \/>\n<meta name=\"twitter:site\" content=\"@SantaPolaAyunt\" \/>\n<script type=\"application\/ld+json\" class=\"yoast-schema-graph\">{\"@context\":\"https:\\\/\\\/schema.org\",\"@graph\":[{\"@type\":\"Article\",\"@id\":\"https:\\\/\\\/santapola.es\\\/ca\\\/gran-alacant-tindra-per-fi-el-seu-ambulatori-medic-despres-daprovar-el-consell-la-seua-construccio\\\/#article\",\"isPartOf\":{\"@id\":\"https:\\\/\\\/santapola.es\\\/ca\\\/gran-alacant-tindra-per-fi-el-seu-ambulatori-medic-despres-daprovar-el-consell-la-seua-construccio\\\/\"},\"author\":{\"name\":\"Jos\u00e9 Juan L\u00f3pez Lafuente\",\"@id\":\"https:\\\/\\\/santapola.es\\\/ca\\\/#\\\/schema\\\/person\\\/ad1d67403707b58350c7be5e8dbc442d\"},\"headline\":\"Gran Alacant tindr\u00e0 per fi el seu consultori m\u00e8dic despr\u00e9s d&#8217;aprovar el Consell la seua construcci\u00f3\",\"datePublished\":\"2025-07-28T10:57:31+00:00\",\"dateModified\":\"2025-08-06T12:37:19+00:00\",\"mainEntityOfPage\":{\"@id\":\"https:\\\/\\\/santapola.es\\\/ca\\\/gran-alacant-tindra-per-fi-el-seu-ambulatori-medic-despres-daprovar-el-consell-la-seua-construccio\\\/\"},\"wordCount\":499,\"image\":{\"@id\":\"https:\\\/\\\/santapola.es\\\/ca\\\/gran-alacant-tindra-per-fi-el-seu-ambulatori-medic-despres-daprovar-el-consell-la-seua-construccio\\\/#primaryimage\"},\"thumbnailUrl\":\"https:\\\/\\\/santapola.es\\\/wp-content\\\/uploads\\\/2025\\\/07\\\/consultorio.jpg\",\"keywords\":[\"Borja Merino\",\"Consultori de Gran Alacant\"],\"articleSection\":[\"Gran Alacant\",\"Sanitat\"],\"inLanguage\":\"ca\"},{\"@type\":\"WebPage\",\"@id\":\"https:\\\/\\\/santapola.es\\\/ca\\\/gran-alacant-tindra-per-fi-el-seu-ambulatori-medic-despres-daprovar-el-consell-la-seua-construccio\\\/\",\"url\":\"https:\\\/\\\/santapola.es\\\/ca\\\/gran-alacant-tindra-per-fi-el-seu-ambulatori-medic-despres-daprovar-el-consell-la-seua-construccio\\\/\",\"name\":\"Gran Alacant tindr\u00e0 per fi el seu consultori m\u00e8dic despr\u00e9s d'aprovar el Consell la seua construcci\u00f3 - Ajuntament de Santa Pola\",\"isPartOf\":{\"@id\":\"https:\\\/\\\/santapola.es\\\/ca\\\/#website\"},\"primaryImageOfPage\":{\"@id\":\"https:\\\/\\\/santapola.es\\\/ca\\\/gran-alacant-tindra-per-fi-el-seu-ambulatori-medic-despres-daprovar-el-consell-la-seua-construccio\\\/#primaryimage\"},\"image\":{\"@id\":\"https:\\\/\\\/santapola.es\\\/ca\\\/gran-alacant-tindra-per-fi-el-seu-ambulatori-medic-despres-daprovar-el-consell-la-seua-construccio\\\/#primaryimage\"},\"thumbnailUrl\":\"https:\\\/\\\/santapola.es\\\/wp-content\\\/uploads\\\/2025\\\/07\\\/consultorio.jpg\",\"datePublished\":\"2025-07-28T10:57:31+00:00\",\"dateModified\":\"2025-08-06T12:37:19+00:00\",\"author\":{\"@id\":\"https:\\\/\\\/santapola.es\\\/ca\\\/#\\\/schema\\\/person\\\/ad1d67403707b58350c7be5e8dbc442d\"},\"breadcrumb\":{\"@id\":\"https:\\\/\\\/santapola.es\\\/ca\\\/gran-alacant-tindra-per-fi-el-seu-ambulatori-medic-despres-daprovar-el-consell-la-seua-construccio\\\/#breadcrumb\"},\"inLanguage\":\"ca\",\"potentialAction\":[{\"@type\":\"ReadAction\",\"target\":[\"https:\\\/\\\/santapola.es\\\/ca\\\/gran-alacant-tindra-per-fi-el-seu-ambulatori-medic-despres-daprovar-el-consell-la-seua-construccio\\\/\"]}]},{\"@type\":\"ImageObject\",\"inLanguage\":\"ca\",\"@id\":\"https:\\\/\\\/santapola.es\\\/ca\\\/gran-alacant-tindra-per-fi-el-seu-ambulatori-medic-despres-daprovar-el-consell-la-seua-construccio\\\/#primaryimage\",\"url\":\"https:\\\/\\\/santapola.es\\\/wp-content\\\/uploads\\\/2025\\\/07\\\/consultorio.jpg\",\"contentUrl\":\"https:\\\/\\\/santapola.es\\\/wp-content\\\/uploads\\\/2025\\\/07\\\/consultorio.jpg\",\"width\":2004,\"height\":1360},{\"@type\":\"BreadcrumbList\",\"@id\":\"https:\\\/\\\/santapola.es\\\/ca\\\/gran-alacant-tindra-per-fi-el-seu-ambulatori-medic-despres-daprovar-el-consell-la-seua-construccio\\\/#breadcrumb\",\"itemListElement\":[{\"@type\":\"ListItem\",\"position\":1,\"name\":\"Inici\",\"item\":\"https:\\\/\\\/santapola.es\\\/ca\\\/\"},{\"@type\":\"ListItem\",\"position\":2,\"name\":\"Gran Alacant tindr\u00e0 per fi el seu consultori m\u00e8dic despr\u00e9s d&#8217;aprovar el Consell la seua construcci\u00f3\"}]},{\"@type\":\"WebSite\",\"@id\":\"https:\\\/\\\/santapola.es\\\/ca\\\/#website\",\"url\":\"https:\\\/\\\/santapola.es\\\/ca\\\/\",\"name\":\"Ayuntamiento de Santa Pola\",\"description\":\"Web de l'Ajuntament de Santa Pola\",\"potentialAction\":[{\"@type\":\"SearchAction\",\"target\":{\"@type\":\"EntryPoint\",\"urlTemplate\":\"https:\\\/\\\/santapola.es\\\/ca\\\/?s={search_term_string}\"},\"query-input\":{\"@type\":\"PropertyValueSpecification\",\"valueRequired\":true,\"valueName\":\"search_term_string\"}}],\"inLanguage\":\"ca\"},{\"@type\":\"Person\",\"@id\":\"https:\\\/\\\/santapola.es\\\/ca\\\/#\\\/schema\\\/person\\\/ad1d67403707b58350c7be5e8dbc442d\",\"name\":\"Jos\u00e9 Juan L\u00f3pez Lafuente\"}]}<\/script>\n<!-- \/ Yoast SEO plugin. -->","yoast_head_json":{"title":"Gran Alacant tindr\u00e0 per fi el seu consultori m\u00e8dic despr\u00e9s d'aprovar el Consell la seua construcci\u00f3 - Ajuntament de Santa Pola","robots":{"index":"index","follow":"follow","max-snippet":"max-snippet:-1","max-image-preview":"max-image-preview:large","max-video-preview":"max-video-preview:-1"},"canonical":"https:\/\/santapola.es\/ca\/gran-alacant-tindra-per-fi-el-seu-ambulatori-medic-despres-daprovar-el-consell-la-seua-construccio\/","og_locale":"ca_ES","og_type":"article","og_title":"Gran Alacant tindr\u00e0 per fi el seu consultori m\u00e8dic despr\u00e9s d'aprovar el Consell la seua construcci\u00f3 - Ajuntament de Santa Pola","og_description":"La Conselleria de Sanitat aportar\u00e0 el finan\u00e7ament i delegar\u00e0 a l&#8217;Ajuntament de Santa Pola la gesti\u00f3 de les obres i el manteniment de l&#8217;edifici. La nova infraestructura sanit\u00e0ria se situar\u00e0 al carrer Monte de Santa Pola, annexa al segon col\u00b7legi de Gran Alacant. El regidor de Sanitat i Gran Alacant, Borja Merino, ha confirmat que [&hellip;]","og_url":"https:\/\/santapola.es\/ca\/gran-alacant-tindra-per-fi-el-seu-ambulatori-medic-despres-daprovar-el-consell-la-seua-construccio\/","og_site_name":"Ajuntament de Santa Pola","article_publisher":"https:\/\/www.facebook.com\/AyuntamientoSantaPola\/","article_published_time":"2025-07-28T10:57:31+00:00","article_modified_time":"2025-08-06T12:37:19+00:00","og_image":[{"width":2004,"height":1360,"url":"https:\/\/santapola.es\/wp-content\/uploads\/2025\/07\/consultorio.jpg","type":"image\/jpeg"}],"author":"Jos\u00e9 Juan L\u00f3pez Lafuente","twitter_card":"summary_large_image","twitter_creator":"@SantaPolaAyunt","twitter_site":"@SantaPolaAyunt","schema":{"@context":"https:\/\/schema.org","@graph":[{"@type":"Article","@id":"https:\/\/santapola.es\/ca\/gran-alacant-tindra-per-fi-el-seu-ambulatori-medic-despres-daprovar-el-consell-la-seua-construccio\/#article","isPartOf":{"@id":"https:\/\/santapola.es\/ca\/gran-alacant-tindra-per-fi-el-seu-ambulatori-medic-despres-daprovar-el-consell-la-seua-construccio\/"},"author":{"name":"Jos\u00e9 Juan L\u00f3pez Lafuente","@id":"https:\/\/santapola.es\/ca\/#\/schema\/person\/ad1d67403707b58350c7be5e8dbc442d"},"headline":"Gran Alacant tindr\u00e0 per fi el seu consultori m\u00e8dic despr\u00e9s d&#8217;aprovar el Consell la seua construcci\u00f3","datePublished":"2025-07-28T10:57:31+00:00","dateModified":"2025-08-06T12:37:19+00:00","mainEntityOfPage":{"@id":"https:\/\/santapola.es\/ca\/gran-alacant-tindra-per-fi-el-seu-ambulatori-medic-despres-daprovar-el-consell-la-seua-construccio\/"},"wordCount":499,"image":{"@id":"https:\/\/santapola.es\/ca\/gran-alacant-tindra-per-fi-el-seu-ambulatori-medic-despres-daprovar-el-consell-la-seua-construccio\/#primaryimage"},"thumbnailUrl":"https:\/\/santapola.es\/wp-content\/uploads\/2025\/07\/consultorio.jpg","keywords":["Borja Merino","Consultori de Gran Alacant"],"articleSection":["Gran Alacant","Sanitat"],"inLanguage":"ca"},{"@type":"WebPage","@id":"https:\/\/santapola.es\/ca\/gran-alacant-tindra-per-fi-el-seu-ambulatori-medic-despres-daprovar-el-consell-la-seua-construccio\/","url":"https:\/\/santapola.es\/ca\/gran-alacant-tindra-per-fi-el-seu-ambulatori-medic-despres-daprovar-el-consell-la-seua-construccio\/","name":"Gran Alacant tindr\u00e0 per fi el seu consultori m\u00e8dic despr\u00e9s d'aprovar el Consell la seua construcci\u00f3 - Ajuntament de Santa Pola","isPartOf":{"@id":"https:\/\/santapola.es\/ca\/#website"},"primaryImageOfPage":{"@id":"https:\/\/santapola.es\/ca\/gran-alacant-tindra-per-fi-el-seu-ambulatori-medic-despres-daprovar-el-consell-la-seua-construccio\/#primaryimage"},"image":{"@id":"https:\/\/santapola.es\/ca\/gran-alacant-tindra-per-fi-el-seu-ambulatori-medic-despres-daprovar-el-consell-la-seua-construccio\/#primaryimage"},"thumbnailUrl":"https:\/\/santapola.es\/wp-content\/uploads\/2025\/07\/consultorio.jpg","datePublished":"2025-07-28T10:57:31+00:00","dateModified":"2025-08-06T12:37:19+00:00","author":{"@id":"https:\/\/santapola.es\/ca\/#\/schema\/person\/ad1d67403707b58350c7be5e8dbc442d"},"breadcrumb":{"@id":"https:\/\/santapola.es\/ca\/gran-alacant-tindra-per-fi-el-seu-ambulatori-medic-despres-daprovar-el-consell-la-seua-construccio\/#breadcrumb"},"inLanguage":"ca","potentialAction":[{"@type":"ReadAction","target":["https:\/\/santapola.es\/ca\/gran-alacant-tindra-per-fi-el-seu-ambulatori-medic-despres-daprovar-el-consell-la-seua-construccio\/"]}]},{"@type":"ImageObject","inLanguage":"ca","@id":"https:\/\/santapola.es\/ca\/gran-alacant-tindra-per-fi-el-seu-ambulatori-medic-despres-daprovar-el-consell-la-seua-construccio\/#primaryimage","url":"https:\/\/santapola.es\/wp-content\/uploads\/2025\/07\/consultorio.jpg","contentUrl":"https:\/\/santapola.es\/wp-content\/uploads\/2025\/07\/consultorio.jpg","width":2004,"height":1360},{"@type":"BreadcrumbList","@id":"https:\/\/santapola.es\/ca\/gran-alacant-tindra-per-fi-el-seu-ambulatori-medic-despres-daprovar-el-consell-la-seua-construccio\/#breadcrumb","itemListElement":[{"@type":"ListItem","position":1,"name":"Inici","item":"https:\/\/santapola.es\/ca\/"},{"@type":"ListItem","position":2,"name":"Gran Alacant tindr\u00e0 per fi el seu consultori m\u00e8dic despr\u00e9s d&#8217;aprovar el Consell la seua construcci\u00f3"}]},{"@type":"WebSite","@id":"https:\/\/santapola.es\/ca\/#website","url":"https:\/\/santapola.es\/ca\/","name":"Ayuntamiento de Santa Pola","description":"Web de l'Ajuntament de Santa Pola","potentialAction":[{"@type":"SearchAction","target":{"@type":"EntryPoint","urlTemplate":"https:\/\/santapola.es\/ca\/?s={search_term_string}"},"query-input":{"@type":"PropertyValueSpecification","valueRequired":true,"valueName":"search_term_string"}}],"inLanguage":"ca"},{"@type":"Person","@id":"https:\/\/santapola.es\/ca\/#\/schema\/person\/ad1d67403707b58350c7be5e8dbc442d","name":"Jos\u00e9 Juan L\u00f3pez Lafuente"}]}},"_links":{"self":[{"href":"https:\/\/santapola.es\/ca\/wp-json\/wp\/v2\/posts\/45039","targetHints":{"allow":["GET"]}}],"collection":[{"href":"https:\/\/santapola.es\/ca\/wp-json\/wp\/v2\/posts"}],"about":[{"href":"https:\/\/santapola.es\/ca\/wp-json\/wp\/v2\/types\/post"}],"author":[{"embeddable":true,"href":"https:\/\/santapola.es\/ca\/wp-json\/wp\/v2\/users\/96"}],"replies":[{"embeddable":true,"href":"https:\/\/santapola.es\/ca\/wp-json\/wp\/v2\/comments?post=45039"}],"version-history":[{"count":0,"href":"https:\/\/santapola.es\/ca\/wp-json\/wp\/v2\/posts\/45039\/revisions"}],"wp:featuredmedia":[{"embeddable":true,"href":"https:\/\/santapola.es\/ca\/wp-json\/wp\/v2\/media\/45037"}],"wp:attachment":[{"href":"https:\/\/santapola.es\/ca\/wp-json\/wp\/v2\/media?parent=45039"}],"wp:term":[{"taxonomy":"category","embeddable":true,"href":"https:\/\/santapola.es\/ca\/wp-json\/wp\/v2\/categories?post=45039"},{"taxonomy":"post_tag","embeddable":true,"href":"https:\/\/santapola.es\/ca\/wp-json\/wp\/v2\/tags?post=45039"}],"curies":[{"name":"wp","href":"https:\/\/api.w.org\/{rel}","templated":true}]}}