{"id":44972,"date":"2025-07-22T13:13:32","date_gmt":"2025-07-22T11:13:32","guid":{"rendered":"https:\/\/santapola.es\/?p=44972"},"modified":"2025-07-22T13:15:33","modified_gmt":"2025-07-22T11:15:33","slug":"santa-pola-fa-un-pas-cap-al-futur-amb-la-renovacio-del-consell-municipal-de-desenrotllament-sostenible","status":"publish","type":"post","link":"https:\/\/santapola.es\/ca\/santa-pola-fa-un-pas-cap-al-futur-amb-la-renovacio-del-consell-municipal-de-desenrotllament-sostenible\/","title":{"rendered":"Santa Pola fa un pas cap al futur amb la renovaci\u00f3 del Consell Municipal de Desenrotllament Sostenible"},"content":{"rendered":"<p><strong>Qualsevol persona amb motivaci\u00f3 per a participar en el disseny de la Santa Pola del futur pot ser part activa del canvi, inscrivint-se com a membre de l&#8217;Assemblea Plen\u00e0ria a trav\u00e9s d&#8217;un formulari.<\/strong><\/p>\n<p>L&#8217;Ajuntament de Santa Pola escometr\u00e0 la revisi\u00f3 del Consell Municipal de Desenrotllament Sostenible, una iniciativa clau dins del marc de l&#8217;Agenda Urbana 2030, aprovada el mes de gener passat.<\/p>\n<p>Este renovat consell naix amb una visi\u00f3 clara: impulsar un futur sostenible, participatiu i inclusiu per al nostre municipi. Es tracta d&#8217;un espai plural i obert a la ciutadania, on totes les veus compten i totes les idees sumen.<\/p>\n<p><strong>Un nou model de governan\u00e7a: m\u00e9s transparent, col\u00b7laboratiu i pr\u00f2xim<\/strong><\/p>\n<p>La posada en marxa del consell s&#8217;emmarca en el model de governan\u00e7a municipal impulsat per l&#8217;Ajuntament de Santa Pola, l&#8217;objectiu del qual \u00e9s construir una administraci\u00f3 m\u00e9s oberta, participativa i orientada a resultats. Este model es basa en principis com la transpar\u00e8ncia, la corresponsabilitat i la cooperaci\u00f3 entre ciutadania, entitats socials, sector privat i administraci\u00f3 p\u00fablica.<\/p>\n<p>El Consell de Desenrotllament Sostenible forma part de l&#8217;Espai Social, una de les estructures clau del model de governan\u00e7a local, i est\u00e0 dissenyat per a enfortir el di\u00e0leg permanent amb la societat civil, fomentant la participaci\u00f3 activa en la presa de decisions que afecten el present i futur de Santa Pola.<\/p>\n<p><strong>Com pots participar?<\/strong><\/p>\n<p>Des de l&#8217;Ajuntament fem una crida directa a la ciutadania:<\/p>\n<p>\ud83d\udc49 Vols formar part activa del canvi?<\/p>\n<p>Et convidem a inscriure&#8217;t com a membre de l&#8217;Assemblea Plen\u00e0ria, l&#8217;\u00f2rgan central del Consell, on es debatr\u00e0, decidir\u00e0 i dissenyar\u00e0 el futur de Santa Pola.<\/p>\n<p>\ud83d\udccc Formulari d&#8217;inscripci\u00f3: <a href=\"https:\/\/forms.gle\/L2HuHHW1PoTCkKUc6\">https:\/\/forms.gle\/L2HuHHW1PoTCkKUc6<\/a><\/p>\n<p>\ud83d\udcda M\u00e9s informaci\u00f3:<\/p>\n<blockquote class=\"wp-embedded-content\" data-secret=\"sgJGNG0FQd\"><p><a href=\"https:\/\/santapola.es\/ca\/arees\/planificacio-estrategica\/participacio\/\">Model de Governan\u00e7a<\/a><\/p><\/blockquote>\n<p><iframe loading=\"lazy\" class=\"wp-embedded-content\" sandbox=\"allow-scripts\" security=\"restricted\" style=\"position: absolute; visibility: hidden;\" title=\"&#8220;Model de Governan\u00e7a&#8221; &#8212; Ayuntamiento de Santa Pola\" src=\"https:\/\/santapola.es\/ca\/arees\/planificacio-estrategica\/participacio\/embed\/#?secret=hoO6YrzhYt#?secret=sgJGNG0FQd\" data-secret=\"sgJGNG0FQd\" width=\"600\" height=\"338\" frameborder=\"0\" marginwidth=\"0\" marginheight=\"0\" scrolling=\"no\"><\/iframe><\/p>\n<p>Comptem amb tu per a construir, des de la proximitat i el comprom\u00eds, una Santa Pola m\u00e9s verda, m\u00e9s justa i preparada per als reptes del dem\u00e0.<\/p>\n<p>Suma&#8217;t i participa! El futur el dissenyem junts i juntes.<\/p>\n","protected":false},"excerpt":{"rendered":"<p>Qualsevol persona amb motivaci\u00f3 per a participar en el disseny de la Santa Pola del futur pot ser part activa del canvi, inscrivint-se com a membre de l&#8217;Assemblea Plen\u00e0ria a trav\u00e9s d&#8217;un formulari. L&#8217;Ajuntament de Santa Pola escometr\u00e0 la revisi\u00f3 del Consell Municipal de Desenrotllament Sostenible, una iniciativa clau dins del marc de l&#8217;Agenda Urbana [&hellip;]<\/p>\n","protected":false},"author":96,"featured_media":44970,"comment_status":"closed","ping_status":"closed","sticky":false,"template":"","format":"standard","meta":{"_et_pb_use_builder":"","_et_pb_old_content":"","_et_gb_content_width":"","footnotes":""},"categories":[1423],"tags":[1281,1575],"class_list":["post-44972","post","type-post","status-publish","format-standard","has-post-thumbnail","hentry","category-estrategia-de-desenrotllament-urba","tag-agenda-urbana-2030-ca","tag-consell-municipal-de-desenrotllament-sostenible"],"yoast_head":"<!-- This site is optimized with the Yoast SEO plugin v27.4 - https:\/\/yoast.com\/product\/yoast-seo-wordpress\/ -->\n<title>Santa Pola fa un pas cap al futur amb la renovaci\u00f3 del Consell Municipal de Desenrotllament Sostenible - Ajuntament de Santa Pola<\/title>\n<meta name=\"robots\" content=\"index, follow, max-snippet:-1, max-image-preview:large, max-video-preview:-1\" \/>\n<link rel=\"canonical\" href=\"https:\/\/santapola.es\/ca\/santa-pola-fa-un-pas-cap-al-futur-amb-la-renovacio-del-consell-municipal-de-desenrotllament-sostenible\/\" \/>\n<meta property=\"og:locale\" content=\"ca_ES\" \/>\n<meta property=\"og:type\" content=\"article\" \/>\n<meta property=\"og:title\" content=\"Santa Pola fa un pas cap al futur amb la renovaci\u00f3 del Consell Municipal de Desenrotllament Sostenible - Ajuntament de Santa Pola\" \/>\n<meta property=\"og:description\" content=\"Qualsevol persona amb motivaci\u00f3 per a participar en el disseny de la Santa Pola del futur pot ser part activa del canvi, inscrivint-se com a membre de l&#8217;Assemblea Plen\u00e0ria a trav\u00e9s d&#8217;un formulari. L&#8217;Ajuntament de Santa Pola escometr\u00e0 la revisi\u00f3 del Consell Municipal de Desenrotllament Sostenible, una iniciativa clau dins del marc de l&#8217;Agenda Urbana [&hellip;]\" \/>\n<meta property=\"og:url\" content=\"https:\/\/santapola.es\/ca\/santa-pola-fa-un-pas-cap-al-futur-amb-la-renovacio-del-consell-municipal-de-desenrotllament-sostenible\/\" \/>\n<meta property=\"og:site_name\" content=\"Ajuntament de Santa Pola\" \/>\n<meta property=\"article:publisher\" content=\"https:\/\/www.facebook.com\/AyuntamientoSantaPola\/\" \/>\n<meta property=\"article:published_time\" content=\"2025-07-22T11:13:32+00:00\" \/>\n<meta property=\"article:modified_time\" content=\"2025-07-22T11:15:33+00:00\" \/>\n<meta property=\"og:image\" content=\"https:\/\/santapola.es\/wp-content\/uploads\/2025\/07\/Santa-Pola-Agenda-Urbana-2030.jpg\" \/>\n\t<meta property=\"og:image:width\" content=\"1717\" \/>\n\t<meta property=\"og:image:height\" content=\"985\" \/>\n\t<meta property=\"og:image:type\" content=\"image\/jpeg\" \/>\n<meta name=\"author\" content=\"Jos\u00e9 Juan L\u00f3pez Lafuente\" \/>\n<meta name=\"twitter:card\" content=\"summary_large_image\" \/>\n<meta name=\"twitter:creator\" content=\"@SantaPolaAyunt\" \/>\n<meta name=\"twitter:site\" content=\"@SantaPolaAyunt\" \/>\n<script type=\"application\/ld+json\" class=\"yoast-schema-graph\">{\"@context\":\"https:\\\/\\\/schema.org\",\"@graph\":[{\"@type\":\"Article\",\"@id\":\"https:\\\/\\\/santapola.es\\\/ca\\\/santa-pola-fa-un-pas-cap-al-futur-amb-la-renovacio-del-consell-municipal-de-desenrotllament-sostenible\\\/#article\",\"isPartOf\":{\"@id\":\"https:\\\/\\\/santapola.es\\\/ca\\\/santa-pola-fa-un-pas-cap-al-futur-amb-la-renovacio-del-consell-municipal-de-desenrotllament-sostenible\\\/\"},\"author\":{\"name\":\"Jos\u00e9 Juan L\u00f3pez Lafuente\",\"@id\":\"https:\\\/\\\/santapola.es\\\/ca\\\/#\\\/schema\\\/person\\\/ad1d67403707b58350c7be5e8dbc442d\"},\"headline\":\"Santa Pola fa un pas cap al futur amb la renovaci\u00f3 del Consell Municipal de Desenrotllament Sostenible\",\"datePublished\":\"2025-07-22T11:13:32+00:00\",\"dateModified\":\"2025-07-22T11:15:33+00:00\",\"mainEntityOfPage\":{\"@id\":\"https:\\\/\\\/santapola.es\\\/ca\\\/santa-pola-fa-un-pas-cap-al-futur-amb-la-renovacio-del-consell-municipal-de-desenrotllament-sostenible\\\/\"},\"wordCount\":364,\"image\":{\"@id\":\"https:\\\/\\\/santapola.es\\\/ca\\\/santa-pola-fa-un-pas-cap-al-futur-amb-la-renovacio-del-consell-municipal-de-desenrotllament-sostenible\\\/#primaryimage\"},\"thumbnailUrl\":\"https:\\\/\\\/santapola.es\\\/wp-content\\\/uploads\\\/2025\\\/07\\\/Santa-Pola-Agenda-Urbana-2030.jpg\",\"keywords\":[\"Agenda Urbana 2030\",\"Consell Municipal de Desenrotllament Sostenible\"],\"articleSection\":[\"Estrat\u00e8gia de Desenrotllament Urb\u00e0\"],\"inLanguage\":\"ca\"},{\"@type\":\"WebPage\",\"@id\":\"https:\\\/\\\/santapola.es\\\/ca\\\/santa-pola-fa-un-pas-cap-al-futur-amb-la-renovacio-del-consell-municipal-de-desenrotllament-sostenible\\\/\",\"url\":\"https:\\\/\\\/santapola.es\\\/ca\\\/santa-pola-fa-un-pas-cap-al-futur-amb-la-renovacio-del-consell-municipal-de-desenrotllament-sostenible\\\/\",\"name\":\"Santa Pola fa un pas cap al futur amb la renovaci\u00f3 del Consell Municipal de Desenrotllament Sostenible - Ajuntament de Santa Pola\",\"isPartOf\":{\"@id\":\"https:\\\/\\\/santapola.es\\\/ca\\\/#website\"},\"primaryImageOfPage\":{\"@id\":\"https:\\\/\\\/santapola.es\\\/ca\\\/santa-pola-fa-un-pas-cap-al-futur-amb-la-renovacio-del-consell-municipal-de-desenrotllament-sostenible\\\/#primaryimage\"},\"image\":{\"@id\":\"https:\\\/\\\/santapola.es\\\/ca\\\/santa-pola-fa-un-pas-cap-al-futur-amb-la-renovacio-del-consell-municipal-de-desenrotllament-sostenible\\\/#primaryimage\"},\"thumbnailUrl\":\"https:\\\/\\\/santapola.es\\\/wp-content\\\/uploads\\\/2025\\\/07\\\/Santa-Pola-Agenda-Urbana-2030.jpg\",\"datePublished\":\"2025-07-22T11:13:32+00:00\",\"dateModified\":\"2025-07-22T11:15:33+00:00\",\"author\":{\"@id\":\"https:\\\/\\\/santapola.es\\\/ca\\\/#\\\/schema\\\/person\\\/ad1d67403707b58350c7be5e8dbc442d\"},\"breadcrumb\":{\"@id\":\"https:\\\/\\\/santapola.es\\\/ca\\\/santa-pola-fa-un-pas-cap-al-futur-amb-la-renovacio-del-consell-municipal-de-desenrotllament-sostenible\\\/#breadcrumb\"},\"inLanguage\":\"ca\",\"potentialAction\":[{\"@type\":\"ReadAction\",\"target\":[\"https:\\\/\\\/santapola.es\\\/ca\\\/santa-pola-fa-un-pas-cap-al-futur-amb-la-renovacio-del-consell-municipal-de-desenrotllament-sostenible\\\/\"]}]},{\"@type\":\"ImageObject\",\"inLanguage\":\"ca\",\"@id\":\"https:\\\/\\\/santapola.es\\\/ca\\\/santa-pola-fa-un-pas-cap-al-futur-amb-la-renovacio-del-consell-municipal-de-desenrotllament-sostenible\\\/#primaryimage\",\"url\":\"https:\\\/\\\/santapola.es\\\/wp-content\\\/uploads\\\/2025\\\/07\\\/Santa-Pola-Agenda-Urbana-2030.jpg\",\"contentUrl\":\"https:\\\/\\\/santapola.es\\\/wp-content\\\/uploads\\\/2025\\\/07\\\/Santa-Pola-Agenda-Urbana-2030.jpg\",\"width\":1717,\"height\":985,\"caption\":\"Screenshot\"},{\"@type\":\"BreadcrumbList\",\"@id\":\"https:\\\/\\\/santapola.es\\\/ca\\\/santa-pola-fa-un-pas-cap-al-futur-amb-la-renovacio-del-consell-municipal-de-desenrotllament-sostenible\\\/#breadcrumb\",\"itemListElement\":[{\"@type\":\"ListItem\",\"position\":1,\"name\":\"Inici\",\"item\":\"https:\\\/\\\/santapola.es\\\/ca\\\/\"},{\"@type\":\"ListItem\",\"position\":2,\"name\":\"Santa Pola fa un pas cap al futur amb la renovaci\u00f3 del Consell Municipal de Desenrotllament Sostenible\"}]},{\"@type\":\"WebSite\",\"@id\":\"https:\\\/\\\/santapola.es\\\/ca\\\/#website\",\"url\":\"https:\\\/\\\/santapola.es\\\/ca\\\/\",\"name\":\"Ayuntamiento de Santa Pola\",\"description\":\"Web de l'Ajuntament de Santa Pola\",\"potentialAction\":[{\"@type\":\"SearchAction\",\"target\":{\"@type\":\"EntryPoint\",\"urlTemplate\":\"https:\\\/\\\/santapola.es\\\/ca\\\/?s={search_term_string}\"},\"query-input\":{\"@type\":\"PropertyValueSpecification\",\"valueRequired\":true,\"valueName\":\"search_term_string\"}}],\"inLanguage\":\"ca\"},{\"@type\":\"Person\",\"@id\":\"https:\\\/\\\/santapola.es\\\/ca\\\/#\\\/schema\\\/person\\\/ad1d67403707b58350c7be5e8dbc442d\",\"name\":\"Jos\u00e9 Juan L\u00f3pez Lafuente\"}]}<\/script>\n<!-- \/ Yoast SEO plugin. -->","yoast_head_json":{"title":"Santa Pola fa un pas cap al futur amb la renovaci\u00f3 del Consell Municipal de Desenrotllament Sostenible - Ajuntament de Santa Pola","robots":{"index":"index","follow":"follow","max-snippet":"max-snippet:-1","max-image-preview":"max-image-preview:large","max-video-preview":"max-video-preview:-1"},"canonical":"https:\/\/santapola.es\/ca\/santa-pola-fa-un-pas-cap-al-futur-amb-la-renovacio-del-consell-municipal-de-desenrotllament-sostenible\/","og_locale":"ca_ES","og_type":"article","og_title":"Santa Pola fa un pas cap al futur amb la renovaci\u00f3 del Consell Municipal de Desenrotllament Sostenible - Ajuntament de Santa Pola","og_description":"Qualsevol persona amb motivaci\u00f3 per a participar en el disseny de la Santa Pola del futur pot ser part activa del canvi, inscrivint-se com a membre de l&#8217;Assemblea Plen\u00e0ria a trav\u00e9s d&#8217;un formulari. L&#8217;Ajuntament de Santa Pola escometr\u00e0 la revisi\u00f3 del Consell Municipal de Desenrotllament Sostenible, una iniciativa clau dins del marc de l&#8217;Agenda Urbana [&hellip;]","og_url":"https:\/\/santapola.es\/ca\/santa-pola-fa-un-pas-cap-al-futur-amb-la-renovacio-del-consell-municipal-de-desenrotllament-sostenible\/","og_site_name":"Ajuntament de Santa Pola","article_publisher":"https:\/\/www.facebook.com\/AyuntamientoSantaPola\/","article_published_time":"2025-07-22T11:13:32+00:00","article_modified_time":"2025-07-22T11:15:33+00:00","og_image":[{"width":1717,"height":985,"url":"https:\/\/santapola.es\/wp-content\/uploads\/2025\/07\/Santa-Pola-Agenda-Urbana-2030.jpg","type":"image\/jpeg"}],"author":"Jos\u00e9 Juan L\u00f3pez Lafuente","twitter_card":"summary_large_image","twitter_creator":"@SantaPolaAyunt","twitter_site":"@SantaPolaAyunt","schema":{"@context":"https:\/\/schema.org","@graph":[{"@type":"Article","@id":"https:\/\/santapola.es\/ca\/santa-pola-fa-un-pas-cap-al-futur-amb-la-renovacio-del-consell-municipal-de-desenrotllament-sostenible\/#article","isPartOf":{"@id":"https:\/\/santapola.es\/ca\/santa-pola-fa-un-pas-cap-al-futur-amb-la-renovacio-del-consell-municipal-de-desenrotllament-sostenible\/"},"author":{"name":"Jos\u00e9 Juan L\u00f3pez Lafuente","@id":"https:\/\/santapola.es\/ca\/#\/schema\/person\/ad1d67403707b58350c7be5e8dbc442d"},"headline":"Santa Pola fa un pas cap al futur amb la renovaci\u00f3 del Consell Municipal de Desenrotllament Sostenible","datePublished":"2025-07-22T11:13:32+00:00","dateModified":"2025-07-22T11:15:33+00:00","mainEntityOfPage":{"@id":"https:\/\/santapola.es\/ca\/santa-pola-fa-un-pas-cap-al-futur-amb-la-renovacio-del-consell-municipal-de-desenrotllament-sostenible\/"},"wordCount":364,"image":{"@id":"https:\/\/santapola.es\/ca\/santa-pola-fa-un-pas-cap-al-futur-amb-la-renovacio-del-consell-municipal-de-desenrotllament-sostenible\/#primaryimage"},"thumbnailUrl":"https:\/\/santapola.es\/wp-content\/uploads\/2025\/07\/Santa-Pola-Agenda-Urbana-2030.jpg","keywords":["Agenda Urbana 2030","Consell Municipal de Desenrotllament Sostenible"],"articleSection":["Estrat\u00e8gia de Desenrotllament Urb\u00e0"],"inLanguage":"ca"},{"@type":"WebPage","@id":"https:\/\/santapola.es\/ca\/santa-pola-fa-un-pas-cap-al-futur-amb-la-renovacio-del-consell-municipal-de-desenrotllament-sostenible\/","url":"https:\/\/santapola.es\/ca\/santa-pola-fa-un-pas-cap-al-futur-amb-la-renovacio-del-consell-municipal-de-desenrotllament-sostenible\/","name":"Santa Pola fa un pas cap al futur amb la renovaci\u00f3 del Consell Municipal de Desenrotllament Sostenible - Ajuntament de Santa Pola","isPartOf":{"@id":"https:\/\/santapola.es\/ca\/#website"},"primaryImageOfPage":{"@id":"https:\/\/santapola.es\/ca\/santa-pola-fa-un-pas-cap-al-futur-amb-la-renovacio-del-consell-municipal-de-desenrotllament-sostenible\/#primaryimage"},"image":{"@id":"https:\/\/santapola.es\/ca\/santa-pola-fa-un-pas-cap-al-futur-amb-la-renovacio-del-consell-municipal-de-desenrotllament-sostenible\/#primaryimage"},"thumbnailUrl":"https:\/\/santapola.es\/wp-content\/uploads\/2025\/07\/Santa-Pola-Agenda-Urbana-2030.jpg","datePublished":"2025-07-22T11:13:32+00:00","dateModified":"2025-07-22T11:15:33+00:00","author":{"@id":"https:\/\/santapola.es\/ca\/#\/schema\/person\/ad1d67403707b58350c7be5e8dbc442d"},"breadcrumb":{"@id":"https:\/\/santapola.es\/ca\/santa-pola-fa-un-pas-cap-al-futur-amb-la-renovacio-del-consell-municipal-de-desenrotllament-sostenible\/#breadcrumb"},"inLanguage":"ca","potentialAction":[{"@type":"ReadAction","target":["https:\/\/santapola.es\/ca\/santa-pola-fa-un-pas-cap-al-futur-amb-la-renovacio-del-consell-municipal-de-desenrotllament-sostenible\/"]}]},{"@type":"ImageObject","inLanguage":"ca","@id":"https:\/\/santapola.es\/ca\/santa-pola-fa-un-pas-cap-al-futur-amb-la-renovacio-del-consell-municipal-de-desenrotllament-sostenible\/#primaryimage","url":"https:\/\/santapola.es\/wp-content\/uploads\/2025\/07\/Santa-Pola-Agenda-Urbana-2030.jpg","contentUrl":"https:\/\/santapola.es\/wp-content\/uploads\/2025\/07\/Santa-Pola-Agenda-Urbana-2030.jpg","width":1717,"height":985,"caption":"Screenshot"},{"@type":"BreadcrumbList","@id":"https:\/\/santapola.es\/ca\/santa-pola-fa-un-pas-cap-al-futur-amb-la-renovacio-del-consell-municipal-de-desenrotllament-sostenible\/#breadcrumb","itemListElement":[{"@type":"ListItem","position":1,"name":"Inici","item":"https:\/\/santapola.es\/ca\/"},{"@type":"ListItem","position":2,"name":"Santa Pola fa un pas cap al futur amb la renovaci\u00f3 del Consell Municipal de Desenrotllament Sostenible"}]},{"@type":"WebSite","@id":"https:\/\/santapola.es\/ca\/#website","url":"https:\/\/santapola.es\/ca\/","name":"Ayuntamiento de Santa Pola","description":"Web de l'Ajuntament de Santa Pola","potentialAction":[{"@type":"SearchAction","target":{"@type":"EntryPoint","urlTemplate":"https:\/\/santapola.es\/ca\/?s={search_term_string}"},"query-input":{"@type":"PropertyValueSpecification","valueRequired":true,"valueName":"search_term_string"}}],"inLanguage":"ca"},{"@type":"Person","@id":"https:\/\/santapola.es\/ca\/#\/schema\/person\/ad1d67403707b58350c7be5e8dbc442d","name":"Jos\u00e9 Juan L\u00f3pez Lafuente"}]}},"_links":{"self":[{"href":"https:\/\/santapola.es\/ca\/wp-json\/wp\/v2\/posts\/44972","targetHints":{"allow":["GET"]}}],"collection":[{"href":"https:\/\/santapola.es\/ca\/wp-json\/wp\/v2\/posts"}],"about":[{"href":"https:\/\/santapola.es\/ca\/wp-json\/wp\/v2\/types\/post"}],"author":[{"embeddable":true,"href":"https:\/\/santapola.es\/ca\/wp-json\/wp\/v2\/users\/96"}],"replies":[{"embeddable":true,"href":"https:\/\/santapola.es\/ca\/wp-json\/wp\/v2\/comments?post=44972"}],"version-history":[{"count":0,"href":"https:\/\/santapola.es\/ca\/wp-json\/wp\/v2\/posts\/44972\/revisions"}],"wp:featuredmedia":[{"embeddable":true,"href":"https:\/\/santapola.es\/ca\/wp-json\/wp\/v2\/media\/44970"}],"wp:attachment":[{"href":"https:\/\/santapola.es\/ca\/wp-json\/wp\/v2\/media?parent=44972"}],"wp:term":[{"taxonomy":"category","embeddable":true,"href":"https:\/\/santapola.es\/ca\/wp-json\/wp\/v2\/categories?post=44972"},{"taxonomy":"post_tag","embeddable":true,"href":"https:\/\/santapola.es\/ca\/wp-json\/wp\/v2\/tags?post=44972"}],"curies":[{"name":"wp","href":"https:\/\/api.w.org\/{rel}","templated":true}]}}