{"id":44879,"date":"2025-07-11T14:36:36","date_gmt":"2025-07-11T12:36:36","guid":{"rendered":"https:\/\/santapola.es\/?p=44879"},"modified":"2025-07-11T14:39:18","modified_gmt":"2025-07-11T12:39:18","slug":"la-matrona-i-festera-lola-gadea-sera-la-pregonera-de-les-festes-patronals-2025","status":"publish","type":"post","link":"https:\/\/santapola.es\/ca\/la-matrona-i-festera-lola-gadea-sera-la-pregonera-de-les-festes-patronals-2025\/","title":{"rendered":"La matrona i festera Lola Gadea ser\u00e0 la pregonera de les Festes Patronals 2025"},"content":{"rendered":"<p><strong>Mar\u00eda Dolores Gadea Montiel tindr\u00e0 l&#8217;honor de ser la 53a pregonera de les festes de Santa Pola. Reconeguda matrona que ha ajudat a n\u00e0ixer a generacions de santapolers, des de molt jove ha sigut protagonista en tots els \u00e0mbits de les festes patronals i de Moros i Cristians.<\/strong><\/p>\n<p>Hui s&#8217;ha revelat el secret m\u00e9s ben guardat de l&#8217;any: el nom de la persona que baladrejar\u00e0 el pr\u00f2xim 31 d&#8217;agost el preg\u00f3 de les Festes Patronals i de Moros i Cristians en honor de la Verge de Loreto.<\/p>\n<p>Lola Gadea Montiel arreplegar\u00e0 el testimoni que deixa Antoni Mas i Miralles i ja prepara el text amb el qual obrir\u00e0 les nostres festes 2025 sobre l&#8217;escenari en la fa\u00e7ana principal del nostre Castell Fortalesa i davant milers de persones en la Glorieta.<\/p>\n<p>Este mat\u00ed, en el sal\u00f3 de plens de l&#8217;ajuntament, l&#8217;alcaldessa Loreto Serrano i la regidor de Festes, Nely Baile, han presentat els m\u00e8rits de la nova pregonera, qui ha estat envoltada de la corporaci\u00f3 municipal, el pregoner 2024 Toni Mas, pregoners d&#8217;anys anteriors, representants de la festa *santapolera i, per descomptat, de la seua fam\u00edlia i amigues.<\/p>\n<p><iframe loading=\"lazy\" title=\"La matrona y festera Lola Gadea ser\u00e1 la pregonera de las Fiestas Patronales 2025\" width=\"1080\" height=\"608\" src=\"https:\/\/www.youtube.com\/embed\/o0bKSogO8Xg?feature=oembed\"  allow=\"accelerometer; autoplay; clipboard-write; encrypted-media; gyroscope; picture-in-picture; web-share\" referrerpolicy=\"strict-origin-when-cross-origin\" allowfullscreen><\/iframe><\/p>\n<p><strong>Viva representaci\u00f3 de la dona santapolera<\/strong><\/p>\n<p>L&#8217;alcaldessa Loreto Serrano va declarar que \u201cenguany tocava una dona i el nostre objectiu sempre \u00e9s triar a alg\u00fa que haja viscut la festa, que siga referent, aix\u00ed que podr\u00edem definir a Lola com la representaci\u00f3 de la dona santapolera en tots els \u00e0mbits de la festa, tant en moros i cristians com en la desfilada multicolor amb la Comparsa Pescadors, per Setmana Santa\u2026 Una persona que viu la festa, la gaudix i la fa gaudir\u201d.<\/p>\n<p>Serrano va afegir que \u201ca m\u00e9s, en la seua faceta professional \u00e9s un exemple perqu\u00e8, malgrat les dificultats que va tindre en la seua vida per a poder estudiar, va aconseguir arribar a ser una prestigiosa matrona i ha ajudat a n\u00e0ixer a quasi tots els xiquets del poble. Crec que li tocava ja ser pregonera i estic segura que ho gaudir\u00e0 molt\u201d.<\/p>\n<p><strong>Un dia inoblidable<\/strong><\/p>\n<p>Amb l&#8217;emoci\u00f3 encara latent, Lola Gadea\u00a0 va expressar que \u201cha sigut una emoci\u00f3 incomparable, era una cosa que no tenia al cap per\u00f2 que, quan se m&#8217;ha proposat, m&#8217;ha omplit d&#8217;alegria, m&#8217;han vingut al meu cap els meus primers contactes amb la festa en la meua infantesa, com la meua \u00e0via em va educar perqu\u00e8, a pesar que ten\u00edem molta faena, cada moment que hi havia per a la festa era per a llevar-se el davantal, sonar la m\u00fasica i ballar, perqu\u00e8 aix\u00f2 sanava l&#8217;\u00e0nima\u201d.<\/p>\n<p>\u201cPer a mi, que m&#8217;hagen donat l&#8217;oportunitat de pregonar les festes del meu poble, que tan arrelades tinc, \u00e9s molt important i este dia no se m&#8217;oblidar\u00e0 en la vida, m&#8217;heu fet plorar dos vegades i tinc molta emoci\u00f3 i gratitud\u201d, va declarar Gadea.<\/p>\n<p><strong>\u00c0mplia traject\u00f2ria festera<\/strong><\/p>\n<p>Tal com es va reflectir en la seua presentaci\u00f3, Lola Gadea Montiel ha viscut des de la inf\u00e0ncia les festes amb molta intensitat. Es va criar al carrer del Colze, una de les m\u00e9s humils del poble, per\u00f2 que sempre s&#8217;engalanava. Des de molt xicoteta ajudava a les persones majors tota la nit del muntatge amb les banderetes, les flors, subjectant els cordills, perqu\u00e8 aix\u00f2 li feia sentir-se important. Durant el dia, al carrer adornat, jugava al joc de la paella, al canteret i altres jocs populars.<\/p>\n<p>Ha gaudit molt, amb gran devoci\u00f3, participant en l&#8217;ofrena i en la process\u00f3 amb la seua \u00e0via, que \u00e9s per a ella un referent de dona treballadora, bondadosa i entregada als altres.<\/p>\n<p>T\u00e9 agradables records dels focs artificials i de les mascletades, llan\u00e7ades llavors des del Castell, i de l&#8217;olor de p\u00f3lvora, alguna cosa que li encantava. Amb 7 anys li van proposar participar en la desfilada del dia 6, primer com a alacantina i despr\u00e9s com a hawaiana, fins que es va incorporar a la comparsa Pescadors, amb els qui obria la desfilada com a banderera. Tamb\u00e9 va ser c\u00e0rrec d&#8217;honor, al costat del seu marit, en la comparsa Pescadors.<\/p>\n<p>Quant a la seua participaci\u00f3 en els Moros i Cristians, va comen\u00e7ar eixint espor\u00e0dicament amb els Llaganyosos, per a despr\u00e9s passar a formar part de la comparsa Bedu\u00efns, de la qual va ser Sultana en 2012.<\/p>\n<p>En els anys 80 va presentar la Gala de l&#8217;Elecci\u00f3 de la Reina de les Festes, ha participat en la Setmana Santa com costalera en la confraria de La Ver\u00f2nica i com mantilla de L&#8217;Esperan\u00e7a i en el Diumenge de Rams, tamb\u00e9 en la Romeria del Cap i en la process\u00f3 de la Verge del Carmen.<\/p>\n<p><strong>Professional de refer\u00e8ncia<\/strong><\/p>\n<p>La seua traject\u00f2ria professional ha estat relacionada amb la sanitat. Va comen\u00e7ar com a auxiliar, es va formar en infermeria i es va especialitzar en les cures de la dona, estudiant l&#8217;especialitat de Matrona, activitat professional que ha desenrotllat durant els \u00faltims 25 anys a l&#8217;Hospital General d&#8217;Elx.<\/p>\n<p>La seua vocaci\u00f3 li va vindre a trav\u00e9s del naixement de la seua germana Maite a casa, i d&#8217;ac\u00ed el seu inter\u00e9s per ajudar a les dones i compartir amb elles eixe moment tan important de les seues vides.<\/p>\n<p>Compromesa amb tot el relacionat amb l&#8217;atenci\u00f3 integral a les dones, t\u00e9 un ampli curr\u00edculum d&#8217;especialitzaci\u00f3 en eixe camp i una interessant labor divulgadora a trav\u00e9s del voluntariat, impartint xarrades d&#8217;educaci\u00f3 per a la salut, i d&#8217;escola de pares.<\/p>\n<p>Ha rebut nombrosos premis i reconeixements a una gran labor de lliurament, proximitat i bon fer professional.<\/p>\n","protected":false},"excerpt":{"rendered":"<p>Mar\u00eda Dolores Gadea Montiel tindr\u00e0 l&#8217;honor de ser la 53a pregonera de les festes de Santa Pola. Reconeguda matrona que ha ajudat a n\u00e0ixer a generacions de santapolers, des de molt jove ha sigut protagonista en tots els \u00e0mbits de les festes patronals i de Moros i Cristians. Hui s&#8217;ha revelat el secret m\u00e9s ben [&hellip;]<\/p>\n","protected":false},"author":96,"featured_media":44877,"comment_status":"closed","ping_status":"closed","sticky":false,"template":"","format":"standard","meta":{"_et_pb_use_builder":"","_et_pb_old_content":"","_et_gb_content_width":"","footnotes":""},"categories":[434],"tags":[563,1565,1566],"class_list":["post-44879","post","type-post","status-publish","format-standard","has-post-thumbnail","hentry","category-festes","tag-festes-patronals","tag-lola-gadea-ca","tag-pregonera-ca"],"yoast_head":"<!-- This site is optimized with the Yoast SEO plugin v27.4 - https:\/\/yoast.com\/product\/yoast-seo-wordpress\/ -->\n<title>La matrona i festera Lola Gadea ser\u00e0 la pregonera de les Festes Patronals 2025 - Ajuntament de Santa Pola<\/title>\n<meta name=\"robots\" content=\"index, follow, max-snippet:-1, max-image-preview:large, max-video-preview:-1\" \/>\n<link rel=\"canonical\" href=\"https:\/\/santapola.es\/ca\/la-matrona-i-festera-lola-gadea-sera-la-pregonera-de-les-festes-patronals-2025\/\" \/>\n<meta property=\"og:locale\" content=\"ca_ES\" \/>\n<meta property=\"og:type\" content=\"article\" \/>\n<meta property=\"og:title\" content=\"La matrona i festera Lola Gadea ser\u00e0 la pregonera de les Festes Patronals 2025 - Ajuntament de Santa Pola\" \/>\n<meta property=\"og:description\" content=\"Mar\u00eda Dolores Gadea Montiel tindr\u00e0 l&#8217;honor de ser la 53a pregonera de les festes de Santa Pola. Reconeguda matrona que ha ajudat a n\u00e0ixer a generacions de santapolers, des de molt jove ha sigut protagonista en tots els \u00e0mbits de les festes patronals i de Moros i Cristians. Hui s&#8217;ha revelat el secret m\u00e9s ben [&hellip;]\" \/>\n<meta property=\"og:url\" content=\"https:\/\/santapola.es\/ca\/la-matrona-i-festera-lola-gadea-sera-la-pregonera-de-les-festes-patronals-2025\/\" \/>\n<meta property=\"og:site_name\" content=\"Ajuntament de Santa Pola\" \/>\n<meta property=\"article:publisher\" content=\"https:\/\/www.facebook.com\/AyuntamientoSantaPola\/\" \/>\n<meta property=\"article:published_time\" content=\"2025-07-11T12:36:36+00:00\" \/>\n<meta property=\"article:modified_time\" content=\"2025-07-11T12:39:18+00:00\" \/>\n<meta property=\"og:image\" content=\"https:\/\/santapola.es\/wp-content\/uploads\/2025\/07\/IMG_7137.jpg\" \/>\n\t<meta property=\"og:image:width\" content=\"1920\" \/>\n\t<meta property=\"og:image:height\" content=\"1440\" \/>\n\t<meta property=\"og:image:type\" content=\"image\/jpeg\" \/>\n<meta name=\"author\" content=\"Jos\u00e9 Juan L\u00f3pez Lafuente\" \/>\n<meta name=\"twitter:card\" content=\"summary_large_image\" \/>\n<meta name=\"twitter:creator\" content=\"@SantaPolaAyunt\" \/>\n<meta name=\"twitter:site\" content=\"@SantaPolaAyunt\" \/>\n<script type=\"application\/ld+json\" class=\"yoast-schema-graph\">{\"@context\":\"https:\\\/\\\/schema.org\",\"@graph\":[{\"@type\":\"Article\",\"@id\":\"https:\\\/\\\/santapola.es\\\/ca\\\/la-matrona-i-festera-lola-gadea-sera-la-pregonera-de-les-festes-patronals-2025\\\/#article\",\"isPartOf\":{\"@id\":\"https:\\\/\\\/santapola.es\\\/ca\\\/la-matrona-i-festera-lola-gadea-sera-la-pregonera-de-les-festes-patronals-2025\\\/\"},\"author\":{\"name\":\"Jos\u00e9 Juan L\u00f3pez Lafuente\",\"@id\":\"https:\\\/\\\/santapola.es\\\/ca\\\/#\\\/schema\\\/person\\\/ad1d67403707b58350c7be5e8dbc442d\"},\"headline\":\"La matrona i festera Lola Gadea ser\u00e0 la pregonera de les Festes Patronals 2025\",\"datePublished\":\"2025-07-11T12:36:36+00:00\",\"dateModified\":\"2025-07-11T12:39:18+00:00\",\"mainEntityOfPage\":{\"@id\":\"https:\\\/\\\/santapola.es\\\/ca\\\/la-matrona-i-festera-lola-gadea-sera-la-pregonera-de-les-festes-patronals-2025\\\/\"},\"wordCount\":979,\"image\":{\"@id\":\"https:\\\/\\\/santapola.es\\\/ca\\\/la-matrona-i-festera-lola-gadea-sera-la-pregonera-de-les-festes-patronals-2025\\\/#primaryimage\"},\"thumbnailUrl\":\"https:\\\/\\\/santapola.es\\\/wp-content\\\/uploads\\\/2025\\\/07\\\/IMG_7137.jpg\",\"keywords\":[\"Festes patronals\",\"Lola Gadea\",\"pregonera\"],\"articleSection\":[\"Festes\"],\"inLanguage\":\"ca\"},{\"@type\":\"WebPage\",\"@id\":\"https:\\\/\\\/santapola.es\\\/ca\\\/la-matrona-i-festera-lola-gadea-sera-la-pregonera-de-les-festes-patronals-2025\\\/\",\"url\":\"https:\\\/\\\/santapola.es\\\/ca\\\/la-matrona-i-festera-lola-gadea-sera-la-pregonera-de-les-festes-patronals-2025\\\/\",\"name\":\"La matrona i festera Lola Gadea ser\u00e0 la pregonera de les Festes Patronals 2025 - Ajuntament de Santa Pola\",\"isPartOf\":{\"@id\":\"https:\\\/\\\/santapola.es\\\/ca\\\/#website\"},\"primaryImageOfPage\":{\"@id\":\"https:\\\/\\\/santapola.es\\\/ca\\\/la-matrona-i-festera-lola-gadea-sera-la-pregonera-de-les-festes-patronals-2025\\\/#primaryimage\"},\"image\":{\"@id\":\"https:\\\/\\\/santapola.es\\\/ca\\\/la-matrona-i-festera-lola-gadea-sera-la-pregonera-de-les-festes-patronals-2025\\\/#primaryimage\"},\"thumbnailUrl\":\"https:\\\/\\\/santapola.es\\\/wp-content\\\/uploads\\\/2025\\\/07\\\/IMG_7137.jpg\",\"datePublished\":\"2025-07-11T12:36:36+00:00\",\"dateModified\":\"2025-07-11T12:39:18+00:00\",\"author\":{\"@id\":\"https:\\\/\\\/santapola.es\\\/ca\\\/#\\\/schema\\\/person\\\/ad1d67403707b58350c7be5e8dbc442d\"},\"breadcrumb\":{\"@id\":\"https:\\\/\\\/santapola.es\\\/ca\\\/la-matrona-i-festera-lola-gadea-sera-la-pregonera-de-les-festes-patronals-2025\\\/#breadcrumb\"},\"inLanguage\":\"ca\",\"potentialAction\":[{\"@type\":\"ReadAction\",\"target\":[\"https:\\\/\\\/santapola.es\\\/ca\\\/la-matrona-i-festera-lola-gadea-sera-la-pregonera-de-les-festes-patronals-2025\\\/\"]}]},{\"@type\":\"ImageObject\",\"inLanguage\":\"ca\",\"@id\":\"https:\\\/\\\/santapola.es\\\/ca\\\/la-matrona-i-festera-lola-gadea-sera-la-pregonera-de-les-festes-patronals-2025\\\/#primaryimage\",\"url\":\"https:\\\/\\\/santapola.es\\\/wp-content\\\/uploads\\\/2025\\\/07\\\/IMG_7137.jpg\",\"contentUrl\":\"https:\\\/\\\/santapola.es\\\/wp-content\\\/uploads\\\/2025\\\/07\\\/IMG_7137.jpg\",\"width\":1920,\"height\":1440},{\"@type\":\"BreadcrumbList\",\"@id\":\"https:\\\/\\\/santapola.es\\\/ca\\\/la-matrona-i-festera-lola-gadea-sera-la-pregonera-de-les-festes-patronals-2025\\\/#breadcrumb\",\"itemListElement\":[{\"@type\":\"ListItem\",\"position\":1,\"name\":\"Inici\",\"item\":\"https:\\\/\\\/santapola.es\\\/ca\\\/\"},{\"@type\":\"ListItem\",\"position\":2,\"name\":\"La matrona i festera Lola Gadea ser\u00e0 la pregonera de les Festes Patronals 2025\"}]},{\"@type\":\"WebSite\",\"@id\":\"https:\\\/\\\/santapola.es\\\/ca\\\/#website\",\"url\":\"https:\\\/\\\/santapola.es\\\/ca\\\/\",\"name\":\"Ayuntamiento de Santa Pola\",\"description\":\"Web de l'Ajuntament de Santa Pola\",\"potentialAction\":[{\"@type\":\"SearchAction\",\"target\":{\"@type\":\"EntryPoint\",\"urlTemplate\":\"https:\\\/\\\/santapola.es\\\/ca\\\/?s={search_term_string}\"},\"query-input\":{\"@type\":\"PropertyValueSpecification\",\"valueRequired\":true,\"valueName\":\"search_term_string\"}}],\"inLanguage\":\"ca\"},{\"@type\":\"Person\",\"@id\":\"https:\\\/\\\/santapola.es\\\/ca\\\/#\\\/schema\\\/person\\\/ad1d67403707b58350c7be5e8dbc442d\",\"name\":\"Jos\u00e9 Juan L\u00f3pez Lafuente\"}]}<\/script>\n<!-- \/ Yoast SEO plugin. -->","yoast_head_json":{"title":"La matrona i festera Lola Gadea ser\u00e0 la pregonera de les Festes Patronals 2025 - Ajuntament de Santa Pola","robots":{"index":"index","follow":"follow","max-snippet":"max-snippet:-1","max-image-preview":"max-image-preview:large","max-video-preview":"max-video-preview:-1"},"canonical":"https:\/\/santapola.es\/ca\/la-matrona-i-festera-lola-gadea-sera-la-pregonera-de-les-festes-patronals-2025\/","og_locale":"ca_ES","og_type":"article","og_title":"La matrona i festera Lola Gadea ser\u00e0 la pregonera de les Festes Patronals 2025 - Ajuntament de Santa Pola","og_description":"Mar\u00eda Dolores Gadea Montiel tindr\u00e0 l&#8217;honor de ser la 53a pregonera de les festes de Santa Pola. Reconeguda matrona que ha ajudat a n\u00e0ixer a generacions de santapolers, des de molt jove ha sigut protagonista en tots els \u00e0mbits de les festes patronals i de Moros i Cristians. Hui s&#8217;ha revelat el secret m\u00e9s ben [&hellip;]","og_url":"https:\/\/santapola.es\/ca\/la-matrona-i-festera-lola-gadea-sera-la-pregonera-de-les-festes-patronals-2025\/","og_site_name":"Ajuntament de Santa Pola","article_publisher":"https:\/\/www.facebook.com\/AyuntamientoSantaPola\/","article_published_time":"2025-07-11T12:36:36+00:00","article_modified_time":"2025-07-11T12:39:18+00:00","og_image":[{"width":1920,"height":1440,"url":"https:\/\/santapola.es\/wp-content\/uploads\/2025\/07\/IMG_7137.jpg","type":"image\/jpeg"}],"author":"Jos\u00e9 Juan L\u00f3pez Lafuente","twitter_card":"summary_large_image","twitter_creator":"@SantaPolaAyunt","twitter_site":"@SantaPolaAyunt","schema":{"@context":"https:\/\/schema.org","@graph":[{"@type":"Article","@id":"https:\/\/santapola.es\/ca\/la-matrona-i-festera-lola-gadea-sera-la-pregonera-de-les-festes-patronals-2025\/#article","isPartOf":{"@id":"https:\/\/santapola.es\/ca\/la-matrona-i-festera-lola-gadea-sera-la-pregonera-de-les-festes-patronals-2025\/"},"author":{"name":"Jos\u00e9 Juan L\u00f3pez Lafuente","@id":"https:\/\/santapola.es\/ca\/#\/schema\/person\/ad1d67403707b58350c7be5e8dbc442d"},"headline":"La matrona i festera Lola Gadea ser\u00e0 la pregonera de les Festes Patronals 2025","datePublished":"2025-07-11T12:36:36+00:00","dateModified":"2025-07-11T12:39:18+00:00","mainEntityOfPage":{"@id":"https:\/\/santapola.es\/ca\/la-matrona-i-festera-lola-gadea-sera-la-pregonera-de-les-festes-patronals-2025\/"},"wordCount":979,"image":{"@id":"https:\/\/santapola.es\/ca\/la-matrona-i-festera-lola-gadea-sera-la-pregonera-de-les-festes-patronals-2025\/#primaryimage"},"thumbnailUrl":"https:\/\/santapola.es\/wp-content\/uploads\/2025\/07\/IMG_7137.jpg","keywords":["Festes patronals","Lola Gadea","pregonera"],"articleSection":["Festes"],"inLanguage":"ca"},{"@type":"WebPage","@id":"https:\/\/santapola.es\/ca\/la-matrona-i-festera-lola-gadea-sera-la-pregonera-de-les-festes-patronals-2025\/","url":"https:\/\/santapola.es\/ca\/la-matrona-i-festera-lola-gadea-sera-la-pregonera-de-les-festes-patronals-2025\/","name":"La matrona i festera Lola Gadea ser\u00e0 la pregonera de les Festes Patronals 2025 - Ajuntament de Santa Pola","isPartOf":{"@id":"https:\/\/santapola.es\/ca\/#website"},"primaryImageOfPage":{"@id":"https:\/\/santapola.es\/ca\/la-matrona-i-festera-lola-gadea-sera-la-pregonera-de-les-festes-patronals-2025\/#primaryimage"},"image":{"@id":"https:\/\/santapola.es\/ca\/la-matrona-i-festera-lola-gadea-sera-la-pregonera-de-les-festes-patronals-2025\/#primaryimage"},"thumbnailUrl":"https:\/\/santapola.es\/wp-content\/uploads\/2025\/07\/IMG_7137.jpg","datePublished":"2025-07-11T12:36:36+00:00","dateModified":"2025-07-11T12:39:18+00:00","author":{"@id":"https:\/\/santapola.es\/ca\/#\/schema\/person\/ad1d67403707b58350c7be5e8dbc442d"},"breadcrumb":{"@id":"https:\/\/santapola.es\/ca\/la-matrona-i-festera-lola-gadea-sera-la-pregonera-de-les-festes-patronals-2025\/#breadcrumb"},"inLanguage":"ca","potentialAction":[{"@type":"ReadAction","target":["https:\/\/santapola.es\/ca\/la-matrona-i-festera-lola-gadea-sera-la-pregonera-de-les-festes-patronals-2025\/"]}]},{"@type":"ImageObject","inLanguage":"ca","@id":"https:\/\/santapola.es\/ca\/la-matrona-i-festera-lola-gadea-sera-la-pregonera-de-les-festes-patronals-2025\/#primaryimage","url":"https:\/\/santapola.es\/wp-content\/uploads\/2025\/07\/IMG_7137.jpg","contentUrl":"https:\/\/santapola.es\/wp-content\/uploads\/2025\/07\/IMG_7137.jpg","width":1920,"height":1440},{"@type":"BreadcrumbList","@id":"https:\/\/santapola.es\/ca\/la-matrona-i-festera-lola-gadea-sera-la-pregonera-de-les-festes-patronals-2025\/#breadcrumb","itemListElement":[{"@type":"ListItem","position":1,"name":"Inici","item":"https:\/\/santapola.es\/ca\/"},{"@type":"ListItem","position":2,"name":"La matrona i festera Lola Gadea ser\u00e0 la pregonera de les Festes Patronals 2025"}]},{"@type":"WebSite","@id":"https:\/\/santapola.es\/ca\/#website","url":"https:\/\/santapola.es\/ca\/","name":"Ayuntamiento de Santa Pola","description":"Web de l'Ajuntament de Santa Pola","potentialAction":[{"@type":"SearchAction","target":{"@type":"EntryPoint","urlTemplate":"https:\/\/santapola.es\/ca\/?s={search_term_string}"},"query-input":{"@type":"PropertyValueSpecification","valueRequired":true,"valueName":"search_term_string"}}],"inLanguage":"ca"},{"@type":"Person","@id":"https:\/\/santapola.es\/ca\/#\/schema\/person\/ad1d67403707b58350c7be5e8dbc442d","name":"Jos\u00e9 Juan L\u00f3pez Lafuente"}]}},"_links":{"self":[{"href":"https:\/\/santapola.es\/ca\/wp-json\/wp\/v2\/posts\/44879","targetHints":{"allow":["GET"]}}],"collection":[{"href":"https:\/\/santapola.es\/ca\/wp-json\/wp\/v2\/posts"}],"about":[{"href":"https:\/\/santapola.es\/ca\/wp-json\/wp\/v2\/types\/post"}],"author":[{"embeddable":true,"href":"https:\/\/santapola.es\/ca\/wp-json\/wp\/v2\/users\/96"}],"replies":[{"embeddable":true,"href":"https:\/\/santapola.es\/ca\/wp-json\/wp\/v2\/comments?post=44879"}],"version-history":[{"count":0,"href":"https:\/\/santapola.es\/ca\/wp-json\/wp\/v2\/posts\/44879\/revisions"}],"wp:featuredmedia":[{"embeddable":true,"href":"https:\/\/santapola.es\/ca\/wp-json\/wp\/v2\/media\/44877"}],"wp:attachment":[{"href":"https:\/\/santapola.es\/ca\/wp-json\/wp\/v2\/media?parent=44879"}],"wp:term":[{"taxonomy":"category","embeddable":true,"href":"https:\/\/santapola.es\/ca\/wp-json\/wp\/v2\/categories?post=44879"},{"taxonomy":"post_tag","embeddable":true,"href":"https:\/\/santapola.es\/ca\/wp-json\/wp\/v2\/tags?post=44879"}],"curies":[{"name":"wp","href":"https:\/\/api.w.org\/{rel}","templated":true}]}}