{"id":44628,"date":"2025-07-02T09:48:08","date_gmt":"2025-07-02T07:48:08","guid":{"rendered":"https:\/\/santapola.es\/?p=44628"},"modified":"2025-07-02T13:43:17","modified_gmt":"2025-07-02T11:43:17","slug":"mayores-a-escena-2025-contara-con-cinco-espectaculos-que-suman-183-premios-nacionales-de-teatro","status":"publish","type":"post","link":"https:\/\/santapola.es\/ca\/mayores-a-escena-2025-contara-con-cinco-espectaculos-que-suman-183-premios-nacionales-de-teatro\/","title":{"rendered":"\u201cMayores a Escena 2025\u201d contar\u00e1 con cinco espect\u00e1culos que suman 183 premios nacionales de teatro"},"content":{"rendered":"<p><b>La sexta edici\u00f3n del certamen de teatro amateur de Santa Pola reunir\u00e1 del 18 al 27 de septiembre a seis grupos de Lerma (Burgos), Granada, Valencia, La Alcayna (Murcia), La Losa (Segovia) y Santa Pola, seleccionados entre 67 propuestas presentadas desde toda Espa\u00f1a.<\/b><\/p>\n<p><span style=\"font-weight: 400;\">El VI Certamen Nacional de Teatro Amateur \u201cMayores a Escena\u201d 2025, que organiza la Compa\u00f1\u00eda Internacional Teatro Rayuela con la colaboraci\u00f3n del Ayuntamiento de Santa\u00a0 Pola, ya tiene cartel para esta edici\u00f3n que se celebrar\u00e1 del 18 al 27 de septiembre en la Casa de Cultura.\u00a0<\/span><\/p>\n<p><span style=\"font-weight: 400;\">Un septiembre de teatro de primer nivel, que hace que a\u00f1o tras a\u00f1o Santa Pola se posicione como destino cultural, ganando edici\u00f3n tras edici\u00f3n prestigio y un merecido lugar entre los mejores festivales y muestras de teatro de nuestro pa\u00eds.\u00a0\u00a0<\/span><\/p>\n<p><span style=\"font-weight: 400;\">Seg\u00fan explica la organizaci\u00f3n, \u201cno fue un trabajo f\u00e1cil, ya que la enorme cantidad de candidaturas de toda Espa\u00f1a y la calidad de las propuestas hicieron que fuese muy complicado quedarnos con solo cinco. Sin embargo, esto tambi\u00e9n ha venido a reforzar la idea de que nuestros grupos y el Teatro en general gozan de muy buena salud y largo futuro\u201d.\u00a0<\/span><\/p>\n<p><span style=\"font-weight: 400;\">\u201cA\u00f1o tras a\u00f1o intentamos superarnos, y en este 2025 no solo hemos agregado dos fechas nuevas, sino que adem\u00e1s hemos doblado econ\u00f3micamente lo que los grupos reciben por su actuaci\u00f3n, algo que ha facilitado la llegada de grupos de todo el territorio\u00a0 nacional\u201d.\u00a0<\/span><\/p>\n<p><b>Obras seleccionadas<\/b><\/p>\n<p><span style=\"font-weight: 400;\">Jueves 18 de septiembre: \u201c<\/span><b>La sombra del Tenorio<\/b><span style=\"font-weight: 400;\">\u201d (Lerma, Burgos) recrea con soberbia belleza y desatada iron\u00eda los mejores pasajes del \u201cTenorio\u201d de Zorrilla de la mano de un viejo c\u00f3mico moribundo que a lo largo de toda su carrera se vio abocado a encarnar el papel de Ciutti, el criado de Don Juan. El gracioso, el bobo, ahora se queja con emociones\u00a0 encontradas por haber sido siempre un actor de segunda fila.\u00a0<\/span><\/p>\n<p><span style=\"font-weight: 400;\">Una obra que nos regala sue\u00f1os, gozos, risas, vivencias, y sombras. Sombras de ese\u00a0 espejo distorsionado que es el teatro cuando refleja la vida.\u00a0\u00a0<\/span><\/p>\n<p><span style=\"font-weight: 400;\">Viernes 18 de septiembre: \u201c<\/span><b>Los d\u00edas de la noche<\/b><span style=\"font-weight: 400;\">\u201d (Granada) nos muestra con sutileza y un refinado buen gusto el d\u00eda a d\u00eda de una pareja de ancianos que tras 50 a\u00f1os juntos siguen \u201cjugando\u201d a vivir en su d\u00eda a d\u00eda sin caer en el t\u00f3pico aterrador de la vejez. Una visi\u00f3n tierna y magistralmente actuada, que se debate entre el humor dulce y el drama cotidiano de todos esos hogares donde hay alguna persona mayor.\u00a0<\/span><\/p>\n<p><span style=\"font-weight: 400;\">S\u00e1bado 20 de septiembre: \u201c<\/span><b>Amante a sueldo<\/b><span style=\"font-weight: 400;\">\u201d (Valencia) es una divertid\u00edsima comedia reidera, que mezcla con ingenio y buen gusto, el glamour, el buen champagne y el sexo. Siss\u00ed, una afamada y rica pintora, divorciada y sin ning\u00fan inter\u00e9s en los hombres.\u00a0\u00a0<\/span><\/p>\n<p><span style=\"font-weight: 400;\">Jaume, un hombre normal que se acaba de divorciar y al que el sueldo no le alcanza\u00a0 para pasar la pensi\u00f3n a sus hijos. Lo dem\u00e1s\u2026 lo dejamos en manos del destino.\u00a0\u00a0<\/span><\/p>\n<p><span style=\"font-weight: 400;\">Jueves 25 de septiembre: \u201c<\/span><b>Caos en escena<\/b><span style=\"font-weight: 400;\">\u201d (La Alcayna, Murcia) nos deleita con una obra de teatro dentro del teatro, ensayada por un grupo de incompetentes artistas extra\u00f1amente propensos a todo\u00a0 tipo de accidentes. Las consecuencias de esta representaci\u00f3n son una hilarante comedia, tan divertida\u00a0 como irreparable. \u00a1Que el teatro los indulte! El p\u00fablico seguro que los reir\u00e1.\u00a0\u00a0<\/span><\/p>\n<p><span style=\"font-weight: 400;\">Viernes 26 de septiembre: \u201c<\/span><b>El legado<\/b><span style=\"font-weight: 400;\">\u201d (La Losa, Segovia) basada en hechos reales, nos lleva de la mano de esta mujer emigrante espa\u00f1ola, en la dif\u00edcil Argentina de la dictadura, a una tierna y conmovedora historia que da testimonio de la lucha de las mujeres en tiempos dif\u00edciles para recuperar la identidad de sus nietos. Las Abuelas y Madres de la Plaza de Mayo, o como les sol\u00edan llamar, \u201cesas locas\u201d, \u201cmujeres que luchan toda una vida\u201d; esas son \u00a1las imprescindibles!\u00a0<\/span><\/p>\n<p><span style=\"font-weight: 400;\">S\u00e1bado 27 de septiembre: \u201c<\/span><b>Aqu\u00ed no paga nadie<\/b><span style=\"font-weight: 400;\">\u201d (Santa Pola) clausura esta sexta edici\u00f3n con una de las obras m\u00e1s representadas y reideras del dramaturgo y premio nobel Dar\u00edo F\u00f3. Nuevo Resurgir (grupo anfitri\u00f3n de Santa Pola) nos propone re\u00edrnos durante toda la representaci\u00f3n de nosotros mismos y nuestras situaciones m\u00e1s habituales. Golpeados por los malos gobiernos, las crisis y la globalizaci\u00f3n, esta cr\u00edtica social se viste de gala para las carcajadas. Imperdible.<\/span><\/p>\n","protected":false},"excerpt":{"rendered":"<p>La sexta edici\u00f3n del certamen de teatro amateur de Santa Pola reunir\u00e1 del 18 al 27 de septiembre a seis grupos de Lerma (Burgos), Granada, Valencia, La Alcayna (Murcia), La Losa (Segovia) y Santa Pola, seleccionados entre 67 propuestas presentadas desde toda Espa\u00f1a. El VI Certamen Nacional de Teatro Amateur \u201cMayores a Escena\u201d 2025, que [&hellip;]<\/p>\n","protected":false},"author":96,"featured_media":44629,"comment_status":"closed","ping_status":"closed","sticky":false,"template":"","format":"standard","meta":{"_et_pb_use_builder":"","_et_pb_old_content":"","_et_gb_content_width":"","footnotes":""},"categories":[96],"tags":[555],"class_list":["post-44628","post","type-post","status-publish","format-standard","has-post-thumbnail","hentry","category-cultura","tag-mayores-a-escena"],"yoast_head":"<!-- This site is optimized with the Yoast SEO plugin v27.4 - https:\/\/yoast.com\/product\/yoast-seo-wordpress\/ -->\n<title>\u201cMayores a Escena 2025\u201d contar\u00e1 con cinco espect\u00e1culos que suman 183 premios nacionales de teatro - Ajuntament de Santa Pola<\/title>\n<meta name=\"robots\" content=\"index, follow, max-snippet:-1, max-image-preview:large, max-video-preview:-1\" \/>\n<link rel=\"canonical\" href=\"https:\/\/santapola.es\/ca\/mayores-a-escena-2025-contara-con-cinco-espectaculos-que-suman-183-premios-nacionales-de-teatro\/\" \/>\n<meta property=\"og:locale\" content=\"ca_ES\" \/>\n<meta property=\"og:type\" content=\"article\" \/>\n<meta property=\"og:title\" content=\"\u201cMayores a Escena 2025\u201d contar\u00e1 con cinco espect\u00e1culos que suman 183 premios nacionales de teatro - Ajuntament de Santa Pola\" \/>\n<meta property=\"og:description\" content=\"La sexta edici\u00f3n del certamen de teatro amateur de Santa Pola reunir\u00e1 del 18 al 27 de septiembre a seis grupos de Lerma (Burgos), Granada, Valencia, La Alcayna (Murcia), La Losa (Segovia) y Santa Pola, seleccionados entre 67 propuestas presentadas desde toda Espa\u00f1a. El VI Certamen Nacional de Teatro Amateur \u201cMayores a Escena\u201d 2025, que [&hellip;]\" \/>\n<meta property=\"og:url\" content=\"https:\/\/santapola.es\/ca\/mayores-a-escena-2025-contara-con-cinco-espectaculos-que-suman-183-premios-nacionales-de-teatro\/\" \/>\n<meta property=\"og:site_name\" content=\"Ajuntament de Santa Pola\" \/>\n<meta property=\"article:publisher\" content=\"https:\/\/www.facebook.com\/AyuntamientoSantaPola\/\" \/>\n<meta property=\"article:published_time\" content=\"2025-07-02T07:48:08+00:00\" \/>\n<meta property=\"article:modified_time\" content=\"2025-07-02T11:43:17+00:00\" \/>\n<meta property=\"og:image\" content=\"https:\/\/santapola.es\/wp-content\/uploads\/2025\/07\/MAE-2025-IG-PAREJA-HORIZONTAL-2.jpg\" \/>\n\t<meta property=\"og:image:width\" content=\"1080\" \/>\n\t<meta property=\"og:image:height\" content=\"608\" \/>\n\t<meta property=\"og:image:type\" content=\"image\/jpeg\" \/>\n<meta name=\"author\" content=\"Jos\u00e9 Juan L\u00f3pez Lafuente\" \/>\n<meta name=\"twitter:card\" content=\"summary_large_image\" \/>\n<meta name=\"twitter:creator\" content=\"@SantaPolaAyunt\" \/>\n<meta name=\"twitter:site\" content=\"@SantaPolaAyunt\" \/>\n<script type=\"application\/ld+json\" class=\"yoast-schema-graph\">{\"@context\":\"https:\\\/\\\/schema.org\",\"@graph\":[{\"@type\":\"Article\",\"@id\":\"https:\\\/\\\/santapola.es\\\/ca\\\/mayores-a-escena-2025-contara-con-cinco-espectaculos-que-suman-183-premios-nacionales-de-teatro\\\/#article\",\"isPartOf\":{\"@id\":\"https:\\\/\\\/santapola.es\\\/ca\\\/mayores-a-escena-2025-contara-con-cinco-espectaculos-que-suman-183-premios-nacionales-de-teatro\\\/\"},\"author\":{\"name\":\"Jos\u00e9 Juan L\u00f3pez Lafuente\",\"@id\":\"https:\\\/\\\/santapola.es\\\/ca\\\/#\\\/schema\\\/person\\\/ad1d67403707b58350c7be5e8dbc442d\"},\"headline\":\"\u201cMayores a Escena 2025\u201d contar\u00e1 con cinco espect\u00e1culos que suman 183 premios nacionales de teatro\",\"datePublished\":\"2025-07-02T07:48:08+00:00\",\"dateModified\":\"2025-07-02T11:43:17+00:00\",\"mainEntityOfPage\":{\"@id\":\"https:\\\/\\\/santapola.es\\\/ca\\\/mayores-a-escena-2025-contara-con-cinco-espectaculos-que-suman-183-premios-nacionales-de-teatro\\\/\"},\"wordCount\":749,\"image\":{\"@id\":\"https:\\\/\\\/santapola.es\\\/ca\\\/mayores-a-escena-2025-contara-con-cinco-espectaculos-que-suman-183-premios-nacionales-de-teatro\\\/#primaryimage\"},\"thumbnailUrl\":\"https:\\\/\\\/santapola.es\\\/wp-content\\\/uploads\\\/2025\\\/07\\\/MAE-2025-IG-PAREJA-HORIZONTAL-2.jpg\",\"keywords\":[\"Mayores a Escena\"],\"articleSection\":[\"Cultura\"],\"inLanguage\":\"ca\"},{\"@type\":\"WebPage\",\"@id\":\"https:\\\/\\\/santapola.es\\\/ca\\\/mayores-a-escena-2025-contara-con-cinco-espectaculos-que-suman-183-premios-nacionales-de-teatro\\\/\",\"url\":\"https:\\\/\\\/santapola.es\\\/ca\\\/mayores-a-escena-2025-contara-con-cinco-espectaculos-que-suman-183-premios-nacionales-de-teatro\\\/\",\"name\":\"\u201cMayores a Escena 2025\u201d contar\u00e1 con cinco espect\u00e1culos que suman 183 premios nacionales de teatro - Ajuntament de Santa Pola\",\"isPartOf\":{\"@id\":\"https:\\\/\\\/santapola.es\\\/ca\\\/#website\"},\"primaryImageOfPage\":{\"@id\":\"https:\\\/\\\/santapola.es\\\/ca\\\/mayores-a-escena-2025-contara-con-cinco-espectaculos-que-suman-183-premios-nacionales-de-teatro\\\/#primaryimage\"},\"image\":{\"@id\":\"https:\\\/\\\/santapola.es\\\/ca\\\/mayores-a-escena-2025-contara-con-cinco-espectaculos-que-suman-183-premios-nacionales-de-teatro\\\/#primaryimage\"},\"thumbnailUrl\":\"https:\\\/\\\/santapola.es\\\/wp-content\\\/uploads\\\/2025\\\/07\\\/MAE-2025-IG-PAREJA-HORIZONTAL-2.jpg\",\"datePublished\":\"2025-07-02T07:48:08+00:00\",\"dateModified\":\"2025-07-02T11:43:17+00:00\",\"author\":{\"@id\":\"https:\\\/\\\/santapola.es\\\/ca\\\/#\\\/schema\\\/person\\\/ad1d67403707b58350c7be5e8dbc442d\"},\"breadcrumb\":{\"@id\":\"https:\\\/\\\/santapola.es\\\/ca\\\/mayores-a-escena-2025-contara-con-cinco-espectaculos-que-suman-183-premios-nacionales-de-teatro\\\/#breadcrumb\"},\"inLanguage\":\"ca\",\"potentialAction\":[{\"@type\":\"ReadAction\",\"target\":[\"https:\\\/\\\/santapola.es\\\/ca\\\/mayores-a-escena-2025-contara-con-cinco-espectaculos-que-suman-183-premios-nacionales-de-teatro\\\/\"]}]},{\"@type\":\"ImageObject\",\"inLanguage\":\"ca\",\"@id\":\"https:\\\/\\\/santapola.es\\\/ca\\\/mayores-a-escena-2025-contara-con-cinco-espectaculos-que-suman-183-premios-nacionales-de-teatro\\\/#primaryimage\",\"url\":\"https:\\\/\\\/santapola.es\\\/wp-content\\\/uploads\\\/2025\\\/07\\\/MAE-2025-IG-PAREJA-HORIZONTAL-2.jpg\",\"contentUrl\":\"https:\\\/\\\/santapola.es\\\/wp-content\\\/uploads\\\/2025\\\/07\\\/MAE-2025-IG-PAREJA-HORIZONTAL-2.jpg\",\"width\":1080,\"height\":608},{\"@type\":\"BreadcrumbList\",\"@id\":\"https:\\\/\\\/santapola.es\\\/ca\\\/mayores-a-escena-2025-contara-con-cinco-espectaculos-que-suman-183-premios-nacionales-de-teatro\\\/#breadcrumb\",\"itemListElement\":[{\"@type\":\"ListItem\",\"position\":1,\"name\":\"Inici\",\"item\":\"https:\\\/\\\/santapola.es\\\/ca\\\/\"},{\"@type\":\"ListItem\",\"position\":2,\"name\":\"\u201cMayores a Escena 2025\u201d contar\u00e1 con cinco espect\u00e1culos que suman 183 premios nacionales de teatro\"}]},{\"@type\":\"WebSite\",\"@id\":\"https:\\\/\\\/santapola.es\\\/ca\\\/#website\",\"url\":\"https:\\\/\\\/santapola.es\\\/ca\\\/\",\"name\":\"Ayuntamiento de Santa Pola\",\"description\":\"Web de l'Ajuntament de Santa Pola\",\"potentialAction\":[{\"@type\":\"SearchAction\",\"target\":{\"@type\":\"EntryPoint\",\"urlTemplate\":\"https:\\\/\\\/santapola.es\\\/ca\\\/?s={search_term_string}\"},\"query-input\":{\"@type\":\"PropertyValueSpecification\",\"valueRequired\":true,\"valueName\":\"search_term_string\"}}],\"inLanguage\":\"ca\"},{\"@type\":\"Person\",\"@id\":\"https:\\\/\\\/santapola.es\\\/ca\\\/#\\\/schema\\\/person\\\/ad1d67403707b58350c7be5e8dbc442d\",\"name\":\"Jos\u00e9 Juan L\u00f3pez Lafuente\"}]}<\/script>\n<!-- \/ Yoast SEO plugin. -->","yoast_head_json":{"title":"\u201cMayores a Escena 2025\u201d contar\u00e1 con cinco espect\u00e1culos que suman 183 premios nacionales de teatro - Ajuntament de Santa Pola","robots":{"index":"index","follow":"follow","max-snippet":"max-snippet:-1","max-image-preview":"max-image-preview:large","max-video-preview":"max-video-preview:-1"},"canonical":"https:\/\/santapola.es\/ca\/mayores-a-escena-2025-contara-con-cinco-espectaculos-que-suman-183-premios-nacionales-de-teatro\/","og_locale":"ca_ES","og_type":"article","og_title":"\u201cMayores a Escena 2025\u201d contar\u00e1 con cinco espect\u00e1culos que suman 183 premios nacionales de teatro - Ajuntament de Santa Pola","og_description":"La sexta edici\u00f3n del certamen de teatro amateur de Santa Pola reunir\u00e1 del 18 al 27 de septiembre a seis grupos de Lerma (Burgos), Granada, Valencia, La Alcayna (Murcia), La Losa (Segovia) y Santa Pola, seleccionados entre 67 propuestas presentadas desde toda Espa\u00f1a. El VI Certamen Nacional de Teatro Amateur \u201cMayores a Escena\u201d 2025, que [&hellip;]","og_url":"https:\/\/santapola.es\/ca\/mayores-a-escena-2025-contara-con-cinco-espectaculos-que-suman-183-premios-nacionales-de-teatro\/","og_site_name":"Ajuntament de Santa Pola","article_publisher":"https:\/\/www.facebook.com\/AyuntamientoSantaPola\/","article_published_time":"2025-07-02T07:48:08+00:00","article_modified_time":"2025-07-02T11:43:17+00:00","og_image":[{"width":1080,"height":608,"url":"https:\/\/santapola.es\/wp-content\/uploads\/2025\/07\/MAE-2025-IG-PAREJA-HORIZONTAL-2.jpg","type":"image\/jpeg"}],"author":"Jos\u00e9 Juan L\u00f3pez Lafuente","twitter_card":"summary_large_image","twitter_creator":"@SantaPolaAyunt","twitter_site":"@SantaPolaAyunt","schema":{"@context":"https:\/\/schema.org","@graph":[{"@type":"Article","@id":"https:\/\/santapola.es\/ca\/mayores-a-escena-2025-contara-con-cinco-espectaculos-que-suman-183-premios-nacionales-de-teatro\/#article","isPartOf":{"@id":"https:\/\/santapola.es\/ca\/mayores-a-escena-2025-contara-con-cinco-espectaculos-que-suman-183-premios-nacionales-de-teatro\/"},"author":{"name":"Jos\u00e9 Juan L\u00f3pez Lafuente","@id":"https:\/\/santapola.es\/ca\/#\/schema\/person\/ad1d67403707b58350c7be5e8dbc442d"},"headline":"\u201cMayores a Escena 2025\u201d contar\u00e1 con cinco espect\u00e1culos que suman 183 premios nacionales de teatro","datePublished":"2025-07-02T07:48:08+00:00","dateModified":"2025-07-02T11:43:17+00:00","mainEntityOfPage":{"@id":"https:\/\/santapola.es\/ca\/mayores-a-escena-2025-contara-con-cinco-espectaculos-que-suman-183-premios-nacionales-de-teatro\/"},"wordCount":749,"image":{"@id":"https:\/\/santapola.es\/ca\/mayores-a-escena-2025-contara-con-cinco-espectaculos-que-suman-183-premios-nacionales-de-teatro\/#primaryimage"},"thumbnailUrl":"https:\/\/santapola.es\/wp-content\/uploads\/2025\/07\/MAE-2025-IG-PAREJA-HORIZONTAL-2.jpg","keywords":["Mayores a Escena"],"articleSection":["Cultura"],"inLanguage":"ca"},{"@type":"WebPage","@id":"https:\/\/santapola.es\/ca\/mayores-a-escena-2025-contara-con-cinco-espectaculos-que-suman-183-premios-nacionales-de-teatro\/","url":"https:\/\/santapola.es\/ca\/mayores-a-escena-2025-contara-con-cinco-espectaculos-que-suman-183-premios-nacionales-de-teatro\/","name":"\u201cMayores a Escena 2025\u201d contar\u00e1 con cinco espect\u00e1culos que suman 183 premios nacionales de teatro - Ajuntament de Santa Pola","isPartOf":{"@id":"https:\/\/santapola.es\/ca\/#website"},"primaryImageOfPage":{"@id":"https:\/\/santapola.es\/ca\/mayores-a-escena-2025-contara-con-cinco-espectaculos-que-suman-183-premios-nacionales-de-teatro\/#primaryimage"},"image":{"@id":"https:\/\/santapola.es\/ca\/mayores-a-escena-2025-contara-con-cinco-espectaculos-que-suman-183-premios-nacionales-de-teatro\/#primaryimage"},"thumbnailUrl":"https:\/\/santapola.es\/wp-content\/uploads\/2025\/07\/MAE-2025-IG-PAREJA-HORIZONTAL-2.jpg","datePublished":"2025-07-02T07:48:08+00:00","dateModified":"2025-07-02T11:43:17+00:00","author":{"@id":"https:\/\/santapola.es\/ca\/#\/schema\/person\/ad1d67403707b58350c7be5e8dbc442d"},"breadcrumb":{"@id":"https:\/\/santapola.es\/ca\/mayores-a-escena-2025-contara-con-cinco-espectaculos-que-suman-183-premios-nacionales-de-teatro\/#breadcrumb"},"inLanguage":"ca","potentialAction":[{"@type":"ReadAction","target":["https:\/\/santapola.es\/ca\/mayores-a-escena-2025-contara-con-cinco-espectaculos-que-suman-183-premios-nacionales-de-teatro\/"]}]},{"@type":"ImageObject","inLanguage":"ca","@id":"https:\/\/santapola.es\/ca\/mayores-a-escena-2025-contara-con-cinco-espectaculos-que-suman-183-premios-nacionales-de-teatro\/#primaryimage","url":"https:\/\/santapola.es\/wp-content\/uploads\/2025\/07\/MAE-2025-IG-PAREJA-HORIZONTAL-2.jpg","contentUrl":"https:\/\/santapola.es\/wp-content\/uploads\/2025\/07\/MAE-2025-IG-PAREJA-HORIZONTAL-2.jpg","width":1080,"height":608},{"@type":"BreadcrumbList","@id":"https:\/\/santapola.es\/ca\/mayores-a-escena-2025-contara-con-cinco-espectaculos-que-suman-183-premios-nacionales-de-teatro\/#breadcrumb","itemListElement":[{"@type":"ListItem","position":1,"name":"Inici","item":"https:\/\/santapola.es\/ca\/"},{"@type":"ListItem","position":2,"name":"\u201cMayores a Escena 2025\u201d contar\u00e1 con cinco espect\u00e1culos que suman 183 premios nacionales de teatro"}]},{"@type":"WebSite","@id":"https:\/\/santapola.es\/ca\/#website","url":"https:\/\/santapola.es\/ca\/","name":"Ayuntamiento de Santa Pola","description":"Web de l'Ajuntament de Santa Pola","potentialAction":[{"@type":"SearchAction","target":{"@type":"EntryPoint","urlTemplate":"https:\/\/santapola.es\/ca\/?s={search_term_string}"},"query-input":{"@type":"PropertyValueSpecification","valueRequired":true,"valueName":"search_term_string"}}],"inLanguage":"ca"},{"@type":"Person","@id":"https:\/\/santapola.es\/ca\/#\/schema\/person\/ad1d67403707b58350c7be5e8dbc442d","name":"Jos\u00e9 Juan L\u00f3pez Lafuente"}]}},"_links":{"self":[{"href":"https:\/\/santapola.es\/ca\/wp-json\/wp\/v2\/posts\/44628","targetHints":{"allow":["GET"]}}],"collection":[{"href":"https:\/\/santapola.es\/ca\/wp-json\/wp\/v2\/posts"}],"about":[{"href":"https:\/\/santapola.es\/ca\/wp-json\/wp\/v2\/types\/post"}],"author":[{"embeddable":true,"href":"https:\/\/santapola.es\/ca\/wp-json\/wp\/v2\/users\/96"}],"replies":[{"embeddable":true,"href":"https:\/\/santapola.es\/ca\/wp-json\/wp\/v2\/comments?post=44628"}],"version-history":[{"count":0,"href":"https:\/\/santapola.es\/ca\/wp-json\/wp\/v2\/posts\/44628\/revisions"}],"wp:featuredmedia":[{"embeddable":true,"href":"https:\/\/santapola.es\/ca\/wp-json\/wp\/v2\/media\/44629"}],"wp:attachment":[{"href":"https:\/\/santapola.es\/ca\/wp-json\/wp\/v2\/media?parent=44628"}],"wp:term":[{"taxonomy":"category","embeddable":true,"href":"https:\/\/santapola.es\/ca\/wp-json\/wp\/v2\/categories?post=44628"},{"taxonomy":"post_tag","embeddable":true,"href":"https:\/\/santapola.es\/ca\/wp-json\/wp\/v2\/tags?post=44628"}],"curies":[{"name":"wp","href":"https:\/\/api.w.org\/{rel}","templated":true}]}}