{"id":44510,"date":"2025-06-27T09:00:11","date_gmt":"2025-06-27T07:00:11","guid":{"rendered":"https:\/\/santapola.es\/?p=44510"},"modified":"2025-06-26T20:07:48","modified_gmt":"2025-06-26T18:07:48","slug":"dia-de-lorgull-lgtbi-santa-pola-2025","status":"publish","type":"post","link":"https:\/\/santapola.es\/ca\/dia-de-lorgull-lgtbi-santa-pola-2025\/","title":{"rendered":"D\u00eda de l&#8217;Orgull LGTBI Santa Pola 2025"},"content":{"rendered":"<p><strong>Hui 28 de juny es commemora el Dia de l&#8217;Orgull LGTBI. Hui celebrem dos d\u00e8cades d&#8217;una conquesta hist\u00f2rica que transforme per sempre el nostre pa\u00eds, l&#8217;aprovaci\u00f3 del matrimoni igualitari considerada com una vict\u00f2ria col\u00b7lectiva.<\/strong><\/p>\n<p>Hui celebrem la diversitat, l&#8217;amor lliure i la valentia dels qui han lluitat \u2014i continuen lluitant\u2014 per viure amb dignitat i sense por.<\/p>\n<p>Cada juny, els carrers s&#8217;omplin de color, per\u00f2 l&#8217;Orgull LGTBI va molt m\u00e9s all\u00e0 d&#8217;una celebraci\u00f3: \u00e9s mem\u00f2ria, \u00e9s lluita, \u00e9s visibilitat. \u00c9s recordar als qui van obrir cam\u00ed enfrontant discriminaci\u00f3 i viol\u00e8ncia, i \u00e9s honrar als qui hui continuen exigint igualtat, respecte i amor sense condicions, perqu\u00e8 tots els colors de l&#8217;arc de Sant Mart\u00ed mereixen brillar.<\/p>\n<p>Ser part del col\u00b7lectiu LGTBI no hauria de ser un acte de valentia, per\u00f2 encara ho \u00e9s. Per aix\u00f2, Santa Pola celebra amb orgull, per\u00f2 tamb\u00e9 amb consci\u00e8ncia. Perqu\u00e8 encara queda molt per fer: en drets, en representaci\u00f3, en llibertat per a viure plenament els qui som.<\/p>\n<p>Este mes \u2014i tots els dies\u2014 alcem la veu per un m\u00f3n on ning\u00fa haja d&#8217;ocultar-se, on estimar no siga motiu de por, i on la diversitat no sols es tolere, sin\u00f3 que se celebre com una riquesa col\u00b7lectiva.<\/p>\n<p>Per aix\u00f2 la Regidoria de Servicis Socials d&#8217;este Ajuntament llan\u00e7a la campanya Agarra&#8217;t a l&#8217;Amor, sense preju\u00eds. Perqu\u00e8 tothom t\u00e9 dret a estimar i ser estimat. Feli\u00e7 Orgull.<\/p>\n<p>Que mai s&#8217;apague la llum de l&#8217;arc de Sant Mart\u00ed.<\/p>\n<p>https:\/\/youtu.be\/J0ZYxFuNZU0<\/p>\n","protected":false},"excerpt":{"rendered":"<p>Hui 28 de juny es commemora el Dia de l&#8217;Orgull LGTBI. Hui celebrem dos d\u00e8cades d&#8217;una conquesta hist\u00f2rica que transforme per sempre el nostre pa\u00eds, l&#8217;aprovaci\u00f3 del matrimoni igualitari considerada com una vict\u00f2ria col\u00b7lectiva. Hui celebrem la diversitat, l&#8217;amor lliure i la valentia dels qui han lluitat \u2014i continuen lluitant\u2014 per viure amb dignitat i [&hellip;]<\/p>\n","protected":false},"author":96,"featured_media":44508,"comment_status":"closed","ping_status":"closed","sticky":false,"template":"","format":"standard","meta":{"_et_pb_use_builder":"","_et_pb_old_content":"","_et_gb_content_width":"","footnotes":""},"categories":[653,452],"tags":[1526],"class_list":["post-44510","post","type-post","status-publish","format-standard","has-post-thumbnail","hentry","category-igualtat","category-serveis-socials","tag-dia-de-lorgull-lgtbi"],"yoast_head":"<!-- This site is optimized with the Yoast SEO plugin v27.4 - https:\/\/yoast.com\/product\/yoast-seo-wordpress\/ -->\n<title>D\u00eda de l&#039;Orgull LGTBI Santa Pola 2025 - Ajuntament de Santa Pola<\/title>\n<meta name=\"robots\" content=\"index, follow, max-snippet:-1, max-image-preview:large, max-video-preview:-1\" \/>\n<link rel=\"canonical\" href=\"https:\/\/santapola.es\/ca\/dia-de-lorgull-lgtbi-santa-pola-2025\/\" \/>\n<meta property=\"og:locale\" content=\"ca_ES\" \/>\n<meta property=\"og:type\" content=\"article\" \/>\n<meta property=\"og:title\" content=\"D\u00eda de l&#039;Orgull LGTBI Santa Pola 2025 - Ajuntament de Santa Pola\" \/>\n<meta property=\"og:description\" content=\"Hui 28 de juny es commemora el Dia de l&#8217;Orgull LGTBI. Hui celebrem dos d\u00e8cades d&#8217;una conquesta hist\u00f2rica que transforme per sempre el nostre pa\u00eds, l&#8217;aprovaci\u00f3 del matrimoni igualitari considerada com una vict\u00f2ria col\u00b7lectiva. Hui celebrem la diversitat, l&#8217;amor lliure i la valentia dels qui han lluitat \u2014i continuen lluitant\u2014 per viure amb dignitat i [&hellip;]\" \/>\n<meta property=\"og:url\" content=\"https:\/\/santapola.es\/ca\/dia-de-lorgull-lgtbi-santa-pola-2025\/\" \/>\n<meta property=\"og:site_name\" content=\"Ajuntament de Santa Pola\" \/>\n<meta property=\"article:publisher\" content=\"https:\/\/www.facebook.com\/AyuntamientoSantaPola\/\" \/>\n<meta property=\"article:published_time\" content=\"2025-06-27T07:00:11+00:00\" \/>\n<meta property=\"og:image\" content=\"https:\/\/santapola.es\/wp-content\/uploads\/2025\/06\/pride-youtube.jpg\" \/>\n\t<meta property=\"og:image:width\" content=\"1920\" \/>\n\t<meta property=\"og:image:height\" content=\"1080\" \/>\n\t<meta property=\"og:image:type\" content=\"image\/jpeg\" \/>\n<meta name=\"author\" content=\"Jos\u00e9 Juan L\u00f3pez Lafuente\" \/>\n<meta name=\"twitter:card\" content=\"summary_large_image\" \/>\n<meta name=\"twitter:creator\" content=\"@SantaPolaAyunt\" \/>\n<meta name=\"twitter:site\" content=\"@SantaPolaAyunt\" \/>\n<script type=\"application\/ld+json\" class=\"yoast-schema-graph\">{\"@context\":\"https:\\\/\\\/schema.org\",\"@graph\":[{\"@type\":\"Article\",\"@id\":\"https:\\\/\\\/santapola.es\\\/ca\\\/dia-de-lorgull-lgtbi-santa-pola-2025\\\/#article\",\"isPartOf\":{\"@id\":\"https:\\\/\\\/santapola.es\\\/ca\\\/dia-de-lorgull-lgtbi-santa-pola-2025\\\/\"},\"author\":{\"name\":\"Jos\u00e9 Juan L\u00f3pez Lafuente\",\"@id\":\"https:\\\/\\\/santapola.es\\\/ca\\\/#\\\/schema\\\/person\\\/ad1d67403707b58350c7be5e8dbc442d\"},\"headline\":\"D\u00eda de l&#8217;Orgull LGTBI Santa Pola 2025\",\"datePublished\":\"2025-06-27T07:00:11+00:00\",\"mainEntityOfPage\":{\"@id\":\"https:\\\/\\\/santapola.es\\\/ca\\\/dia-de-lorgull-lgtbi-santa-pola-2025\\\/\"},\"wordCount\":279,\"image\":{\"@id\":\"https:\\\/\\\/santapola.es\\\/ca\\\/dia-de-lorgull-lgtbi-santa-pola-2025\\\/#primaryimage\"},\"thumbnailUrl\":\"https:\\\/\\\/santapola.es\\\/wp-content\\\/uploads\\\/2025\\\/06\\\/pride-youtube.jpg\",\"keywords\":[\"Dia de l'Orgull LGTBI\"],\"articleSection\":[\"Igualtat\",\"Serveis Socials\"],\"inLanguage\":\"ca\"},{\"@type\":\"WebPage\",\"@id\":\"https:\\\/\\\/santapola.es\\\/ca\\\/dia-de-lorgull-lgtbi-santa-pola-2025\\\/\",\"url\":\"https:\\\/\\\/santapola.es\\\/ca\\\/dia-de-lorgull-lgtbi-santa-pola-2025\\\/\",\"name\":\"D\u00eda de l'Orgull LGTBI Santa Pola 2025 - Ajuntament de Santa Pola\",\"isPartOf\":{\"@id\":\"https:\\\/\\\/santapola.es\\\/ca\\\/#website\"},\"primaryImageOfPage\":{\"@id\":\"https:\\\/\\\/santapola.es\\\/ca\\\/dia-de-lorgull-lgtbi-santa-pola-2025\\\/#primaryimage\"},\"image\":{\"@id\":\"https:\\\/\\\/santapola.es\\\/ca\\\/dia-de-lorgull-lgtbi-santa-pola-2025\\\/#primaryimage\"},\"thumbnailUrl\":\"https:\\\/\\\/santapola.es\\\/wp-content\\\/uploads\\\/2025\\\/06\\\/pride-youtube.jpg\",\"datePublished\":\"2025-06-27T07:00:11+00:00\",\"author\":{\"@id\":\"https:\\\/\\\/santapola.es\\\/ca\\\/#\\\/schema\\\/person\\\/ad1d67403707b58350c7be5e8dbc442d\"},\"breadcrumb\":{\"@id\":\"https:\\\/\\\/santapola.es\\\/ca\\\/dia-de-lorgull-lgtbi-santa-pola-2025\\\/#breadcrumb\"},\"inLanguage\":\"ca\",\"potentialAction\":[{\"@type\":\"ReadAction\",\"target\":[\"https:\\\/\\\/santapola.es\\\/ca\\\/dia-de-lorgull-lgtbi-santa-pola-2025\\\/\"]}]},{\"@type\":\"ImageObject\",\"inLanguage\":\"ca\",\"@id\":\"https:\\\/\\\/santapola.es\\\/ca\\\/dia-de-lorgull-lgtbi-santa-pola-2025\\\/#primaryimage\",\"url\":\"https:\\\/\\\/santapola.es\\\/wp-content\\\/uploads\\\/2025\\\/06\\\/pride-youtube.jpg\",\"contentUrl\":\"https:\\\/\\\/santapola.es\\\/wp-content\\\/uploads\\\/2025\\\/06\\\/pride-youtube.jpg\",\"width\":1920,\"height\":1080},{\"@type\":\"BreadcrumbList\",\"@id\":\"https:\\\/\\\/santapola.es\\\/ca\\\/dia-de-lorgull-lgtbi-santa-pola-2025\\\/#breadcrumb\",\"itemListElement\":[{\"@type\":\"ListItem\",\"position\":1,\"name\":\"Inici\",\"item\":\"https:\\\/\\\/santapola.es\\\/ca\\\/\"},{\"@type\":\"ListItem\",\"position\":2,\"name\":\"D\u00eda de l&#8217;Orgull LGTBI Santa Pola 2025\"}]},{\"@type\":\"WebSite\",\"@id\":\"https:\\\/\\\/santapola.es\\\/ca\\\/#website\",\"url\":\"https:\\\/\\\/santapola.es\\\/ca\\\/\",\"name\":\"Ayuntamiento de Santa Pola\",\"description\":\"Web de l'Ajuntament de Santa Pola\",\"potentialAction\":[{\"@type\":\"SearchAction\",\"target\":{\"@type\":\"EntryPoint\",\"urlTemplate\":\"https:\\\/\\\/santapola.es\\\/ca\\\/?s={search_term_string}\"},\"query-input\":{\"@type\":\"PropertyValueSpecification\",\"valueRequired\":true,\"valueName\":\"search_term_string\"}}],\"inLanguage\":\"ca\"},{\"@type\":\"Person\",\"@id\":\"https:\\\/\\\/santapola.es\\\/ca\\\/#\\\/schema\\\/person\\\/ad1d67403707b58350c7be5e8dbc442d\",\"name\":\"Jos\u00e9 Juan L\u00f3pez Lafuente\"}]}<\/script>\n<!-- \/ Yoast SEO plugin. -->","yoast_head_json":{"title":"D\u00eda de l'Orgull LGTBI Santa Pola 2025 - Ajuntament de Santa Pola","robots":{"index":"index","follow":"follow","max-snippet":"max-snippet:-1","max-image-preview":"max-image-preview:large","max-video-preview":"max-video-preview:-1"},"canonical":"https:\/\/santapola.es\/ca\/dia-de-lorgull-lgtbi-santa-pola-2025\/","og_locale":"ca_ES","og_type":"article","og_title":"D\u00eda de l'Orgull LGTBI Santa Pola 2025 - Ajuntament de Santa Pola","og_description":"Hui 28 de juny es commemora el Dia de l&#8217;Orgull LGTBI. Hui celebrem dos d\u00e8cades d&#8217;una conquesta hist\u00f2rica que transforme per sempre el nostre pa\u00eds, l&#8217;aprovaci\u00f3 del matrimoni igualitari considerada com una vict\u00f2ria col\u00b7lectiva. Hui celebrem la diversitat, l&#8217;amor lliure i la valentia dels qui han lluitat \u2014i continuen lluitant\u2014 per viure amb dignitat i [&hellip;]","og_url":"https:\/\/santapola.es\/ca\/dia-de-lorgull-lgtbi-santa-pola-2025\/","og_site_name":"Ajuntament de Santa Pola","article_publisher":"https:\/\/www.facebook.com\/AyuntamientoSantaPola\/","article_published_time":"2025-06-27T07:00:11+00:00","og_image":[{"width":1920,"height":1080,"url":"https:\/\/santapola.es\/wp-content\/uploads\/2025\/06\/pride-youtube.jpg","type":"image\/jpeg"}],"author":"Jos\u00e9 Juan L\u00f3pez Lafuente","twitter_card":"summary_large_image","twitter_creator":"@SantaPolaAyunt","twitter_site":"@SantaPolaAyunt","schema":{"@context":"https:\/\/schema.org","@graph":[{"@type":"Article","@id":"https:\/\/santapola.es\/ca\/dia-de-lorgull-lgtbi-santa-pola-2025\/#article","isPartOf":{"@id":"https:\/\/santapola.es\/ca\/dia-de-lorgull-lgtbi-santa-pola-2025\/"},"author":{"name":"Jos\u00e9 Juan L\u00f3pez Lafuente","@id":"https:\/\/santapola.es\/ca\/#\/schema\/person\/ad1d67403707b58350c7be5e8dbc442d"},"headline":"D\u00eda de l&#8217;Orgull LGTBI Santa Pola 2025","datePublished":"2025-06-27T07:00:11+00:00","mainEntityOfPage":{"@id":"https:\/\/santapola.es\/ca\/dia-de-lorgull-lgtbi-santa-pola-2025\/"},"wordCount":279,"image":{"@id":"https:\/\/santapola.es\/ca\/dia-de-lorgull-lgtbi-santa-pola-2025\/#primaryimage"},"thumbnailUrl":"https:\/\/santapola.es\/wp-content\/uploads\/2025\/06\/pride-youtube.jpg","keywords":["Dia de l'Orgull LGTBI"],"articleSection":["Igualtat","Serveis Socials"],"inLanguage":"ca"},{"@type":"WebPage","@id":"https:\/\/santapola.es\/ca\/dia-de-lorgull-lgtbi-santa-pola-2025\/","url":"https:\/\/santapola.es\/ca\/dia-de-lorgull-lgtbi-santa-pola-2025\/","name":"D\u00eda de l'Orgull LGTBI Santa Pola 2025 - Ajuntament de Santa Pola","isPartOf":{"@id":"https:\/\/santapola.es\/ca\/#website"},"primaryImageOfPage":{"@id":"https:\/\/santapola.es\/ca\/dia-de-lorgull-lgtbi-santa-pola-2025\/#primaryimage"},"image":{"@id":"https:\/\/santapola.es\/ca\/dia-de-lorgull-lgtbi-santa-pola-2025\/#primaryimage"},"thumbnailUrl":"https:\/\/santapola.es\/wp-content\/uploads\/2025\/06\/pride-youtube.jpg","datePublished":"2025-06-27T07:00:11+00:00","author":{"@id":"https:\/\/santapola.es\/ca\/#\/schema\/person\/ad1d67403707b58350c7be5e8dbc442d"},"breadcrumb":{"@id":"https:\/\/santapola.es\/ca\/dia-de-lorgull-lgtbi-santa-pola-2025\/#breadcrumb"},"inLanguage":"ca","potentialAction":[{"@type":"ReadAction","target":["https:\/\/santapola.es\/ca\/dia-de-lorgull-lgtbi-santa-pola-2025\/"]}]},{"@type":"ImageObject","inLanguage":"ca","@id":"https:\/\/santapola.es\/ca\/dia-de-lorgull-lgtbi-santa-pola-2025\/#primaryimage","url":"https:\/\/santapola.es\/wp-content\/uploads\/2025\/06\/pride-youtube.jpg","contentUrl":"https:\/\/santapola.es\/wp-content\/uploads\/2025\/06\/pride-youtube.jpg","width":1920,"height":1080},{"@type":"BreadcrumbList","@id":"https:\/\/santapola.es\/ca\/dia-de-lorgull-lgtbi-santa-pola-2025\/#breadcrumb","itemListElement":[{"@type":"ListItem","position":1,"name":"Inici","item":"https:\/\/santapola.es\/ca\/"},{"@type":"ListItem","position":2,"name":"D\u00eda de l&#8217;Orgull LGTBI Santa Pola 2025"}]},{"@type":"WebSite","@id":"https:\/\/santapola.es\/ca\/#website","url":"https:\/\/santapola.es\/ca\/","name":"Ayuntamiento de Santa Pola","description":"Web de l'Ajuntament de Santa Pola","potentialAction":[{"@type":"SearchAction","target":{"@type":"EntryPoint","urlTemplate":"https:\/\/santapola.es\/ca\/?s={search_term_string}"},"query-input":{"@type":"PropertyValueSpecification","valueRequired":true,"valueName":"search_term_string"}}],"inLanguage":"ca"},{"@type":"Person","@id":"https:\/\/santapola.es\/ca\/#\/schema\/person\/ad1d67403707b58350c7be5e8dbc442d","name":"Jos\u00e9 Juan L\u00f3pez Lafuente"}]}},"_links":{"self":[{"href":"https:\/\/santapola.es\/ca\/wp-json\/wp\/v2\/posts\/44510","targetHints":{"allow":["GET"]}}],"collection":[{"href":"https:\/\/santapola.es\/ca\/wp-json\/wp\/v2\/posts"}],"about":[{"href":"https:\/\/santapola.es\/ca\/wp-json\/wp\/v2\/types\/post"}],"author":[{"embeddable":true,"href":"https:\/\/santapola.es\/ca\/wp-json\/wp\/v2\/users\/96"}],"replies":[{"embeddable":true,"href":"https:\/\/santapola.es\/ca\/wp-json\/wp\/v2\/comments?post=44510"}],"version-history":[{"count":0,"href":"https:\/\/santapola.es\/ca\/wp-json\/wp\/v2\/posts\/44510\/revisions"}],"wp:featuredmedia":[{"embeddable":true,"href":"https:\/\/santapola.es\/ca\/wp-json\/wp\/v2\/media\/44508"}],"wp:attachment":[{"href":"https:\/\/santapola.es\/ca\/wp-json\/wp\/v2\/media?parent=44510"}],"wp:term":[{"taxonomy":"category","embeddable":true,"href":"https:\/\/santapola.es\/ca\/wp-json\/wp\/v2\/categories?post=44510"},{"taxonomy":"post_tag","embeddable":true,"href":"https:\/\/santapola.es\/ca\/wp-json\/wp\/v2\/tags?post=44510"}],"curies":[{"name":"wp","href":"https:\/\/api.w.org\/{rel}","templated":true}]}}