{"id":44368,"date":"2025-06-19T10:28:54","date_gmt":"2025-06-19T08:28:54","guid":{"rendered":"https:\/\/santapola.es\/?p=44368"},"modified":"2025-06-19T10:32:40","modified_gmt":"2025-06-19T08:32:40","slug":"la-regidoria-de-joventut-de-santa-pola-multiplica-este-estiu-els-esdeveniments-de-lestiu-jove","status":"publish","type":"post","link":"https:\/\/santapola.es\/ca\/la-regidoria-de-joventut-de-santa-pola-multiplica-este-estiu-els-esdeveniments-de-lestiu-jove\/","title":{"rendered":"La Regidoria de Joventut de Santa Pola multiplica este estiu els esdeveniments de l&#8217;\u201cEstiu Jove\u201d"},"content":{"rendered":"<p><strong>Siente Santa Pola Xperience afig els concerts col\u00b7lectius amb importants artistes a la seua oferta de mon\u00f2legs, torna Los 40 Summer Live i el cinema ser\u00e0 protagonista cada dimarts amb projecci\u00f3 de pel\u00b7l\u00edcules a la platja de Llevant.<\/strong><\/p>\n<p>El regidor de Joventut, Joaqu\u00edn Lozano, ha presentat hui el cartell de \u201cEstiu Jove 2025\u201d, la programaci\u00f3 d&#8217;activitats prevista per als dos mesos d&#8217;estiu i que compta amb noves iniciatives i el refor\u00e7 d&#8217;altres festivals que van tindre \u00e8xit l&#8217;any passat.<\/p>\n<p>\u00c9s el cas del \u201cSiente Santa Pola Xperience\u201d, que es va iniciar en 2024 nom\u00e9s amb monologuistes i que en esta segona edici\u00f3 amplia tamb\u00e9 a concerts col\u00b7lectius de m\u00fasica de diversos estils, sense perdre el seu origen, ja que repetir\u00e0 David Cepo i, a m\u00e9s, comptar\u00e0 amb les gales de Martita de Gran\u00e1 i Aguilera &amp; Men\u00ed.<\/p>\n<p>Quant als concerts, tindrem l&#8217;11 de juliol a La Guardia, Alejo Stivel, Javier Ojeda, Tam Tam Go i Amistades Peligrosas, una nit de rock espanyol el 12 de juliol amb Burning, 091, La Frontera, Javier Baeza i Black Ducados, agost comen\u00e7ar\u00e0 el dia 1 amb Chambao, Mar\u00eda Pelae, Las Migas i Lachispa, i el 2 d&#8217;agost actuaran Raule, Miguel Campello, El Duende Callejero, Salistre, Nolasco i Diego Carrasco.<\/p>\n<p><strong>Cinema a la platja<\/strong><\/p>\n<p>\u201cUna de les grans novetats d&#8217;este estiu ser\u00e0 la programaci\u00f3 de cinema a la platja, que ocupar\u00e0 quasi tots els dimarts de juliol i agost a la platja de Llevant, enfront de l&#8217;ajuntament, i en la qual podrem veure els seleccionats del XII Certamen Auton\u00f2mic de Curts de Santa Pola l&#8217;1 de juliol, i cada dimarts una selecci\u00f3 de set pel\u00b7l\u00edcules relativament recents\u201d, va explicar Lozano, convidant als aficionats al s\u00e8ptim art \u201cal fet que baixen amb les seues cadires de platja i el seu sopar per a passar una bona estona de cinema a la fresca\u201d.<\/p>\n<p>Un altre dels grans i esperats esdeveniments ser\u00e0 el festival \u201cLos 40 Summer Live Santa Pola\u201d, que tornar\u00e0 a reunir en la Gran Platja el dissabte 19 de juliol a milers de j\u00f3vens per a gaudir de la m\u00fasica en directe.<\/p>\n<p>\u201cEstiu Jove\u201d tancar\u00e0 la programaci\u00f3 el 6 d&#8217;agost amb una nova edici\u00f3 de la gal\u00b7la \u201cJovens en Valors\u201d al Castell Fortalesa, en la qual es rendir\u00e0 reconeixement als j\u00f3vens de Santa Pola que han destacat en diversos \u00e0mbits.<\/p>\n<p><img loading=\"lazy\" decoding=\"async\" class=\"aligncenter size-large wp-image-44366\" src=\"https:\/\/santapola.es\/wp-content\/uploads\/2025\/06\/CARTEL-ESTIU-JOVE-COMPLETO-724x1024.png\" alt=\"\" width=\"724\" height=\"1024\" \/><\/p>\n","protected":false},"excerpt":{"rendered":"<p>Siente Santa Pola Xperience afig els concerts col\u00b7lectius amb importants artistes a la seua oferta de mon\u00f2legs, torna Los 40 Summer Live i el cinema ser\u00e0 protagonista cada dimarts amb projecci\u00f3 de pel\u00b7l\u00edcules a la platja de Llevant. El regidor de Joventut, Joaqu\u00edn Lozano, ha presentat hui el cartell de \u201cEstiu Jove 2025\u201d, la programaci\u00f3 [&hellip;]<\/p>\n","protected":false},"author":96,"featured_media":44364,"comment_status":"closed","ping_status":"closed","sticky":false,"template":"","format":"standard","meta":{"_et_pb_use_builder":"","_et_pb_old_content":"","_et_gb_content_width":"","footnotes":""},"categories":[494],"tags":[1518,498,970],"class_list":["post-44368","post","type-post","status-publish","format-standard","has-post-thumbnail","hentry","category-joventut","tag-estiu-jove-ca","tag-joaquin-lozano-ca","tag-siente-santa-pola-xperience-ca"],"yoast_head":"<!-- This site is optimized with the Yoast SEO plugin v27.4 - https:\/\/yoast.com\/product\/yoast-seo-wordpress\/ -->\n<title>La Regidoria de Joventut de Santa Pola multiplica este estiu els esdeveniments de l&#039;\u201cEstiu Jove\u201d - Ajuntament de Santa Pola<\/title>\n<meta name=\"robots\" content=\"index, follow, max-snippet:-1, max-image-preview:large, max-video-preview:-1\" \/>\n<link rel=\"canonical\" href=\"https:\/\/santapola.es\/ca\/la-regidoria-de-joventut-de-santa-pola-multiplica-este-estiu-els-esdeveniments-de-lestiu-jove\/\" \/>\n<meta property=\"og:locale\" content=\"ca_ES\" \/>\n<meta property=\"og:type\" content=\"article\" \/>\n<meta property=\"og:title\" content=\"La Regidoria de Joventut de Santa Pola multiplica este estiu els esdeveniments de l&#039;\u201cEstiu Jove\u201d - Ajuntament de Santa Pola\" \/>\n<meta property=\"og:description\" content=\"Siente Santa Pola Xperience afig els concerts col\u00b7lectius amb importants artistes a la seua oferta de mon\u00f2legs, torna Los 40 Summer Live i el cinema ser\u00e0 protagonista cada dimarts amb projecci\u00f3 de pel\u00b7l\u00edcules a la platja de Llevant. El regidor de Joventut, Joaqu\u00edn Lozano, ha presentat hui el cartell de \u201cEstiu Jove 2025\u201d, la programaci\u00f3 [&hellip;]\" \/>\n<meta property=\"og:url\" content=\"https:\/\/santapola.es\/ca\/la-regidoria-de-joventut-de-santa-pola-multiplica-este-estiu-els-esdeveniments-de-lestiu-jove\/\" \/>\n<meta property=\"og:site_name\" content=\"Ajuntament de Santa Pola\" \/>\n<meta property=\"article:publisher\" content=\"https:\/\/www.facebook.com\/AyuntamientoSantaPola\/\" \/>\n<meta property=\"article:published_time\" content=\"2025-06-19T08:28:54+00:00\" \/>\n<meta property=\"article:modified_time\" content=\"2025-06-19T08:32:40+00:00\" \/>\n<meta property=\"og:image\" content=\"https:\/\/santapola.es\/wp-content\/uploads\/2025\/06\/2025-06-19-Joaquin-Lozano-Estiu-Jove.jpg\" \/>\n\t<meta property=\"og:image:width\" content=\"1920\" \/>\n\t<meta property=\"og:image:height\" content=\"1079\" \/>\n\t<meta property=\"og:image:type\" content=\"image\/jpeg\" \/>\n<meta name=\"author\" content=\"Jos\u00e9 Juan L\u00f3pez Lafuente\" \/>\n<meta name=\"twitter:card\" content=\"summary_large_image\" \/>\n<meta name=\"twitter:creator\" content=\"@SantaPolaAyunt\" \/>\n<meta name=\"twitter:site\" content=\"@SantaPolaAyunt\" \/>\n<script type=\"application\/ld+json\" class=\"yoast-schema-graph\">{\"@context\":\"https:\\\/\\\/schema.org\",\"@graph\":[{\"@type\":\"Article\",\"@id\":\"https:\\\/\\\/santapola.es\\\/ca\\\/la-regidoria-de-joventut-de-santa-pola-multiplica-este-estiu-els-esdeveniments-de-lestiu-jove\\\/#article\",\"isPartOf\":{\"@id\":\"https:\\\/\\\/santapola.es\\\/ca\\\/la-regidoria-de-joventut-de-santa-pola-multiplica-este-estiu-els-esdeveniments-de-lestiu-jove\\\/\"},\"author\":{\"name\":\"Jos\u00e9 Juan L\u00f3pez Lafuente\",\"@id\":\"https:\\\/\\\/santapola.es\\\/ca\\\/#\\\/schema\\\/person\\\/ad1d67403707b58350c7be5e8dbc442d\"},\"headline\":\"La Regidoria de Joventut de Santa Pola multiplica este estiu els esdeveniments de l&#8217;\u201cEstiu Jove\u201d\",\"datePublished\":\"2025-06-19T08:28:54+00:00\",\"dateModified\":\"2025-06-19T08:32:40+00:00\",\"mainEntityOfPage\":{\"@id\":\"https:\\\/\\\/santapola.es\\\/ca\\\/la-regidoria-de-joventut-de-santa-pola-multiplica-este-estiu-els-esdeveniments-de-lestiu-jove\\\/\"},\"wordCount\":418,\"image\":{\"@id\":\"https:\\\/\\\/santapola.es\\\/ca\\\/la-regidoria-de-joventut-de-santa-pola-multiplica-este-estiu-els-esdeveniments-de-lestiu-jove\\\/#primaryimage\"},\"thumbnailUrl\":\"https:\\\/\\\/santapola.es\\\/wp-content\\\/uploads\\\/2025\\\/06\\\/2025-06-19-Joaquin-Lozano-Estiu-Jove.jpg\",\"keywords\":[\"Estiu Jove\",\"Joaqu\u00edn Lozano\",\"Siente Santa Pola Xperience\"],\"articleSection\":[\"Joventut\"],\"inLanguage\":\"ca\"},{\"@type\":\"WebPage\",\"@id\":\"https:\\\/\\\/santapola.es\\\/ca\\\/la-regidoria-de-joventut-de-santa-pola-multiplica-este-estiu-els-esdeveniments-de-lestiu-jove\\\/\",\"url\":\"https:\\\/\\\/santapola.es\\\/ca\\\/la-regidoria-de-joventut-de-santa-pola-multiplica-este-estiu-els-esdeveniments-de-lestiu-jove\\\/\",\"name\":\"La Regidoria de Joventut de Santa Pola multiplica este estiu els esdeveniments de l'\u201cEstiu Jove\u201d - Ajuntament de Santa Pola\",\"isPartOf\":{\"@id\":\"https:\\\/\\\/santapola.es\\\/ca\\\/#website\"},\"primaryImageOfPage\":{\"@id\":\"https:\\\/\\\/santapola.es\\\/ca\\\/la-regidoria-de-joventut-de-santa-pola-multiplica-este-estiu-els-esdeveniments-de-lestiu-jove\\\/#primaryimage\"},\"image\":{\"@id\":\"https:\\\/\\\/santapola.es\\\/ca\\\/la-regidoria-de-joventut-de-santa-pola-multiplica-este-estiu-els-esdeveniments-de-lestiu-jove\\\/#primaryimage\"},\"thumbnailUrl\":\"https:\\\/\\\/santapola.es\\\/wp-content\\\/uploads\\\/2025\\\/06\\\/2025-06-19-Joaquin-Lozano-Estiu-Jove.jpg\",\"datePublished\":\"2025-06-19T08:28:54+00:00\",\"dateModified\":\"2025-06-19T08:32:40+00:00\",\"author\":{\"@id\":\"https:\\\/\\\/santapola.es\\\/ca\\\/#\\\/schema\\\/person\\\/ad1d67403707b58350c7be5e8dbc442d\"},\"breadcrumb\":{\"@id\":\"https:\\\/\\\/santapola.es\\\/ca\\\/la-regidoria-de-joventut-de-santa-pola-multiplica-este-estiu-els-esdeveniments-de-lestiu-jove\\\/#breadcrumb\"},\"inLanguage\":\"ca\",\"potentialAction\":[{\"@type\":\"ReadAction\",\"target\":[\"https:\\\/\\\/santapola.es\\\/ca\\\/la-regidoria-de-joventut-de-santa-pola-multiplica-este-estiu-els-esdeveniments-de-lestiu-jove\\\/\"]}]},{\"@type\":\"ImageObject\",\"inLanguage\":\"ca\",\"@id\":\"https:\\\/\\\/santapola.es\\\/ca\\\/la-regidoria-de-joventut-de-santa-pola-multiplica-este-estiu-els-esdeveniments-de-lestiu-jove\\\/#primaryimage\",\"url\":\"https:\\\/\\\/santapola.es\\\/wp-content\\\/uploads\\\/2025\\\/06\\\/2025-06-19-Joaquin-Lozano-Estiu-Jove.jpg\",\"contentUrl\":\"https:\\\/\\\/santapola.es\\\/wp-content\\\/uploads\\\/2025\\\/06\\\/2025-06-19-Joaquin-Lozano-Estiu-Jove.jpg\",\"width\":1920,\"height\":1079},{\"@type\":\"BreadcrumbList\",\"@id\":\"https:\\\/\\\/santapola.es\\\/ca\\\/la-regidoria-de-joventut-de-santa-pola-multiplica-este-estiu-els-esdeveniments-de-lestiu-jove\\\/#breadcrumb\",\"itemListElement\":[{\"@type\":\"ListItem\",\"position\":1,\"name\":\"Inici\",\"item\":\"https:\\\/\\\/santapola.es\\\/ca\\\/\"},{\"@type\":\"ListItem\",\"position\":2,\"name\":\"La Regidoria de Joventut de Santa Pola multiplica este estiu els esdeveniments de l&#8217;\u201cEstiu Jove\u201d\"}]},{\"@type\":\"WebSite\",\"@id\":\"https:\\\/\\\/santapola.es\\\/ca\\\/#website\",\"url\":\"https:\\\/\\\/santapola.es\\\/ca\\\/\",\"name\":\"Ayuntamiento de Santa Pola\",\"description\":\"Web de l'Ajuntament de Santa Pola\",\"potentialAction\":[{\"@type\":\"SearchAction\",\"target\":{\"@type\":\"EntryPoint\",\"urlTemplate\":\"https:\\\/\\\/santapola.es\\\/ca\\\/?s={search_term_string}\"},\"query-input\":{\"@type\":\"PropertyValueSpecification\",\"valueRequired\":true,\"valueName\":\"search_term_string\"}}],\"inLanguage\":\"ca\"},{\"@type\":\"Person\",\"@id\":\"https:\\\/\\\/santapola.es\\\/ca\\\/#\\\/schema\\\/person\\\/ad1d67403707b58350c7be5e8dbc442d\",\"name\":\"Jos\u00e9 Juan L\u00f3pez Lafuente\"}]}<\/script>\n<!-- \/ Yoast SEO plugin. -->","yoast_head_json":{"title":"La Regidoria de Joventut de Santa Pola multiplica este estiu els esdeveniments de l'\u201cEstiu Jove\u201d - Ajuntament de Santa Pola","robots":{"index":"index","follow":"follow","max-snippet":"max-snippet:-1","max-image-preview":"max-image-preview:large","max-video-preview":"max-video-preview:-1"},"canonical":"https:\/\/santapola.es\/ca\/la-regidoria-de-joventut-de-santa-pola-multiplica-este-estiu-els-esdeveniments-de-lestiu-jove\/","og_locale":"ca_ES","og_type":"article","og_title":"La Regidoria de Joventut de Santa Pola multiplica este estiu els esdeveniments de l'\u201cEstiu Jove\u201d - Ajuntament de Santa Pola","og_description":"Siente Santa Pola Xperience afig els concerts col\u00b7lectius amb importants artistes a la seua oferta de mon\u00f2legs, torna Los 40 Summer Live i el cinema ser\u00e0 protagonista cada dimarts amb projecci\u00f3 de pel\u00b7l\u00edcules a la platja de Llevant. El regidor de Joventut, Joaqu\u00edn Lozano, ha presentat hui el cartell de \u201cEstiu Jove 2025\u201d, la programaci\u00f3 [&hellip;]","og_url":"https:\/\/santapola.es\/ca\/la-regidoria-de-joventut-de-santa-pola-multiplica-este-estiu-els-esdeveniments-de-lestiu-jove\/","og_site_name":"Ajuntament de Santa Pola","article_publisher":"https:\/\/www.facebook.com\/AyuntamientoSantaPola\/","article_published_time":"2025-06-19T08:28:54+00:00","article_modified_time":"2025-06-19T08:32:40+00:00","og_image":[{"width":1920,"height":1079,"url":"https:\/\/santapola.es\/wp-content\/uploads\/2025\/06\/2025-06-19-Joaquin-Lozano-Estiu-Jove.jpg","type":"image\/jpeg"}],"author":"Jos\u00e9 Juan L\u00f3pez Lafuente","twitter_card":"summary_large_image","twitter_creator":"@SantaPolaAyunt","twitter_site":"@SantaPolaAyunt","schema":{"@context":"https:\/\/schema.org","@graph":[{"@type":"Article","@id":"https:\/\/santapola.es\/ca\/la-regidoria-de-joventut-de-santa-pola-multiplica-este-estiu-els-esdeveniments-de-lestiu-jove\/#article","isPartOf":{"@id":"https:\/\/santapola.es\/ca\/la-regidoria-de-joventut-de-santa-pola-multiplica-este-estiu-els-esdeveniments-de-lestiu-jove\/"},"author":{"name":"Jos\u00e9 Juan L\u00f3pez Lafuente","@id":"https:\/\/santapola.es\/ca\/#\/schema\/person\/ad1d67403707b58350c7be5e8dbc442d"},"headline":"La Regidoria de Joventut de Santa Pola multiplica este estiu els esdeveniments de l&#8217;\u201cEstiu Jove\u201d","datePublished":"2025-06-19T08:28:54+00:00","dateModified":"2025-06-19T08:32:40+00:00","mainEntityOfPage":{"@id":"https:\/\/santapola.es\/ca\/la-regidoria-de-joventut-de-santa-pola-multiplica-este-estiu-els-esdeveniments-de-lestiu-jove\/"},"wordCount":418,"image":{"@id":"https:\/\/santapola.es\/ca\/la-regidoria-de-joventut-de-santa-pola-multiplica-este-estiu-els-esdeveniments-de-lestiu-jove\/#primaryimage"},"thumbnailUrl":"https:\/\/santapola.es\/wp-content\/uploads\/2025\/06\/2025-06-19-Joaquin-Lozano-Estiu-Jove.jpg","keywords":["Estiu Jove","Joaqu\u00edn Lozano","Siente Santa Pola Xperience"],"articleSection":["Joventut"],"inLanguage":"ca"},{"@type":"WebPage","@id":"https:\/\/santapola.es\/ca\/la-regidoria-de-joventut-de-santa-pola-multiplica-este-estiu-els-esdeveniments-de-lestiu-jove\/","url":"https:\/\/santapola.es\/ca\/la-regidoria-de-joventut-de-santa-pola-multiplica-este-estiu-els-esdeveniments-de-lestiu-jove\/","name":"La Regidoria de Joventut de Santa Pola multiplica este estiu els esdeveniments de l'\u201cEstiu Jove\u201d - Ajuntament de Santa Pola","isPartOf":{"@id":"https:\/\/santapola.es\/ca\/#website"},"primaryImageOfPage":{"@id":"https:\/\/santapola.es\/ca\/la-regidoria-de-joventut-de-santa-pola-multiplica-este-estiu-els-esdeveniments-de-lestiu-jove\/#primaryimage"},"image":{"@id":"https:\/\/santapola.es\/ca\/la-regidoria-de-joventut-de-santa-pola-multiplica-este-estiu-els-esdeveniments-de-lestiu-jove\/#primaryimage"},"thumbnailUrl":"https:\/\/santapola.es\/wp-content\/uploads\/2025\/06\/2025-06-19-Joaquin-Lozano-Estiu-Jove.jpg","datePublished":"2025-06-19T08:28:54+00:00","dateModified":"2025-06-19T08:32:40+00:00","author":{"@id":"https:\/\/santapola.es\/ca\/#\/schema\/person\/ad1d67403707b58350c7be5e8dbc442d"},"breadcrumb":{"@id":"https:\/\/santapola.es\/ca\/la-regidoria-de-joventut-de-santa-pola-multiplica-este-estiu-els-esdeveniments-de-lestiu-jove\/#breadcrumb"},"inLanguage":"ca","potentialAction":[{"@type":"ReadAction","target":["https:\/\/santapola.es\/ca\/la-regidoria-de-joventut-de-santa-pola-multiplica-este-estiu-els-esdeveniments-de-lestiu-jove\/"]}]},{"@type":"ImageObject","inLanguage":"ca","@id":"https:\/\/santapola.es\/ca\/la-regidoria-de-joventut-de-santa-pola-multiplica-este-estiu-els-esdeveniments-de-lestiu-jove\/#primaryimage","url":"https:\/\/santapola.es\/wp-content\/uploads\/2025\/06\/2025-06-19-Joaquin-Lozano-Estiu-Jove.jpg","contentUrl":"https:\/\/santapola.es\/wp-content\/uploads\/2025\/06\/2025-06-19-Joaquin-Lozano-Estiu-Jove.jpg","width":1920,"height":1079},{"@type":"BreadcrumbList","@id":"https:\/\/santapola.es\/ca\/la-regidoria-de-joventut-de-santa-pola-multiplica-este-estiu-els-esdeveniments-de-lestiu-jove\/#breadcrumb","itemListElement":[{"@type":"ListItem","position":1,"name":"Inici","item":"https:\/\/santapola.es\/ca\/"},{"@type":"ListItem","position":2,"name":"La Regidoria de Joventut de Santa Pola multiplica este estiu els esdeveniments de l&#8217;\u201cEstiu Jove\u201d"}]},{"@type":"WebSite","@id":"https:\/\/santapola.es\/ca\/#website","url":"https:\/\/santapola.es\/ca\/","name":"Ayuntamiento de Santa Pola","description":"Web de l'Ajuntament de Santa Pola","potentialAction":[{"@type":"SearchAction","target":{"@type":"EntryPoint","urlTemplate":"https:\/\/santapola.es\/ca\/?s={search_term_string}"},"query-input":{"@type":"PropertyValueSpecification","valueRequired":true,"valueName":"search_term_string"}}],"inLanguage":"ca"},{"@type":"Person","@id":"https:\/\/santapola.es\/ca\/#\/schema\/person\/ad1d67403707b58350c7be5e8dbc442d","name":"Jos\u00e9 Juan L\u00f3pez Lafuente"}]}},"_links":{"self":[{"href":"https:\/\/santapola.es\/ca\/wp-json\/wp\/v2\/posts\/44368","targetHints":{"allow":["GET"]}}],"collection":[{"href":"https:\/\/santapola.es\/ca\/wp-json\/wp\/v2\/posts"}],"about":[{"href":"https:\/\/santapola.es\/ca\/wp-json\/wp\/v2\/types\/post"}],"author":[{"embeddable":true,"href":"https:\/\/santapola.es\/ca\/wp-json\/wp\/v2\/users\/96"}],"replies":[{"embeddable":true,"href":"https:\/\/santapola.es\/ca\/wp-json\/wp\/v2\/comments?post=44368"}],"version-history":[{"count":0,"href":"https:\/\/santapola.es\/ca\/wp-json\/wp\/v2\/posts\/44368\/revisions"}],"wp:featuredmedia":[{"embeddable":true,"href":"https:\/\/santapola.es\/ca\/wp-json\/wp\/v2\/media\/44364"}],"wp:attachment":[{"href":"https:\/\/santapola.es\/ca\/wp-json\/wp\/v2\/media?parent=44368"}],"wp:term":[{"taxonomy":"category","embeddable":true,"href":"https:\/\/santapola.es\/ca\/wp-json\/wp\/v2\/categories?post=44368"},{"taxonomy":"post_tag","embeddable":true,"href":"https:\/\/santapola.es\/ca\/wp-json\/wp\/v2\/tags?post=44368"}],"curies":[{"name":"wp","href":"https:\/\/api.w.org\/{rel}","templated":true}]}}