{"id":44161,"date":"2025-06-05T17:31:11","date_gmt":"2025-06-05T15:31:11","guid":{"rendered":"https:\/\/santapola.es\/?p=44161"},"modified":"2025-06-05T17:33:06","modified_gmt":"2025-06-05T15:33:06","slug":"santa-pola-i-la-vila-joiosa-firmen-al-costat-de-casa-mediterraneo-un-manifest-en-defensa-de-la-pesca-tradicional-al-mediterrani","status":"publish","type":"post","link":"https:\/\/santapola.es\/ca\/santa-pola-i-la-vila-joiosa-firmen-al-costat-de-casa-mediterraneo-un-manifest-en-defensa-de-la-pesca-tradicional-al-mediterrani\/","title":{"rendered":"Santa Pola i La Vila Joiosa firmen al costat de Casa Mediterr\u00e1neo un manifest en defensa de la pesca tradicional al Mediterrani"},"content":{"rendered":"<p><strong>En el marc de les Jornades sobre present i futur de la pesca tradicional en el Mediterrani Occidental celebrat a casa Mediterr\u00e1neo, els dos ajuntaments han consensuat una declaraci\u00f3 institucional en defensa del sector i el patrimoni pesquer.<\/strong><\/p>\n<p>Loreto Serrano, alcaldessa de Santa Pola, Marcos Zaragoza, alcalde de La Vila Joiosa, i Andr\u00e9s Perell\u00f3, director general de Casa Mediterr\u00e1neo, han firmat este mat\u00ed una declaraci\u00f3 en defensa dels valors de la pesca tradicional.<\/p>\n<p>El manifest ha sigut llegit p\u00fablicament durant l&#8217;acte de clausura de les jornades per Jos\u00e9 Luis S\u00e1nchez, catedr\u00e0tic del Departament de Ci\u00e8ncies de la Mar i Biologia Aplicada de la Universitat d&#8217;Alacant.<\/p>\n<p>\u201cLa pesca tradicional forma part essencial de la identitat, l&#8217;economia i la cultura dels pobles riberencs del Mediterrani. Ha modelat durant segles el nostre mode de vida, els nostres costums i les nostres relacions amb la mar. No obstant aix\u00f2, hui m\u00e9s que mai, este patrimoni viu necessita ser reconegut, protegit i valorat com a motor de desenrotllament sostenible per a les nostres comunitats costaneres.<\/p>\n<p>El patrimoni pesquer i mar\u00edtim \u00e9s un recurs d&#8217;enorme valor hist\u00f2ric, social i econ\u00f2mic que encara no ha sigut plenament aprofitat. Posar-ho en valor \u00e9s una oportunitat per a enfortir la cohesi\u00f3 territorial, dinamitzar les economies locals i refor\u00e7ar el vincle entre la ciutadania i el seu entorn mar\u00ed.<\/p>\n<p>La pesca tradicional mediterr\u00e0nia oferix aliments d&#8217;alta qualitat, amb una frescor i tra\u00e7abilitat dif\u00edcilment *igualables. Estos productes no sols nodrixen les nostres llars i enriquixen la nostra gastronomia, sin\u00f3 que constitu\u00efxen una pe\u00e7a clau de la dieta mediterr\u00e0nia, reconeguda com a patrimoni cultural immaterial de la humanitat.<\/p>\n<p>No obstant aix\u00f2, el sector travessa un moment cr\u00edtic. Als problemes derivats de l&#8217;estat de les poblacions marines se sumen la p\u00e8rdua de rendibilitat, la falta de relleu generacional, l&#8217;arribada massiva de peix importat i un marc regulador en constant evoluci\u00f3. El mode en qu\u00e8 enfrontem estos reptes marcar\u00e0 el futur de les nostres pesqueres i dels qui viuen d&#8217;elles.<\/p>\n<p>Per a aconseguir un equilibri real entre sostenibilitat ecol\u00f2gica i viabilitat econ\u00f2mica, \u00e9s imprescindible millorar l&#8217;estat dels recursos sense ofegar la capacitat operativa de les empreses pesqueres. Una gesti\u00f3 responsable, acompanyada de pol\u00edtiques d&#8217;adaptaci\u00f3 progressiva, afavorir\u00e0 captures m\u00e9s rendibles i generar\u00e0 les condicions necess\u00e0ries per a atraure a noves generacions al sector.<\/p>\n<p>La magnitud dels desafiaments exigix una resposta col\u00b7lectiva. \u00c9s fonamental refor\u00e7ar els canals d&#8217;informaci\u00f3 cient\u00edfica rigorosa, promoure la formaci\u00f3 de qualitat en tots els nivells del sector i fomentar la professionalitzaci\u00f3 tant en l&#8217;activitat pesquera com en la gesti\u00f3 dels recursos.<\/p>\n<p>Comptem amb exemples exitosos en mat\u00e8ria de governan\u00e7a pesquera que han de ser replicats i ampliats. La cogesti\u00f3, basada en la participaci\u00f3 activa de pescadors, cient\u00edfics i administracions en la presa de decisions, ha demostrat resultats positius al Mediterrani. Estos models han de consolidar-se com a marc de refer\u00e8ncia per a una gesti\u00f3 m\u00e9s justa, efica\u00e7 i adaptada a la realitat del sector.<\/p>\n<p>Aix\u00ed mateix, les reserves marines i altres zones de protecci\u00f3 han demostrat ser ferramentes eficaces per a la recuperaci\u00f3 d&#8217;esp\u00e8cies i l&#8217;enfortiment de les pesqueres confrontants. Estes mesures, adequadament dissenyades i situades, poden estendre&#8217;s tamb\u00e9 a zones de major profunditat per a beneficiar a esp\u00e8cies objectiu d&#8217;altres modalitats com l&#8217;arrossegament.<\/p>\n<p>Els firmants d&#8217;esta declaraci\u00f3 expressem el nostre ferm comprom\u00eds amb la defensa i promoci\u00f3 de la pesca tradicional mediterr\u00e0nia. Creiem en el seu valor econ\u00f2mic, social i cultural, i en el seu potencial per a continuar generant ocupaci\u00f3, aliments de qualitat i orgull local en els municipis costaners del Mediterrani.<\/p>\n<p>Reafirmem, aix\u00ed, la nostra voluntat de treballar junts \u2014institucions, sector, ci\u00e8ncia i ciutadania\u2014 per a assegurar que la pesca tradicional no siga un record del passat, sin\u00f3 una pe\u00e7a clau del futur sostenible que volem construir\u201d.<\/p>\n","protected":false},"excerpt":{"rendered":"<p>En el marc de les Jornades sobre present i futur de la pesca tradicional en el Mediterrani Occidental celebrat a casa Mediterr\u00e1neo, els dos ajuntaments han consensuat una declaraci\u00f3 institucional en defensa del sector i el patrimoni pesquer. Loreto Serrano, alcaldessa de Santa Pola, Marcos Zaragoza, alcalde de La Vila Joiosa, i Andr\u00e9s Perell\u00f3, director [&hellip;]<\/p>\n","protected":false},"author":96,"featured_media":44159,"comment_status":"closed","ping_status":"closed","sticky":false,"template":"","format":"standard","meta":{"_et_pb_use_builder":"","_et_pb_old_content":"","_et_gb_content_width":"","footnotes":""},"categories":[882],"tags":[1485,1468,487],"class_list":["post-44161","post","type-post","status-publish","format-standard","has-post-thumbnail","hentry","category-pesca-2","tag-ajuntament-de-la-vila-joiosa","tag-casa-mediterraneo-ca","tag-loreto-serrano-ca"],"yoast_head":"<!-- This site is optimized with the Yoast SEO plugin v27.4 - https:\/\/yoast.com\/product\/yoast-seo-wordpress\/ -->\n<title>Santa Pola i La Vila Joiosa firmen al costat de Casa Mediterr\u00e1neo un manifest en defensa de la pesca tradicional al Mediterrani - Ajuntament de Santa Pola<\/title>\n<meta name=\"robots\" content=\"index, follow, max-snippet:-1, max-image-preview:large, max-video-preview:-1\" \/>\n<link rel=\"canonical\" href=\"https:\/\/santapola.es\/ca\/santa-pola-i-la-vila-joiosa-firmen-al-costat-de-casa-mediterraneo-un-manifest-en-defensa-de-la-pesca-tradicional-al-mediterrani\/\" \/>\n<meta property=\"og:locale\" content=\"ca_ES\" \/>\n<meta property=\"og:type\" content=\"article\" \/>\n<meta property=\"og:title\" content=\"Santa Pola i La Vila Joiosa firmen al costat de Casa Mediterr\u00e1neo un manifest en defensa de la pesca tradicional al Mediterrani - Ajuntament de Santa Pola\" \/>\n<meta property=\"og:description\" content=\"En el marc de les Jornades sobre present i futur de la pesca tradicional en el Mediterrani Occidental celebrat a casa Mediterr\u00e1neo, els dos ajuntaments han consensuat una declaraci\u00f3 institucional en defensa del sector i el patrimoni pesquer. Loreto Serrano, alcaldessa de Santa Pola, Marcos Zaragoza, alcalde de La Vila Joiosa, i Andr\u00e9s Perell\u00f3, director [&hellip;]\" \/>\n<meta property=\"og:url\" content=\"https:\/\/santapola.es\/ca\/santa-pola-i-la-vila-joiosa-firmen-al-costat-de-casa-mediterraneo-un-manifest-en-defensa-de-la-pesca-tradicional-al-mediterrani\/\" \/>\n<meta property=\"og:site_name\" content=\"Ajuntament de Santa Pola\" \/>\n<meta property=\"article:publisher\" content=\"https:\/\/www.facebook.com\/AyuntamientoSantaPola\/\" \/>\n<meta property=\"article:published_time\" content=\"2025-06-05T15:31:11+00:00\" \/>\n<meta property=\"article:modified_time\" content=\"2025-06-05T15:33:06+00:00\" \/>\n<meta property=\"og:image\" content=\"https:\/\/santapola.es\/wp-content\/uploads\/2025\/06\/IMG_3746.jpg\" \/>\n\t<meta property=\"og:image:width\" content=\"1920\" \/>\n\t<meta property=\"og:image:height\" content=\"1440\" \/>\n\t<meta property=\"og:image:type\" content=\"image\/jpeg\" \/>\n<meta name=\"author\" content=\"Jos\u00e9 Juan L\u00f3pez Lafuente\" \/>\n<meta name=\"twitter:card\" content=\"summary_large_image\" \/>\n<meta name=\"twitter:creator\" content=\"@SantaPolaAyunt\" \/>\n<meta name=\"twitter:site\" content=\"@SantaPolaAyunt\" \/>\n<script type=\"application\/ld+json\" class=\"yoast-schema-graph\">{\"@context\":\"https:\\\/\\\/schema.org\",\"@graph\":[{\"@type\":\"Article\",\"@id\":\"https:\\\/\\\/santapola.es\\\/ca\\\/santa-pola-i-la-vila-joiosa-firmen-al-costat-de-casa-mediterraneo-un-manifest-en-defensa-de-la-pesca-tradicional-al-mediterrani\\\/#article\",\"isPartOf\":{\"@id\":\"https:\\\/\\\/santapola.es\\\/ca\\\/santa-pola-i-la-vila-joiosa-firmen-al-costat-de-casa-mediterraneo-un-manifest-en-defensa-de-la-pesca-tradicional-al-mediterrani\\\/\"},\"author\":{\"name\":\"Jos\u00e9 Juan L\u00f3pez Lafuente\",\"@id\":\"https:\\\/\\\/santapola.es\\\/ca\\\/#\\\/schema\\\/person\\\/ad1d67403707b58350c7be5e8dbc442d\"},\"headline\":\"Santa Pola i La Vila Joiosa firmen al costat de Casa Mediterr\u00e1neo un manifest en defensa de la pesca tradicional al Mediterrani\",\"datePublished\":\"2025-06-05T15:31:11+00:00\",\"dateModified\":\"2025-06-05T15:33:06+00:00\",\"mainEntityOfPage\":{\"@id\":\"https:\\\/\\\/santapola.es\\\/ca\\\/santa-pola-i-la-vila-joiosa-firmen-al-costat-de-casa-mediterraneo-un-manifest-en-defensa-de-la-pesca-tradicional-al-mediterrani\\\/\"},\"wordCount\":699,\"image\":{\"@id\":\"https:\\\/\\\/santapola.es\\\/ca\\\/santa-pola-i-la-vila-joiosa-firmen-al-costat-de-casa-mediterraneo-un-manifest-en-defensa-de-la-pesca-tradicional-al-mediterrani\\\/#primaryimage\"},\"thumbnailUrl\":\"https:\\\/\\\/santapola.es\\\/wp-content\\\/uploads\\\/2025\\\/06\\\/IMG_3746.jpg\",\"keywords\":[\"Ajuntament de La Vila Joiosa\",\"Casa Mediterr\u00e1neo\",\"Loreto Serrano\"],\"articleSection\":[\"Pesca\"],\"inLanguage\":\"ca\"},{\"@type\":\"WebPage\",\"@id\":\"https:\\\/\\\/santapola.es\\\/ca\\\/santa-pola-i-la-vila-joiosa-firmen-al-costat-de-casa-mediterraneo-un-manifest-en-defensa-de-la-pesca-tradicional-al-mediterrani\\\/\",\"url\":\"https:\\\/\\\/santapola.es\\\/ca\\\/santa-pola-i-la-vila-joiosa-firmen-al-costat-de-casa-mediterraneo-un-manifest-en-defensa-de-la-pesca-tradicional-al-mediterrani\\\/\",\"name\":\"Santa Pola i La Vila Joiosa firmen al costat de Casa Mediterr\u00e1neo un manifest en defensa de la pesca tradicional al Mediterrani - Ajuntament de Santa Pola\",\"isPartOf\":{\"@id\":\"https:\\\/\\\/santapola.es\\\/ca\\\/#website\"},\"primaryImageOfPage\":{\"@id\":\"https:\\\/\\\/santapola.es\\\/ca\\\/santa-pola-i-la-vila-joiosa-firmen-al-costat-de-casa-mediterraneo-un-manifest-en-defensa-de-la-pesca-tradicional-al-mediterrani\\\/#primaryimage\"},\"image\":{\"@id\":\"https:\\\/\\\/santapola.es\\\/ca\\\/santa-pola-i-la-vila-joiosa-firmen-al-costat-de-casa-mediterraneo-un-manifest-en-defensa-de-la-pesca-tradicional-al-mediterrani\\\/#primaryimage\"},\"thumbnailUrl\":\"https:\\\/\\\/santapola.es\\\/wp-content\\\/uploads\\\/2025\\\/06\\\/IMG_3746.jpg\",\"datePublished\":\"2025-06-05T15:31:11+00:00\",\"dateModified\":\"2025-06-05T15:33:06+00:00\",\"author\":{\"@id\":\"https:\\\/\\\/santapola.es\\\/ca\\\/#\\\/schema\\\/person\\\/ad1d67403707b58350c7be5e8dbc442d\"},\"breadcrumb\":{\"@id\":\"https:\\\/\\\/santapola.es\\\/ca\\\/santa-pola-i-la-vila-joiosa-firmen-al-costat-de-casa-mediterraneo-un-manifest-en-defensa-de-la-pesca-tradicional-al-mediterrani\\\/#breadcrumb\"},\"inLanguage\":\"ca\",\"potentialAction\":[{\"@type\":\"ReadAction\",\"target\":[\"https:\\\/\\\/santapola.es\\\/ca\\\/santa-pola-i-la-vila-joiosa-firmen-al-costat-de-casa-mediterraneo-un-manifest-en-defensa-de-la-pesca-tradicional-al-mediterrani\\\/\"]}]},{\"@type\":\"ImageObject\",\"inLanguage\":\"ca\",\"@id\":\"https:\\\/\\\/santapola.es\\\/ca\\\/santa-pola-i-la-vila-joiosa-firmen-al-costat-de-casa-mediterraneo-un-manifest-en-defensa-de-la-pesca-tradicional-al-mediterrani\\\/#primaryimage\",\"url\":\"https:\\\/\\\/santapola.es\\\/wp-content\\\/uploads\\\/2025\\\/06\\\/IMG_3746.jpg\",\"contentUrl\":\"https:\\\/\\\/santapola.es\\\/wp-content\\\/uploads\\\/2025\\\/06\\\/IMG_3746.jpg\",\"width\":1920,\"height\":1440},{\"@type\":\"BreadcrumbList\",\"@id\":\"https:\\\/\\\/santapola.es\\\/ca\\\/santa-pola-i-la-vila-joiosa-firmen-al-costat-de-casa-mediterraneo-un-manifest-en-defensa-de-la-pesca-tradicional-al-mediterrani\\\/#breadcrumb\",\"itemListElement\":[{\"@type\":\"ListItem\",\"position\":1,\"name\":\"Inici\",\"item\":\"https:\\\/\\\/santapola.es\\\/ca\\\/\"},{\"@type\":\"ListItem\",\"position\":2,\"name\":\"Santa Pola i La Vila Joiosa firmen al costat de Casa Mediterr\u00e1neo un manifest en defensa de la pesca tradicional al Mediterrani\"}]},{\"@type\":\"WebSite\",\"@id\":\"https:\\\/\\\/santapola.es\\\/ca\\\/#website\",\"url\":\"https:\\\/\\\/santapola.es\\\/ca\\\/\",\"name\":\"Ayuntamiento de Santa Pola\",\"description\":\"Web de l'Ajuntament de Santa Pola\",\"potentialAction\":[{\"@type\":\"SearchAction\",\"target\":{\"@type\":\"EntryPoint\",\"urlTemplate\":\"https:\\\/\\\/santapola.es\\\/ca\\\/?s={search_term_string}\"},\"query-input\":{\"@type\":\"PropertyValueSpecification\",\"valueRequired\":true,\"valueName\":\"search_term_string\"}}],\"inLanguage\":\"ca\"},{\"@type\":\"Person\",\"@id\":\"https:\\\/\\\/santapola.es\\\/ca\\\/#\\\/schema\\\/person\\\/ad1d67403707b58350c7be5e8dbc442d\",\"name\":\"Jos\u00e9 Juan L\u00f3pez Lafuente\"}]}<\/script>\n<!-- \/ Yoast SEO plugin. -->","yoast_head_json":{"title":"Santa Pola i La Vila Joiosa firmen al costat de Casa Mediterr\u00e1neo un manifest en defensa de la pesca tradicional al Mediterrani - Ajuntament de Santa Pola","robots":{"index":"index","follow":"follow","max-snippet":"max-snippet:-1","max-image-preview":"max-image-preview:large","max-video-preview":"max-video-preview:-1"},"canonical":"https:\/\/santapola.es\/ca\/santa-pola-i-la-vila-joiosa-firmen-al-costat-de-casa-mediterraneo-un-manifest-en-defensa-de-la-pesca-tradicional-al-mediterrani\/","og_locale":"ca_ES","og_type":"article","og_title":"Santa Pola i La Vila Joiosa firmen al costat de Casa Mediterr\u00e1neo un manifest en defensa de la pesca tradicional al Mediterrani - Ajuntament de Santa Pola","og_description":"En el marc de les Jornades sobre present i futur de la pesca tradicional en el Mediterrani Occidental celebrat a casa Mediterr\u00e1neo, els dos ajuntaments han consensuat una declaraci\u00f3 institucional en defensa del sector i el patrimoni pesquer. Loreto Serrano, alcaldessa de Santa Pola, Marcos Zaragoza, alcalde de La Vila Joiosa, i Andr\u00e9s Perell\u00f3, director [&hellip;]","og_url":"https:\/\/santapola.es\/ca\/santa-pola-i-la-vila-joiosa-firmen-al-costat-de-casa-mediterraneo-un-manifest-en-defensa-de-la-pesca-tradicional-al-mediterrani\/","og_site_name":"Ajuntament de Santa Pola","article_publisher":"https:\/\/www.facebook.com\/AyuntamientoSantaPola\/","article_published_time":"2025-06-05T15:31:11+00:00","article_modified_time":"2025-06-05T15:33:06+00:00","og_image":[{"width":1920,"height":1440,"url":"https:\/\/santapola.es\/wp-content\/uploads\/2025\/06\/IMG_3746.jpg","type":"image\/jpeg"}],"author":"Jos\u00e9 Juan L\u00f3pez Lafuente","twitter_card":"summary_large_image","twitter_creator":"@SantaPolaAyunt","twitter_site":"@SantaPolaAyunt","schema":{"@context":"https:\/\/schema.org","@graph":[{"@type":"Article","@id":"https:\/\/santapola.es\/ca\/santa-pola-i-la-vila-joiosa-firmen-al-costat-de-casa-mediterraneo-un-manifest-en-defensa-de-la-pesca-tradicional-al-mediterrani\/#article","isPartOf":{"@id":"https:\/\/santapola.es\/ca\/santa-pola-i-la-vila-joiosa-firmen-al-costat-de-casa-mediterraneo-un-manifest-en-defensa-de-la-pesca-tradicional-al-mediterrani\/"},"author":{"name":"Jos\u00e9 Juan L\u00f3pez Lafuente","@id":"https:\/\/santapola.es\/ca\/#\/schema\/person\/ad1d67403707b58350c7be5e8dbc442d"},"headline":"Santa Pola i La Vila Joiosa firmen al costat de Casa Mediterr\u00e1neo un manifest en defensa de la pesca tradicional al Mediterrani","datePublished":"2025-06-05T15:31:11+00:00","dateModified":"2025-06-05T15:33:06+00:00","mainEntityOfPage":{"@id":"https:\/\/santapola.es\/ca\/santa-pola-i-la-vila-joiosa-firmen-al-costat-de-casa-mediterraneo-un-manifest-en-defensa-de-la-pesca-tradicional-al-mediterrani\/"},"wordCount":699,"image":{"@id":"https:\/\/santapola.es\/ca\/santa-pola-i-la-vila-joiosa-firmen-al-costat-de-casa-mediterraneo-un-manifest-en-defensa-de-la-pesca-tradicional-al-mediterrani\/#primaryimage"},"thumbnailUrl":"https:\/\/santapola.es\/wp-content\/uploads\/2025\/06\/IMG_3746.jpg","keywords":["Ajuntament de La Vila Joiosa","Casa Mediterr\u00e1neo","Loreto Serrano"],"articleSection":["Pesca"],"inLanguage":"ca"},{"@type":"WebPage","@id":"https:\/\/santapola.es\/ca\/santa-pola-i-la-vila-joiosa-firmen-al-costat-de-casa-mediterraneo-un-manifest-en-defensa-de-la-pesca-tradicional-al-mediterrani\/","url":"https:\/\/santapola.es\/ca\/santa-pola-i-la-vila-joiosa-firmen-al-costat-de-casa-mediterraneo-un-manifest-en-defensa-de-la-pesca-tradicional-al-mediterrani\/","name":"Santa Pola i La Vila Joiosa firmen al costat de Casa Mediterr\u00e1neo un manifest en defensa de la pesca tradicional al Mediterrani - Ajuntament de Santa Pola","isPartOf":{"@id":"https:\/\/santapola.es\/ca\/#website"},"primaryImageOfPage":{"@id":"https:\/\/santapola.es\/ca\/santa-pola-i-la-vila-joiosa-firmen-al-costat-de-casa-mediterraneo-un-manifest-en-defensa-de-la-pesca-tradicional-al-mediterrani\/#primaryimage"},"image":{"@id":"https:\/\/santapola.es\/ca\/santa-pola-i-la-vila-joiosa-firmen-al-costat-de-casa-mediterraneo-un-manifest-en-defensa-de-la-pesca-tradicional-al-mediterrani\/#primaryimage"},"thumbnailUrl":"https:\/\/santapola.es\/wp-content\/uploads\/2025\/06\/IMG_3746.jpg","datePublished":"2025-06-05T15:31:11+00:00","dateModified":"2025-06-05T15:33:06+00:00","author":{"@id":"https:\/\/santapola.es\/ca\/#\/schema\/person\/ad1d67403707b58350c7be5e8dbc442d"},"breadcrumb":{"@id":"https:\/\/santapola.es\/ca\/santa-pola-i-la-vila-joiosa-firmen-al-costat-de-casa-mediterraneo-un-manifest-en-defensa-de-la-pesca-tradicional-al-mediterrani\/#breadcrumb"},"inLanguage":"ca","potentialAction":[{"@type":"ReadAction","target":["https:\/\/santapola.es\/ca\/santa-pola-i-la-vila-joiosa-firmen-al-costat-de-casa-mediterraneo-un-manifest-en-defensa-de-la-pesca-tradicional-al-mediterrani\/"]}]},{"@type":"ImageObject","inLanguage":"ca","@id":"https:\/\/santapola.es\/ca\/santa-pola-i-la-vila-joiosa-firmen-al-costat-de-casa-mediterraneo-un-manifest-en-defensa-de-la-pesca-tradicional-al-mediterrani\/#primaryimage","url":"https:\/\/santapola.es\/wp-content\/uploads\/2025\/06\/IMG_3746.jpg","contentUrl":"https:\/\/santapola.es\/wp-content\/uploads\/2025\/06\/IMG_3746.jpg","width":1920,"height":1440},{"@type":"BreadcrumbList","@id":"https:\/\/santapola.es\/ca\/santa-pola-i-la-vila-joiosa-firmen-al-costat-de-casa-mediterraneo-un-manifest-en-defensa-de-la-pesca-tradicional-al-mediterrani\/#breadcrumb","itemListElement":[{"@type":"ListItem","position":1,"name":"Inici","item":"https:\/\/santapola.es\/ca\/"},{"@type":"ListItem","position":2,"name":"Santa Pola i La Vila Joiosa firmen al costat de Casa Mediterr\u00e1neo un manifest en defensa de la pesca tradicional al Mediterrani"}]},{"@type":"WebSite","@id":"https:\/\/santapola.es\/ca\/#website","url":"https:\/\/santapola.es\/ca\/","name":"Ayuntamiento de Santa Pola","description":"Web de l'Ajuntament de Santa Pola","potentialAction":[{"@type":"SearchAction","target":{"@type":"EntryPoint","urlTemplate":"https:\/\/santapola.es\/ca\/?s={search_term_string}"},"query-input":{"@type":"PropertyValueSpecification","valueRequired":true,"valueName":"search_term_string"}}],"inLanguage":"ca"},{"@type":"Person","@id":"https:\/\/santapola.es\/ca\/#\/schema\/person\/ad1d67403707b58350c7be5e8dbc442d","name":"Jos\u00e9 Juan L\u00f3pez Lafuente"}]}},"_links":{"self":[{"href":"https:\/\/santapola.es\/ca\/wp-json\/wp\/v2\/posts\/44161","targetHints":{"allow":["GET"]}}],"collection":[{"href":"https:\/\/santapola.es\/ca\/wp-json\/wp\/v2\/posts"}],"about":[{"href":"https:\/\/santapola.es\/ca\/wp-json\/wp\/v2\/types\/post"}],"author":[{"embeddable":true,"href":"https:\/\/santapola.es\/ca\/wp-json\/wp\/v2\/users\/96"}],"replies":[{"embeddable":true,"href":"https:\/\/santapola.es\/ca\/wp-json\/wp\/v2\/comments?post=44161"}],"version-history":[{"count":0,"href":"https:\/\/santapola.es\/ca\/wp-json\/wp\/v2\/posts\/44161\/revisions"}],"wp:featuredmedia":[{"embeddable":true,"href":"https:\/\/santapola.es\/ca\/wp-json\/wp\/v2\/media\/44159"}],"wp:attachment":[{"href":"https:\/\/santapola.es\/ca\/wp-json\/wp\/v2\/media?parent=44161"}],"wp:term":[{"taxonomy":"category","embeddable":true,"href":"https:\/\/santapola.es\/ca\/wp-json\/wp\/v2\/categories?post=44161"},{"taxonomy":"post_tag","embeddable":true,"href":"https:\/\/santapola.es\/ca\/wp-json\/wp\/v2\/tags?post=44161"}],"curies":[{"name":"wp","href":"https:\/\/api.w.org\/{rel}","templated":true}]}}