{"id":44052,"date":"2025-05-30T14:14:21","date_gmt":"2025-05-30T12:14:21","guid":{"rendered":"https:\/\/santapola.es\/?p=44052"},"modified":"2025-05-30T17:03:21","modified_gmt":"2025-05-30T15:03:21","slug":"el-instituto-hidrografico-de-la-marina-actualiza-la-cartografia-de-la-bahia-y-el-puerto-de-santa-pola","status":"publish","type":"post","link":"https:\/\/santapola.es\/ca\/el-instituto-hidrografico-de-la-marina-actualiza-la-cartografia-de-la-bahia-y-el-puerto-de-santa-pola\/","title":{"rendered":"El Instituto Hidrogr\u00e1fico de la Marina actualiza la cartograf\u00eda de la bah\u00eda y el puerto de Santa Pola"},"content":{"rendered":"<p><b>Equipada con medios t\u00e9cnicos de \u00faltima generaci\u00f3n que arrojan un margen de error de solo dos cent\u00edmetros, la flotilla del IHM de la Armada Espa\u00f1ola est\u00e1 sondando la costa santapolera para garantizar la seguridad de la flota pesquera y de las embarcaciones de recreo.<\/b><\/p>\n<p><span style=\"font-weight: 400;\">El Comandante Naval de Alicante, Joaqu\u00edn Vegara, indic\u00f3 que \u201chemos venido hoy a Santa Pola para presentar los trabajos que est\u00e1 haciendo una flotilla del Instituto Hidrogr\u00e1fico de la Marina (IHM) que, basado en C\u00e1diz, es responsable de mantener la cartograf\u00eda de todas las aguas de responsabilidad espa\u00f1ola, en un gran esfuerzo de la Armada para esta importante labor cuyo objetivo es dar el mejor servicio a los navegantes y repasar las mediciones hechas con anterioridad\u201d.<\/span><\/p>\n<p><span style=\"font-weight: 400;\">El Teniente de Nav\u00edo Gabriel Zambrana, jefe de la comisi\u00f3n hidrogr\u00e1fica que est\u00e1 realizando el levantamiento batim\u00e9trico del litoral alicantino, especialmente de Santa Pola y Tabarca, ha explicado que \u201chemos venido con dos embarcaciones, la lancha hidrogr\u00e1fica transportable Astrolabio y la RHIB Narwhall, equipadas con dos sondadores de \u00faltima generaci\u00f3n que nos dan un barrido completo del fondo con precisi\u00f3n de hasta dos cent\u00edmetros, con los que estamos actualizando toda la cartograf\u00eda de la zona\u201d.<\/span><\/p>\n<p><span style=\"font-weight: 400;\">La campa\u00f1a comenz\u00f3 el 21 de abril y se alargar\u00e1 hasta el 30 de junio, para continuar tras el verano desde mediados de septiembre hasta finales de octubre. Zambrana puntualiz\u00f3 que \u201cadem\u00e1s de la cartograf\u00eda n\u00e1utica, nos encargamos de realizar toda la actualizaci\u00f3n de una serie de publicaciones del IHM enfocadas a la seguridad en la navegaci\u00f3n, tanto de la Armada como de la marina de pesca y la n\u00e1utica, como son los derroteros, los avisos a los navegantes, los libros de faros o los anuarios de mareas\u201d.<\/span><\/p>\n<p><b>Importante para las flotas pesquera y n\u00e1utica<\/b><\/p>\n<p><span style=\"font-weight: 400;\">Por su parte, la alcaldesa Loreto Serrano quiso agradecer \u201cla ayuda que siempre nos dedica el Comandante Naval de Alicante, que siempre tiene una sorpresa para Santa Pola. Es un estudio que va a ser muy importante tanto para los pesqueros como para las embarcaciones n\u00e1uticas porque vamos a tener un conocimiento exacto y actualizado de nuestros fondos, la l\u00ednea de costa y el interior del puerto que se ha visto modificada por los dragados\u201d.<\/span><\/p>\n<p><span style=\"font-weight: 400;\">Los miembros de la Armada han regalado a la alcaldesa de Santa Pola una imagen en primicia de la actual batimetr\u00eda del puerto y una antigua carta n\u00e1utica que reflejaba las mediciones en la costa del municipio en el siglo XIX.<\/span><\/p>\n","protected":false},"excerpt":{"rendered":"<p>Equipada con medios t\u00e9cnicos de \u00faltima generaci\u00f3n que arrojan un margen de error de solo dos cent\u00edmetros, la flotilla del IHM de la Armada Espa\u00f1ola est\u00e1 sondando la costa santapolera para garantizar la seguridad de la flota pesquera y de las embarcaciones de recreo. El Comandante Naval de Alicante, Joaqu\u00edn Vegara, indic\u00f3 que \u201chemos venido [&hellip;]<\/p>\n","protected":false},"author":96,"featured_media":44053,"comment_status":"closed","ping_status":"closed","sticky":false,"template":"","format":"standard","meta":{"_et_pb_use_builder":"","_et_pb_old_content":"","_et_gb_content_width":"","footnotes":""},"categories":[95],"tags":[1080,1476,141],"class_list":["post-44052","post","type-post","status-publish","format-standard","has-post-thumbnail","hentry","category-pesca","tag-comandante-naval-de-alicante","tag-instituto-hidrografico-de-la-marina","tag-loreto-serrano"],"yoast_head":"<!-- This site is optimized with the Yoast SEO plugin v27.4 - https:\/\/yoast.com\/product\/yoast-seo-wordpress\/ -->\n<title>El Instituto Hidrogr\u00e1fico de la Marina actualiza la cartograf\u00eda de la bah\u00eda y el puerto de Santa Pola - Ajuntament de Santa Pola<\/title>\n<meta name=\"robots\" content=\"index, follow, max-snippet:-1, max-image-preview:large, max-video-preview:-1\" \/>\n<link rel=\"canonical\" href=\"https:\/\/santapola.es\/ca\/el-instituto-hidrografico-de-la-marina-actualiza-la-cartografia-de-la-bahia-y-el-puerto-de-santa-pola\/\" \/>\n<meta property=\"og:locale\" content=\"ca_ES\" \/>\n<meta property=\"og:type\" content=\"article\" \/>\n<meta property=\"og:title\" content=\"El Instituto Hidrogr\u00e1fico de la Marina actualiza la cartograf\u00eda de la bah\u00eda y el puerto de Santa Pola - Ajuntament de Santa Pola\" \/>\n<meta property=\"og:description\" content=\"Equipada con medios t\u00e9cnicos de \u00faltima generaci\u00f3n que arrojan un margen de error de solo dos cent\u00edmetros, la flotilla del IHM de la Armada Espa\u00f1ola est\u00e1 sondando la costa santapolera para garantizar la seguridad de la flota pesquera y de las embarcaciones de recreo. El Comandante Naval de Alicante, Joaqu\u00edn Vegara, indic\u00f3 que \u201chemos venido [&hellip;]\" \/>\n<meta property=\"og:url\" content=\"https:\/\/santapola.es\/ca\/el-instituto-hidrografico-de-la-marina-actualiza-la-cartografia-de-la-bahia-y-el-puerto-de-santa-pola\/\" \/>\n<meta property=\"og:site_name\" content=\"Ajuntament de Santa Pola\" \/>\n<meta property=\"article:publisher\" content=\"https:\/\/www.facebook.com\/AyuntamientoSantaPola\/\" \/>\n<meta property=\"article:published_time\" content=\"2025-05-30T12:14:21+00:00\" \/>\n<meta property=\"article:modified_time\" content=\"2025-05-30T15:03:21+00:00\" \/>\n<meta property=\"og:image\" content=\"https:\/\/santapola.es\/wp-content\/uploads\/2025\/05\/IMG_3161.jpg\" \/>\n\t<meta property=\"og:image:width\" content=\"1920\" \/>\n\t<meta property=\"og:image:height\" content=\"1440\" \/>\n\t<meta property=\"og:image:type\" content=\"image\/jpeg\" \/>\n<meta name=\"author\" content=\"Jos\u00e9 Juan L\u00f3pez Lafuente\" \/>\n<meta name=\"twitter:card\" content=\"summary_large_image\" \/>\n<meta name=\"twitter:creator\" content=\"@SantaPolaAyunt\" \/>\n<meta name=\"twitter:site\" content=\"@SantaPolaAyunt\" \/>\n<script type=\"application\/ld+json\" class=\"yoast-schema-graph\">{\"@context\":\"https:\\\/\\\/schema.org\",\"@graph\":[{\"@type\":\"Article\",\"@id\":\"https:\\\/\\\/santapola.es\\\/ca\\\/el-instituto-hidrografico-de-la-marina-actualiza-la-cartografia-de-la-bahia-y-el-puerto-de-santa-pola\\\/#article\",\"isPartOf\":{\"@id\":\"https:\\\/\\\/santapola.es\\\/ca\\\/el-instituto-hidrografico-de-la-marina-actualiza-la-cartografia-de-la-bahia-y-el-puerto-de-santa-pola\\\/\"},\"author\":{\"name\":\"Jos\u00e9 Juan L\u00f3pez Lafuente\",\"@id\":\"https:\\\/\\\/santapola.es\\\/ca\\\/#\\\/schema\\\/person\\\/ad1d67403707b58350c7be5e8dbc442d\"},\"headline\":\"El Instituto Hidrogr\u00e1fico de la Marina actualiza la cartograf\u00eda de la bah\u00eda y el puerto de Santa Pola\",\"datePublished\":\"2025-05-30T12:14:21+00:00\",\"dateModified\":\"2025-05-30T15:03:21+00:00\",\"mainEntityOfPage\":{\"@id\":\"https:\\\/\\\/santapola.es\\\/ca\\\/el-instituto-hidrografico-de-la-marina-actualiza-la-cartografia-de-la-bahia-y-el-puerto-de-santa-pola\\\/\"},\"wordCount\":455,\"image\":{\"@id\":\"https:\\\/\\\/santapola.es\\\/ca\\\/el-instituto-hidrografico-de-la-marina-actualiza-la-cartografia-de-la-bahia-y-el-puerto-de-santa-pola\\\/#primaryimage\"},\"thumbnailUrl\":\"https:\\\/\\\/santapola.es\\\/wp-content\\\/uploads\\\/2025\\\/05\\\/IMG_3161.jpg\",\"keywords\":[\"Comandante Naval de Alicante\",\"Instituto Hidrogr\u00e1fico de la Marina\",\"Loreto Serrano\"],\"articleSection\":[\"Pesca\"],\"inLanguage\":\"ca\"},{\"@type\":\"WebPage\",\"@id\":\"https:\\\/\\\/santapola.es\\\/ca\\\/el-instituto-hidrografico-de-la-marina-actualiza-la-cartografia-de-la-bahia-y-el-puerto-de-santa-pola\\\/\",\"url\":\"https:\\\/\\\/santapola.es\\\/ca\\\/el-instituto-hidrografico-de-la-marina-actualiza-la-cartografia-de-la-bahia-y-el-puerto-de-santa-pola\\\/\",\"name\":\"El Instituto Hidrogr\u00e1fico de la Marina actualiza la cartograf\u00eda de la bah\u00eda y el puerto de Santa Pola - Ajuntament de Santa Pola\",\"isPartOf\":{\"@id\":\"https:\\\/\\\/santapola.es\\\/ca\\\/#website\"},\"primaryImageOfPage\":{\"@id\":\"https:\\\/\\\/santapola.es\\\/ca\\\/el-instituto-hidrografico-de-la-marina-actualiza-la-cartografia-de-la-bahia-y-el-puerto-de-santa-pola\\\/#primaryimage\"},\"image\":{\"@id\":\"https:\\\/\\\/santapola.es\\\/ca\\\/el-instituto-hidrografico-de-la-marina-actualiza-la-cartografia-de-la-bahia-y-el-puerto-de-santa-pola\\\/#primaryimage\"},\"thumbnailUrl\":\"https:\\\/\\\/santapola.es\\\/wp-content\\\/uploads\\\/2025\\\/05\\\/IMG_3161.jpg\",\"datePublished\":\"2025-05-30T12:14:21+00:00\",\"dateModified\":\"2025-05-30T15:03:21+00:00\",\"author\":{\"@id\":\"https:\\\/\\\/santapola.es\\\/ca\\\/#\\\/schema\\\/person\\\/ad1d67403707b58350c7be5e8dbc442d\"},\"breadcrumb\":{\"@id\":\"https:\\\/\\\/santapola.es\\\/ca\\\/el-instituto-hidrografico-de-la-marina-actualiza-la-cartografia-de-la-bahia-y-el-puerto-de-santa-pola\\\/#breadcrumb\"},\"inLanguage\":\"ca\",\"potentialAction\":[{\"@type\":\"ReadAction\",\"target\":[\"https:\\\/\\\/santapola.es\\\/ca\\\/el-instituto-hidrografico-de-la-marina-actualiza-la-cartografia-de-la-bahia-y-el-puerto-de-santa-pola\\\/\"]}]},{\"@type\":\"ImageObject\",\"inLanguage\":\"ca\",\"@id\":\"https:\\\/\\\/santapola.es\\\/ca\\\/el-instituto-hidrografico-de-la-marina-actualiza-la-cartografia-de-la-bahia-y-el-puerto-de-santa-pola\\\/#primaryimage\",\"url\":\"https:\\\/\\\/santapola.es\\\/wp-content\\\/uploads\\\/2025\\\/05\\\/IMG_3161.jpg\",\"contentUrl\":\"https:\\\/\\\/santapola.es\\\/wp-content\\\/uploads\\\/2025\\\/05\\\/IMG_3161.jpg\",\"width\":1920,\"height\":1440},{\"@type\":\"BreadcrumbList\",\"@id\":\"https:\\\/\\\/santapola.es\\\/ca\\\/el-instituto-hidrografico-de-la-marina-actualiza-la-cartografia-de-la-bahia-y-el-puerto-de-santa-pola\\\/#breadcrumb\",\"itemListElement\":[{\"@type\":\"ListItem\",\"position\":1,\"name\":\"Inici\",\"item\":\"https:\\\/\\\/santapola.es\\\/ca\\\/\"},{\"@type\":\"ListItem\",\"position\":2,\"name\":\"El Instituto Hidrogr\u00e1fico de la Marina actualiza la cartograf\u00eda de la bah\u00eda y el puerto de Santa Pola\"}]},{\"@type\":\"WebSite\",\"@id\":\"https:\\\/\\\/santapola.es\\\/ca\\\/#website\",\"url\":\"https:\\\/\\\/santapola.es\\\/ca\\\/\",\"name\":\"Ayuntamiento de Santa Pola\",\"description\":\"Web de l'Ajuntament de Santa Pola\",\"potentialAction\":[{\"@type\":\"SearchAction\",\"target\":{\"@type\":\"EntryPoint\",\"urlTemplate\":\"https:\\\/\\\/santapola.es\\\/ca\\\/?s={search_term_string}\"},\"query-input\":{\"@type\":\"PropertyValueSpecification\",\"valueRequired\":true,\"valueName\":\"search_term_string\"}}],\"inLanguage\":\"ca\"},{\"@type\":\"Person\",\"@id\":\"https:\\\/\\\/santapola.es\\\/ca\\\/#\\\/schema\\\/person\\\/ad1d67403707b58350c7be5e8dbc442d\",\"name\":\"Jos\u00e9 Juan L\u00f3pez Lafuente\"}]}<\/script>\n<!-- \/ Yoast SEO plugin. -->","yoast_head_json":{"title":"El Instituto Hidrogr\u00e1fico de la Marina actualiza la cartograf\u00eda de la bah\u00eda y el puerto de Santa Pola - Ajuntament de Santa Pola","robots":{"index":"index","follow":"follow","max-snippet":"max-snippet:-1","max-image-preview":"max-image-preview:large","max-video-preview":"max-video-preview:-1"},"canonical":"https:\/\/santapola.es\/ca\/el-instituto-hidrografico-de-la-marina-actualiza-la-cartografia-de-la-bahia-y-el-puerto-de-santa-pola\/","og_locale":"ca_ES","og_type":"article","og_title":"El Instituto Hidrogr\u00e1fico de la Marina actualiza la cartograf\u00eda de la bah\u00eda y el puerto de Santa Pola - Ajuntament de Santa Pola","og_description":"Equipada con medios t\u00e9cnicos de \u00faltima generaci\u00f3n que arrojan un margen de error de solo dos cent\u00edmetros, la flotilla del IHM de la Armada Espa\u00f1ola est\u00e1 sondando la costa santapolera para garantizar la seguridad de la flota pesquera y de las embarcaciones de recreo. El Comandante Naval de Alicante, Joaqu\u00edn Vegara, indic\u00f3 que \u201chemos venido [&hellip;]","og_url":"https:\/\/santapola.es\/ca\/el-instituto-hidrografico-de-la-marina-actualiza-la-cartografia-de-la-bahia-y-el-puerto-de-santa-pola\/","og_site_name":"Ajuntament de Santa Pola","article_publisher":"https:\/\/www.facebook.com\/AyuntamientoSantaPola\/","article_published_time":"2025-05-30T12:14:21+00:00","article_modified_time":"2025-05-30T15:03:21+00:00","og_image":[{"width":1920,"height":1440,"url":"https:\/\/santapola.es\/wp-content\/uploads\/2025\/05\/IMG_3161.jpg","type":"image\/jpeg"}],"author":"Jos\u00e9 Juan L\u00f3pez Lafuente","twitter_card":"summary_large_image","twitter_creator":"@SantaPolaAyunt","twitter_site":"@SantaPolaAyunt","schema":{"@context":"https:\/\/schema.org","@graph":[{"@type":"Article","@id":"https:\/\/santapola.es\/ca\/el-instituto-hidrografico-de-la-marina-actualiza-la-cartografia-de-la-bahia-y-el-puerto-de-santa-pola\/#article","isPartOf":{"@id":"https:\/\/santapola.es\/ca\/el-instituto-hidrografico-de-la-marina-actualiza-la-cartografia-de-la-bahia-y-el-puerto-de-santa-pola\/"},"author":{"name":"Jos\u00e9 Juan L\u00f3pez Lafuente","@id":"https:\/\/santapola.es\/ca\/#\/schema\/person\/ad1d67403707b58350c7be5e8dbc442d"},"headline":"El Instituto Hidrogr\u00e1fico de la Marina actualiza la cartograf\u00eda de la bah\u00eda y el puerto de Santa Pola","datePublished":"2025-05-30T12:14:21+00:00","dateModified":"2025-05-30T15:03:21+00:00","mainEntityOfPage":{"@id":"https:\/\/santapola.es\/ca\/el-instituto-hidrografico-de-la-marina-actualiza-la-cartografia-de-la-bahia-y-el-puerto-de-santa-pola\/"},"wordCount":455,"image":{"@id":"https:\/\/santapola.es\/ca\/el-instituto-hidrografico-de-la-marina-actualiza-la-cartografia-de-la-bahia-y-el-puerto-de-santa-pola\/#primaryimage"},"thumbnailUrl":"https:\/\/santapola.es\/wp-content\/uploads\/2025\/05\/IMG_3161.jpg","keywords":["Comandante Naval de Alicante","Instituto Hidrogr\u00e1fico de la Marina","Loreto Serrano"],"articleSection":["Pesca"],"inLanguage":"ca"},{"@type":"WebPage","@id":"https:\/\/santapola.es\/ca\/el-instituto-hidrografico-de-la-marina-actualiza-la-cartografia-de-la-bahia-y-el-puerto-de-santa-pola\/","url":"https:\/\/santapola.es\/ca\/el-instituto-hidrografico-de-la-marina-actualiza-la-cartografia-de-la-bahia-y-el-puerto-de-santa-pola\/","name":"El Instituto Hidrogr\u00e1fico de la Marina actualiza la cartograf\u00eda de la bah\u00eda y el puerto de Santa Pola - Ajuntament de Santa Pola","isPartOf":{"@id":"https:\/\/santapola.es\/ca\/#website"},"primaryImageOfPage":{"@id":"https:\/\/santapola.es\/ca\/el-instituto-hidrografico-de-la-marina-actualiza-la-cartografia-de-la-bahia-y-el-puerto-de-santa-pola\/#primaryimage"},"image":{"@id":"https:\/\/santapola.es\/ca\/el-instituto-hidrografico-de-la-marina-actualiza-la-cartografia-de-la-bahia-y-el-puerto-de-santa-pola\/#primaryimage"},"thumbnailUrl":"https:\/\/santapola.es\/wp-content\/uploads\/2025\/05\/IMG_3161.jpg","datePublished":"2025-05-30T12:14:21+00:00","dateModified":"2025-05-30T15:03:21+00:00","author":{"@id":"https:\/\/santapola.es\/ca\/#\/schema\/person\/ad1d67403707b58350c7be5e8dbc442d"},"breadcrumb":{"@id":"https:\/\/santapola.es\/ca\/el-instituto-hidrografico-de-la-marina-actualiza-la-cartografia-de-la-bahia-y-el-puerto-de-santa-pola\/#breadcrumb"},"inLanguage":"ca","potentialAction":[{"@type":"ReadAction","target":["https:\/\/santapola.es\/ca\/el-instituto-hidrografico-de-la-marina-actualiza-la-cartografia-de-la-bahia-y-el-puerto-de-santa-pola\/"]}]},{"@type":"ImageObject","inLanguage":"ca","@id":"https:\/\/santapola.es\/ca\/el-instituto-hidrografico-de-la-marina-actualiza-la-cartografia-de-la-bahia-y-el-puerto-de-santa-pola\/#primaryimage","url":"https:\/\/santapola.es\/wp-content\/uploads\/2025\/05\/IMG_3161.jpg","contentUrl":"https:\/\/santapola.es\/wp-content\/uploads\/2025\/05\/IMG_3161.jpg","width":1920,"height":1440},{"@type":"BreadcrumbList","@id":"https:\/\/santapola.es\/ca\/el-instituto-hidrografico-de-la-marina-actualiza-la-cartografia-de-la-bahia-y-el-puerto-de-santa-pola\/#breadcrumb","itemListElement":[{"@type":"ListItem","position":1,"name":"Inici","item":"https:\/\/santapola.es\/ca\/"},{"@type":"ListItem","position":2,"name":"El Instituto Hidrogr\u00e1fico de la Marina actualiza la cartograf\u00eda de la bah\u00eda y el puerto de Santa Pola"}]},{"@type":"WebSite","@id":"https:\/\/santapola.es\/ca\/#website","url":"https:\/\/santapola.es\/ca\/","name":"Ayuntamiento de Santa Pola","description":"Web de l'Ajuntament de Santa Pola","potentialAction":[{"@type":"SearchAction","target":{"@type":"EntryPoint","urlTemplate":"https:\/\/santapola.es\/ca\/?s={search_term_string}"},"query-input":{"@type":"PropertyValueSpecification","valueRequired":true,"valueName":"search_term_string"}}],"inLanguage":"ca"},{"@type":"Person","@id":"https:\/\/santapola.es\/ca\/#\/schema\/person\/ad1d67403707b58350c7be5e8dbc442d","name":"Jos\u00e9 Juan L\u00f3pez Lafuente"}]}},"_links":{"self":[{"href":"https:\/\/santapola.es\/ca\/wp-json\/wp\/v2\/posts\/44052","targetHints":{"allow":["GET"]}}],"collection":[{"href":"https:\/\/santapola.es\/ca\/wp-json\/wp\/v2\/posts"}],"about":[{"href":"https:\/\/santapola.es\/ca\/wp-json\/wp\/v2\/types\/post"}],"author":[{"embeddable":true,"href":"https:\/\/santapola.es\/ca\/wp-json\/wp\/v2\/users\/96"}],"replies":[{"embeddable":true,"href":"https:\/\/santapola.es\/ca\/wp-json\/wp\/v2\/comments?post=44052"}],"version-history":[{"count":0,"href":"https:\/\/santapola.es\/ca\/wp-json\/wp\/v2\/posts\/44052\/revisions"}],"wp:featuredmedia":[{"embeddable":true,"href":"https:\/\/santapola.es\/ca\/wp-json\/wp\/v2\/media\/44053"}],"wp:attachment":[{"href":"https:\/\/santapola.es\/ca\/wp-json\/wp\/v2\/media?parent=44052"}],"wp:term":[{"taxonomy":"category","embeddable":true,"href":"https:\/\/santapola.es\/ca\/wp-json\/wp\/v2\/categories?post=44052"},{"taxonomy":"post_tag","embeddable":true,"href":"https:\/\/santapola.es\/ca\/wp-json\/wp\/v2\/tags?post=44052"}],"curies":[{"name":"wp","href":"https:\/\/api.w.org\/{rel}","templated":true}]}}