{"id":43925,"date":"2025-05-28T14:17:06","date_gmt":"2025-05-28T12:17:06","guid":{"rendered":"https:\/\/santapola.es\/?p=43925"},"modified":"2025-05-28T14:19:42","modified_gmt":"2025-05-28T12:19:42","slug":"el-ayuntamiento-lanza-una-encuesta-a-los-ciudadanos-para-mejorar-la-comunicacion-de-incidencias-en-la-via-publica","status":"publish","type":"post","link":"https:\/\/santapola.es\/ca\/el-ayuntamiento-lanza-una-encuesta-a-los-ciudadanos-para-mejorar-la-comunicacion-de-incidencias-en-la-via-publica\/","title":{"rendered":"L&#8217;Ajuntament llan\u00e7a una enquesta als ciutadans per a millorar la comunicaci\u00f3 d&#8217;incid\u00e8ncies en la via p\u00fablica"},"content":{"rendered":"<p><strong>L&#8217;objectiu \u00e9s con\u00e9ixer l&#8217;opini\u00f3 dels santapolers respecte al m\u00e8tode que consideren m\u00e9s idoni per a comunicar al consistori les incid\u00e8ncies que es troben en la via p\u00fablica.<\/strong><\/p>\n<p>L&#8217;Ajuntament de Santa Pola continua desenrotllant la seua \u00e0rea de govern obert amb noves iniciatives de processos participatius per a con\u00e9ixer l&#8217;opini\u00f3 dels seus ciutadans respecte a temes d&#8217;inter\u00e9s.<\/p>\n<p>Esta mateixa setmana ha obtingut per tercer any consecutiu el Segell Infoparticipa amb un 94,23% de compliment d&#8217;indicadors de transpar\u00e8ncia en la seua p\u00e0gina web, alguna cosa que nom\u00e9s han aconseguit onze municipis de la Comunitat Valenciana. Este reconeixement acredita que el portal web de l&#8217;Ajuntament de Santa Pola oferix informaci\u00f3 clara, actualitzada i accessible a la ciutadania, fomentant una comunicaci\u00f3 directa, participativa i oberta.<\/p>\n<p>L&#8217;objectiu \u00e9s continuar acostant-se al 100% de transpar\u00e8ncia i per aix\u00f2 s&#8217;incidix en els processos participatius mitjan\u00e7ant enquestes a la poblaci\u00f3.<\/p>\n<p><strong>Incid\u00e8ncies en la via p\u00fablica<\/strong><\/p>\n<p>En este cas s&#8217;ha llan\u00e7at una consulta sobre incid\u00e8ncies en la via p\u00fablica, ja que la qualitat dels espais p\u00fablics dep\u00e9n de la capacitat per a identificar i resoldre problemes r\u00e0pidament, com a sots, llums apagades, escombraries acumulades, senyals danyats, etc.<\/p>\n<p>A trav\u00e9s d&#8217;un breu q\u00fcestionari, es pregunta al ciutad\u00e0 sobre quin m\u00e8tode considera m\u00e9s efica\u00e7 i accessible per a reportar les incid\u00e8ncies que es trobe en la via p\u00fablica de Santa Pola, fomentant una comunicaci\u00f3 directa i efectiva amb les autoritats locals.<\/p>\n<p>L&#8217;enquesta es pot emplenar en este enlla\u00e7:<\/p>\n<blockquote class=\"wp-embedded-content\" data-secret=\"vqSO6Z7IWG\"><p><a href=\"https:\/\/santapola.es\/procesos\/incidencias-en-la-via-publica\/\">Incidencias en la v\u00eda p\u00fablica<\/a><\/p><\/blockquote>\n<p><iframe loading=\"lazy\" class=\"wp-embedded-content\" sandbox=\"allow-scripts\" security=\"restricted\" style=\"position: absolute; visibility: hidden;\" title=\"&#8220;Incidencias en la v\u00eda p\u00fablica&#8221; &#8212; Ajuntament de Santa Pola\" src=\"https:\/\/santapola.es\/procesos\/incidencias-en-la-via-publica\/embed\/#?secret=iatJKXstih#?secret=vqSO6Z7IWG\" data-secret=\"vqSO6Z7IWG\" width=\"600\" height=\"338\" frameborder=\"0\" marginwidth=\"0\" marginheight=\"0\" scrolling=\"no\"><\/iframe><\/p>\n","protected":false},"excerpt":{"rendered":"<p>L&#8217;objectiu \u00e9s con\u00e9ixer l&#8217;opini\u00f3 dels santapolers respecte al m\u00e8tode que consideren m\u00e9s idoni per a comunicar al consistori les incid\u00e8ncies que es troben en la via p\u00fablica. L&#8217;Ajuntament de Santa Pola continua desenrotllant la seua \u00e0rea de govern obert amb noves iniciatives de processos participatius per a con\u00e9ixer l&#8217;opini\u00f3 dels seus ciutadans respecte a temes [&hellip;]<\/p>\n","protected":false},"author":96,"featured_media":43926,"comment_status":"closed","ping_status":"closed","sticky":false,"template":"","format":"standard","meta":{"_et_pb_use_builder":"","_et_pb_old_content":"","_et_gb_content_width":"","footnotes":""},"categories":[851],"tags":[1475],"class_list":["post-43925","post","type-post","status-publish","format-standard","has-post-thumbnail","hentry","category-participacio-ciutadana-transparencia","tag-enquesta"],"yoast_head":"<!-- This site is optimized with the Yoast SEO plugin v27.4 - https:\/\/yoast.com\/product\/yoast-seo-wordpress\/ -->\n<title>L&#039;Ajuntament llan\u00e7a una enquesta als ciutadans per a millorar la comunicaci\u00f3 d&#039;incid\u00e8ncies en la via p\u00fablica - Ajuntament de Santa Pola<\/title>\n<meta name=\"robots\" content=\"index, follow, max-snippet:-1, max-image-preview:large, max-video-preview:-1\" \/>\n<link rel=\"canonical\" href=\"https:\/\/santapola.es\/ca\/el-ayuntamiento-lanza-una-encuesta-a-los-ciudadanos-para-mejorar-la-comunicacion-de-incidencias-en-la-via-publica\/\" \/>\n<meta property=\"og:locale\" content=\"ca_ES\" \/>\n<meta property=\"og:type\" content=\"article\" \/>\n<meta property=\"og:title\" content=\"L&#039;Ajuntament llan\u00e7a una enquesta als ciutadans per a millorar la comunicaci\u00f3 d&#039;incid\u00e8ncies en la via p\u00fablica - Ajuntament de Santa Pola\" \/>\n<meta property=\"og:description\" content=\"L&#8217;objectiu \u00e9s con\u00e9ixer l&#8217;opini\u00f3 dels santapolers respecte al m\u00e8tode que consideren m\u00e9s idoni per a comunicar al consistori les incid\u00e8ncies que es troben en la via p\u00fablica. L&#8217;Ajuntament de Santa Pola continua desenrotllant la seua \u00e0rea de govern obert amb noves iniciatives de processos participatius per a con\u00e9ixer l&#8217;opini\u00f3 dels seus ciutadans respecte a temes [&hellip;]\" \/>\n<meta property=\"og:url\" content=\"https:\/\/santapola.es\/ca\/el-ayuntamiento-lanza-una-encuesta-a-los-ciudadanos-para-mejorar-la-comunicacion-de-incidencias-en-la-via-publica\/\" \/>\n<meta property=\"og:site_name\" content=\"Ajuntament de Santa Pola\" \/>\n<meta property=\"article:publisher\" content=\"https:\/\/www.facebook.com\/AyuntamientoSantaPola\/\" \/>\n<meta property=\"article:published_time\" content=\"2025-05-28T12:17:06+00:00\" \/>\n<meta property=\"article:modified_time\" content=\"2025-05-28T12:19:42+00:00\" \/>\n<meta property=\"og:image\" content=\"https:\/\/santapola.es\/wp-content\/uploads\/2025\/05\/Encuesta-via-publica.png\" \/>\n\t<meta property=\"og:image:width\" content=\"987\" \/>\n\t<meta property=\"og:image:height\" content=\"552\" \/>\n\t<meta property=\"og:image:type\" content=\"image\/png\" \/>\n<meta name=\"author\" content=\"Jos\u00e9 Juan L\u00f3pez Lafuente\" \/>\n<meta name=\"twitter:card\" content=\"summary_large_image\" \/>\n<meta name=\"twitter:creator\" content=\"@SantaPolaAyunt\" \/>\n<meta name=\"twitter:site\" content=\"@SantaPolaAyunt\" \/>\n<script type=\"application\/ld+json\" class=\"yoast-schema-graph\">{\"@context\":\"https:\\\/\\\/schema.org\",\"@graph\":[{\"@type\":\"Article\",\"@id\":\"https:\\\/\\\/santapola.es\\\/ca\\\/el-ayuntamiento-lanza-una-encuesta-a-los-ciudadanos-para-mejorar-la-comunicacion-de-incidencias-en-la-via-publica\\\/#article\",\"isPartOf\":{\"@id\":\"https:\\\/\\\/santapola.es\\\/ca\\\/el-ayuntamiento-lanza-una-encuesta-a-los-ciudadanos-para-mejorar-la-comunicacion-de-incidencias-en-la-via-publica\\\/\"},\"author\":{\"name\":\"Jos\u00e9 Juan L\u00f3pez Lafuente\",\"@id\":\"https:\\\/\\\/santapola.es\\\/ca\\\/#\\\/schema\\\/person\\\/ad1d67403707b58350c7be5e8dbc442d\"},\"headline\":\"L&#8217;Ajuntament llan\u00e7a una enquesta als ciutadans per a millorar la comunicaci\u00f3 d&#8217;incid\u00e8ncies en la via p\u00fablica\",\"datePublished\":\"2025-05-28T12:17:06+00:00\",\"dateModified\":\"2025-05-28T12:19:42+00:00\",\"mainEntityOfPage\":{\"@id\":\"https:\\\/\\\/santapola.es\\\/ca\\\/el-ayuntamiento-lanza-una-encuesta-a-los-ciudadanos-para-mejorar-la-comunicacion-de-incidencias-en-la-via-publica\\\/\"},\"wordCount\":299,\"image\":{\"@id\":\"https:\\\/\\\/santapola.es\\\/ca\\\/el-ayuntamiento-lanza-una-encuesta-a-los-ciudadanos-para-mejorar-la-comunicacion-de-incidencias-en-la-via-publica\\\/#primaryimage\"},\"thumbnailUrl\":\"https:\\\/\\\/santapola.es\\\/wp-content\\\/uploads\\\/2025\\\/05\\\/Encuesta-via-publica.png\",\"keywords\":[\"enquesta\"],\"articleSection\":[\"Participaci\u00f3 Ciutadana \\\/ Transpar\u00e8ncia\"],\"inLanguage\":\"ca\"},{\"@type\":\"WebPage\",\"@id\":\"https:\\\/\\\/santapola.es\\\/ca\\\/el-ayuntamiento-lanza-una-encuesta-a-los-ciudadanos-para-mejorar-la-comunicacion-de-incidencias-en-la-via-publica\\\/\",\"url\":\"https:\\\/\\\/santapola.es\\\/ca\\\/el-ayuntamiento-lanza-una-encuesta-a-los-ciudadanos-para-mejorar-la-comunicacion-de-incidencias-en-la-via-publica\\\/\",\"name\":\"L'Ajuntament llan\u00e7a una enquesta als ciutadans per a millorar la comunicaci\u00f3 d'incid\u00e8ncies en la via p\u00fablica - Ajuntament de Santa Pola\",\"isPartOf\":{\"@id\":\"https:\\\/\\\/santapola.es\\\/ca\\\/#website\"},\"primaryImageOfPage\":{\"@id\":\"https:\\\/\\\/santapola.es\\\/ca\\\/el-ayuntamiento-lanza-una-encuesta-a-los-ciudadanos-para-mejorar-la-comunicacion-de-incidencias-en-la-via-publica\\\/#primaryimage\"},\"image\":{\"@id\":\"https:\\\/\\\/santapola.es\\\/ca\\\/el-ayuntamiento-lanza-una-encuesta-a-los-ciudadanos-para-mejorar-la-comunicacion-de-incidencias-en-la-via-publica\\\/#primaryimage\"},\"thumbnailUrl\":\"https:\\\/\\\/santapola.es\\\/wp-content\\\/uploads\\\/2025\\\/05\\\/Encuesta-via-publica.png\",\"datePublished\":\"2025-05-28T12:17:06+00:00\",\"dateModified\":\"2025-05-28T12:19:42+00:00\",\"author\":{\"@id\":\"https:\\\/\\\/santapola.es\\\/ca\\\/#\\\/schema\\\/person\\\/ad1d67403707b58350c7be5e8dbc442d\"},\"breadcrumb\":{\"@id\":\"https:\\\/\\\/santapola.es\\\/ca\\\/el-ayuntamiento-lanza-una-encuesta-a-los-ciudadanos-para-mejorar-la-comunicacion-de-incidencias-en-la-via-publica\\\/#breadcrumb\"},\"inLanguage\":\"ca\",\"potentialAction\":[{\"@type\":\"ReadAction\",\"target\":[\"https:\\\/\\\/santapola.es\\\/ca\\\/el-ayuntamiento-lanza-una-encuesta-a-los-ciudadanos-para-mejorar-la-comunicacion-de-incidencias-en-la-via-publica\\\/\"]}]},{\"@type\":\"ImageObject\",\"inLanguage\":\"ca\",\"@id\":\"https:\\\/\\\/santapola.es\\\/ca\\\/el-ayuntamiento-lanza-una-encuesta-a-los-ciudadanos-para-mejorar-la-comunicacion-de-incidencias-en-la-via-publica\\\/#primaryimage\",\"url\":\"https:\\\/\\\/santapola.es\\\/wp-content\\\/uploads\\\/2025\\\/05\\\/Encuesta-via-publica.png\",\"contentUrl\":\"https:\\\/\\\/santapola.es\\\/wp-content\\\/uploads\\\/2025\\\/05\\\/Encuesta-via-publica.png\",\"width\":987,\"height\":552},{\"@type\":\"BreadcrumbList\",\"@id\":\"https:\\\/\\\/santapola.es\\\/ca\\\/el-ayuntamiento-lanza-una-encuesta-a-los-ciudadanos-para-mejorar-la-comunicacion-de-incidencias-en-la-via-publica\\\/#breadcrumb\",\"itemListElement\":[{\"@type\":\"ListItem\",\"position\":1,\"name\":\"Inici\",\"item\":\"https:\\\/\\\/santapola.es\\\/ca\\\/\"},{\"@type\":\"ListItem\",\"position\":2,\"name\":\"L&#8217;Ajuntament llan\u00e7a una enquesta als ciutadans per a millorar la comunicaci\u00f3 d&#8217;incid\u00e8ncies en la via p\u00fablica\"}]},{\"@type\":\"WebSite\",\"@id\":\"https:\\\/\\\/santapola.es\\\/ca\\\/#website\",\"url\":\"https:\\\/\\\/santapola.es\\\/ca\\\/\",\"name\":\"Ayuntamiento de Santa Pola\",\"description\":\"Web de l'Ajuntament de Santa Pola\",\"potentialAction\":[{\"@type\":\"SearchAction\",\"target\":{\"@type\":\"EntryPoint\",\"urlTemplate\":\"https:\\\/\\\/santapola.es\\\/ca\\\/?s={search_term_string}\"},\"query-input\":{\"@type\":\"PropertyValueSpecification\",\"valueRequired\":true,\"valueName\":\"search_term_string\"}}],\"inLanguage\":\"ca\"},{\"@type\":\"Person\",\"@id\":\"https:\\\/\\\/santapola.es\\\/ca\\\/#\\\/schema\\\/person\\\/ad1d67403707b58350c7be5e8dbc442d\",\"name\":\"Jos\u00e9 Juan L\u00f3pez Lafuente\"}]}<\/script>\n<!-- \/ Yoast SEO plugin. -->","yoast_head_json":{"title":"L'Ajuntament llan\u00e7a una enquesta als ciutadans per a millorar la comunicaci\u00f3 d'incid\u00e8ncies en la via p\u00fablica - Ajuntament de Santa Pola","robots":{"index":"index","follow":"follow","max-snippet":"max-snippet:-1","max-image-preview":"max-image-preview:large","max-video-preview":"max-video-preview:-1"},"canonical":"https:\/\/santapola.es\/ca\/el-ayuntamiento-lanza-una-encuesta-a-los-ciudadanos-para-mejorar-la-comunicacion-de-incidencias-en-la-via-publica\/","og_locale":"ca_ES","og_type":"article","og_title":"L'Ajuntament llan\u00e7a una enquesta als ciutadans per a millorar la comunicaci\u00f3 d'incid\u00e8ncies en la via p\u00fablica - Ajuntament de Santa Pola","og_description":"L&#8217;objectiu \u00e9s con\u00e9ixer l&#8217;opini\u00f3 dels santapolers respecte al m\u00e8tode que consideren m\u00e9s idoni per a comunicar al consistori les incid\u00e8ncies que es troben en la via p\u00fablica. L&#8217;Ajuntament de Santa Pola continua desenrotllant la seua \u00e0rea de govern obert amb noves iniciatives de processos participatius per a con\u00e9ixer l&#8217;opini\u00f3 dels seus ciutadans respecte a temes [&hellip;]","og_url":"https:\/\/santapola.es\/ca\/el-ayuntamiento-lanza-una-encuesta-a-los-ciudadanos-para-mejorar-la-comunicacion-de-incidencias-en-la-via-publica\/","og_site_name":"Ajuntament de Santa Pola","article_publisher":"https:\/\/www.facebook.com\/AyuntamientoSantaPola\/","article_published_time":"2025-05-28T12:17:06+00:00","article_modified_time":"2025-05-28T12:19:42+00:00","og_image":[{"width":987,"height":552,"url":"https:\/\/santapola.es\/wp-content\/uploads\/2025\/05\/Encuesta-via-publica.png","type":"image\/png"}],"author":"Jos\u00e9 Juan L\u00f3pez Lafuente","twitter_card":"summary_large_image","twitter_creator":"@SantaPolaAyunt","twitter_site":"@SantaPolaAyunt","schema":{"@context":"https:\/\/schema.org","@graph":[{"@type":"Article","@id":"https:\/\/santapola.es\/ca\/el-ayuntamiento-lanza-una-encuesta-a-los-ciudadanos-para-mejorar-la-comunicacion-de-incidencias-en-la-via-publica\/#article","isPartOf":{"@id":"https:\/\/santapola.es\/ca\/el-ayuntamiento-lanza-una-encuesta-a-los-ciudadanos-para-mejorar-la-comunicacion-de-incidencias-en-la-via-publica\/"},"author":{"name":"Jos\u00e9 Juan L\u00f3pez Lafuente","@id":"https:\/\/santapola.es\/ca\/#\/schema\/person\/ad1d67403707b58350c7be5e8dbc442d"},"headline":"L&#8217;Ajuntament llan\u00e7a una enquesta als ciutadans per a millorar la comunicaci\u00f3 d&#8217;incid\u00e8ncies en la via p\u00fablica","datePublished":"2025-05-28T12:17:06+00:00","dateModified":"2025-05-28T12:19:42+00:00","mainEntityOfPage":{"@id":"https:\/\/santapola.es\/ca\/el-ayuntamiento-lanza-una-encuesta-a-los-ciudadanos-para-mejorar-la-comunicacion-de-incidencias-en-la-via-publica\/"},"wordCount":299,"image":{"@id":"https:\/\/santapola.es\/ca\/el-ayuntamiento-lanza-una-encuesta-a-los-ciudadanos-para-mejorar-la-comunicacion-de-incidencias-en-la-via-publica\/#primaryimage"},"thumbnailUrl":"https:\/\/santapola.es\/wp-content\/uploads\/2025\/05\/Encuesta-via-publica.png","keywords":["enquesta"],"articleSection":["Participaci\u00f3 Ciutadana \/ Transpar\u00e8ncia"],"inLanguage":"ca"},{"@type":"WebPage","@id":"https:\/\/santapola.es\/ca\/el-ayuntamiento-lanza-una-encuesta-a-los-ciudadanos-para-mejorar-la-comunicacion-de-incidencias-en-la-via-publica\/","url":"https:\/\/santapola.es\/ca\/el-ayuntamiento-lanza-una-encuesta-a-los-ciudadanos-para-mejorar-la-comunicacion-de-incidencias-en-la-via-publica\/","name":"L'Ajuntament llan\u00e7a una enquesta als ciutadans per a millorar la comunicaci\u00f3 d'incid\u00e8ncies en la via p\u00fablica - Ajuntament de Santa Pola","isPartOf":{"@id":"https:\/\/santapola.es\/ca\/#website"},"primaryImageOfPage":{"@id":"https:\/\/santapola.es\/ca\/el-ayuntamiento-lanza-una-encuesta-a-los-ciudadanos-para-mejorar-la-comunicacion-de-incidencias-en-la-via-publica\/#primaryimage"},"image":{"@id":"https:\/\/santapola.es\/ca\/el-ayuntamiento-lanza-una-encuesta-a-los-ciudadanos-para-mejorar-la-comunicacion-de-incidencias-en-la-via-publica\/#primaryimage"},"thumbnailUrl":"https:\/\/santapola.es\/wp-content\/uploads\/2025\/05\/Encuesta-via-publica.png","datePublished":"2025-05-28T12:17:06+00:00","dateModified":"2025-05-28T12:19:42+00:00","author":{"@id":"https:\/\/santapola.es\/ca\/#\/schema\/person\/ad1d67403707b58350c7be5e8dbc442d"},"breadcrumb":{"@id":"https:\/\/santapola.es\/ca\/el-ayuntamiento-lanza-una-encuesta-a-los-ciudadanos-para-mejorar-la-comunicacion-de-incidencias-en-la-via-publica\/#breadcrumb"},"inLanguage":"ca","potentialAction":[{"@type":"ReadAction","target":["https:\/\/santapola.es\/ca\/el-ayuntamiento-lanza-una-encuesta-a-los-ciudadanos-para-mejorar-la-comunicacion-de-incidencias-en-la-via-publica\/"]}]},{"@type":"ImageObject","inLanguage":"ca","@id":"https:\/\/santapola.es\/ca\/el-ayuntamiento-lanza-una-encuesta-a-los-ciudadanos-para-mejorar-la-comunicacion-de-incidencias-en-la-via-publica\/#primaryimage","url":"https:\/\/santapola.es\/wp-content\/uploads\/2025\/05\/Encuesta-via-publica.png","contentUrl":"https:\/\/santapola.es\/wp-content\/uploads\/2025\/05\/Encuesta-via-publica.png","width":987,"height":552},{"@type":"BreadcrumbList","@id":"https:\/\/santapola.es\/ca\/el-ayuntamiento-lanza-una-encuesta-a-los-ciudadanos-para-mejorar-la-comunicacion-de-incidencias-en-la-via-publica\/#breadcrumb","itemListElement":[{"@type":"ListItem","position":1,"name":"Inici","item":"https:\/\/santapola.es\/ca\/"},{"@type":"ListItem","position":2,"name":"L&#8217;Ajuntament llan\u00e7a una enquesta als ciutadans per a millorar la comunicaci\u00f3 d&#8217;incid\u00e8ncies en la via p\u00fablica"}]},{"@type":"WebSite","@id":"https:\/\/santapola.es\/ca\/#website","url":"https:\/\/santapola.es\/ca\/","name":"Ayuntamiento de Santa Pola","description":"Web de l'Ajuntament de Santa Pola","potentialAction":[{"@type":"SearchAction","target":{"@type":"EntryPoint","urlTemplate":"https:\/\/santapola.es\/ca\/?s={search_term_string}"},"query-input":{"@type":"PropertyValueSpecification","valueRequired":true,"valueName":"search_term_string"}}],"inLanguage":"ca"},{"@type":"Person","@id":"https:\/\/santapola.es\/ca\/#\/schema\/person\/ad1d67403707b58350c7be5e8dbc442d","name":"Jos\u00e9 Juan L\u00f3pez Lafuente"}]}},"_links":{"self":[{"href":"https:\/\/santapola.es\/ca\/wp-json\/wp\/v2\/posts\/43925","targetHints":{"allow":["GET"]}}],"collection":[{"href":"https:\/\/santapola.es\/ca\/wp-json\/wp\/v2\/posts"}],"about":[{"href":"https:\/\/santapola.es\/ca\/wp-json\/wp\/v2\/types\/post"}],"author":[{"embeddable":true,"href":"https:\/\/santapola.es\/ca\/wp-json\/wp\/v2\/users\/96"}],"replies":[{"embeddable":true,"href":"https:\/\/santapola.es\/ca\/wp-json\/wp\/v2\/comments?post=43925"}],"version-history":[{"count":0,"href":"https:\/\/santapola.es\/ca\/wp-json\/wp\/v2\/posts\/43925\/revisions"}],"wp:featuredmedia":[{"embeddable":true,"href":"https:\/\/santapola.es\/ca\/wp-json\/wp\/v2\/media\/43926"}],"wp:attachment":[{"href":"https:\/\/santapola.es\/ca\/wp-json\/wp\/v2\/media?parent=43925"}],"wp:term":[{"taxonomy":"category","embeddable":true,"href":"https:\/\/santapola.es\/ca\/wp-json\/wp\/v2\/categories?post=43925"},{"taxonomy":"post_tag","embeddable":true,"href":"https:\/\/santapola.es\/ca\/wp-json\/wp\/v2\/tags?post=43925"}],"curies":[{"name":"wp","href":"https:\/\/api.w.org\/{rel}","templated":true}]}}