{"id":43532,"date":"2025-05-14T13:32:50","date_gmt":"2025-05-14T11:32:50","guid":{"rendered":"https:\/\/santapola.es\/?p=43532"},"modified":"2025-05-14T13:46:10","modified_gmt":"2025-05-14T11:46:10","slug":"400-dones-de-tota-espanya-participen-en-la-xi-trobada-de-patchwork-de-lassociacio-colibri","status":"publish","type":"post","link":"https:\/\/santapola.es\/ca\/400-dones-de-tota-espanya-participen-en-la-xi-trobada-de-patchwork-de-lassociacio-colibri\/","title":{"rendered":"400 dones de tota Espanya participen en la XI Trobada de Patchwork de l&#8217;Associaci\u00f3 Colibr\u00ed"},"content":{"rendered":"<p><strong>A benefici dels afectats per esclerosi m\u00faltiple, la trobada tindr\u00e0 lloc este dissabte 17 de maig en la carpa al costat del Castell Fortalesa i comptar\u00e0 amb 38 llocs en els quals es podr\u00e0 comprar tota classe de manualitats i labors.<\/strong><\/p>\n<p>Hui s&#8217;ha presentat a l&#8217;Ajuntament de Santa Pola la Trobada de Patchwork i Labors Colibr\u00ed l&#8217;onzena edici\u00f3 del qual se celebrar\u00e0 este dissabte 17 de maig en la carpa lateral al Castell Fortalesa, en horari de 9.30 a 18.00 hores i organitzat per l&#8217;Associaci\u00f3 Colibr\u00ed d&#8217;Esclerosi M\u00faltiple (ACEM).<\/p>\n<p><iframe loading=\"lazy\" title=\"400 mujeres de toda Espa\u00f1a participan en el XI Encuentro de Patchwork de la Asociaci\u00f3n Colibr\u00ed\" width=\"1080\" height=\"608\" src=\"https:\/\/www.youtube.com\/embed\/ZviAU3ouE-Y?feature=oembed\"  allow=\"accelerometer; autoplay; clipboard-write; encrypted-media; gyroscope; picture-in-picture; web-share\" referrerpolicy=\"strict-origin-when-cross-origin\" allowfullscreen><\/iframe><\/p>\n<p>La regidora de Cultura, Nely Baile, ha convidat \u201cals santapolers i als visitants que ens acompanyen este cap de setmana al fet que coneguen este esdeveniment que amb tant de m\u00e8rit duu a terme l&#8217;Associaci\u00f3 Colibr\u00ed i que s&#8217;ha convertit en un referent a Espanya, a m\u00e9s amb una labor ben\u00e8fica\u201d.<\/p>\n<p>Maite Aldeguer, secret\u00e0ria de l&#8217;associaci\u00f3, va anunciar que \u201cen esta edici\u00f3 comptarem amb 403 dones que participaran, d&#8217;elles unes 30 de Santa Pola, tindrem 38 llocs de venda de tota classe de manualitats i labors, a m\u00e9s de patchwork hi haur\u00e0 bolillos, punt de creu, brodat en tul\u2026\u201d<\/p>\n<p>\u201cVindran dones i col\u00b7lectius de molts llocs d&#8217;Espanya: Girona, Cadis, Madrid, Ciudad Real, Val\u00e8ncia, Almeria, Granada, Alacant, Castell\u00f3, que donaran molta vida als comer\u00e7os i hostaleria del centre en un cap de setmana en el qual gaudiran de Santa Pola\u201d, va afegir Aldeguer.<\/p>\n<p>Mar\u00eda Asunci\u00f3n L\u00f3pez, presidenta de ACEM, va explicar que \u201cla celebraci\u00f3 d&#8217;este esdeveniment \u00e9s molt important per a la nostra associaci\u00f3 perqu\u00e8 t\u00e9 un car\u00e0cter ben\u00e8fic, els fons que recaptem amb la venda de les nostres labors, que estem tot l&#8217;any cosint, van destinats a fer costat als nostres socis i s\u00f2cies amb esclerosi m\u00faltiple\u201d. Tamb\u00e9 va destacar \u201cel gran suport que hem rebut per part de comer\u00e7os i empreses que ens han donat regals, i per descomptat de l&#8217;Ajuntament de Santa Pola\u201d.<\/p>\n","protected":false},"excerpt":{"rendered":"<p>A benefici dels afectats per esclerosi m\u00faltiple, la trobada tindr\u00e0 lloc este dissabte 17 de maig en la carpa al costat del Castell Fortalesa i comptar\u00e0 amb 38 llocs en els quals es podr\u00e0 comprar tota classe de manualitats i labors. Hui s&#8217;ha presentat a l&#8217;Ajuntament de Santa Pola la Trobada de Patchwork i Labors [&hellip;]<\/p>\n","protected":false},"author":96,"featured_media":43530,"comment_status":"closed","ping_status":"closed","sticky":false,"template":"","format":"standard","meta":{"_et_pb_use_builder":"","_et_pb_old_content":"","_et_gb_content_width":"","footnotes":""},"categories":[433,452],"tags":[1220,511,1455],"class_list":["post-43532","post","type-post","status-publish","format-standard","has-post-thumbnail","hentry","category-cultura-ca","category-serveis-socials","tag-associacio-colibri-desclerosi-multiple","tag-nely-baile-ca","tag-patchwork-ca"],"yoast_head":"<!-- This site is optimized with the Yoast SEO plugin v27.4 - https:\/\/yoast.com\/product\/yoast-seo-wordpress\/ -->\n<title>400 dones de tota Espanya participen en la XI Trobada de Patchwork de l&#039;Associaci\u00f3 Colibr\u00ed - Ajuntament de Santa Pola<\/title>\n<meta name=\"robots\" content=\"index, follow, max-snippet:-1, max-image-preview:large, max-video-preview:-1\" \/>\n<link rel=\"canonical\" href=\"https:\/\/santapola.es\/ca\/400-dones-de-tota-espanya-participen-en-la-xi-trobada-de-patchwork-de-lassociacio-colibri\/\" \/>\n<meta property=\"og:locale\" content=\"ca_ES\" \/>\n<meta property=\"og:type\" content=\"article\" \/>\n<meta property=\"og:title\" content=\"400 dones de tota Espanya participen en la XI Trobada de Patchwork de l&#039;Associaci\u00f3 Colibr\u00ed - Ajuntament de Santa Pola\" \/>\n<meta property=\"og:description\" content=\"A benefici dels afectats per esclerosi m\u00faltiple, la trobada tindr\u00e0 lloc este dissabte 17 de maig en la carpa al costat del Castell Fortalesa i comptar\u00e0 amb 38 llocs en els quals es podr\u00e0 comprar tota classe de manualitats i labors. Hui s&#8217;ha presentat a l&#8217;Ajuntament de Santa Pola la Trobada de Patchwork i Labors [&hellip;]\" \/>\n<meta property=\"og:url\" content=\"https:\/\/santapola.es\/ca\/400-dones-de-tota-espanya-participen-en-la-xi-trobada-de-patchwork-de-lassociacio-colibri\/\" \/>\n<meta property=\"og:site_name\" content=\"Ajuntament de Santa Pola\" \/>\n<meta property=\"article:publisher\" content=\"https:\/\/www.facebook.com\/AyuntamientoSantaPola\/\" \/>\n<meta property=\"article:published_time\" content=\"2025-05-14T11:32:50+00:00\" \/>\n<meta property=\"article:modified_time\" content=\"2025-05-14T11:46:10+00:00\" \/>\n<meta property=\"og:image\" content=\"https:\/\/santapola.es\/wp-content\/uploads\/2025\/05\/2025-05-14-encuentro-patchwork.jpg\" \/>\n\t<meta property=\"og:image:width\" content=\"1920\" \/>\n\t<meta property=\"og:image:height\" content=\"1440\" \/>\n\t<meta property=\"og:image:type\" content=\"image\/jpeg\" \/>\n<meta name=\"author\" content=\"Jos\u00e9 Juan L\u00f3pez Lafuente\" \/>\n<meta name=\"twitter:card\" content=\"summary_large_image\" \/>\n<meta name=\"twitter:creator\" content=\"@SantaPolaAyunt\" \/>\n<meta name=\"twitter:site\" content=\"@SantaPolaAyunt\" \/>\n<script type=\"application\/ld+json\" class=\"yoast-schema-graph\">{\"@context\":\"https:\\\/\\\/schema.org\",\"@graph\":[{\"@type\":\"Article\",\"@id\":\"https:\\\/\\\/santapola.es\\\/ca\\\/400-dones-de-tota-espanya-participen-en-la-xi-trobada-de-patchwork-de-lassociacio-colibri\\\/#article\",\"isPartOf\":{\"@id\":\"https:\\\/\\\/santapola.es\\\/ca\\\/400-dones-de-tota-espanya-participen-en-la-xi-trobada-de-patchwork-de-lassociacio-colibri\\\/\"},\"author\":{\"name\":\"Jos\u00e9 Juan L\u00f3pez Lafuente\",\"@id\":\"https:\\\/\\\/santapola.es\\\/ca\\\/#\\\/schema\\\/person\\\/ad1d67403707b58350c7be5e8dbc442d\"},\"headline\":\"400 dones de tota Espanya participen en la XI Trobada de Patchwork de l&#8217;Associaci\u00f3 Colibr\u00ed\",\"datePublished\":\"2025-05-14T11:32:50+00:00\",\"dateModified\":\"2025-05-14T11:46:10+00:00\",\"mainEntityOfPage\":{\"@id\":\"https:\\\/\\\/santapola.es\\\/ca\\\/400-dones-de-tota-espanya-participen-en-la-xi-trobada-de-patchwork-de-lassociacio-colibri\\\/\"},\"wordCount\":357,\"image\":{\"@id\":\"https:\\\/\\\/santapola.es\\\/ca\\\/400-dones-de-tota-espanya-participen-en-la-xi-trobada-de-patchwork-de-lassociacio-colibri\\\/#primaryimage\"},\"thumbnailUrl\":\"https:\\\/\\\/santapola.es\\\/wp-content\\\/uploads\\\/2025\\\/05\\\/2025-05-14-encuentro-patchwork.jpg\",\"keywords\":[\"Associaci\u00f3 Colibr\u00ed d'Esclerosi M\u00faltiple\",\"Nely Baile\",\"patchwork\"],\"articleSection\":[\"Cultura\",\"Serveis Socials\"],\"inLanguage\":\"ca\"},{\"@type\":\"WebPage\",\"@id\":\"https:\\\/\\\/santapola.es\\\/ca\\\/400-dones-de-tota-espanya-participen-en-la-xi-trobada-de-patchwork-de-lassociacio-colibri\\\/\",\"url\":\"https:\\\/\\\/santapola.es\\\/ca\\\/400-dones-de-tota-espanya-participen-en-la-xi-trobada-de-patchwork-de-lassociacio-colibri\\\/\",\"name\":\"400 dones de tota Espanya participen en la XI Trobada de Patchwork de l'Associaci\u00f3 Colibr\u00ed - Ajuntament de Santa Pola\",\"isPartOf\":{\"@id\":\"https:\\\/\\\/santapola.es\\\/ca\\\/#website\"},\"primaryImageOfPage\":{\"@id\":\"https:\\\/\\\/santapola.es\\\/ca\\\/400-dones-de-tota-espanya-participen-en-la-xi-trobada-de-patchwork-de-lassociacio-colibri\\\/#primaryimage\"},\"image\":{\"@id\":\"https:\\\/\\\/santapola.es\\\/ca\\\/400-dones-de-tota-espanya-participen-en-la-xi-trobada-de-patchwork-de-lassociacio-colibri\\\/#primaryimage\"},\"thumbnailUrl\":\"https:\\\/\\\/santapola.es\\\/wp-content\\\/uploads\\\/2025\\\/05\\\/2025-05-14-encuentro-patchwork.jpg\",\"datePublished\":\"2025-05-14T11:32:50+00:00\",\"dateModified\":\"2025-05-14T11:46:10+00:00\",\"author\":{\"@id\":\"https:\\\/\\\/santapola.es\\\/ca\\\/#\\\/schema\\\/person\\\/ad1d67403707b58350c7be5e8dbc442d\"},\"breadcrumb\":{\"@id\":\"https:\\\/\\\/santapola.es\\\/ca\\\/400-dones-de-tota-espanya-participen-en-la-xi-trobada-de-patchwork-de-lassociacio-colibri\\\/#breadcrumb\"},\"inLanguage\":\"ca\",\"potentialAction\":[{\"@type\":\"ReadAction\",\"target\":[\"https:\\\/\\\/santapola.es\\\/ca\\\/400-dones-de-tota-espanya-participen-en-la-xi-trobada-de-patchwork-de-lassociacio-colibri\\\/\"]}]},{\"@type\":\"ImageObject\",\"inLanguage\":\"ca\",\"@id\":\"https:\\\/\\\/santapola.es\\\/ca\\\/400-dones-de-tota-espanya-participen-en-la-xi-trobada-de-patchwork-de-lassociacio-colibri\\\/#primaryimage\",\"url\":\"https:\\\/\\\/santapola.es\\\/wp-content\\\/uploads\\\/2025\\\/05\\\/2025-05-14-encuentro-patchwork.jpg\",\"contentUrl\":\"https:\\\/\\\/santapola.es\\\/wp-content\\\/uploads\\\/2025\\\/05\\\/2025-05-14-encuentro-patchwork.jpg\",\"width\":1920,\"height\":1440},{\"@type\":\"BreadcrumbList\",\"@id\":\"https:\\\/\\\/santapola.es\\\/ca\\\/400-dones-de-tota-espanya-participen-en-la-xi-trobada-de-patchwork-de-lassociacio-colibri\\\/#breadcrumb\",\"itemListElement\":[{\"@type\":\"ListItem\",\"position\":1,\"name\":\"Inici\",\"item\":\"https:\\\/\\\/santapola.es\\\/ca\\\/\"},{\"@type\":\"ListItem\",\"position\":2,\"name\":\"400 dones de tota Espanya participen en la XI Trobada de Patchwork de l&#8217;Associaci\u00f3 Colibr\u00ed\"}]},{\"@type\":\"WebSite\",\"@id\":\"https:\\\/\\\/santapola.es\\\/ca\\\/#website\",\"url\":\"https:\\\/\\\/santapola.es\\\/ca\\\/\",\"name\":\"Ayuntamiento de Santa Pola\",\"description\":\"Web de l'Ajuntament de Santa Pola\",\"potentialAction\":[{\"@type\":\"SearchAction\",\"target\":{\"@type\":\"EntryPoint\",\"urlTemplate\":\"https:\\\/\\\/santapola.es\\\/ca\\\/?s={search_term_string}\"},\"query-input\":{\"@type\":\"PropertyValueSpecification\",\"valueRequired\":true,\"valueName\":\"search_term_string\"}}],\"inLanguage\":\"ca\"},{\"@type\":\"Person\",\"@id\":\"https:\\\/\\\/santapola.es\\\/ca\\\/#\\\/schema\\\/person\\\/ad1d67403707b58350c7be5e8dbc442d\",\"name\":\"Jos\u00e9 Juan L\u00f3pez Lafuente\"}]}<\/script>\n<!-- \/ Yoast SEO plugin. -->","yoast_head_json":{"title":"400 dones de tota Espanya participen en la XI Trobada de Patchwork de l'Associaci\u00f3 Colibr\u00ed - Ajuntament de Santa Pola","robots":{"index":"index","follow":"follow","max-snippet":"max-snippet:-1","max-image-preview":"max-image-preview:large","max-video-preview":"max-video-preview:-1"},"canonical":"https:\/\/santapola.es\/ca\/400-dones-de-tota-espanya-participen-en-la-xi-trobada-de-patchwork-de-lassociacio-colibri\/","og_locale":"ca_ES","og_type":"article","og_title":"400 dones de tota Espanya participen en la XI Trobada de Patchwork de l'Associaci\u00f3 Colibr\u00ed - Ajuntament de Santa Pola","og_description":"A benefici dels afectats per esclerosi m\u00faltiple, la trobada tindr\u00e0 lloc este dissabte 17 de maig en la carpa al costat del Castell Fortalesa i comptar\u00e0 amb 38 llocs en els quals es podr\u00e0 comprar tota classe de manualitats i labors. Hui s&#8217;ha presentat a l&#8217;Ajuntament de Santa Pola la Trobada de Patchwork i Labors [&hellip;]","og_url":"https:\/\/santapola.es\/ca\/400-dones-de-tota-espanya-participen-en-la-xi-trobada-de-patchwork-de-lassociacio-colibri\/","og_site_name":"Ajuntament de Santa Pola","article_publisher":"https:\/\/www.facebook.com\/AyuntamientoSantaPola\/","article_published_time":"2025-05-14T11:32:50+00:00","article_modified_time":"2025-05-14T11:46:10+00:00","og_image":[{"width":1920,"height":1440,"url":"https:\/\/santapola.es\/wp-content\/uploads\/2025\/05\/2025-05-14-encuentro-patchwork.jpg","type":"image\/jpeg"}],"author":"Jos\u00e9 Juan L\u00f3pez Lafuente","twitter_card":"summary_large_image","twitter_creator":"@SantaPolaAyunt","twitter_site":"@SantaPolaAyunt","schema":{"@context":"https:\/\/schema.org","@graph":[{"@type":"Article","@id":"https:\/\/santapola.es\/ca\/400-dones-de-tota-espanya-participen-en-la-xi-trobada-de-patchwork-de-lassociacio-colibri\/#article","isPartOf":{"@id":"https:\/\/santapola.es\/ca\/400-dones-de-tota-espanya-participen-en-la-xi-trobada-de-patchwork-de-lassociacio-colibri\/"},"author":{"name":"Jos\u00e9 Juan L\u00f3pez Lafuente","@id":"https:\/\/santapola.es\/ca\/#\/schema\/person\/ad1d67403707b58350c7be5e8dbc442d"},"headline":"400 dones de tota Espanya participen en la XI Trobada de Patchwork de l&#8217;Associaci\u00f3 Colibr\u00ed","datePublished":"2025-05-14T11:32:50+00:00","dateModified":"2025-05-14T11:46:10+00:00","mainEntityOfPage":{"@id":"https:\/\/santapola.es\/ca\/400-dones-de-tota-espanya-participen-en-la-xi-trobada-de-patchwork-de-lassociacio-colibri\/"},"wordCount":357,"image":{"@id":"https:\/\/santapola.es\/ca\/400-dones-de-tota-espanya-participen-en-la-xi-trobada-de-patchwork-de-lassociacio-colibri\/#primaryimage"},"thumbnailUrl":"https:\/\/santapola.es\/wp-content\/uploads\/2025\/05\/2025-05-14-encuentro-patchwork.jpg","keywords":["Associaci\u00f3 Colibr\u00ed d'Esclerosi M\u00faltiple","Nely Baile","patchwork"],"articleSection":["Cultura","Serveis Socials"],"inLanguage":"ca"},{"@type":"WebPage","@id":"https:\/\/santapola.es\/ca\/400-dones-de-tota-espanya-participen-en-la-xi-trobada-de-patchwork-de-lassociacio-colibri\/","url":"https:\/\/santapola.es\/ca\/400-dones-de-tota-espanya-participen-en-la-xi-trobada-de-patchwork-de-lassociacio-colibri\/","name":"400 dones de tota Espanya participen en la XI Trobada de Patchwork de l'Associaci\u00f3 Colibr\u00ed - Ajuntament de Santa Pola","isPartOf":{"@id":"https:\/\/santapola.es\/ca\/#website"},"primaryImageOfPage":{"@id":"https:\/\/santapola.es\/ca\/400-dones-de-tota-espanya-participen-en-la-xi-trobada-de-patchwork-de-lassociacio-colibri\/#primaryimage"},"image":{"@id":"https:\/\/santapola.es\/ca\/400-dones-de-tota-espanya-participen-en-la-xi-trobada-de-patchwork-de-lassociacio-colibri\/#primaryimage"},"thumbnailUrl":"https:\/\/santapola.es\/wp-content\/uploads\/2025\/05\/2025-05-14-encuentro-patchwork.jpg","datePublished":"2025-05-14T11:32:50+00:00","dateModified":"2025-05-14T11:46:10+00:00","author":{"@id":"https:\/\/santapola.es\/ca\/#\/schema\/person\/ad1d67403707b58350c7be5e8dbc442d"},"breadcrumb":{"@id":"https:\/\/santapola.es\/ca\/400-dones-de-tota-espanya-participen-en-la-xi-trobada-de-patchwork-de-lassociacio-colibri\/#breadcrumb"},"inLanguage":"ca","potentialAction":[{"@type":"ReadAction","target":["https:\/\/santapola.es\/ca\/400-dones-de-tota-espanya-participen-en-la-xi-trobada-de-patchwork-de-lassociacio-colibri\/"]}]},{"@type":"ImageObject","inLanguage":"ca","@id":"https:\/\/santapola.es\/ca\/400-dones-de-tota-espanya-participen-en-la-xi-trobada-de-patchwork-de-lassociacio-colibri\/#primaryimage","url":"https:\/\/santapola.es\/wp-content\/uploads\/2025\/05\/2025-05-14-encuentro-patchwork.jpg","contentUrl":"https:\/\/santapola.es\/wp-content\/uploads\/2025\/05\/2025-05-14-encuentro-patchwork.jpg","width":1920,"height":1440},{"@type":"BreadcrumbList","@id":"https:\/\/santapola.es\/ca\/400-dones-de-tota-espanya-participen-en-la-xi-trobada-de-patchwork-de-lassociacio-colibri\/#breadcrumb","itemListElement":[{"@type":"ListItem","position":1,"name":"Inici","item":"https:\/\/santapola.es\/ca\/"},{"@type":"ListItem","position":2,"name":"400 dones de tota Espanya participen en la XI Trobada de Patchwork de l&#8217;Associaci\u00f3 Colibr\u00ed"}]},{"@type":"WebSite","@id":"https:\/\/santapola.es\/ca\/#website","url":"https:\/\/santapola.es\/ca\/","name":"Ayuntamiento de Santa Pola","description":"Web de l'Ajuntament de Santa Pola","potentialAction":[{"@type":"SearchAction","target":{"@type":"EntryPoint","urlTemplate":"https:\/\/santapola.es\/ca\/?s={search_term_string}"},"query-input":{"@type":"PropertyValueSpecification","valueRequired":true,"valueName":"search_term_string"}}],"inLanguage":"ca"},{"@type":"Person","@id":"https:\/\/santapola.es\/ca\/#\/schema\/person\/ad1d67403707b58350c7be5e8dbc442d","name":"Jos\u00e9 Juan L\u00f3pez Lafuente"}]}},"_links":{"self":[{"href":"https:\/\/santapola.es\/ca\/wp-json\/wp\/v2\/posts\/43532","targetHints":{"allow":["GET"]}}],"collection":[{"href":"https:\/\/santapola.es\/ca\/wp-json\/wp\/v2\/posts"}],"about":[{"href":"https:\/\/santapola.es\/ca\/wp-json\/wp\/v2\/types\/post"}],"author":[{"embeddable":true,"href":"https:\/\/santapola.es\/ca\/wp-json\/wp\/v2\/users\/96"}],"replies":[{"embeddable":true,"href":"https:\/\/santapola.es\/ca\/wp-json\/wp\/v2\/comments?post=43532"}],"version-history":[{"count":0,"href":"https:\/\/santapola.es\/ca\/wp-json\/wp\/v2\/posts\/43532\/revisions"}],"wp:featuredmedia":[{"embeddable":true,"href":"https:\/\/santapola.es\/ca\/wp-json\/wp\/v2\/media\/43530"}],"wp:attachment":[{"href":"https:\/\/santapola.es\/ca\/wp-json\/wp\/v2\/media?parent=43532"}],"wp:term":[{"taxonomy":"category","embeddable":true,"href":"https:\/\/santapola.es\/ca\/wp-json\/wp\/v2\/categories?post=43532"},{"taxonomy":"post_tag","embeddable":true,"href":"https:\/\/santapola.es\/ca\/wp-json\/wp\/v2\/tags?post=43532"}],"curies":[{"name":"wp","href":"https:\/\/api.w.org\/{rel}","templated":true}]}}