{"id":43416,"date":"2025-05-09T14:51:06","date_gmt":"2025-05-09T12:51:06","guid":{"rendered":"https:\/\/santapola.es\/?p=43416"},"modified":"2025-05-09T14:56:06","modified_gmt":"2025-05-09T12:56:06","slug":"llums-de-la-mar-santa-pola-estrena-un-exclusiu-espectacle-pirotecnic-per-a-donar-la-benvinguda-a-lestiu","status":"publish","type":"post","link":"https:\/\/santapola.es\/ca\/llums-de-la-mar-santa-pola-estrena-un-exclusiu-espectacle-pirotecnic-per-a-donar-la-benvinguda-a-lestiu\/","title":{"rendered":"\u201cLlums de la Mar\u201d: Santa Pola estrena un exclusiu espectacle pirot\u00e8cnic per a donar la benvinguda a l&#8217;estiu"},"content":{"rendered":"<p><strong>Santa Pola rebr\u00e0 a l&#8217;estiu 2025 amb un gran espectacle pirot\u00e8cnic que es disparar\u00e0 en la mitjanit del 31 de maig a la platja de Llevant. Paral\u00b7lelament tindran lloc actuacions musicals i activitats per a totes les edats els dies 30 i 31, en un cap de setmana en el qual es preveu un ple absolut de visitants per a gaudir del festival.<\/strong><\/p>\n<p>\u201cLlums de la Mar\u201d obri Santa Pola el 30 i 31 de maig perqu\u00e8 locals i visitants puguen gaudir d&#8217;un espectacle \u00fanic a la platja de Llevant amb l&#8217;objectiu de donar la benvinguda a l&#8217;estiu.<\/p>\n<p>En la presentaci\u00f3 oficial que ha tingut lloc este mat\u00ed, l&#8217;alcaldessa Loreto Serrano ha declarat que \u201cel turisme cada vegada m\u00e9s demanda una oferta complement\u00e0ria al sol i platja i Santa Pola evoluciona per a oferir grans esdeveniments que ens facen brillar, i sobre la base d&#8217;aix\u00f2 pretenem crear alguna cosa que siga un referent, com ho s\u00f3n la Mitja Marat\u00f3, la Travessia nadant, el mes de la dansa Moute o les festes patronals\u201d.<\/p>\n<p>\u201cVolem fer un espectacle pirot\u00e8cnic \u00fanic que quede en la ment de les persones com una cosa especial, \u201cLlums de la Mar\u201d, acompanyat d&#8217;activitats per a tota la fam\u00edlia durant el cap de setmana del 30 i 31 de maig, amb el motiu de donar la benvinguda a l&#8217;estiu. Ser\u00e0 un esdeveniment molt especial i des d&#8217;ac\u00ed us dic que no us el perdeu\u201d, va anunciar l&#8217;alcaldessa.<\/p>\n<p><iframe loading=\"lazy\" title=\"Santa Pola estrena un exclusivo espect\u00e1culo pirot\u00e9cnico para dar la bienvenida al verano.\" width=\"1080\" height=\"608\" src=\"https:\/\/www.youtube.com\/embed\/W6mxmegFujY?feature=oembed\"  allow=\"accelerometer; autoplay; clipboard-write; encrypted-media; gyroscope; picture-in-picture; web-share\" referrerpolicy=\"strict-origin-when-cross-origin\" allowfullscreen><\/iframe><\/p>\n<p><strong>Vint minuts i 1000 quilos de p\u00f3lvora<\/strong><\/p>\n<p>Vicente Albarranch, que a trav\u00e9s de la Pirot\u00e8cnia Tur\u00eds est\u00e0 dissenyant l&#8217;espectacle, va explicar que \u201cLlums de la Mar\u201d naix d&#8217;una idea de l&#8217;Ajuntament de Santa Pola, al qual agra\u00efm la confian\u00e7a que ha posat en nosaltres, que s&#8217;est\u00e0 dissenyant des de fa mesos. Sens dubte ser\u00e0 l&#8217;espectacle pirot\u00e8cnic m\u00e9s gran que s&#8217;haja disparat a Santa Pola en la hist\u00f2ria i som conscients de la gran responsabilitat que suposa\u201d.<\/p>\n<p>\u201cPirot\u00e8cnia Tur\u00eds \u00e9s una empresa molt solvent i amb una gran traject\u00f2ria, hem disparat pr\u00e0cticament en tots els continents i per a mi fer-ho a Santa Pola \u00e9s molt especial com a il\u00b7licit\u00e0, perqu\u00e8 sempre tinc el record del meu avi i del meu pare quan em comptaven els espectacles que disparaven ac\u00ed\u201d, va recordar el pirot\u00e8cnic.<\/p>\n<p>\u201cDes del taller l&#8217;estem preparant amb molt\u00edssima il\u00b7lusi\u00f3, estic recolzat per grans professionals, i podem anunciar que es dispararan uns mil quilos de p\u00f3lvora i tindr\u00e0 una duraci\u00f3 de vint minuts. El que s\u00ed que podem prometre \u00e9s que la gent estar\u00e0 vibrant des del principi fins al final, que ser\u00e0 apote\u00f2sic, i posar\u00e0 a Santa Pola en primera l\u00ednia dels espectacles pirot\u00e8cnics al nostre pa\u00eds\u201d.<\/p>\n<p>\u201cSanta Pola \u00e9s un d&#8217;eixos llocs on et reconeixen el treball quan llances un bon espectacle, per aix\u00f2 tenim molta il\u00b7lusi\u00f3, i tamb\u00e9 ens servix per a reivindicar el sector de la pirot\u00e8cnia pel perill i la responsabilitat que suposa la nostra labor\u201d, va afegir Albarranch.<\/p>\n<p><strong>Dos dies intensos d&#8217;activitats<\/strong><\/p>\n<p>La regidora de Festes, Nely Ball, va explicar que \u201cLlums de la Mar donar\u00e0 la benvinguda a l&#8217;estiu en eixa nit m\u00e0gica del 31 de maig. Paral\u00b7lelament a l&#8217;espectacle pirot\u00e8cnic s&#8217;ha programat una s\u00e8rie d&#8217;actuacions musicals i jocs infantils durant el divendres 30 i el dissabte 31\u201d.<\/p>\n<p>L&#8217;escenari estar\u00e0 situat en la pla\u00e7a de la Constituci\u00f3, davant de l&#8217;ajuntament, i l&#8217;estrenar\u00e0 el divendres a les 20.00 hores el xou \u201cDe tornada al soul\u201d del grup Aretha y Los Franklin.<\/p>\n<p>El dissabte comen\u00e7ar\u00e0 a les 17.00 hores amb jocs de fira, casetes i atraccions per a tota la fam\u00edlia, i a les 20.00 tindr\u00e0 lloc l&#8217;espectacle d&#8217;acrob\u00e0cia \u201cFlip Flap Rock\u201d. Despr\u00e9s d&#8217;un rec\u00e9s perqu\u00e8 els assistents puguen degustar la t\u00edpica gastronomia de Santa Pola en els restaurants de la zona, a les 22.00 hores comen\u00e7ar\u00e0 la primera part de l&#8217;actuaci\u00f3 de l&#8217;Orquestra Kacike, que far\u00e0 un rec\u00e9s sobre la mitjanit per a donar pas a l&#8217;espectacle pirot\u00e8cnic, despr\u00e9s del qual continuaran el seu concert fins a la matinada.<\/p>\n<p>Nely Baile espera que \u201csiga una cosa inoblidable per a la gent que vinga a veure-ho i que tots els anys anoten en la seua agenda esta cita amb Santa Pola per a donar la benvinguda a l&#8217;estiu\u201d.<\/p>\n<p><img loading=\"lazy\" decoding=\"async\" class=\"aligncenter size-large wp-image-43414\" src=\"https:\/\/santapola.es\/wp-content\/uploads\/2025\/05\/Banner-Llums-de-la-Mar-819x1024.jpeg\" alt=\"\" width=\"819\" height=\"1024\" \/><\/p>\n<p>PROGRAMACI\u00d3 LLUMS DE LA MAR 2025<\/p>\n<p>Divendres 30 de maig<\/p>\n<p>20.00 h. Concert del grup Aretha y Los Franklin \u201cDe tornada al soul\u201d<\/p>\n<p>Dissabte 31 de maig<\/p>\n<p>17.00 h. Atraccions per a tota la fam\u00edlia, casetes i jocs de fira<\/p>\n<p>20.00 h. Espectacle d&#8217;acrob\u00e0cia \u201cFlip Flap Rock\u201d<\/p>\n<p>22.00 h. Actuaci\u00f3 de l&#8217;Orquestra Kacike<\/p>\n<p>00.00 h. Espectacle pirot\u00e8cnic<\/p>\n<p>00.30 h. Actuaci\u00f3 de l&#8217;Orquestra Kacike<\/p>\n","protected":false},"excerpt":{"rendered":"<p>Santa Pola rebr\u00e0 a l&#8217;estiu 2025 amb un gran espectacle pirot\u00e8cnic que es disparar\u00e0 en la mitjanit del 31 de maig a la platja de Llevant. Paral\u00b7lelament tindran lloc actuacions musicals i activitats per a totes les edats els dies 30 i 31, en un cap de setmana en el qual es preveu un ple [&hellip;]<\/p>\n","protected":false},"author":96,"featured_media":43412,"comment_status":"closed","ping_status":"closed","sticky":false,"template":"","format":"standard","meta":{"_et_pb_use_builder":"","_et_pb_old_content":"","_et_gb_content_width":"","footnotes":""},"categories":[433,589],"tags":[1431,487,511,1432,1433],"class_list":["post-43416","post","type-post","status-publish","format-standard","has-post-thumbnail","hentry","category-cultura-ca","category-turisme","tag-llums-de-la-mar-ca","tag-loreto-serrano-ca","tag-nely-baile-ca","tag-pirotecnia-turis-ca","tag-vicente-albarranch-ca"],"yoast_head":"<!-- This site is optimized with the Yoast SEO plugin v27.4 - https:\/\/yoast.com\/product\/yoast-seo-wordpress\/ -->\n<title>\u201cLlums de la Mar\u201d: Santa Pola estrena un exclusiu espectacle pirot\u00e8cnic per a donar la benvinguda a l&#039;estiu - Ajuntament de Santa Pola<\/title>\n<meta name=\"robots\" content=\"index, follow, max-snippet:-1, max-image-preview:large, max-video-preview:-1\" \/>\n<link rel=\"canonical\" href=\"https:\/\/santapola.es\/ca\/llums-de-la-mar-santa-pola-estrena-un-exclusiu-espectacle-pirotecnic-per-a-donar-la-benvinguda-a-lestiu\/\" \/>\n<meta property=\"og:locale\" content=\"ca_ES\" \/>\n<meta property=\"og:type\" content=\"article\" \/>\n<meta property=\"og:title\" content=\"\u201cLlums de la Mar\u201d: Santa Pola estrena un exclusiu espectacle pirot\u00e8cnic per a donar la benvinguda a l&#039;estiu - Ajuntament de Santa Pola\" \/>\n<meta property=\"og:description\" content=\"Santa Pola rebr\u00e0 a l&#8217;estiu 2025 amb un gran espectacle pirot\u00e8cnic que es disparar\u00e0 en la mitjanit del 31 de maig a la platja de Llevant. Paral\u00b7lelament tindran lloc actuacions musicals i activitats per a totes les edats els dies 30 i 31, en un cap de setmana en el qual es preveu un ple [&hellip;]\" \/>\n<meta property=\"og:url\" content=\"https:\/\/santapola.es\/ca\/llums-de-la-mar-santa-pola-estrena-un-exclusiu-espectacle-pirotecnic-per-a-donar-la-benvinguda-a-lestiu\/\" \/>\n<meta property=\"og:site_name\" content=\"Ajuntament de Santa Pola\" \/>\n<meta property=\"article:publisher\" content=\"https:\/\/www.facebook.com\/AyuntamientoSantaPola\/\" \/>\n<meta property=\"article:published_time\" content=\"2025-05-09T12:51:06+00:00\" \/>\n<meta property=\"article:modified_time\" content=\"2025-05-09T12:56:06+00:00\" \/>\n<meta property=\"og:image\" content=\"https:\/\/santapola.es\/wp-content\/uploads\/2025\/05\/IMG_2195.jpg\" \/>\n\t<meta property=\"og:image:width\" content=\"1920\" \/>\n\t<meta property=\"og:image:height\" content=\"1440\" \/>\n\t<meta property=\"og:image:type\" content=\"image\/jpeg\" \/>\n<meta name=\"author\" content=\"Jos\u00e9 Juan L\u00f3pez Lafuente\" \/>\n<meta name=\"twitter:card\" content=\"summary_large_image\" \/>\n<meta name=\"twitter:creator\" content=\"@SantaPolaAyunt\" \/>\n<meta name=\"twitter:site\" content=\"@SantaPolaAyunt\" \/>\n<script type=\"application\/ld+json\" class=\"yoast-schema-graph\">{\"@context\":\"https:\\\/\\\/schema.org\",\"@graph\":[{\"@type\":\"Article\",\"@id\":\"https:\\\/\\\/santapola.es\\\/ca\\\/llums-de-la-mar-santa-pola-estrena-un-exclusiu-espectacle-pirotecnic-per-a-donar-la-benvinguda-a-lestiu\\\/#article\",\"isPartOf\":{\"@id\":\"https:\\\/\\\/santapola.es\\\/ca\\\/llums-de-la-mar-santa-pola-estrena-un-exclusiu-espectacle-pirotecnic-per-a-donar-la-benvinguda-a-lestiu\\\/\"},\"author\":{\"name\":\"Jos\u00e9 Juan L\u00f3pez Lafuente\",\"@id\":\"https:\\\/\\\/santapola.es\\\/ca\\\/#\\\/schema\\\/person\\\/ad1d67403707b58350c7be5e8dbc442d\"},\"headline\":\"\u201cLlums de la Mar\u201d: Santa Pola estrena un exclusiu espectacle pirot\u00e8cnic per a donar la benvinguda a l&#8217;estiu\",\"datePublished\":\"2025-05-09T12:51:06+00:00\",\"dateModified\":\"2025-05-09T12:56:06+00:00\",\"mainEntityOfPage\":{\"@id\":\"https:\\\/\\\/santapola.es\\\/ca\\\/llums-de-la-mar-santa-pola-estrena-un-exclusiu-espectacle-pirotecnic-per-a-donar-la-benvinguda-a-lestiu\\\/\"},\"wordCount\":841,\"image\":{\"@id\":\"https:\\\/\\\/santapola.es\\\/ca\\\/llums-de-la-mar-santa-pola-estrena-un-exclusiu-espectacle-pirotecnic-per-a-donar-la-benvinguda-a-lestiu\\\/#primaryimage\"},\"thumbnailUrl\":\"https:\\\/\\\/santapola.es\\\/wp-content\\\/uploads\\\/2025\\\/05\\\/IMG_2195.jpg\",\"keywords\":[\"Llums de la Mar\",\"Loreto Serrano\",\"Nely Baile\",\"Pirotecnia Tur\u00eds\",\"Vicente Albarranch\"],\"articleSection\":[\"Cultura\",\"Turisme\"],\"inLanguage\":\"ca\"},{\"@type\":\"WebPage\",\"@id\":\"https:\\\/\\\/santapola.es\\\/ca\\\/llums-de-la-mar-santa-pola-estrena-un-exclusiu-espectacle-pirotecnic-per-a-donar-la-benvinguda-a-lestiu\\\/\",\"url\":\"https:\\\/\\\/santapola.es\\\/ca\\\/llums-de-la-mar-santa-pola-estrena-un-exclusiu-espectacle-pirotecnic-per-a-donar-la-benvinguda-a-lestiu\\\/\",\"name\":\"\u201cLlums de la Mar\u201d: Santa Pola estrena un exclusiu espectacle pirot\u00e8cnic per a donar la benvinguda a l'estiu - Ajuntament de Santa Pola\",\"isPartOf\":{\"@id\":\"https:\\\/\\\/santapola.es\\\/ca\\\/#website\"},\"primaryImageOfPage\":{\"@id\":\"https:\\\/\\\/santapola.es\\\/ca\\\/llums-de-la-mar-santa-pola-estrena-un-exclusiu-espectacle-pirotecnic-per-a-donar-la-benvinguda-a-lestiu\\\/#primaryimage\"},\"image\":{\"@id\":\"https:\\\/\\\/santapola.es\\\/ca\\\/llums-de-la-mar-santa-pola-estrena-un-exclusiu-espectacle-pirotecnic-per-a-donar-la-benvinguda-a-lestiu\\\/#primaryimage\"},\"thumbnailUrl\":\"https:\\\/\\\/santapola.es\\\/wp-content\\\/uploads\\\/2025\\\/05\\\/IMG_2195.jpg\",\"datePublished\":\"2025-05-09T12:51:06+00:00\",\"dateModified\":\"2025-05-09T12:56:06+00:00\",\"author\":{\"@id\":\"https:\\\/\\\/santapola.es\\\/ca\\\/#\\\/schema\\\/person\\\/ad1d67403707b58350c7be5e8dbc442d\"},\"breadcrumb\":{\"@id\":\"https:\\\/\\\/santapola.es\\\/ca\\\/llums-de-la-mar-santa-pola-estrena-un-exclusiu-espectacle-pirotecnic-per-a-donar-la-benvinguda-a-lestiu\\\/#breadcrumb\"},\"inLanguage\":\"ca\",\"potentialAction\":[{\"@type\":\"ReadAction\",\"target\":[\"https:\\\/\\\/santapola.es\\\/ca\\\/llums-de-la-mar-santa-pola-estrena-un-exclusiu-espectacle-pirotecnic-per-a-donar-la-benvinguda-a-lestiu\\\/\"]}]},{\"@type\":\"ImageObject\",\"inLanguage\":\"ca\",\"@id\":\"https:\\\/\\\/santapola.es\\\/ca\\\/llums-de-la-mar-santa-pola-estrena-un-exclusiu-espectacle-pirotecnic-per-a-donar-la-benvinguda-a-lestiu\\\/#primaryimage\",\"url\":\"https:\\\/\\\/santapola.es\\\/wp-content\\\/uploads\\\/2025\\\/05\\\/IMG_2195.jpg\",\"contentUrl\":\"https:\\\/\\\/santapola.es\\\/wp-content\\\/uploads\\\/2025\\\/05\\\/IMG_2195.jpg\",\"width\":1920,\"height\":1440},{\"@type\":\"BreadcrumbList\",\"@id\":\"https:\\\/\\\/santapola.es\\\/ca\\\/llums-de-la-mar-santa-pola-estrena-un-exclusiu-espectacle-pirotecnic-per-a-donar-la-benvinguda-a-lestiu\\\/#breadcrumb\",\"itemListElement\":[{\"@type\":\"ListItem\",\"position\":1,\"name\":\"Inici\",\"item\":\"https:\\\/\\\/santapola.es\\\/ca\\\/\"},{\"@type\":\"ListItem\",\"position\":2,\"name\":\"\u201cLlums de la Mar\u201d: Santa Pola estrena un exclusiu espectacle pirot\u00e8cnic per a donar la benvinguda a l&#8217;estiu\"}]},{\"@type\":\"WebSite\",\"@id\":\"https:\\\/\\\/santapola.es\\\/ca\\\/#website\",\"url\":\"https:\\\/\\\/santapola.es\\\/ca\\\/\",\"name\":\"Ayuntamiento de Santa Pola\",\"description\":\"Web de l'Ajuntament de Santa Pola\",\"potentialAction\":[{\"@type\":\"SearchAction\",\"target\":{\"@type\":\"EntryPoint\",\"urlTemplate\":\"https:\\\/\\\/santapola.es\\\/ca\\\/?s={search_term_string}\"},\"query-input\":{\"@type\":\"PropertyValueSpecification\",\"valueRequired\":true,\"valueName\":\"search_term_string\"}}],\"inLanguage\":\"ca\"},{\"@type\":\"Person\",\"@id\":\"https:\\\/\\\/santapola.es\\\/ca\\\/#\\\/schema\\\/person\\\/ad1d67403707b58350c7be5e8dbc442d\",\"name\":\"Jos\u00e9 Juan L\u00f3pez Lafuente\"}]}<\/script>\n<!-- \/ Yoast SEO plugin. -->","yoast_head_json":{"title":"\u201cLlums de la Mar\u201d: Santa Pola estrena un exclusiu espectacle pirot\u00e8cnic per a donar la benvinguda a l'estiu - Ajuntament de Santa Pola","robots":{"index":"index","follow":"follow","max-snippet":"max-snippet:-1","max-image-preview":"max-image-preview:large","max-video-preview":"max-video-preview:-1"},"canonical":"https:\/\/santapola.es\/ca\/llums-de-la-mar-santa-pola-estrena-un-exclusiu-espectacle-pirotecnic-per-a-donar-la-benvinguda-a-lestiu\/","og_locale":"ca_ES","og_type":"article","og_title":"\u201cLlums de la Mar\u201d: Santa Pola estrena un exclusiu espectacle pirot\u00e8cnic per a donar la benvinguda a l'estiu - Ajuntament de Santa Pola","og_description":"Santa Pola rebr\u00e0 a l&#8217;estiu 2025 amb un gran espectacle pirot\u00e8cnic que es disparar\u00e0 en la mitjanit del 31 de maig a la platja de Llevant. Paral\u00b7lelament tindran lloc actuacions musicals i activitats per a totes les edats els dies 30 i 31, en un cap de setmana en el qual es preveu un ple [&hellip;]","og_url":"https:\/\/santapola.es\/ca\/llums-de-la-mar-santa-pola-estrena-un-exclusiu-espectacle-pirotecnic-per-a-donar-la-benvinguda-a-lestiu\/","og_site_name":"Ajuntament de Santa Pola","article_publisher":"https:\/\/www.facebook.com\/AyuntamientoSantaPola\/","article_published_time":"2025-05-09T12:51:06+00:00","article_modified_time":"2025-05-09T12:56:06+00:00","og_image":[{"width":1920,"height":1440,"url":"https:\/\/santapola.es\/wp-content\/uploads\/2025\/05\/IMG_2195.jpg","type":"image\/jpeg"}],"author":"Jos\u00e9 Juan L\u00f3pez Lafuente","twitter_card":"summary_large_image","twitter_creator":"@SantaPolaAyunt","twitter_site":"@SantaPolaAyunt","schema":{"@context":"https:\/\/schema.org","@graph":[{"@type":"Article","@id":"https:\/\/santapola.es\/ca\/llums-de-la-mar-santa-pola-estrena-un-exclusiu-espectacle-pirotecnic-per-a-donar-la-benvinguda-a-lestiu\/#article","isPartOf":{"@id":"https:\/\/santapola.es\/ca\/llums-de-la-mar-santa-pola-estrena-un-exclusiu-espectacle-pirotecnic-per-a-donar-la-benvinguda-a-lestiu\/"},"author":{"name":"Jos\u00e9 Juan L\u00f3pez Lafuente","@id":"https:\/\/santapola.es\/ca\/#\/schema\/person\/ad1d67403707b58350c7be5e8dbc442d"},"headline":"\u201cLlums de la Mar\u201d: Santa Pola estrena un exclusiu espectacle pirot\u00e8cnic per a donar la benvinguda a l&#8217;estiu","datePublished":"2025-05-09T12:51:06+00:00","dateModified":"2025-05-09T12:56:06+00:00","mainEntityOfPage":{"@id":"https:\/\/santapola.es\/ca\/llums-de-la-mar-santa-pola-estrena-un-exclusiu-espectacle-pirotecnic-per-a-donar-la-benvinguda-a-lestiu\/"},"wordCount":841,"image":{"@id":"https:\/\/santapola.es\/ca\/llums-de-la-mar-santa-pola-estrena-un-exclusiu-espectacle-pirotecnic-per-a-donar-la-benvinguda-a-lestiu\/#primaryimage"},"thumbnailUrl":"https:\/\/santapola.es\/wp-content\/uploads\/2025\/05\/IMG_2195.jpg","keywords":["Llums de la Mar","Loreto Serrano","Nely Baile","Pirotecnia Tur\u00eds","Vicente Albarranch"],"articleSection":["Cultura","Turisme"],"inLanguage":"ca"},{"@type":"WebPage","@id":"https:\/\/santapola.es\/ca\/llums-de-la-mar-santa-pola-estrena-un-exclusiu-espectacle-pirotecnic-per-a-donar-la-benvinguda-a-lestiu\/","url":"https:\/\/santapola.es\/ca\/llums-de-la-mar-santa-pola-estrena-un-exclusiu-espectacle-pirotecnic-per-a-donar-la-benvinguda-a-lestiu\/","name":"\u201cLlums de la Mar\u201d: Santa Pola estrena un exclusiu espectacle pirot\u00e8cnic per a donar la benvinguda a l'estiu - Ajuntament de Santa Pola","isPartOf":{"@id":"https:\/\/santapola.es\/ca\/#website"},"primaryImageOfPage":{"@id":"https:\/\/santapola.es\/ca\/llums-de-la-mar-santa-pola-estrena-un-exclusiu-espectacle-pirotecnic-per-a-donar-la-benvinguda-a-lestiu\/#primaryimage"},"image":{"@id":"https:\/\/santapola.es\/ca\/llums-de-la-mar-santa-pola-estrena-un-exclusiu-espectacle-pirotecnic-per-a-donar-la-benvinguda-a-lestiu\/#primaryimage"},"thumbnailUrl":"https:\/\/santapola.es\/wp-content\/uploads\/2025\/05\/IMG_2195.jpg","datePublished":"2025-05-09T12:51:06+00:00","dateModified":"2025-05-09T12:56:06+00:00","author":{"@id":"https:\/\/santapola.es\/ca\/#\/schema\/person\/ad1d67403707b58350c7be5e8dbc442d"},"breadcrumb":{"@id":"https:\/\/santapola.es\/ca\/llums-de-la-mar-santa-pola-estrena-un-exclusiu-espectacle-pirotecnic-per-a-donar-la-benvinguda-a-lestiu\/#breadcrumb"},"inLanguage":"ca","potentialAction":[{"@type":"ReadAction","target":["https:\/\/santapola.es\/ca\/llums-de-la-mar-santa-pola-estrena-un-exclusiu-espectacle-pirotecnic-per-a-donar-la-benvinguda-a-lestiu\/"]}]},{"@type":"ImageObject","inLanguage":"ca","@id":"https:\/\/santapola.es\/ca\/llums-de-la-mar-santa-pola-estrena-un-exclusiu-espectacle-pirotecnic-per-a-donar-la-benvinguda-a-lestiu\/#primaryimage","url":"https:\/\/santapola.es\/wp-content\/uploads\/2025\/05\/IMG_2195.jpg","contentUrl":"https:\/\/santapola.es\/wp-content\/uploads\/2025\/05\/IMG_2195.jpg","width":1920,"height":1440},{"@type":"BreadcrumbList","@id":"https:\/\/santapola.es\/ca\/llums-de-la-mar-santa-pola-estrena-un-exclusiu-espectacle-pirotecnic-per-a-donar-la-benvinguda-a-lestiu\/#breadcrumb","itemListElement":[{"@type":"ListItem","position":1,"name":"Inici","item":"https:\/\/santapola.es\/ca\/"},{"@type":"ListItem","position":2,"name":"\u201cLlums de la Mar\u201d: Santa Pola estrena un exclusiu espectacle pirot\u00e8cnic per a donar la benvinguda a l&#8217;estiu"}]},{"@type":"WebSite","@id":"https:\/\/santapola.es\/ca\/#website","url":"https:\/\/santapola.es\/ca\/","name":"Ayuntamiento de Santa Pola","description":"Web de l'Ajuntament de Santa Pola","potentialAction":[{"@type":"SearchAction","target":{"@type":"EntryPoint","urlTemplate":"https:\/\/santapola.es\/ca\/?s={search_term_string}"},"query-input":{"@type":"PropertyValueSpecification","valueRequired":true,"valueName":"search_term_string"}}],"inLanguage":"ca"},{"@type":"Person","@id":"https:\/\/santapola.es\/ca\/#\/schema\/person\/ad1d67403707b58350c7be5e8dbc442d","name":"Jos\u00e9 Juan L\u00f3pez Lafuente"}]}},"_links":{"self":[{"href":"https:\/\/santapola.es\/ca\/wp-json\/wp\/v2\/posts\/43416","targetHints":{"allow":["GET"]}}],"collection":[{"href":"https:\/\/santapola.es\/ca\/wp-json\/wp\/v2\/posts"}],"about":[{"href":"https:\/\/santapola.es\/ca\/wp-json\/wp\/v2\/types\/post"}],"author":[{"embeddable":true,"href":"https:\/\/santapola.es\/ca\/wp-json\/wp\/v2\/users\/96"}],"replies":[{"embeddable":true,"href":"https:\/\/santapola.es\/ca\/wp-json\/wp\/v2\/comments?post=43416"}],"version-history":[{"count":0,"href":"https:\/\/santapola.es\/ca\/wp-json\/wp\/v2\/posts\/43416\/revisions"}],"wp:featuredmedia":[{"embeddable":true,"href":"https:\/\/santapola.es\/ca\/wp-json\/wp\/v2\/media\/43412"}],"wp:attachment":[{"href":"https:\/\/santapola.es\/ca\/wp-json\/wp\/v2\/media?parent=43416"}],"wp:term":[{"taxonomy":"category","embeddable":true,"href":"https:\/\/santapola.es\/ca\/wp-json\/wp\/v2\/categories?post=43416"},{"taxonomy":"post_tag","embeddable":true,"href":"https:\/\/santapola.es\/ca\/wp-json\/wp\/v2\/tags?post=43416"}],"curies":[{"name":"wp","href":"https:\/\/api.w.org\/{rel}","templated":true}]}}