{"id":43256,"date":"2025-04-29T11:05:34","date_gmt":"2025-04-29T09:05:34","guid":{"rendered":"https:\/\/santapola.es\/?p=43256"},"modified":"2025-04-29T11:09:57","modified_gmt":"2025-04-29T09:09:57","slug":"les-candidatures-als-premis-de-lesport-santapoler-es-poden-presentar-fins-al-5-de-maig","status":"publish","type":"post","link":"https:\/\/santapola.es\/ca\/les-candidatures-als-premis-de-lesport-santapoler-es-poden-presentar-fins-al-5-de-maig\/","title":{"rendered":"Les candidatures als premis de l&#8217;esport santapoler es poden presentar fins al 5 de maig"},"content":{"rendered":"<p><strong>La Gala de l&#8217;Esport se celebrar\u00e0 el 7 de juny en El Palmerar i premiar\u00e0 als millors esportistes, clubs, entitats i t\u00e8cnics de Santa Pola. Les candidatures a les huit categories es poden formalitzar fins al pr\u00f2xim 5 de maig en la seu electr\u00f2nica municipal.<\/strong><\/p>\n<p>L&#8217;Ajuntament de Santa Pola ha publicat les bases que regularan la concessi\u00f3 dels premis que reconeixeran p\u00fablicament la labor i els m\u00e8rits dels esportistes, clubs, entitats i t\u00e8cnics esportius de Santa Pola que hagen destacat durant l&#8217;any natural 2024 o la temporada 2023\/2024 en les seues respectives disciplines esportives.<\/p>\n<p>Seran entregats durant la Gala de l&#8217;Esport que se celebrar\u00e0 el pr\u00f2xim 7 de juny a l&#8217;auditori El Palmerar.<\/p>\n<p><strong>Categories de premis<\/strong><\/p>\n<p>S&#8217;establixen les seg\u00fcents categories de premis:<\/p>\n<p>Millor Entrenador \/ T\u00e8cnic Esportiu: Reconeixement a la labor d&#8217;un entrenador o t\u00e8cnic esportiu per la seua contribuci\u00f3 significativa al desenrotllament i \u00e8xit d&#8217;esportistes o equips a Santa Pola.<br \/>\nMillor Club Esportiu: Distinci\u00f3 a l&#8217;entitat esportiva que haja sobreeixit per la seua gesti\u00f3, resultats, promoci\u00f3 de valors i desenrotllament de l&#8217;esport base en el municipi.<br \/>\nMillor Esportista amb Diversitat Funcional: Per a aquell esportista amb discapacitat (f\u00edsica, intel\u00b7lectual, sensorial o org\u00e0nica) que haja destacat pels seus assoliments esportius, esfor\u00e7 i superaci\u00f3.<br \/>\nMillor Esportista Promesa (Mascul\u00ed i Femen\u00ed): Per a j\u00f3vens esportistes (menors de 18 anys a 31 de desembre de 2024) que hagen mostrat un rendiment esportiu excepcional i una projecci\u00f3 destacada. S&#8217;atorgar\u00e0 un premi mascul\u00ed i un femen\u00ed en esta categoria.<br \/>\nEsportista M\u00e9s Popular: Reconeixement atorgat per votaci\u00f3 popular directa entre la ciutadania de Santa Pola a un dels esportistes nominats (segons s&#8217;especifica en el punt 6).<br \/>\nMillor Esportista Mascul\u00ed i Millor Esportista Femen\u00ed (Absolut): Distinci\u00f3 als dos esportistes (un home i una dona) m\u00e9s destacats de l&#8217;any pels seus resultats i m\u00e8rits esportius, independentment de la seua edat. Un esportista guardonat en la categoria Promesa podr\u00e0 optar tamb\u00e9 a este premi si els seus m\u00e8rits s\u00f3n considerats els m\u00e9s rellevants en categoria absoluta.<br \/>\nMillor Equip Col\u00b7lectiu Base (Mascul\u00ed i Femen\u00ed): Reconeixement als equips de categories inferiors (fins a j\u00fanior) que hagen destacat pels seus resultats esportius, el treball en equip, la formaci\u00f3 dels seus integrants i la representaci\u00f3 dels valors esportius. S&#8217;atorgar\u00e0 un premi al millor equip mascul\u00ed i un altre al millor equip femen\u00ed en esta categoria.<br \/>\nMillor Equip Col\u00b7lectiu S\u00e8nior (Mascul\u00ed i Femen\u00ed): Guard\u00f3 per als equips de categoria s\u00e8nior o absoluta que hagen aconseguit els assoliments col\u00b7lectius m\u00e9s importants de la temporada, destacant pel seu rendiment, cohesi\u00f3 i \u00e8xits en les seues respectives competicions. Es premiar\u00e0 al millor equip mascul\u00ed i al millor equip femen\u00ed.<br \/>\nMillor Equip Col\u00b7lectiu S\u00e8nior (Mascul\u00ed i Femen\u00ed): Guard\u00f3 per als equips de categoria s\u00e8nior o absoluta que hagen aconseguit els assoliments col\u00b7lectius m\u00e9s importants de la temporada, destacant pel seu rendiment, cohesi\u00f3 i \u00e8xits en les seues respectives competicions. Es premiar\u00e0 al millor equip mascul\u00ed i al millor equip femen\u00ed.<\/p>\n<p><strong>Requisits i criteris de selecci\u00f3<\/strong><\/p>\n<p>Requisits Generals per a individual.<\/p>\n<p>Els candidats (persones f\u00edsiques) han d&#8217;haver nascut a Santa Pola, residir en el municipi o estar federats i vinculats activament a un club o entitat esportiva amb seu social a Santa Pola durant el per\u00edode avaluat. Els clubs o entitats candidates han de tindre la seua seu social a Santa Pola.<br \/>\nLa candidatura ha de referir-se a assoliments, m\u00e8rits o activitats esportives obtinguts durant l&#8217;any natural 2024 (de l&#8217;1 de gener al 31 de desembre de 2024). Per a esports col\u00b7lectius, la temporada per a avaluar els resultats ser\u00e0 la 2023\/2024.<br \/>\nLa candidatura pot ser presentada per clubs esportius, entitats esportives, centres educatius, institucions p\u00fabliques o privades, federacions esportives, mitjans de comunicaci\u00f3 o a t\u00edtol personal (es permet l&#8217;acte-nominaci\u00f3).<\/p>\n<p>Requisits Generals per a esports col\u00b7lectius.<\/p>\n<p>Els candidats (persones jur\u00eddiques) han de tindre seu social a Santa Pola durant el per\u00edode avaluat, estar federats i estar inscrits en el registre d&#8217;associacions esportives de la Generalitat i del municipi.<br \/>\nLa candidatura ha de referir-se a assoliments, m\u00e8rits o activitats esportives obtinguts durant l&#8217;any natural 2024 (de l&#8217;1 de gener al 31 de desembre de 2024). Per a esports col\u00b7lectius, la temporada per a avaluar els resultats ser\u00e0 la 2023\/2024.<br \/>\nLa candidatura pot ser presentada per clubs esportius, entitats esportives, centres educatius, institucions p\u00fabliques o privades, federacions esportives, mitjans de comunicaci\u00f3 o a t\u00edtol personal (es permet l&#8217;acte-nominaci\u00f3).<\/p>\n<p><strong>Criteris de valoraci\u00f3<\/strong><\/p>\n<p>Els criteris generals que el Jurat tindr\u00e0 en compte per a la valoraci\u00f3 de les candidatures s\u00f3n:<\/p>\n<p>Resultats esportius: Llocs obtinguts en competicions oficials (locals, auton\u00f2miques, nacionals, internacionals).<br \/>\nTraject\u00f2ria i progressi\u00f3: Evoluci\u00f3 esportiva del candidat\/a durant l&#8217;any 2024 i, si \u00e9s rellevant, la seua traject\u00f2ria pr\u00e8via.<br \/>\nNivell i repercussi\u00f3: Import\u00e0ncia i nivell de les competicions en les quals ha participat i\/o els assoliments aconseguits.<br \/>\nContribuci\u00f3 a l&#8217;esport local: Implicaci\u00f3 en el foment i promoci\u00f3 de l&#8217;esport a Santa Pola.<br \/>\nValors esportius: Demostraci\u00f3 d&#8217;esfor\u00e7, superaci\u00f3, const\u00e0ncia, joc net, respecte i companyonia.<br \/>\nPer a Clubs Esportius: Es valorar\u00e0 addicionalment el nombre de llic\u00e8ncies, la promoci\u00f3 de l&#8217;esport base, l&#8217;organitzaci\u00f3 d&#8217;esdeveniments esportius, la gesti\u00f3 i l&#8217;impacte social en la comunitat.<br \/>\nPer a Entrenadors\/T\u00e8cnics: Es considerar\u00e0 la seua metodologia, la influ\u00e8ncia positiva en el desenrotllament t\u00e8cnic i personal dels seus esportistes, i els resultats obtinguts pels esportistes o equips sota la seua direcci\u00f3.<\/p>\n<p><strong>Presentaci\u00f3 de candidatures<\/strong><\/p>\n<p>Les candidatures hauran de presentar-se obligat\u00f2riament mitjan\u00e7ant el <a href=\"https:\/\/santapola.sedelectronica.es\/preview-document.1\">formulari oficial<\/a> que estar\u00e0 disponible en l&#8217;annex I d&#8217;estes bases.<br \/>\nAl costat del formulari, s&#8217;haur\u00e0 d&#8217;adjuntar una mem\u00f2ria justificativa detallant els m\u00e8rits del candidat\/a (m\u00e0xim recomanat 2-3 p\u00e0gines) i tota la documentaci\u00f3 acreditativa possible (retalls de premsa, certificats de resultats, v\u00eddeos, fotografies, etc.), preferiblement en format digital (PDF).<br \/>\nEl termini de presentaci\u00f3 de candidatures estar\u00e0 obert des del 22 d&#8217;abril de 2025 fins al 5 de maig de 2025, els dos inclusivament. No s&#8217;admetran candidatures fora de termini.<br \/>\nLa presentaci\u00f3 ser\u00e0 per inst\u00e0ncia general en la seu electr\u00f2nica de l&#8217;Excm. Ajuntament de Santa Pola.<br \/>\nS&#8217;ha d&#8217;aportar fotografies i v\u00eddeos competint.<\/p>\n<p><strong>Jurat<\/strong><\/p>\n<p>Composici\u00f3 del Jurat.<\/p>\n<p>El jurat encarregat d&#8217;avaluar les candidatures i seleccionar als guanyadors (excepte l&#8217;Esportista M\u00e9s Popular) estar\u00e0 compost per un nombre imparell de membres, designats per la Regidoria d&#8217;Esports, i podr\u00e0 incloure:<\/p>\n<p>Representants de la Regidoria d&#8217;Esports de l&#8217;Ajuntament de Santa Pola.<br \/>\nT\u00e8cnics esportius municipals qualificats (en el cas que n&#8217;hi haja o similar).<br \/>\nPeriodistes o comunicadors especialitzats en esport local o provincial.<br \/>\nRepresentants de clubs esportius rellevants del municipi (assegurant diversitat de disciplines).<br \/>\nRepresentants de federacions esportives amb implantaci\u00f3 en la localitat.<br \/>\nUn esportista o ex-esportista de reconegut prestigi vinculat a Santa Pola.<\/p>\n<p>Funcionament del Jurat.<\/p>\n<p>El Jurat ser\u00e0 presidit pel Regidor d&#8217;Esports o la persona en qui delegue, qui tindr\u00e0 vot de qualitat en cas d&#8217;empat despr\u00e9s de les votacions pertinents.<br \/>\nEls membres del jurat hauran d&#8217;actuar amb objectivitat, imparcialitat i confidencialitat, havent d&#8217;abstindre&#8217;s si tingueren relaci\u00f3 directa o conflicte d&#8217;inter\u00e9s amb alguna candidatura.<br \/>\nEl jurat avaluar\u00e0 les candidatures segons els criteris establits en el punt 3.2 i emetr\u00e0 la seua decisi\u00f3 raonada.<\/p>\n<p><strong>Mec\u00e0nica de votaci\u00f3 popular (Esportista M\u00e9s Popular)<\/strong><\/p>\n<p>L&#8217;elecci\u00f3 del\/la &#8220;Esportista M\u00e9s Popular&#8221; es realitzar\u00e0 mitjan\u00e7ant votaci\u00f3 oberta a la ciutadania.<\/p>\n<p>Els candidats per a esta categoria seran una selecci\u00f3 pr\u00e8via realitzada per l&#8217;organitzaci\u00f3\/jurat entre tots els nominats.<br \/>\nLa votaci\u00f3 es dur\u00e0 a terme principalment a trav\u00e9s del compte oficial d&#8217;Instagram<br \/>\nde la Gala de l&#8217;Esport @galadeportesantapola. Es realitzar\u00e0 un recompte de likes durant el per\u00edode de votaci\u00f3 en les diferents publicacions de l&#8217;esportista. Guanyar\u00e0 lapersona amb m\u00e9s likes.<br \/>\nEl per\u00edode de votaci\u00f3 popular estar\u00e0 obert des del 9 de maig fins al 19 de maig de 2025, els dos inclusivament.<br \/>\nL&#8217;organitzaci\u00f3 vetlar\u00e0 per la neteja del proc\u00e9s en la mesura de les possibilitats t\u00e8cniques de les plataformes utilitzades.<\/p>\n<p><strong>Premis i reconeixements<\/strong><\/p>\n<p>Els guanyadors de cada categoria rebran un trofeu commemoratiu de la Gala de l&#8217;Esport de Santa Pola 2025 i un diploma acreditatiu.<\/p>\n<p>El jurat podr\u00e0 proposar la concessi\u00f3 de Mencions honor\u00edfiques a persones, clubs o entitats amb m\u00e8rits especialment rellevants que, sense haver resultat guanyadors en una categoria espec\u00edfica, meresquen un reconeixement p\u00fablic.<\/p>\n<p><strong>Difusi\u00f3 i retransmissi\u00f3<\/strong><\/p>\n<p>La convocat\u00f2ria de premis i la pr\u00f2pia Gala seran promocionades a trav\u00e9s dels mitjans de comunicaci\u00f3 locals, la p\u00e0gina web de l&#8217;Ajuntament, les xarxes socials oficials i altres canals que es consideren oportuns.<\/p>\n<p>La cerim\u00f2nia de lliurament de premis es retransmetr\u00e0, en la mesura que siga possible, en directe a trav\u00e9s de les plataformes digitals oficials del municipi.<\/p>\n<p><strong>Lliurament de premis<\/strong><\/p>\n<p>El lliurament dels premis se celebrar\u00e0 en l&#8217;acte p\u00fablic de la Gala de l&#8217;Esport de Santa Pola, prevista per al dia 7 de juny de 2025, a l&#8217;Auditori El Palmerar. L&#8217;assist\u00e8ncia dels premiats o un representant \u00e9s molt recomanable.<\/p>\n","protected":false},"excerpt":{"rendered":"<p>La Gala de l&#8217;Esport se celebrar\u00e0 el 7 de juny en El Palmerar i premiar\u00e0 als millors esportistes, clubs, entitats i t\u00e8cnics de Santa Pola. Les candidatures a les huit categories es poden formalitzar fins al pr\u00f2xim 5 de maig en la seu electr\u00f2nica municipal. L&#8217;Ajuntament de Santa Pola ha publicat les bases que regularan [&hellip;]<\/p>\n","protected":false},"author":96,"featured_media":43254,"comment_status":"closed","ping_status":"closed","sticky":false,"template":"","format":"standard","meta":{"_et_pb_use_builder":"","_et_pb_old_content":"","_et_gb_content_width":"","footnotes":""},"categories":[439],"tags":[1419],"class_list":["post-43256","post","type-post","status-publish","format-standard","has-post-thumbnail","hentry","category-esport","tag-gala-de-lesport"],"yoast_head":"<!-- This site is optimized with the Yoast SEO plugin v27.4 - https:\/\/yoast.com\/product\/yoast-seo-wordpress\/ -->\n<title>Les candidatures als premis de l&#039;esport santapoler es poden presentar fins al 5 de maig - Ajuntament de Santa Pola<\/title>\n<meta name=\"robots\" content=\"index, follow, max-snippet:-1, max-image-preview:large, max-video-preview:-1\" \/>\n<link rel=\"canonical\" href=\"https:\/\/santapola.es\/ca\/les-candidatures-als-premis-de-lesport-santapoler-es-poden-presentar-fins-al-5-de-maig\/\" \/>\n<meta property=\"og:locale\" content=\"ca_ES\" \/>\n<meta property=\"og:type\" content=\"article\" \/>\n<meta property=\"og:title\" content=\"Les candidatures als premis de l&#039;esport santapoler es poden presentar fins al 5 de maig - Ajuntament de Santa Pola\" \/>\n<meta property=\"og:description\" content=\"La Gala de l&#8217;Esport se celebrar\u00e0 el 7 de juny en El Palmerar i premiar\u00e0 als millors esportistes, clubs, entitats i t\u00e8cnics de Santa Pola. Les candidatures a les huit categories es poden formalitzar fins al pr\u00f2xim 5 de maig en la seu electr\u00f2nica municipal. L&#8217;Ajuntament de Santa Pola ha publicat les bases que regularan [&hellip;]\" \/>\n<meta property=\"og:url\" content=\"https:\/\/santapola.es\/ca\/les-candidatures-als-premis-de-lesport-santapoler-es-poden-presentar-fins-al-5-de-maig\/\" \/>\n<meta property=\"og:site_name\" content=\"Ajuntament de Santa Pola\" \/>\n<meta property=\"article:publisher\" content=\"https:\/\/www.facebook.com\/AyuntamientoSantaPola\/\" \/>\n<meta property=\"article:published_time\" content=\"2025-04-29T09:05:34+00:00\" \/>\n<meta property=\"article:modified_time\" content=\"2025-04-29T09:09:57+00:00\" \/>\n<meta property=\"og:image\" content=\"https:\/\/santapola.es\/wp-content\/uploads\/2025\/04\/gala-deporte.jpeg\" \/>\n\t<meta property=\"og:image:width\" content=\"1600\" \/>\n\t<meta property=\"og:image:height\" content=\"900\" \/>\n\t<meta property=\"og:image:type\" content=\"image\/jpeg\" \/>\n<meta name=\"author\" content=\"Jos\u00e9 Juan L\u00f3pez Lafuente\" \/>\n<meta name=\"twitter:card\" content=\"summary_large_image\" \/>\n<meta name=\"twitter:creator\" content=\"@SantaPolaAyunt\" \/>\n<meta name=\"twitter:site\" content=\"@SantaPolaAyunt\" \/>\n<script type=\"application\/ld+json\" class=\"yoast-schema-graph\">{\"@context\":\"https:\\\/\\\/schema.org\",\"@graph\":[{\"@type\":\"Article\",\"@id\":\"https:\\\/\\\/santapola.es\\\/ca\\\/les-candidatures-als-premis-de-lesport-santapoler-es-poden-presentar-fins-al-5-de-maig\\\/#article\",\"isPartOf\":{\"@id\":\"https:\\\/\\\/santapola.es\\\/ca\\\/les-candidatures-als-premis-de-lesport-santapoler-es-poden-presentar-fins-al-5-de-maig\\\/\"},\"author\":{\"name\":\"Jos\u00e9 Juan L\u00f3pez Lafuente\",\"@id\":\"https:\\\/\\\/santapola.es\\\/ca\\\/#\\\/schema\\\/person\\\/ad1d67403707b58350c7be5e8dbc442d\"},\"headline\":\"Les candidatures als premis de l&#8217;esport santapoler es poden presentar fins al 5 de maig\",\"datePublished\":\"2025-04-29T09:05:34+00:00\",\"dateModified\":\"2025-04-29T09:09:57+00:00\",\"mainEntityOfPage\":{\"@id\":\"https:\\\/\\\/santapola.es\\\/ca\\\/les-candidatures-als-premis-de-lesport-santapoler-es-poden-presentar-fins-al-5-de-maig\\\/\"},\"wordCount\":1569,\"image\":{\"@id\":\"https:\\\/\\\/santapola.es\\\/ca\\\/les-candidatures-als-premis-de-lesport-santapoler-es-poden-presentar-fins-al-5-de-maig\\\/#primaryimage\"},\"thumbnailUrl\":\"https:\\\/\\\/santapola.es\\\/wp-content\\\/uploads\\\/2025\\\/04\\\/gala-deporte.jpeg\",\"keywords\":[\"Gala de l'Esport\"],\"articleSection\":[\"Esport\"],\"inLanguage\":\"ca\"},{\"@type\":\"WebPage\",\"@id\":\"https:\\\/\\\/santapola.es\\\/ca\\\/les-candidatures-als-premis-de-lesport-santapoler-es-poden-presentar-fins-al-5-de-maig\\\/\",\"url\":\"https:\\\/\\\/santapola.es\\\/ca\\\/les-candidatures-als-premis-de-lesport-santapoler-es-poden-presentar-fins-al-5-de-maig\\\/\",\"name\":\"Les candidatures als premis de l'esport santapoler es poden presentar fins al 5 de maig - Ajuntament de Santa Pola\",\"isPartOf\":{\"@id\":\"https:\\\/\\\/santapola.es\\\/ca\\\/#website\"},\"primaryImageOfPage\":{\"@id\":\"https:\\\/\\\/santapola.es\\\/ca\\\/les-candidatures-als-premis-de-lesport-santapoler-es-poden-presentar-fins-al-5-de-maig\\\/#primaryimage\"},\"image\":{\"@id\":\"https:\\\/\\\/santapola.es\\\/ca\\\/les-candidatures-als-premis-de-lesport-santapoler-es-poden-presentar-fins-al-5-de-maig\\\/#primaryimage\"},\"thumbnailUrl\":\"https:\\\/\\\/santapola.es\\\/wp-content\\\/uploads\\\/2025\\\/04\\\/gala-deporte.jpeg\",\"datePublished\":\"2025-04-29T09:05:34+00:00\",\"dateModified\":\"2025-04-29T09:09:57+00:00\",\"author\":{\"@id\":\"https:\\\/\\\/santapola.es\\\/ca\\\/#\\\/schema\\\/person\\\/ad1d67403707b58350c7be5e8dbc442d\"},\"breadcrumb\":{\"@id\":\"https:\\\/\\\/santapola.es\\\/ca\\\/les-candidatures-als-premis-de-lesport-santapoler-es-poden-presentar-fins-al-5-de-maig\\\/#breadcrumb\"},\"inLanguage\":\"ca\",\"potentialAction\":[{\"@type\":\"ReadAction\",\"target\":[\"https:\\\/\\\/santapola.es\\\/ca\\\/les-candidatures-als-premis-de-lesport-santapoler-es-poden-presentar-fins-al-5-de-maig\\\/\"]}]},{\"@type\":\"ImageObject\",\"inLanguage\":\"ca\",\"@id\":\"https:\\\/\\\/santapola.es\\\/ca\\\/les-candidatures-als-premis-de-lesport-santapoler-es-poden-presentar-fins-al-5-de-maig\\\/#primaryimage\",\"url\":\"https:\\\/\\\/santapola.es\\\/wp-content\\\/uploads\\\/2025\\\/04\\\/gala-deporte.jpeg\",\"contentUrl\":\"https:\\\/\\\/santapola.es\\\/wp-content\\\/uploads\\\/2025\\\/04\\\/gala-deporte.jpeg\",\"width\":1600,\"height\":900},{\"@type\":\"BreadcrumbList\",\"@id\":\"https:\\\/\\\/santapola.es\\\/ca\\\/les-candidatures-als-premis-de-lesport-santapoler-es-poden-presentar-fins-al-5-de-maig\\\/#breadcrumb\",\"itemListElement\":[{\"@type\":\"ListItem\",\"position\":1,\"name\":\"Inici\",\"item\":\"https:\\\/\\\/santapola.es\\\/ca\\\/\"},{\"@type\":\"ListItem\",\"position\":2,\"name\":\"Les candidatures als premis de l&#8217;esport santapoler es poden presentar fins al 5 de maig\"}]},{\"@type\":\"WebSite\",\"@id\":\"https:\\\/\\\/santapola.es\\\/ca\\\/#website\",\"url\":\"https:\\\/\\\/santapola.es\\\/ca\\\/\",\"name\":\"Ayuntamiento de Santa Pola\",\"description\":\"Web de l'Ajuntament de Santa Pola\",\"potentialAction\":[{\"@type\":\"SearchAction\",\"target\":{\"@type\":\"EntryPoint\",\"urlTemplate\":\"https:\\\/\\\/santapola.es\\\/ca\\\/?s={search_term_string}\"},\"query-input\":{\"@type\":\"PropertyValueSpecification\",\"valueRequired\":true,\"valueName\":\"search_term_string\"}}],\"inLanguage\":\"ca\"},{\"@type\":\"Person\",\"@id\":\"https:\\\/\\\/santapola.es\\\/ca\\\/#\\\/schema\\\/person\\\/ad1d67403707b58350c7be5e8dbc442d\",\"name\":\"Jos\u00e9 Juan L\u00f3pez Lafuente\"}]}<\/script>\n<!-- \/ Yoast SEO plugin. -->","yoast_head_json":{"title":"Les candidatures als premis de l'esport santapoler es poden presentar fins al 5 de maig - Ajuntament de Santa Pola","robots":{"index":"index","follow":"follow","max-snippet":"max-snippet:-1","max-image-preview":"max-image-preview:large","max-video-preview":"max-video-preview:-1"},"canonical":"https:\/\/santapola.es\/ca\/les-candidatures-als-premis-de-lesport-santapoler-es-poden-presentar-fins-al-5-de-maig\/","og_locale":"ca_ES","og_type":"article","og_title":"Les candidatures als premis de l'esport santapoler es poden presentar fins al 5 de maig - Ajuntament de Santa Pola","og_description":"La Gala de l&#8217;Esport se celebrar\u00e0 el 7 de juny en El Palmerar i premiar\u00e0 als millors esportistes, clubs, entitats i t\u00e8cnics de Santa Pola. Les candidatures a les huit categories es poden formalitzar fins al pr\u00f2xim 5 de maig en la seu electr\u00f2nica municipal. L&#8217;Ajuntament de Santa Pola ha publicat les bases que regularan [&hellip;]","og_url":"https:\/\/santapola.es\/ca\/les-candidatures-als-premis-de-lesport-santapoler-es-poden-presentar-fins-al-5-de-maig\/","og_site_name":"Ajuntament de Santa Pola","article_publisher":"https:\/\/www.facebook.com\/AyuntamientoSantaPola\/","article_published_time":"2025-04-29T09:05:34+00:00","article_modified_time":"2025-04-29T09:09:57+00:00","og_image":[{"width":1600,"height":900,"url":"https:\/\/santapola.es\/wp-content\/uploads\/2025\/04\/gala-deporte.jpeg","type":"image\/jpeg"}],"author":"Jos\u00e9 Juan L\u00f3pez Lafuente","twitter_card":"summary_large_image","twitter_creator":"@SantaPolaAyunt","twitter_site":"@SantaPolaAyunt","schema":{"@context":"https:\/\/schema.org","@graph":[{"@type":"Article","@id":"https:\/\/santapola.es\/ca\/les-candidatures-als-premis-de-lesport-santapoler-es-poden-presentar-fins-al-5-de-maig\/#article","isPartOf":{"@id":"https:\/\/santapola.es\/ca\/les-candidatures-als-premis-de-lesport-santapoler-es-poden-presentar-fins-al-5-de-maig\/"},"author":{"name":"Jos\u00e9 Juan L\u00f3pez Lafuente","@id":"https:\/\/santapola.es\/ca\/#\/schema\/person\/ad1d67403707b58350c7be5e8dbc442d"},"headline":"Les candidatures als premis de l&#8217;esport santapoler es poden presentar fins al 5 de maig","datePublished":"2025-04-29T09:05:34+00:00","dateModified":"2025-04-29T09:09:57+00:00","mainEntityOfPage":{"@id":"https:\/\/santapola.es\/ca\/les-candidatures-als-premis-de-lesport-santapoler-es-poden-presentar-fins-al-5-de-maig\/"},"wordCount":1569,"image":{"@id":"https:\/\/santapola.es\/ca\/les-candidatures-als-premis-de-lesport-santapoler-es-poden-presentar-fins-al-5-de-maig\/#primaryimage"},"thumbnailUrl":"https:\/\/santapola.es\/wp-content\/uploads\/2025\/04\/gala-deporte.jpeg","keywords":["Gala de l'Esport"],"articleSection":["Esport"],"inLanguage":"ca"},{"@type":"WebPage","@id":"https:\/\/santapola.es\/ca\/les-candidatures-als-premis-de-lesport-santapoler-es-poden-presentar-fins-al-5-de-maig\/","url":"https:\/\/santapola.es\/ca\/les-candidatures-als-premis-de-lesport-santapoler-es-poden-presentar-fins-al-5-de-maig\/","name":"Les candidatures als premis de l'esport santapoler es poden presentar fins al 5 de maig - Ajuntament de Santa Pola","isPartOf":{"@id":"https:\/\/santapola.es\/ca\/#website"},"primaryImageOfPage":{"@id":"https:\/\/santapola.es\/ca\/les-candidatures-als-premis-de-lesport-santapoler-es-poden-presentar-fins-al-5-de-maig\/#primaryimage"},"image":{"@id":"https:\/\/santapola.es\/ca\/les-candidatures-als-premis-de-lesport-santapoler-es-poden-presentar-fins-al-5-de-maig\/#primaryimage"},"thumbnailUrl":"https:\/\/santapola.es\/wp-content\/uploads\/2025\/04\/gala-deporte.jpeg","datePublished":"2025-04-29T09:05:34+00:00","dateModified":"2025-04-29T09:09:57+00:00","author":{"@id":"https:\/\/santapola.es\/ca\/#\/schema\/person\/ad1d67403707b58350c7be5e8dbc442d"},"breadcrumb":{"@id":"https:\/\/santapola.es\/ca\/les-candidatures-als-premis-de-lesport-santapoler-es-poden-presentar-fins-al-5-de-maig\/#breadcrumb"},"inLanguage":"ca","potentialAction":[{"@type":"ReadAction","target":["https:\/\/santapola.es\/ca\/les-candidatures-als-premis-de-lesport-santapoler-es-poden-presentar-fins-al-5-de-maig\/"]}]},{"@type":"ImageObject","inLanguage":"ca","@id":"https:\/\/santapola.es\/ca\/les-candidatures-als-premis-de-lesport-santapoler-es-poden-presentar-fins-al-5-de-maig\/#primaryimage","url":"https:\/\/santapola.es\/wp-content\/uploads\/2025\/04\/gala-deporte.jpeg","contentUrl":"https:\/\/santapola.es\/wp-content\/uploads\/2025\/04\/gala-deporte.jpeg","width":1600,"height":900},{"@type":"BreadcrumbList","@id":"https:\/\/santapola.es\/ca\/les-candidatures-als-premis-de-lesport-santapoler-es-poden-presentar-fins-al-5-de-maig\/#breadcrumb","itemListElement":[{"@type":"ListItem","position":1,"name":"Inici","item":"https:\/\/santapola.es\/ca\/"},{"@type":"ListItem","position":2,"name":"Les candidatures als premis de l&#8217;esport santapoler es poden presentar fins al 5 de maig"}]},{"@type":"WebSite","@id":"https:\/\/santapola.es\/ca\/#website","url":"https:\/\/santapola.es\/ca\/","name":"Ayuntamiento de Santa Pola","description":"Web de l'Ajuntament de Santa Pola","potentialAction":[{"@type":"SearchAction","target":{"@type":"EntryPoint","urlTemplate":"https:\/\/santapola.es\/ca\/?s={search_term_string}"},"query-input":{"@type":"PropertyValueSpecification","valueRequired":true,"valueName":"search_term_string"}}],"inLanguage":"ca"},{"@type":"Person","@id":"https:\/\/santapola.es\/ca\/#\/schema\/person\/ad1d67403707b58350c7be5e8dbc442d","name":"Jos\u00e9 Juan L\u00f3pez Lafuente"}]}},"_links":{"self":[{"href":"https:\/\/santapola.es\/ca\/wp-json\/wp\/v2\/posts\/43256","targetHints":{"allow":["GET"]}}],"collection":[{"href":"https:\/\/santapola.es\/ca\/wp-json\/wp\/v2\/posts"}],"about":[{"href":"https:\/\/santapola.es\/ca\/wp-json\/wp\/v2\/types\/post"}],"author":[{"embeddable":true,"href":"https:\/\/santapola.es\/ca\/wp-json\/wp\/v2\/users\/96"}],"replies":[{"embeddable":true,"href":"https:\/\/santapola.es\/ca\/wp-json\/wp\/v2\/comments?post=43256"}],"version-history":[{"count":0,"href":"https:\/\/santapola.es\/ca\/wp-json\/wp\/v2\/posts\/43256\/revisions"}],"wp:featuredmedia":[{"embeddable":true,"href":"https:\/\/santapola.es\/ca\/wp-json\/wp\/v2\/media\/43254"}],"wp:attachment":[{"href":"https:\/\/santapola.es\/ca\/wp-json\/wp\/v2\/media?parent=43256"}],"wp:term":[{"taxonomy":"category","embeddable":true,"href":"https:\/\/santapola.es\/ca\/wp-json\/wp\/v2\/categories?post=43256"},{"taxonomy":"post_tag","embeddable":true,"href":"https:\/\/santapola.es\/ca\/wp-json\/wp\/v2\/tags?post=43256"}],"curies":[{"name":"wp","href":"https:\/\/api.w.org\/{rel}","templated":true}]}}