{"id":43246,"date":"2025-04-28T11:51:27","date_gmt":"2025-04-28T09:51:27","guid":{"rendered":"https:\/\/santapola.es\/?p=43246"},"modified":"2025-04-29T10:59:06","modified_gmt":"2025-04-29T08:59:06","slug":"ja-tenim-les-cinc-candidates-a-reina-de-les-festes-2025","status":"publish","type":"post","link":"https:\/\/santapola.es\/ca\/ja-tenim-les-cinc-candidates-a-reina-de-les-festes-2025\/","title":{"rendered":"Ja tenim les cinc candidates a Reina de les Festes 2025"},"content":{"rendered":"<p><strong>Carmen Fulleda Ja\u00e9n, Eva Mar\u00eda Juan Montiel, Maite S\u00e1nchez Maci\u00e1, Azahar Col\u00e1s Alaguero i Natasha G\u00f3mez Gonz\u00e1lez han sigut les cinc j\u00f3vens seleccionades pel jurat entre huit aspirants.<\/strong><\/p>\n<p>Ja coneixem el nom de les cinc j\u00f3vens que aspiren a convertir-se en la futura Reina de les Festes 2025. Entre les huit candidates que es van presentar a la convocat\u00f2ria, el jurat d&#8217;esta edici\u00f3 va triar a cinc despr\u00e9s d&#8217;entrevistar-se amb totes elles i valorar les aptituds de cada una.<\/p>\n<p>Les cinc candidates seleccionades s\u00f3n Carmen Fulleda Ja\u00e9n, Eva Mar\u00eda Juan Montiel, Maite S\u00e1nchez Maci\u00e1, Azahar Col\u00e1s Alaguero i Natasha G\u00f3mez Gonz\u00e1lez.<\/p>\n<p>La presentaci\u00f3 oficial de les aspirants tindr\u00e0 lloc el pr\u00f2xim 20 de juny a la Casa de Cultura i la gala d&#8217;elecci\u00f3 de Reina i Dames d&#8217;Honor se celebrar\u00e0 a l&#8217;auditori El Palmerar la nit del 16 d&#8217;agost.<\/p>\n","protected":false},"excerpt":{"rendered":"<p>Carmen Fulleda Ja\u00e9n, Eva Mar\u00eda Juan Montiel, Maite S\u00e1nchez Maci\u00e1, Azahar Col\u00e1s Alaguero i Natasha G\u00f3mez Gonz\u00e1lez han sigut les cinc j\u00f3vens seleccionades pel jurat entre huit aspirants. Ja coneixem el nom de les cinc j\u00f3vens que aspiren a convertir-se en la futura Reina de les Festes 2025. Entre les huit candidates que es van [&hellip;]<\/p>\n","protected":false},"author":96,"featured_media":43244,"comment_status":"closed","ping_status":"closed","sticky":false,"template":"","format":"standard","meta":{"_et_pb_use_builder":"","_et_pb_old_content":"","_et_gb_content_width":"","footnotes":""},"categories":[434],"tags":[1031,758],"class_list":["post-43246","post","type-post","status-publish","format-standard","has-post-thumbnail","hentry","category-festes","tag-eleccio-reina-de-les-festes","tag-eleccion-reina-de-las-fiestas-ca"],"yoast_head":"<!-- This site is optimized with the Yoast SEO plugin v27.4 - https:\/\/yoast.com\/product\/yoast-seo-wordpress\/ -->\n<title>Ja tenim les cinc candidates a Reina de les Festes 2025 - Ajuntament de Santa Pola<\/title>\n<meta name=\"robots\" content=\"index, follow, max-snippet:-1, max-image-preview:large, max-video-preview:-1\" \/>\n<link rel=\"canonical\" href=\"https:\/\/santapola.es\/ca\/ja-tenim-les-cinc-candidates-a-reina-de-les-festes-2025\/\" \/>\n<meta property=\"og:locale\" content=\"ca_ES\" \/>\n<meta property=\"og:type\" content=\"article\" \/>\n<meta property=\"og:title\" content=\"Ja tenim les cinc candidates a Reina de les Festes 2025 - Ajuntament de Santa Pola\" \/>\n<meta property=\"og:description\" content=\"Carmen Fulleda Ja\u00e9n, Eva Mar\u00eda Juan Montiel, Maite S\u00e1nchez Maci\u00e1, Azahar Col\u00e1s Alaguero i Natasha G\u00f3mez Gonz\u00e1lez han sigut les cinc j\u00f3vens seleccionades pel jurat entre huit aspirants. Ja coneixem el nom de les cinc j\u00f3vens que aspiren a convertir-se en la futura Reina de les Festes 2025. Entre les huit candidates que es van [&hellip;]\" \/>\n<meta property=\"og:url\" content=\"https:\/\/santapola.es\/ca\/ja-tenim-les-cinc-candidates-a-reina-de-les-festes-2025\/\" \/>\n<meta property=\"og:site_name\" content=\"Ajuntament de Santa Pola\" \/>\n<meta property=\"article:publisher\" content=\"https:\/\/www.facebook.com\/AyuntamientoSantaPola\/\" \/>\n<meta property=\"article:published_time\" content=\"2025-04-28T09:51:27+00:00\" \/>\n<meta property=\"article:modified_time\" content=\"2025-04-29T08:59:06+00:00\" \/>\n<meta property=\"og:image\" content=\"https:\/\/santapola.es\/wp-content\/uploads\/2025\/04\/2025-04-24-Candidatas-Reina-2025.jpg\" \/>\n\t<meta property=\"og:image:width\" content=\"1920\" \/>\n\t<meta property=\"og:image:height\" content=\"1079\" \/>\n\t<meta property=\"og:image:type\" content=\"image\/jpeg\" \/>\n<meta name=\"author\" content=\"Jos\u00e9 Juan L\u00f3pez Lafuente\" \/>\n<meta name=\"twitter:card\" content=\"summary_large_image\" \/>\n<meta name=\"twitter:creator\" content=\"@SantaPolaAyunt\" \/>\n<meta name=\"twitter:site\" content=\"@SantaPolaAyunt\" \/>\n<script type=\"application\/ld+json\" class=\"yoast-schema-graph\">{\"@context\":\"https:\\\/\\\/schema.org\",\"@graph\":[{\"@type\":\"Article\",\"@id\":\"https:\\\/\\\/santapola.es\\\/ca\\\/ja-tenim-les-cinc-candidates-a-reina-de-les-festes-2025\\\/#article\",\"isPartOf\":{\"@id\":\"https:\\\/\\\/santapola.es\\\/ca\\\/ja-tenim-les-cinc-candidates-a-reina-de-les-festes-2025\\\/\"},\"author\":{\"name\":\"Jos\u00e9 Juan L\u00f3pez Lafuente\",\"@id\":\"https:\\\/\\\/santapola.es\\\/ca\\\/#\\\/schema\\\/person\\\/ad1d67403707b58350c7be5e8dbc442d\"},\"headline\":\"Ja tenim les cinc candidates a Reina de les Festes 2025\",\"datePublished\":\"2025-04-28T09:51:27+00:00\",\"dateModified\":\"2025-04-29T08:59:06+00:00\",\"mainEntityOfPage\":{\"@id\":\"https:\\\/\\\/santapola.es\\\/ca\\\/ja-tenim-les-cinc-candidates-a-reina-de-les-festes-2025\\\/\"},\"wordCount\":170,\"image\":{\"@id\":\"https:\\\/\\\/santapola.es\\\/ca\\\/ja-tenim-les-cinc-candidates-a-reina-de-les-festes-2025\\\/#primaryimage\"},\"thumbnailUrl\":\"https:\\\/\\\/santapola.es\\\/wp-content\\\/uploads\\\/2025\\\/04\\\/2025-04-24-Candidatas-Reina-2025.jpg\",\"keywords\":[\"Elecci\u00f3 Reina de les Festes\",\"Elecci\u00f3n Reina de las Fiestas\"],\"articleSection\":[\"Festes\"],\"inLanguage\":\"ca\"},{\"@type\":\"WebPage\",\"@id\":\"https:\\\/\\\/santapola.es\\\/ca\\\/ja-tenim-les-cinc-candidates-a-reina-de-les-festes-2025\\\/\",\"url\":\"https:\\\/\\\/santapola.es\\\/ca\\\/ja-tenim-les-cinc-candidates-a-reina-de-les-festes-2025\\\/\",\"name\":\"Ja tenim les cinc candidates a Reina de les Festes 2025 - Ajuntament de Santa Pola\",\"isPartOf\":{\"@id\":\"https:\\\/\\\/santapola.es\\\/ca\\\/#website\"},\"primaryImageOfPage\":{\"@id\":\"https:\\\/\\\/santapola.es\\\/ca\\\/ja-tenim-les-cinc-candidates-a-reina-de-les-festes-2025\\\/#primaryimage\"},\"image\":{\"@id\":\"https:\\\/\\\/santapola.es\\\/ca\\\/ja-tenim-les-cinc-candidates-a-reina-de-les-festes-2025\\\/#primaryimage\"},\"thumbnailUrl\":\"https:\\\/\\\/santapola.es\\\/wp-content\\\/uploads\\\/2025\\\/04\\\/2025-04-24-Candidatas-Reina-2025.jpg\",\"datePublished\":\"2025-04-28T09:51:27+00:00\",\"dateModified\":\"2025-04-29T08:59:06+00:00\",\"author\":{\"@id\":\"https:\\\/\\\/santapola.es\\\/ca\\\/#\\\/schema\\\/person\\\/ad1d67403707b58350c7be5e8dbc442d\"},\"breadcrumb\":{\"@id\":\"https:\\\/\\\/santapola.es\\\/ca\\\/ja-tenim-les-cinc-candidates-a-reina-de-les-festes-2025\\\/#breadcrumb\"},\"inLanguage\":\"ca\",\"potentialAction\":[{\"@type\":\"ReadAction\",\"target\":[\"https:\\\/\\\/santapola.es\\\/ca\\\/ja-tenim-les-cinc-candidates-a-reina-de-les-festes-2025\\\/\"]}]},{\"@type\":\"ImageObject\",\"inLanguage\":\"ca\",\"@id\":\"https:\\\/\\\/santapola.es\\\/ca\\\/ja-tenim-les-cinc-candidates-a-reina-de-les-festes-2025\\\/#primaryimage\",\"url\":\"https:\\\/\\\/santapola.es\\\/wp-content\\\/uploads\\\/2025\\\/04\\\/2025-04-24-Candidatas-Reina-2025.jpg\",\"contentUrl\":\"https:\\\/\\\/santapola.es\\\/wp-content\\\/uploads\\\/2025\\\/04\\\/2025-04-24-Candidatas-Reina-2025.jpg\",\"width\":1920,\"height\":1079},{\"@type\":\"BreadcrumbList\",\"@id\":\"https:\\\/\\\/santapola.es\\\/ca\\\/ja-tenim-les-cinc-candidates-a-reina-de-les-festes-2025\\\/#breadcrumb\",\"itemListElement\":[{\"@type\":\"ListItem\",\"position\":1,\"name\":\"Inici\",\"item\":\"https:\\\/\\\/santapola.es\\\/ca\\\/\"},{\"@type\":\"ListItem\",\"position\":2,\"name\":\"Ja tenim les cinc candidates a Reina de les Festes 2025\"}]},{\"@type\":\"WebSite\",\"@id\":\"https:\\\/\\\/santapola.es\\\/ca\\\/#website\",\"url\":\"https:\\\/\\\/santapola.es\\\/ca\\\/\",\"name\":\"Ayuntamiento de Santa Pola\",\"description\":\"Web de l'Ajuntament de Santa Pola\",\"potentialAction\":[{\"@type\":\"SearchAction\",\"target\":{\"@type\":\"EntryPoint\",\"urlTemplate\":\"https:\\\/\\\/santapola.es\\\/ca\\\/?s={search_term_string}\"},\"query-input\":{\"@type\":\"PropertyValueSpecification\",\"valueRequired\":true,\"valueName\":\"search_term_string\"}}],\"inLanguage\":\"ca\"},{\"@type\":\"Person\",\"@id\":\"https:\\\/\\\/santapola.es\\\/ca\\\/#\\\/schema\\\/person\\\/ad1d67403707b58350c7be5e8dbc442d\",\"name\":\"Jos\u00e9 Juan L\u00f3pez Lafuente\"}]}<\/script>\n<!-- \/ Yoast SEO plugin. -->","yoast_head_json":{"title":"Ja tenim les cinc candidates a Reina de les Festes 2025 - Ajuntament de Santa Pola","robots":{"index":"index","follow":"follow","max-snippet":"max-snippet:-1","max-image-preview":"max-image-preview:large","max-video-preview":"max-video-preview:-1"},"canonical":"https:\/\/santapola.es\/ca\/ja-tenim-les-cinc-candidates-a-reina-de-les-festes-2025\/","og_locale":"ca_ES","og_type":"article","og_title":"Ja tenim les cinc candidates a Reina de les Festes 2025 - Ajuntament de Santa Pola","og_description":"Carmen Fulleda Ja\u00e9n, Eva Mar\u00eda Juan Montiel, Maite S\u00e1nchez Maci\u00e1, Azahar Col\u00e1s Alaguero i Natasha G\u00f3mez Gonz\u00e1lez han sigut les cinc j\u00f3vens seleccionades pel jurat entre huit aspirants. Ja coneixem el nom de les cinc j\u00f3vens que aspiren a convertir-se en la futura Reina de les Festes 2025. Entre les huit candidates que es van [&hellip;]","og_url":"https:\/\/santapola.es\/ca\/ja-tenim-les-cinc-candidates-a-reina-de-les-festes-2025\/","og_site_name":"Ajuntament de Santa Pola","article_publisher":"https:\/\/www.facebook.com\/AyuntamientoSantaPola\/","article_published_time":"2025-04-28T09:51:27+00:00","article_modified_time":"2025-04-29T08:59:06+00:00","og_image":[{"width":1920,"height":1079,"url":"https:\/\/santapola.es\/wp-content\/uploads\/2025\/04\/2025-04-24-Candidatas-Reina-2025.jpg","type":"image\/jpeg"}],"author":"Jos\u00e9 Juan L\u00f3pez Lafuente","twitter_card":"summary_large_image","twitter_creator":"@SantaPolaAyunt","twitter_site":"@SantaPolaAyunt","schema":{"@context":"https:\/\/schema.org","@graph":[{"@type":"Article","@id":"https:\/\/santapola.es\/ca\/ja-tenim-les-cinc-candidates-a-reina-de-les-festes-2025\/#article","isPartOf":{"@id":"https:\/\/santapola.es\/ca\/ja-tenim-les-cinc-candidates-a-reina-de-les-festes-2025\/"},"author":{"name":"Jos\u00e9 Juan L\u00f3pez Lafuente","@id":"https:\/\/santapola.es\/ca\/#\/schema\/person\/ad1d67403707b58350c7be5e8dbc442d"},"headline":"Ja tenim les cinc candidates a Reina de les Festes 2025","datePublished":"2025-04-28T09:51:27+00:00","dateModified":"2025-04-29T08:59:06+00:00","mainEntityOfPage":{"@id":"https:\/\/santapola.es\/ca\/ja-tenim-les-cinc-candidates-a-reina-de-les-festes-2025\/"},"wordCount":170,"image":{"@id":"https:\/\/santapola.es\/ca\/ja-tenim-les-cinc-candidates-a-reina-de-les-festes-2025\/#primaryimage"},"thumbnailUrl":"https:\/\/santapola.es\/wp-content\/uploads\/2025\/04\/2025-04-24-Candidatas-Reina-2025.jpg","keywords":["Elecci\u00f3 Reina de les Festes","Elecci\u00f3n Reina de las Fiestas"],"articleSection":["Festes"],"inLanguage":"ca"},{"@type":"WebPage","@id":"https:\/\/santapola.es\/ca\/ja-tenim-les-cinc-candidates-a-reina-de-les-festes-2025\/","url":"https:\/\/santapola.es\/ca\/ja-tenim-les-cinc-candidates-a-reina-de-les-festes-2025\/","name":"Ja tenim les cinc candidates a Reina de les Festes 2025 - Ajuntament de Santa Pola","isPartOf":{"@id":"https:\/\/santapola.es\/ca\/#website"},"primaryImageOfPage":{"@id":"https:\/\/santapola.es\/ca\/ja-tenim-les-cinc-candidates-a-reina-de-les-festes-2025\/#primaryimage"},"image":{"@id":"https:\/\/santapola.es\/ca\/ja-tenim-les-cinc-candidates-a-reina-de-les-festes-2025\/#primaryimage"},"thumbnailUrl":"https:\/\/santapola.es\/wp-content\/uploads\/2025\/04\/2025-04-24-Candidatas-Reina-2025.jpg","datePublished":"2025-04-28T09:51:27+00:00","dateModified":"2025-04-29T08:59:06+00:00","author":{"@id":"https:\/\/santapola.es\/ca\/#\/schema\/person\/ad1d67403707b58350c7be5e8dbc442d"},"breadcrumb":{"@id":"https:\/\/santapola.es\/ca\/ja-tenim-les-cinc-candidates-a-reina-de-les-festes-2025\/#breadcrumb"},"inLanguage":"ca","potentialAction":[{"@type":"ReadAction","target":["https:\/\/santapola.es\/ca\/ja-tenim-les-cinc-candidates-a-reina-de-les-festes-2025\/"]}]},{"@type":"ImageObject","inLanguage":"ca","@id":"https:\/\/santapola.es\/ca\/ja-tenim-les-cinc-candidates-a-reina-de-les-festes-2025\/#primaryimage","url":"https:\/\/santapola.es\/wp-content\/uploads\/2025\/04\/2025-04-24-Candidatas-Reina-2025.jpg","contentUrl":"https:\/\/santapola.es\/wp-content\/uploads\/2025\/04\/2025-04-24-Candidatas-Reina-2025.jpg","width":1920,"height":1079},{"@type":"BreadcrumbList","@id":"https:\/\/santapola.es\/ca\/ja-tenim-les-cinc-candidates-a-reina-de-les-festes-2025\/#breadcrumb","itemListElement":[{"@type":"ListItem","position":1,"name":"Inici","item":"https:\/\/santapola.es\/ca\/"},{"@type":"ListItem","position":2,"name":"Ja tenim les cinc candidates a Reina de les Festes 2025"}]},{"@type":"WebSite","@id":"https:\/\/santapola.es\/ca\/#website","url":"https:\/\/santapola.es\/ca\/","name":"Ayuntamiento de Santa Pola","description":"Web de l'Ajuntament de Santa Pola","potentialAction":[{"@type":"SearchAction","target":{"@type":"EntryPoint","urlTemplate":"https:\/\/santapola.es\/ca\/?s={search_term_string}"},"query-input":{"@type":"PropertyValueSpecification","valueRequired":true,"valueName":"search_term_string"}}],"inLanguage":"ca"},{"@type":"Person","@id":"https:\/\/santapola.es\/ca\/#\/schema\/person\/ad1d67403707b58350c7be5e8dbc442d","name":"Jos\u00e9 Juan L\u00f3pez Lafuente"}]}},"_links":{"self":[{"href":"https:\/\/santapola.es\/ca\/wp-json\/wp\/v2\/posts\/43246","targetHints":{"allow":["GET"]}}],"collection":[{"href":"https:\/\/santapola.es\/ca\/wp-json\/wp\/v2\/posts"}],"about":[{"href":"https:\/\/santapola.es\/ca\/wp-json\/wp\/v2\/types\/post"}],"author":[{"embeddable":true,"href":"https:\/\/santapola.es\/ca\/wp-json\/wp\/v2\/users\/96"}],"replies":[{"embeddable":true,"href":"https:\/\/santapola.es\/ca\/wp-json\/wp\/v2\/comments?post=43246"}],"version-history":[{"count":0,"href":"https:\/\/santapola.es\/ca\/wp-json\/wp\/v2\/posts\/43246\/revisions"}],"wp:featuredmedia":[{"embeddable":true,"href":"https:\/\/santapola.es\/ca\/wp-json\/wp\/v2\/media\/43244"}],"wp:attachment":[{"href":"https:\/\/santapola.es\/ca\/wp-json\/wp\/v2\/media?parent=43246"}],"wp:term":[{"taxonomy":"category","embeddable":true,"href":"https:\/\/santapola.es\/ca\/wp-json\/wp\/v2\/categories?post=43246"},{"taxonomy":"post_tag","embeddable":true,"href":"https:\/\/santapola.es\/ca\/wp-json\/wp\/v2\/tags?post=43246"}],"curies":[{"name":"wp","href":"https:\/\/api.w.org\/{rel}","templated":true}]}}