{"id":43234,"date":"2025-04-25T12:37:41","date_gmt":"2025-04-25T10:37:41","guid":{"rendered":"https:\/\/santapola.es\/?p=43234"},"modified":"2025-04-25T12:37:41","modified_gmt":"2025-04-25T10:37:41","slug":"santa-pola-traura-a-licitacio-el-manteniment-de-les-zones-verdes","status":"publish","type":"post","link":"https:\/\/santapola.es\/ca\/santa-pola-traura-a-licitacio-el-manteniment-de-les-zones-verdes\/","title":{"rendered":"Santa Pola traur\u00e0 a licitaci\u00f3 el manteniment de les zones verdes"},"content":{"rendered":"<p><strong>El ple ha aprovat per majoria iniciar l&#8217;expedient per a externalitzar el servici en tot el municipi, davant la impossibilitat que l&#8217;Ajuntament puga contractar personal suficient per a dur-lo a terme per les restriccions de plantilla que imposa el Govern.\u00a0<\/strong><\/p>\n<p>El punt m\u00e9s rellevant del ple ordinari d&#8217;abril celebrat ahir va ser l&#8217;aprovaci\u00f3 de l&#8217;inici de l&#8217;expedient de contractaci\u00f3 del servici de manteniment, conservaci\u00f3 i neteja d&#8217;espais enjardinats, zones verdes i arbratge viari del municipi, que es va aprovar per majoria amb els vots favorables de PP, PSOE i Vox i en contra \u00fanicament de M\u00e9s Santa Pola.<\/p>\n<p>L&#8217;alcaldessa Loreto Serrano va justificar esta decisi\u00f3 en la impossibilitat jur\u00eddica de poder contractar jardiners suficients en la plantilla municipal: \u201cen entrar en 2019 heretem una p\u00e8ssima situaci\u00f3 econ\u00f2mica i des d&#8217;Intervenci\u00f3 i Tresoreria ens van obligar a prescindir d&#8217;uns 100 treballadors en col\u00b7laboraci\u00f3 social perqu\u00e8 no hi havia diners per a pagar les n\u00f2mines dels funcionaris; eixe mateix any, el Govern Central va eliminar la col\u00b7laboraci\u00f3 social i vam haver de prescindir d&#8217;altres 100 empleats, la qual cosa ens va fer reduir molt\u00edssim la plantilla i sense que el Govern ens permetera cobrir m\u00e9s places. Aix\u00ed que l&#8217;\u00fanica soluci\u00f3 que ens queda \u00e9s externalitzar el servici\u201d.<\/p>\n<p>La portaveu socialista, Yolanda Seva, tamb\u00e9 va coincidir que \u201c\u00e9s l&#8217;\u00fanica manera de cobrir un servici essencial\u201d, encara que Esteve Ruiz, portaveu de M\u00e9s Santa Pola, va justificar el seu vot en contra \u201cper la privatitzaci\u00f3 per mig mili\u00f3 d&#8217;euros, per culpa del govern de l&#8217;estat per prohibir ampliar places i pel govern municipal perqu\u00e8 en 2019 en desapar\u00e9ixer la col\u00b7laboraci\u00f3 social no es va prioritzar la jardineria\u201d.<\/p>\n<p>La futura contracta permetr\u00e0 crear una plantilla m\u00ednima de 30 persones per a mantindre els parcs i jardins de Santa Pola.<\/p>\n<p>En un altre orde de coses, es va aprovar sancionar amb 1.500 euros a l&#8217;adjudicatari de la concessi\u00f3 del Quiosc Bancal de l&#8217;Arena per incompliment de contracte, la revisi\u00f3 de tarifes de l&#8217;estaci\u00f3 d&#8217;autobusos per a l&#8217;any 2025 i una modificaci\u00f3 en el cat\u00e0leg de llocs de treball per a substituir una pla\u00e7a d&#8217;enginyer t\u00e8cnic d&#8217;obres p\u00fabliques per una d&#8217;arquitecte.<\/p>\n<p><strong>Mocions<\/strong><\/p>\n<p>El grup socialista va presentar una moci\u00f3 per a convocar el Consell Local d&#8217;Esports i proposar que en totes les competicions esportives a Santa Pola siga obligatori el \u201cdorsal salvavides\u201d amb instruccions b\u00e0siques perqu\u00e8 qualsevol persona puga realitzar una reanimaci\u00f3 cardiopulmonar.<\/p>\n<p>El grup popular va presentar una esmena a la totalitat perqu\u00e8, segons l&#8217;edil d&#8217;Esports \u00c1ngel Piedecausa \u201cs\u00f3n els clubs els qui han de prendre la decisi\u00f3 a trav\u00e9s del Consell perqu\u00e8 ning\u00fa est\u00e0 capacitat per a realitzar una RCP amb solo unes instruccions, qui ho fa\u00e7a ha d&#8217;estar format\u201d.<\/p>\n<p>Aix\u00ed ho va ratificar el doctor Borja Merino, regidor de Sanitat: \u201csempre donarem suport a qualsevol iniciativa que promocione la salut, per\u00f2 no \u00e9s segur fer una RCP sense formaci\u00f3 adequada, fins i tot pot empitjorar l&#8217;estat del pacient\u201d.<\/p>\n<p>D&#8217;esta manera, es va aprovar per majoria l&#8217;esmena dels populars amb l&#8217;\u00fanic vot en contra dels dos edils de M\u00e9s Santa Pola, establint que es convocar\u00e0 el Consell Local d&#8217;Esports amb els clubs i que manifesten la seua voluntat al respecte, formar voluntariat en RCP i fomentar els reconeixements m\u00e8dics previs als esportistes\u201d.<\/p>\n<p>Finalment es va desestimar una moci\u00f3 de M\u00e9s Santa Pola que demanava exigir a la Generalitat Valenciana la finalitzaci\u00f3 de les obres de desdoblament de la carretera Santa Pola-Elx, amb vots en contra dels populars, abstenci\u00f3 de Vox i vot a favor de PSOE i M\u00e9s.<\/p>\n<p>Esteve Ruiz va declarar que \u201c\u00e9s una moci\u00f3 pr\u00e0cticament d&#8217;emerg\u00e8ncia, hi ha un tram de la carretera en expropiaci\u00f3 i no hi ha consignaci\u00f3 per a m\u00e9s trams, no podem permetre que esta infraestructura es quede aix\u00ed\u201d.<\/p>\n<p>La regidor d&#8217;Infraestructures, Trini Ortiz, va justificar el vot en contra perqu\u00e8 \u201c\u00e9s de vital import\u00e0ncia el desdoblament de la carretera d&#8217;Elx, aix\u00ed com arreglar l&#8217;encreuament de la N-332. Hi ha problemes reals amb l&#8217;expropiaci\u00f3 que es va iniciar en 2020 i no s&#8217;ha acabat, van adjudicar una obra sense tindre els terrenys, un nyap m\u00e9s del Bot\u00e0nic. Queden tres trams, el primer en expropiaci\u00f3, del segon es comen\u00e7ar\u00e0 la licitaci\u00f3 de les obres i l&#8217;\u00faltim tram amb els problemes del barranc de Sant Ant\u00f3n que han de solucionar la Confederaci\u00f3 Hidrogr\u00e0fica i l&#8217;Ajuntament d&#8217;Elx\u201d.<\/p>\n","protected":false},"excerpt":{"rendered":"<p>El ple ha aprovat per majoria iniciar l&#8217;expedient per a externalitzar el servici en tot el municipi, davant la impossibilitat que l&#8217;Ajuntament puga contractar personal suficient per a dur-lo a terme per les restriccions de plantilla que imposa el Govern.\u00a0 El punt m\u00e9s rellevant del ple ordinari d&#8217;abril celebrat ahir va ser l&#8217;aprovaci\u00f3 de l&#8217;inici [&hellip;]<\/p>\n","protected":false},"author":96,"featured_media":43232,"comment_status":"closed","ping_status":"closed","sticky":false,"template":"","format":"standard","meta":{"_et_pb_use_builder":"","_et_pb_old_content":"","_et_gb_content_width":"","footnotes":""},"categories":[603,473],"tags":[1415],"class_list":["post-43234","post","type-post","status-publish","format-standard","has-post-thumbnail","hentry","category-parcs-i-jardins","category-plens","tag-licitacio-jardineria"],"yoast_head":"<!-- This site is optimized with the Yoast SEO plugin v27.4 - https:\/\/yoast.com\/product\/yoast-seo-wordpress\/ -->\n<title>Santa Pola traur\u00e0 a licitaci\u00f3 el manteniment de les zones verdes - Ajuntament de Santa Pola<\/title>\n<meta name=\"robots\" content=\"index, follow, max-snippet:-1, max-image-preview:large, max-video-preview:-1\" \/>\n<link rel=\"canonical\" href=\"https:\/\/santapola.es\/ca\/santa-pola-traura-a-licitacio-el-manteniment-de-les-zones-verdes\/\" \/>\n<meta property=\"og:locale\" content=\"ca_ES\" \/>\n<meta property=\"og:type\" content=\"article\" \/>\n<meta property=\"og:title\" content=\"Santa Pola traur\u00e0 a licitaci\u00f3 el manteniment de les zones verdes - Ajuntament de Santa Pola\" \/>\n<meta property=\"og:description\" content=\"El ple ha aprovat per majoria iniciar l&#8217;expedient per a externalitzar el servici en tot el municipi, davant la impossibilitat que l&#8217;Ajuntament puga contractar personal suficient per a dur-lo a terme per les restriccions de plantilla que imposa el Govern.\u00a0 El punt m\u00e9s rellevant del ple ordinari d&#8217;abril celebrat ahir va ser l&#8217;aprovaci\u00f3 de l&#8217;inici [&hellip;]\" \/>\n<meta property=\"og:url\" content=\"https:\/\/santapola.es\/ca\/santa-pola-traura-a-licitacio-el-manteniment-de-les-zones-verdes\/\" \/>\n<meta property=\"og:site_name\" content=\"Ajuntament de Santa Pola\" \/>\n<meta property=\"article:publisher\" content=\"https:\/\/www.facebook.com\/AyuntamientoSantaPola\/\" \/>\n<meta property=\"article:published_time\" content=\"2025-04-25T10:37:41+00:00\" \/>\n<meta property=\"og:image\" content=\"https:\/\/santapola.es\/wp-content\/uploads\/2025\/04\/2025-04-25-pleno-abril.jpg\" \/>\n\t<meta property=\"og:image:width\" content=\"1920\" \/>\n\t<meta property=\"og:image:height\" content=\"1079\" \/>\n\t<meta property=\"og:image:type\" content=\"image\/jpeg\" \/>\n<meta name=\"author\" content=\"Jos\u00e9 Juan L\u00f3pez Lafuente\" \/>\n<meta name=\"twitter:card\" content=\"summary_large_image\" \/>\n<meta name=\"twitter:creator\" content=\"@SantaPolaAyunt\" \/>\n<meta name=\"twitter:site\" content=\"@SantaPolaAyunt\" \/>\n<script type=\"application\/ld+json\" class=\"yoast-schema-graph\">{\"@context\":\"https:\\\/\\\/schema.org\",\"@graph\":[{\"@type\":\"Article\",\"@id\":\"https:\\\/\\\/santapola.es\\\/ca\\\/santa-pola-traura-a-licitacio-el-manteniment-de-les-zones-verdes\\\/#article\",\"isPartOf\":{\"@id\":\"https:\\\/\\\/santapola.es\\\/ca\\\/santa-pola-traura-a-licitacio-el-manteniment-de-les-zones-verdes\\\/\"},\"author\":{\"name\":\"Jos\u00e9 Juan L\u00f3pez Lafuente\",\"@id\":\"https:\\\/\\\/santapola.es\\\/ca\\\/#\\\/schema\\\/person\\\/ad1d67403707b58350c7be5e8dbc442d\"},\"headline\":\"Santa Pola traur\u00e0 a licitaci\u00f3 el manteniment de les zones verdes\",\"datePublished\":\"2025-04-25T10:37:41+00:00\",\"mainEntityOfPage\":{\"@id\":\"https:\\\/\\\/santapola.es\\\/ca\\\/santa-pola-traura-a-licitacio-el-manteniment-de-les-zones-verdes\\\/\"},\"wordCount\":794,\"image\":{\"@id\":\"https:\\\/\\\/santapola.es\\\/ca\\\/santa-pola-traura-a-licitacio-el-manteniment-de-les-zones-verdes\\\/#primaryimage\"},\"thumbnailUrl\":\"https:\\\/\\\/santapola.es\\\/wp-content\\\/uploads\\\/2025\\\/04\\\/2025-04-25-pleno-abril.jpg\",\"keywords\":[\"licitaci\u00f3 jardineria\"],\"articleSection\":[\"Parcs i jardins\",\"Plens\"],\"inLanguage\":\"ca\"},{\"@type\":\"WebPage\",\"@id\":\"https:\\\/\\\/santapola.es\\\/ca\\\/santa-pola-traura-a-licitacio-el-manteniment-de-les-zones-verdes\\\/\",\"url\":\"https:\\\/\\\/santapola.es\\\/ca\\\/santa-pola-traura-a-licitacio-el-manteniment-de-les-zones-verdes\\\/\",\"name\":\"Santa Pola traur\u00e0 a licitaci\u00f3 el manteniment de les zones verdes - Ajuntament de Santa Pola\",\"isPartOf\":{\"@id\":\"https:\\\/\\\/santapola.es\\\/ca\\\/#website\"},\"primaryImageOfPage\":{\"@id\":\"https:\\\/\\\/santapola.es\\\/ca\\\/santa-pola-traura-a-licitacio-el-manteniment-de-les-zones-verdes\\\/#primaryimage\"},\"image\":{\"@id\":\"https:\\\/\\\/santapola.es\\\/ca\\\/santa-pola-traura-a-licitacio-el-manteniment-de-les-zones-verdes\\\/#primaryimage\"},\"thumbnailUrl\":\"https:\\\/\\\/santapola.es\\\/wp-content\\\/uploads\\\/2025\\\/04\\\/2025-04-25-pleno-abril.jpg\",\"datePublished\":\"2025-04-25T10:37:41+00:00\",\"author\":{\"@id\":\"https:\\\/\\\/santapola.es\\\/ca\\\/#\\\/schema\\\/person\\\/ad1d67403707b58350c7be5e8dbc442d\"},\"breadcrumb\":{\"@id\":\"https:\\\/\\\/santapola.es\\\/ca\\\/santa-pola-traura-a-licitacio-el-manteniment-de-les-zones-verdes\\\/#breadcrumb\"},\"inLanguage\":\"ca\",\"potentialAction\":[{\"@type\":\"ReadAction\",\"target\":[\"https:\\\/\\\/santapola.es\\\/ca\\\/santa-pola-traura-a-licitacio-el-manteniment-de-les-zones-verdes\\\/\"]}]},{\"@type\":\"ImageObject\",\"inLanguage\":\"ca\",\"@id\":\"https:\\\/\\\/santapola.es\\\/ca\\\/santa-pola-traura-a-licitacio-el-manteniment-de-les-zones-verdes\\\/#primaryimage\",\"url\":\"https:\\\/\\\/santapola.es\\\/wp-content\\\/uploads\\\/2025\\\/04\\\/2025-04-25-pleno-abril.jpg\",\"contentUrl\":\"https:\\\/\\\/santapola.es\\\/wp-content\\\/uploads\\\/2025\\\/04\\\/2025-04-25-pleno-abril.jpg\",\"width\":1920,\"height\":1079},{\"@type\":\"BreadcrumbList\",\"@id\":\"https:\\\/\\\/santapola.es\\\/ca\\\/santa-pola-traura-a-licitacio-el-manteniment-de-les-zones-verdes\\\/#breadcrumb\",\"itemListElement\":[{\"@type\":\"ListItem\",\"position\":1,\"name\":\"Inici\",\"item\":\"https:\\\/\\\/santapola.es\\\/ca\\\/\"},{\"@type\":\"ListItem\",\"position\":2,\"name\":\"Santa Pola traur\u00e0 a licitaci\u00f3 el manteniment de les zones verdes\"}]},{\"@type\":\"WebSite\",\"@id\":\"https:\\\/\\\/santapola.es\\\/ca\\\/#website\",\"url\":\"https:\\\/\\\/santapola.es\\\/ca\\\/\",\"name\":\"Ayuntamiento de Santa Pola\",\"description\":\"Web de l'Ajuntament de Santa Pola\",\"potentialAction\":[{\"@type\":\"SearchAction\",\"target\":{\"@type\":\"EntryPoint\",\"urlTemplate\":\"https:\\\/\\\/santapola.es\\\/ca\\\/?s={search_term_string}\"},\"query-input\":{\"@type\":\"PropertyValueSpecification\",\"valueRequired\":true,\"valueName\":\"search_term_string\"}}],\"inLanguage\":\"ca\"},{\"@type\":\"Person\",\"@id\":\"https:\\\/\\\/santapola.es\\\/ca\\\/#\\\/schema\\\/person\\\/ad1d67403707b58350c7be5e8dbc442d\",\"name\":\"Jos\u00e9 Juan L\u00f3pez Lafuente\"}]}<\/script>\n<!-- \/ Yoast SEO plugin. -->","yoast_head_json":{"title":"Santa Pola traur\u00e0 a licitaci\u00f3 el manteniment de les zones verdes - Ajuntament de Santa Pola","robots":{"index":"index","follow":"follow","max-snippet":"max-snippet:-1","max-image-preview":"max-image-preview:large","max-video-preview":"max-video-preview:-1"},"canonical":"https:\/\/santapola.es\/ca\/santa-pola-traura-a-licitacio-el-manteniment-de-les-zones-verdes\/","og_locale":"ca_ES","og_type":"article","og_title":"Santa Pola traur\u00e0 a licitaci\u00f3 el manteniment de les zones verdes - Ajuntament de Santa Pola","og_description":"El ple ha aprovat per majoria iniciar l&#8217;expedient per a externalitzar el servici en tot el municipi, davant la impossibilitat que l&#8217;Ajuntament puga contractar personal suficient per a dur-lo a terme per les restriccions de plantilla que imposa el Govern.\u00a0 El punt m\u00e9s rellevant del ple ordinari d&#8217;abril celebrat ahir va ser l&#8217;aprovaci\u00f3 de l&#8217;inici [&hellip;]","og_url":"https:\/\/santapola.es\/ca\/santa-pola-traura-a-licitacio-el-manteniment-de-les-zones-verdes\/","og_site_name":"Ajuntament de Santa Pola","article_publisher":"https:\/\/www.facebook.com\/AyuntamientoSantaPola\/","article_published_time":"2025-04-25T10:37:41+00:00","og_image":[{"width":1920,"height":1079,"url":"https:\/\/santapola.es\/wp-content\/uploads\/2025\/04\/2025-04-25-pleno-abril.jpg","type":"image\/jpeg"}],"author":"Jos\u00e9 Juan L\u00f3pez Lafuente","twitter_card":"summary_large_image","twitter_creator":"@SantaPolaAyunt","twitter_site":"@SantaPolaAyunt","schema":{"@context":"https:\/\/schema.org","@graph":[{"@type":"Article","@id":"https:\/\/santapola.es\/ca\/santa-pola-traura-a-licitacio-el-manteniment-de-les-zones-verdes\/#article","isPartOf":{"@id":"https:\/\/santapola.es\/ca\/santa-pola-traura-a-licitacio-el-manteniment-de-les-zones-verdes\/"},"author":{"name":"Jos\u00e9 Juan L\u00f3pez Lafuente","@id":"https:\/\/santapola.es\/ca\/#\/schema\/person\/ad1d67403707b58350c7be5e8dbc442d"},"headline":"Santa Pola traur\u00e0 a licitaci\u00f3 el manteniment de les zones verdes","datePublished":"2025-04-25T10:37:41+00:00","mainEntityOfPage":{"@id":"https:\/\/santapola.es\/ca\/santa-pola-traura-a-licitacio-el-manteniment-de-les-zones-verdes\/"},"wordCount":794,"image":{"@id":"https:\/\/santapola.es\/ca\/santa-pola-traura-a-licitacio-el-manteniment-de-les-zones-verdes\/#primaryimage"},"thumbnailUrl":"https:\/\/santapola.es\/wp-content\/uploads\/2025\/04\/2025-04-25-pleno-abril.jpg","keywords":["licitaci\u00f3 jardineria"],"articleSection":["Parcs i jardins","Plens"],"inLanguage":"ca"},{"@type":"WebPage","@id":"https:\/\/santapola.es\/ca\/santa-pola-traura-a-licitacio-el-manteniment-de-les-zones-verdes\/","url":"https:\/\/santapola.es\/ca\/santa-pola-traura-a-licitacio-el-manteniment-de-les-zones-verdes\/","name":"Santa Pola traur\u00e0 a licitaci\u00f3 el manteniment de les zones verdes - Ajuntament de Santa Pola","isPartOf":{"@id":"https:\/\/santapola.es\/ca\/#website"},"primaryImageOfPage":{"@id":"https:\/\/santapola.es\/ca\/santa-pola-traura-a-licitacio-el-manteniment-de-les-zones-verdes\/#primaryimage"},"image":{"@id":"https:\/\/santapola.es\/ca\/santa-pola-traura-a-licitacio-el-manteniment-de-les-zones-verdes\/#primaryimage"},"thumbnailUrl":"https:\/\/santapola.es\/wp-content\/uploads\/2025\/04\/2025-04-25-pleno-abril.jpg","datePublished":"2025-04-25T10:37:41+00:00","author":{"@id":"https:\/\/santapola.es\/ca\/#\/schema\/person\/ad1d67403707b58350c7be5e8dbc442d"},"breadcrumb":{"@id":"https:\/\/santapola.es\/ca\/santa-pola-traura-a-licitacio-el-manteniment-de-les-zones-verdes\/#breadcrumb"},"inLanguage":"ca","potentialAction":[{"@type":"ReadAction","target":["https:\/\/santapola.es\/ca\/santa-pola-traura-a-licitacio-el-manteniment-de-les-zones-verdes\/"]}]},{"@type":"ImageObject","inLanguage":"ca","@id":"https:\/\/santapola.es\/ca\/santa-pola-traura-a-licitacio-el-manteniment-de-les-zones-verdes\/#primaryimage","url":"https:\/\/santapola.es\/wp-content\/uploads\/2025\/04\/2025-04-25-pleno-abril.jpg","contentUrl":"https:\/\/santapola.es\/wp-content\/uploads\/2025\/04\/2025-04-25-pleno-abril.jpg","width":1920,"height":1079},{"@type":"BreadcrumbList","@id":"https:\/\/santapola.es\/ca\/santa-pola-traura-a-licitacio-el-manteniment-de-les-zones-verdes\/#breadcrumb","itemListElement":[{"@type":"ListItem","position":1,"name":"Inici","item":"https:\/\/santapola.es\/ca\/"},{"@type":"ListItem","position":2,"name":"Santa Pola traur\u00e0 a licitaci\u00f3 el manteniment de les zones verdes"}]},{"@type":"WebSite","@id":"https:\/\/santapola.es\/ca\/#website","url":"https:\/\/santapola.es\/ca\/","name":"Ayuntamiento de Santa Pola","description":"Web de l'Ajuntament de Santa Pola","potentialAction":[{"@type":"SearchAction","target":{"@type":"EntryPoint","urlTemplate":"https:\/\/santapola.es\/ca\/?s={search_term_string}"},"query-input":{"@type":"PropertyValueSpecification","valueRequired":true,"valueName":"search_term_string"}}],"inLanguage":"ca"},{"@type":"Person","@id":"https:\/\/santapola.es\/ca\/#\/schema\/person\/ad1d67403707b58350c7be5e8dbc442d","name":"Jos\u00e9 Juan L\u00f3pez Lafuente"}]}},"_links":{"self":[{"href":"https:\/\/santapola.es\/ca\/wp-json\/wp\/v2\/posts\/43234","targetHints":{"allow":["GET"]}}],"collection":[{"href":"https:\/\/santapola.es\/ca\/wp-json\/wp\/v2\/posts"}],"about":[{"href":"https:\/\/santapola.es\/ca\/wp-json\/wp\/v2\/types\/post"}],"author":[{"embeddable":true,"href":"https:\/\/santapola.es\/ca\/wp-json\/wp\/v2\/users\/96"}],"replies":[{"embeddable":true,"href":"https:\/\/santapola.es\/ca\/wp-json\/wp\/v2\/comments?post=43234"}],"version-history":[{"count":0,"href":"https:\/\/santapola.es\/ca\/wp-json\/wp\/v2\/posts\/43234\/revisions"}],"wp:featuredmedia":[{"embeddable":true,"href":"https:\/\/santapola.es\/ca\/wp-json\/wp\/v2\/media\/43232"}],"wp:attachment":[{"href":"https:\/\/santapola.es\/ca\/wp-json\/wp\/v2\/media?parent=43234"}],"wp:term":[{"taxonomy":"category","embeddable":true,"href":"https:\/\/santapola.es\/ca\/wp-json\/wp\/v2\/categories?post=43234"},{"taxonomy":"post_tag","embeddable":true,"href":"https:\/\/santapola.es\/ca\/wp-json\/wp\/v2\/tags?post=43234"}],"curies":[{"name":"wp","href":"https:\/\/api.w.org\/{rel}","templated":true}]}}