{"id":43230,"date":"2025-04-25T12:35:36","date_gmt":"2025-04-25T10:35:36","guid":{"rendered":"https:\/\/santapola.es\/?p=43230"},"modified":"2025-04-25T12:35:36","modified_gmt":"2025-04-25T10:35:36","slug":"santa-pola-sacara-a-licitacion-el-mantenimiento-de-las-zonas-verdes","status":"publish","type":"post","link":"https:\/\/santapola.es\/ca\/santa-pola-sacara-a-licitacion-el-mantenimiento-de-las-zonas-verdes\/","title":{"rendered":"Santa Pola sacar\u00e1 a licitaci\u00f3n el mantenimiento de las zonas verdes"},"content":{"rendered":"<p><b>El pleno ha aprobado por mayor\u00eda iniciar el expediente para externalizar el servicio en todo el municipio, ante la imposibilidad de que el Ayuntamiento pueda contratar personal suficiente para llevarlo a cabo por las restricciones de plantilla que impone el Gobierno.\u00a0<\/b><\/p>\n<p><span style=\"font-weight: 400;\">El punto m\u00e1s relevante del pleno ordinario de abril celebrado ayer fue la aprobaci\u00f3n del inicio del expediente de contrataci\u00f3n del servicio de mantenimiento, conservaci\u00f3n y limpieza de espacios ajardinados, zonas verdes y arbolado viario del municipio, que se aprob\u00f3 por mayor\u00eda con los votos favorables de PP, PSOE y Vox y en contra \u00fanicamente de M\u00e9s Santa Pola.<\/span><\/p>\n<p><span style=\"font-weight: 400;\">La alcaldesa Loreto Serrano justific\u00f3 esta decisi\u00f3n en la imposibilidad jur\u00eddica de poder contratar jardineros suficientes en la plantilla municipal: \u201cal entrar en 2019 heredamos una p\u00e9sima situaci\u00f3n econ\u00f3mica y desde Intervenci\u00f3n y Tesorer\u00eda nos obligaron a prescindir de unos 100 trabajadores en colaboraci\u00f3n social porque no hab\u00eda dinero para pagar las n\u00f3minas de los funcionarios; ese mismo a\u00f1o, el Gobierno Central elimin\u00f3 la colaboraci\u00f3n social y tuvimos que prescindir de otros 100 empleados, lo que nos hizo reducir much\u00edsimo la plantilla y sin que el Gobierno nos permitiera cubrir m\u00e1s plazas. As\u00ed que la \u00fanica soluci\u00f3n que nos queda es externalizar el servicio\u201d.<\/span><\/p>\n<p><span style=\"font-weight: 400;\">La portavoz socialista, Yolanda Seva, tambi\u00e9n coincidi\u00f3 en que \u201ces la \u00fanica forma de cubrir un servicio esencial\u201d, aunque Esteve Ruiz, portavoz de M\u00e9s Santa Pola, justific\u00f3 su voto en contra \u201cpor la privatizaci\u00f3n por medio mill\u00f3n de euros, por culpa del gobierno del estado por prohibir ampliar plazas y por el gobierno municipal porque en 2019 al desaparecer la colaboraci\u00f3n social no se prioriz\u00f3 la jardiner\u00eda\u201d.<\/span><\/p>\n<p><span style=\"font-weight: 400;\">La futura contrata permitir\u00e1 crear una plantilla m\u00ednima de 30 personas para mantener los parques y jardines de Santa Pola.<\/span><\/p>\n<p><span style=\"font-weight: 400;\">En otro orden de cosas, se aprob\u00f3 sancionar con 1.500 euros al adjudicatario de la concesi\u00f3n del Quiosco Bancal de la Arena por incumplimiento de contrato, la revisi\u00f3n de tarifas de la estaci\u00f3n de autobuses para el a\u00f1o 2025 y una modificaci\u00f3n en el cat\u00e1logo de puestos de trabajo para sustituir una plaza de ingeniero t\u00e9cnico de obras p\u00fablicas por una de arquitecto.<\/span><\/p>\n<p><b>Mociones<\/b><\/p>\n<p><span style=\"font-weight: 400;\">El grupo socialista present\u00f3 una moci\u00f3n para convocar el Consejo Local de Deportes y proponer que en todas las competiciones deportivas en Santa Pola sea obligatorio el \u201cdorsal salvavidas\u201d con instrucciones b\u00e1sicas para que cualquier persona pueda realizar una reanimaci\u00f3n cardiopulmonar.\u00a0<\/span><\/p>\n<p><span style=\"font-weight: 400;\">El grupo popular present\u00f3 una enmienda a la totalidad porque, seg\u00fan el edil de Deportes \u00c1ngel Piedecausa \u201cson los clubes quienes deben tomar la decisi\u00f3n a trav\u00e9s del Consejo porque nadie est\u00e1 capacitado para realizar una RCP con solo unas instrucciones, quien lo haga debe estar formado\u201d.\u00a0<\/span><\/p>\n<p><span style=\"font-weight: 400;\">As\u00ed lo ratific\u00f3 el doctor Borja Merino, concejal de Sanidad: \u201csiempre vamos a apoyar cualquier iniciativa que promocione la salud, pero no es seguro hacer una RCP sin formaci\u00f3n adecuada, incluso puede empeorar el estado del paciente\u201d.<\/span><\/p>\n<p><span style=\"font-weight: 400;\">De este modo, se aprob\u00f3 por mayor\u00eda la enmienda de los populares con el \u00fanico voto en contra de los dos ediles de M\u00e9s Santa Pola, estableciendo que se convocar\u00e1 el Consejo Local de Deportes con los clubs y que manifiesten su voluntad al respecto, formar voluntariado en RCP y fomentar los reconocimientos m\u00e9dicos previos a los deportistas\u201d.<\/span><\/p>\n<p><span style=\"font-weight: 400;\">Finalmente se desestim\u00f3 una moci\u00f3n de M\u00e9s Santa Pola que ped\u00eda exigir a la Generalitat Valenciana la finalizaci\u00f3n de las obras de desdoblamiento de la carretera Santa Pola-Elche, con votos en contra de los populares, abstenci\u00f3n de Vox y voto a favor de PSOE y M\u00e9s.<\/span><\/p>\n<p><span style=\"font-weight: 400;\">Esteve Ruiz declar\u00f3 que \u201ces una moci\u00f3n pr\u00e1cticamente de emergencia, hay un tramo de la carretera en expropiaci\u00f3n y no hay consignaci\u00f3n para m\u00e1s tramos, no podemos permitir que esta infraestructura se quede as\u00ed\u201d.<\/span><\/p>\n<p><span style=\"font-weight: 400;\">La concejal de Infraestructuras, Trini Ortiz, justific\u00f3 el voto en contra porque \u201ces de vital importancia el desdoblamiento de la carretera de Elche, as\u00ed como arreglar el cruce de la N-332. Hay problemas reales con la expropiaci\u00f3n que se inici\u00f3 en 2020 y no se ha acabado, adjudicaron una obra sin tener los terrenos, una chapuza m\u00e1s del Bot\u00e0nic. Quedan tres tramos, el primero en expropiaci\u00f3n, del segundo se va a empezar la licitaci\u00f3n de las obras y el \u00faltimo tramo con los problemas del barranco de San Ant\u00f3n que deben solucionar la Confederaci\u00f3n Hidrogr\u00e1fica y el Ayuntamiento de Elche\u201d.<\/span><\/p>\n","protected":false},"excerpt":{"rendered":"<p>El pleno ha aprobado por mayor\u00eda iniciar el expediente para externalizar el servicio en todo el municipio, ante la imposibilidad de que el Ayuntamiento pueda contratar personal suficiente para llevarlo a cabo por las restricciones de plantilla que impone el Gobierno.\u00a0 El punto m\u00e1s relevante del pleno ordinario de abril celebrado ayer fue la aprobaci\u00f3n [&hellip;]<\/p>\n","protected":false},"author":96,"featured_media":43231,"comment_status":"closed","ping_status":"closed","sticky":false,"template":"","format":"standard","meta":{"_et_pb_use_builder":"","_et_pb_old_content":"","_et_gb_content_width":"","footnotes":""},"categories":[261,100],"tags":[1414],"class_list":["post-43230","post","type-post","status-publish","format-standard","has-post-thumbnail","hentry","category-parques-y-jardines","category-plenos","tag-licitacion-jardineria"],"yoast_head":"<!-- This site is optimized with the Yoast SEO plugin v27.4 - https:\/\/yoast.com\/product\/yoast-seo-wordpress\/ -->\n<title>Santa Pola sacar\u00e1 a licitaci\u00f3n el mantenimiento de las zonas verdes - Ajuntament de Santa Pola<\/title>\n<meta name=\"robots\" content=\"index, follow, max-snippet:-1, max-image-preview:large, max-video-preview:-1\" \/>\n<link rel=\"canonical\" href=\"https:\/\/santapola.es\/ca\/santa-pola-sacara-a-licitacion-el-mantenimiento-de-las-zonas-verdes\/\" \/>\n<meta property=\"og:locale\" content=\"ca_ES\" \/>\n<meta property=\"og:type\" content=\"article\" \/>\n<meta property=\"og:title\" content=\"Santa Pola sacar\u00e1 a licitaci\u00f3n el mantenimiento de las zonas verdes - Ajuntament de Santa Pola\" \/>\n<meta property=\"og:description\" content=\"El pleno ha aprobado por mayor\u00eda iniciar el expediente para externalizar el servicio en todo el municipio, ante la imposibilidad de que el Ayuntamiento pueda contratar personal suficiente para llevarlo a cabo por las restricciones de plantilla que impone el Gobierno.\u00a0 El punto m\u00e1s relevante del pleno ordinario de abril celebrado ayer fue la aprobaci\u00f3n [&hellip;]\" \/>\n<meta property=\"og:url\" content=\"https:\/\/santapola.es\/ca\/santa-pola-sacara-a-licitacion-el-mantenimiento-de-las-zonas-verdes\/\" \/>\n<meta property=\"og:site_name\" content=\"Ajuntament de Santa Pola\" \/>\n<meta property=\"article:publisher\" content=\"https:\/\/www.facebook.com\/AyuntamientoSantaPola\/\" \/>\n<meta property=\"article:published_time\" content=\"2025-04-25T10:35:36+00:00\" \/>\n<meta property=\"og:image\" content=\"https:\/\/santapola.es\/wp-content\/uploads\/2025\/04\/2025-04-25-pleno-abril.jpg\" \/>\n\t<meta property=\"og:image:width\" content=\"1920\" \/>\n\t<meta property=\"og:image:height\" content=\"1079\" \/>\n\t<meta property=\"og:image:type\" content=\"image\/jpeg\" \/>\n<meta name=\"author\" content=\"Jos\u00e9 Juan L\u00f3pez Lafuente\" \/>\n<meta name=\"twitter:card\" content=\"summary_large_image\" \/>\n<meta name=\"twitter:creator\" content=\"@SantaPolaAyunt\" \/>\n<meta name=\"twitter:site\" content=\"@SantaPolaAyunt\" \/>\n<script type=\"application\/ld+json\" class=\"yoast-schema-graph\">{\"@context\":\"https:\\\/\\\/schema.org\",\"@graph\":[{\"@type\":\"Article\",\"@id\":\"https:\\\/\\\/santapola.es\\\/ca\\\/santa-pola-sacara-a-licitacion-el-mantenimiento-de-las-zonas-verdes\\\/#article\",\"isPartOf\":{\"@id\":\"https:\\\/\\\/santapola.es\\\/ca\\\/santa-pola-sacara-a-licitacion-el-mantenimiento-de-las-zonas-verdes\\\/\"},\"author\":{\"name\":\"Jos\u00e9 Juan L\u00f3pez Lafuente\",\"@id\":\"https:\\\/\\\/santapola.es\\\/ca\\\/#\\\/schema\\\/person\\\/ad1d67403707b58350c7be5e8dbc442d\"},\"headline\":\"Santa Pola sacar\u00e1 a licitaci\u00f3n el mantenimiento de las zonas verdes\",\"datePublished\":\"2025-04-25T10:35:36+00:00\",\"mainEntityOfPage\":{\"@id\":\"https:\\\/\\\/santapola.es\\\/ca\\\/santa-pola-sacara-a-licitacion-el-mantenimiento-de-las-zonas-verdes\\\/\"},\"wordCount\":788,\"image\":{\"@id\":\"https:\\\/\\\/santapola.es\\\/ca\\\/santa-pola-sacara-a-licitacion-el-mantenimiento-de-las-zonas-verdes\\\/#primaryimage\"},\"thumbnailUrl\":\"https:\\\/\\\/santapola.es\\\/wp-content\\\/uploads\\\/2025\\\/04\\\/2025-04-25-pleno-abril.jpg\",\"keywords\":[\"licitaci\u00f3n jardiner\u00eda\"],\"articleSection\":[\"Parques y Jardines\",\"Plenos\"],\"inLanguage\":\"ca\"},{\"@type\":\"WebPage\",\"@id\":\"https:\\\/\\\/santapola.es\\\/ca\\\/santa-pola-sacara-a-licitacion-el-mantenimiento-de-las-zonas-verdes\\\/\",\"url\":\"https:\\\/\\\/santapola.es\\\/ca\\\/santa-pola-sacara-a-licitacion-el-mantenimiento-de-las-zonas-verdes\\\/\",\"name\":\"Santa Pola sacar\u00e1 a licitaci\u00f3n el mantenimiento de las zonas verdes - Ajuntament de Santa Pola\",\"isPartOf\":{\"@id\":\"https:\\\/\\\/santapola.es\\\/ca\\\/#website\"},\"primaryImageOfPage\":{\"@id\":\"https:\\\/\\\/santapola.es\\\/ca\\\/santa-pola-sacara-a-licitacion-el-mantenimiento-de-las-zonas-verdes\\\/#primaryimage\"},\"image\":{\"@id\":\"https:\\\/\\\/santapola.es\\\/ca\\\/santa-pola-sacara-a-licitacion-el-mantenimiento-de-las-zonas-verdes\\\/#primaryimage\"},\"thumbnailUrl\":\"https:\\\/\\\/santapola.es\\\/wp-content\\\/uploads\\\/2025\\\/04\\\/2025-04-25-pleno-abril.jpg\",\"datePublished\":\"2025-04-25T10:35:36+00:00\",\"author\":{\"@id\":\"https:\\\/\\\/santapola.es\\\/ca\\\/#\\\/schema\\\/person\\\/ad1d67403707b58350c7be5e8dbc442d\"},\"breadcrumb\":{\"@id\":\"https:\\\/\\\/santapola.es\\\/ca\\\/santa-pola-sacara-a-licitacion-el-mantenimiento-de-las-zonas-verdes\\\/#breadcrumb\"},\"inLanguage\":\"ca\",\"potentialAction\":[{\"@type\":\"ReadAction\",\"target\":[\"https:\\\/\\\/santapola.es\\\/ca\\\/santa-pola-sacara-a-licitacion-el-mantenimiento-de-las-zonas-verdes\\\/\"]}]},{\"@type\":\"ImageObject\",\"inLanguage\":\"ca\",\"@id\":\"https:\\\/\\\/santapola.es\\\/ca\\\/santa-pola-sacara-a-licitacion-el-mantenimiento-de-las-zonas-verdes\\\/#primaryimage\",\"url\":\"https:\\\/\\\/santapola.es\\\/wp-content\\\/uploads\\\/2025\\\/04\\\/2025-04-25-pleno-abril.jpg\",\"contentUrl\":\"https:\\\/\\\/santapola.es\\\/wp-content\\\/uploads\\\/2025\\\/04\\\/2025-04-25-pleno-abril.jpg\",\"width\":1920,\"height\":1079},{\"@type\":\"BreadcrumbList\",\"@id\":\"https:\\\/\\\/santapola.es\\\/ca\\\/santa-pola-sacara-a-licitacion-el-mantenimiento-de-las-zonas-verdes\\\/#breadcrumb\",\"itemListElement\":[{\"@type\":\"ListItem\",\"position\":1,\"name\":\"Inici\",\"item\":\"https:\\\/\\\/santapola.es\\\/ca\\\/\"},{\"@type\":\"ListItem\",\"position\":2,\"name\":\"Santa Pola sacar\u00e1 a licitaci\u00f3n el mantenimiento de las zonas verdes\"}]},{\"@type\":\"WebSite\",\"@id\":\"https:\\\/\\\/santapola.es\\\/ca\\\/#website\",\"url\":\"https:\\\/\\\/santapola.es\\\/ca\\\/\",\"name\":\"Ayuntamiento de Santa Pola\",\"description\":\"Web de l'Ajuntament de Santa Pola\",\"potentialAction\":[{\"@type\":\"SearchAction\",\"target\":{\"@type\":\"EntryPoint\",\"urlTemplate\":\"https:\\\/\\\/santapola.es\\\/ca\\\/?s={search_term_string}\"},\"query-input\":{\"@type\":\"PropertyValueSpecification\",\"valueRequired\":true,\"valueName\":\"search_term_string\"}}],\"inLanguage\":\"ca\"},{\"@type\":\"Person\",\"@id\":\"https:\\\/\\\/santapola.es\\\/ca\\\/#\\\/schema\\\/person\\\/ad1d67403707b58350c7be5e8dbc442d\",\"name\":\"Jos\u00e9 Juan L\u00f3pez Lafuente\"}]}<\/script>\n<!-- \/ Yoast SEO plugin. -->","yoast_head_json":{"title":"Santa Pola sacar\u00e1 a licitaci\u00f3n el mantenimiento de las zonas verdes - Ajuntament de Santa Pola","robots":{"index":"index","follow":"follow","max-snippet":"max-snippet:-1","max-image-preview":"max-image-preview:large","max-video-preview":"max-video-preview:-1"},"canonical":"https:\/\/santapola.es\/ca\/santa-pola-sacara-a-licitacion-el-mantenimiento-de-las-zonas-verdes\/","og_locale":"ca_ES","og_type":"article","og_title":"Santa Pola sacar\u00e1 a licitaci\u00f3n el mantenimiento de las zonas verdes - Ajuntament de Santa Pola","og_description":"El pleno ha aprobado por mayor\u00eda iniciar el expediente para externalizar el servicio en todo el municipio, ante la imposibilidad de que el Ayuntamiento pueda contratar personal suficiente para llevarlo a cabo por las restricciones de plantilla que impone el Gobierno.\u00a0 El punto m\u00e1s relevante del pleno ordinario de abril celebrado ayer fue la aprobaci\u00f3n [&hellip;]","og_url":"https:\/\/santapola.es\/ca\/santa-pola-sacara-a-licitacion-el-mantenimiento-de-las-zonas-verdes\/","og_site_name":"Ajuntament de Santa Pola","article_publisher":"https:\/\/www.facebook.com\/AyuntamientoSantaPola\/","article_published_time":"2025-04-25T10:35:36+00:00","og_image":[{"width":1920,"height":1079,"url":"https:\/\/santapola.es\/wp-content\/uploads\/2025\/04\/2025-04-25-pleno-abril.jpg","type":"image\/jpeg"}],"author":"Jos\u00e9 Juan L\u00f3pez Lafuente","twitter_card":"summary_large_image","twitter_creator":"@SantaPolaAyunt","twitter_site":"@SantaPolaAyunt","schema":{"@context":"https:\/\/schema.org","@graph":[{"@type":"Article","@id":"https:\/\/santapola.es\/ca\/santa-pola-sacara-a-licitacion-el-mantenimiento-de-las-zonas-verdes\/#article","isPartOf":{"@id":"https:\/\/santapola.es\/ca\/santa-pola-sacara-a-licitacion-el-mantenimiento-de-las-zonas-verdes\/"},"author":{"name":"Jos\u00e9 Juan L\u00f3pez Lafuente","@id":"https:\/\/santapola.es\/ca\/#\/schema\/person\/ad1d67403707b58350c7be5e8dbc442d"},"headline":"Santa Pola sacar\u00e1 a licitaci\u00f3n el mantenimiento de las zonas verdes","datePublished":"2025-04-25T10:35:36+00:00","mainEntityOfPage":{"@id":"https:\/\/santapola.es\/ca\/santa-pola-sacara-a-licitacion-el-mantenimiento-de-las-zonas-verdes\/"},"wordCount":788,"image":{"@id":"https:\/\/santapola.es\/ca\/santa-pola-sacara-a-licitacion-el-mantenimiento-de-las-zonas-verdes\/#primaryimage"},"thumbnailUrl":"https:\/\/santapola.es\/wp-content\/uploads\/2025\/04\/2025-04-25-pleno-abril.jpg","keywords":["licitaci\u00f3n jardiner\u00eda"],"articleSection":["Parques y Jardines","Plenos"],"inLanguage":"ca"},{"@type":"WebPage","@id":"https:\/\/santapola.es\/ca\/santa-pola-sacara-a-licitacion-el-mantenimiento-de-las-zonas-verdes\/","url":"https:\/\/santapola.es\/ca\/santa-pola-sacara-a-licitacion-el-mantenimiento-de-las-zonas-verdes\/","name":"Santa Pola sacar\u00e1 a licitaci\u00f3n el mantenimiento de las zonas verdes - Ajuntament de Santa Pola","isPartOf":{"@id":"https:\/\/santapola.es\/ca\/#website"},"primaryImageOfPage":{"@id":"https:\/\/santapola.es\/ca\/santa-pola-sacara-a-licitacion-el-mantenimiento-de-las-zonas-verdes\/#primaryimage"},"image":{"@id":"https:\/\/santapola.es\/ca\/santa-pola-sacara-a-licitacion-el-mantenimiento-de-las-zonas-verdes\/#primaryimage"},"thumbnailUrl":"https:\/\/santapola.es\/wp-content\/uploads\/2025\/04\/2025-04-25-pleno-abril.jpg","datePublished":"2025-04-25T10:35:36+00:00","author":{"@id":"https:\/\/santapola.es\/ca\/#\/schema\/person\/ad1d67403707b58350c7be5e8dbc442d"},"breadcrumb":{"@id":"https:\/\/santapola.es\/ca\/santa-pola-sacara-a-licitacion-el-mantenimiento-de-las-zonas-verdes\/#breadcrumb"},"inLanguage":"ca","potentialAction":[{"@type":"ReadAction","target":["https:\/\/santapola.es\/ca\/santa-pola-sacara-a-licitacion-el-mantenimiento-de-las-zonas-verdes\/"]}]},{"@type":"ImageObject","inLanguage":"ca","@id":"https:\/\/santapola.es\/ca\/santa-pola-sacara-a-licitacion-el-mantenimiento-de-las-zonas-verdes\/#primaryimage","url":"https:\/\/santapola.es\/wp-content\/uploads\/2025\/04\/2025-04-25-pleno-abril.jpg","contentUrl":"https:\/\/santapola.es\/wp-content\/uploads\/2025\/04\/2025-04-25-pleno-abril.jpg","width":1920,"height":1079},{"@type":"BreadcrumbList","@id":"https:\/\/santapola.es\/ca\/santa-pola-sacara-a-licitacion-el-mantenimiento-de-las-zonas-verdes\/#breadcrumb","itemListElement":[{"@type":"ListItem","position":1,"name":"Inici","item":"https:\/\/santapola.es\/ca\/"},{"@type":"ListItem","position":2,"name":"Santa Pola sacar\u00e1 a licitaci\u00f3n el mantenimiento de las zonas verdes"}]},{"@type":"WebSite","@id":"https:\/\/santapola.es\/ca\/#website","url":"https:\/\/santapola.es\/ca\/","name":"Ayuntamiento de Santa Pola","description":"Web de l'Ajuntament de Santa Pola","potentialAction":[{"@type":"SearchAction","target":{"@type":"EntryPoint","urlTemplate":"https:\/\/santapola.es\/ca\/?s={search_term_string}"},"query-input":{"@type":"PropertyValueSpecification","valueRequired":true,"valueName":"search_term_string"}}],"inLanguage":"ca"},{"@type":"Person","@id":"https:\/\/santapola.es\/ca\/#\/schema\/person\/ad1d67403707b58350c7be5e8dbc442d","name":"Jos\u00e9 Juan L\u00f3pez Lafuente"}]}},"_links":{"self":[{"href":"https:\/\/santapola.es\/ca\/wp-json\/wp\/v2\/posts\/43230","targetHints":{"allow":["GET"]}}],"collection":[{"href":"https:\/\/santapola.es\/ca\/wp-json\/wp\/v2\/posts"}],"about":[{"href":"https:\/\/santapola.es\/ca\/wp-json\/wp\/v2\/types\/post"}],"author":[{"embeddable":true,"href":"https:\/\/santapola.es\/ca\/wp-json\/wp\/v2\/users\/96"}],"replies":[{"embeddable":true,"href":"https:\/\/santapola.es\/ca\/wp-json\/wp\/v2\/comments?post=43230"}],"version-history":[{"count":0,"href":"https:\/\/santapola.es\/ca\/wp-json\/wp\/v2\/posts\/43230\/revisions"}],"wp:featuredmedia":[{"embeddable":true,"href":"https:\/\/santapola.es\/ca\/wp-json\/wp\/v2\/media\/43231"}],"wp:attachment":[{"href":"https:\/\/santapola.es\/ca\/wp-json\/wp\/v2\/media?parent=43230"}],"wp:term":[{"taxonomy":"category","embeddable":true,"href":"https:\/\/santapola.es\/ca\/wp-json\/wp\/v2\/categories?post=43230"},{"taxonomy":"post_tag","embeddable":true,"href":"https:\/\/santapola.es\/ca\/wp-json\/wp\/v2\/tags?post=43230"}],"curies":[{"name":"wp","href":"https:\/\/api.w.org\/{rel}","templated":true}]}}