{"id":43203,"date":"2025-04-23T13:01:38","date_gmt":"2025-04-23T11:01:38","guid":{"rendered":"https:\/\/santapola.es\/?p=43203"},"modified":"2025-04-23T13:01:38","modified_gmt":"2025-04-23T11:01:38","slug":"la-realitat-virtual-ludificada-torna-al-maig-al-castell-fortalesa-de-santa-pola","status":"publish","type":"post","link":"https:\/\/santapola.es\/ca\/la-realitat-virtual-ludificada-torna-al-maig-al-castell-fortalesa-de-santa-pola\/","title":{"rendered":"La realitat virtual ludificada torna al maig al Castell Fortalesa de Santa Pola"},"content":{"rendered":"<p><strong>El Museu de la Mar torna a obrir el mes vinent les visites amb una aplicaci\u00f3 que permet, a trav\u00e9s d&#8217;ulleres de realitat virtual, interactuar amb els pobladors de la fortalesa en els segles XVI, XVII i XIX.\u00a0<\/strong><\/p>\n<p>El Museu de la Mar de Santa Pola torna a posar en marxa les visites de realitat virtual ludificada al Castell Fortalesa, despr\u00e9s de l&#8217;exitosa experi\u00e8ncia pilot que es va llan\u00e7ar el mes de mar\u00e7 passat. El projecte de recreaci\u00f3 hist\u00f2rica oferix una innovadora oportunitat per a explorar i reviure diferents etapes de l&#8217;evoluci\u00f3 de la fortalesa, abastant els segles XVI, XVII i XIX.<\/p>\n<p>La recreaci\u00f3 3D oferix la possibilitat de reconstruir digitalment elements perduts o deteriorats de la fortalesa, com a torres, muralles o detalls arquitect\u00f2nics. Aix\u00f2 proporciona una visi\u00f3 completa del patrimoni tal com va existir en el seu apogeu, permetent una millor apreciaci\u00f3 del seu valor hist\u00f2ric.<\/p>\n<p>El segle XVI obri una experi\u00e8ncia de ludificaci\u00f3 que juga amb els personatges de la fortalesa, el XVII recrea un fet hist\u00f2ric tan important com l&#8217;expulsi\u00f3 dels moriscos, mentres que el segle XIX ens porta a con\u00e9ixer a les cambreres de la Verge de Loreto i la seua capella.<\/p>\n<p><strong>Cinc passes diaris<\/strong><\/p>\n<p>Les visites virtuals gratu\u00eftes tindran lloc els dies 7, 8, 14, 15, 21, 22, 28, 29 i 30 de maig, amb cinc passes de mitja hora de duraci\u00f3 al dia, a les vesprades de 16.30 a 18.30 hores. S&#8217;hauran de fer les reserves al 965 41 62 23.<\/p>\n<p>Este projecte ha sigut desenrotllat per l&#8217;\u00c0rea de Turisme, el Museu de la Mar i l&#8217;empresa ARVision, i finan\u00e7at a trav\u00e9s del Pla de Sostenibilitat Tur\u00edstica en Dest\u00ed (PSTD) amb fons europeus Next Generation.<\/p>\n<p><img loading=\"lazy\" decoding=\"async\" class=\"aligncenter size-large wp-image-43201\" src=\"https:\/\/santapola.es\/wp-content\/uploads\/2025\/04\/banner_RV_castillosantapola_MAY25_MURO-819x1024.png\" alt=\"\" width=\"819\" height=\"1024\" \/><\/p>\n","protected":false},"excerpt":{"rendered":"<p>El Museu de la Mar torna a obrir el mes vinent les visites amb una aplicaci\u00f3 que permet, a trav\u00e9s d&#8217;ulleres de realitat virtual, interactuar amb els pobladors de la fortalesa en els segles XVI, XVII i XIX.\u00a0 El Museu de la Mar de Santa Pola torna a posar en marxa les visites de realitat [&hellip;]<\/p>\n","protected":false},"author":96,"featured_media":43199,"comment_status":"closed","ping_status":"closed","sticky":false,"template":"","format":"standard","meta":{"_et_pb_use_builder":"","_et_pb_old_content":"","_et_gb_content_width":"","footnotes":""},"categories":[1],"tags":[518,627,1148,1268],"class_list":["post-43203","post","type-post","status-publish","format-standard","has-post-thumbnail","hentry","category-sin-categorizar","tag-castell-fortalesa","tag-next-generation-eu","tag-pla-de-sostenibilitat-turistica-en-desti","tag-realitat-virtual"],"yoast_head":"<!-- This site is optimized with the Yoast SEO plugin v27.4 - https:\/\/yoast.com\/product\/yoast-seo-wordpress\/ -->\n<title>La realitat virtual ludificada torna al maig al Castell Fortalesa de Santa Pola - Ajuntament de Santa Pola<\/title>\n<meta name=\"robots\" content=\"index, follow, max-snippet:-1, max-image-preview:large, max-video-preview:-1\" \/>\n<link rel=\"canonical\" href=\"https:\/\/santapola.es\/ca\/la-realitat-virtual-ludificada-torna-al-maig-al-castell-fortalesa-de-santa-pola\/\" \/>\n<meta property=\"og:locale\" content=\"ca_ES\" \/>\n<meta property=\"og:type\" content=\"article\" \/>\n<meta property=\"og:title\" content=\"La realitat virtual ludificada torna al maig al Castell Fortalesa de Santa Pola - Ajuntament de Santa Pola\" \/>\n<meta property=\"og:description\" content=\"El Museu de la Mar torna a obrir el mes vinent les visites amb una aplicaci\u00f3 que permet, a trav\u00e9s d&#8217;ulleres de realitat virtual, interactuar amb els pobladors de la fortalesa en els segles XVI, XVII i XIX.\u00a0 El Museu de la Mar de Santa Pola torna a posar en marxa les visites de realitat [&hellip;]\" \/>\n<meta property=\"og:url\" content=\"https:\/\/santapola.es\/ca\/la-realitat-virtual-ludificada-torna-al-maig-al-castell-fortalesa-de-santa-pola\/\" \/>\n<meta property=\"og:site_name\" content=\"Ajuntament de Santa Pola\" \/>\n<meta property=\"article:publisher\" content=\"https:\/\/www.facebook.com\/AyuntamientoSantaPola\/\" \/>\n<meta property=\"article:published_time\" content=\"2025-04-23T11:01:38+00:00\" \/>\n<meta property=\"og:image\" content=\"https:\/\/santapola.es\/wp-content\/uploads\/2025\/04\/realidad-virtual.jpg\" \/>\n\t<meta property=\"og:image:width\" content=\"1044\" \/>\n\t<meta property=\"og:image:height\" content=\"1044\" \/>\n\t<meta property=\"og:image:type\" content=\"image\/jpeg\" \/>\n<meta name=\"author\" content=\"Jos\u00e9 Juan L\u00f3pez Lafuente\" \/>\n<meta name=\"twitter:card\" content=\"summary_large_image\" \/>\n<meta name=\"twitter:creator\" content=\"@SantaPolaAyunt\" \/>\n<meta name=\"twitter:site\" content=\"@SantaPolaAyunt\" \/>\n<script type=\"application\/ld+json\" class=\"yoast-schema-graph\">{\"@context\":\"https:\\\/\\\/schema.org\",\"@graph\":[{\"@type\":\"Article\",\"@id\":\"https:\\\/\\\/santapola.es\\\/ca\\\/la-realitat-virtual-ludificada-torna-al-maig-al-castell-fortalesa-de-santa-pola\\\/#article\",\"isPartOf\":{\"@id\":\"https:\\\/\\\/santapola.es\\\/ca\\\/la-realitat-virtual-ludificada-torna-al-maig-al-castell-fortalesa-de-santa-pola\\\/\"},\"author\":{\"name\":\"Jos\u00e9 Juan L\u00f3pez Lafuente\",\"@id\":\"https:\\\/\\\/santapola.es\\\/ca\\\/#\\\/schema\\\/person\\\/ad1d67403707b58350c7be5e8dbc442d\"},\"headline\":\"La realitat virtual ludificada torna al maig al Castell Fortalesa de Santa Pola\",\"datePublished\":\"2025-04-23T11:01:38+00:00\",\"mainEntityOfPage\":{\"@id\":\"https:\\\/\\\/santapola.es\\\/ca\\\/la-realitat-virtual-ludificada-torna-al-maig-al-castell-fortalesa-de-santa-pola\\\/\"},\"wordCount\":301,\"image\":{\"@id\":\"https:\\\/\\\/santapola.es\\\/ca\\\/la-realitat-virtual-ludificada-torna-al-maig-al-castell-fortalesa-de-santa-pola\\\/#primaryimage\"},\"thumbnailUrl\":\"https:\\\/\\\/santapola.es\\\/wp-content\\\/uploads\\\/2025\\\/04\\\/realidad-virtual.jpg\",\"keywords\":[\"Castell-Fortalesa\",\"Next Generation EU\",\"Pla de Sostenibilitat Tur\u00edstica en Dest\u00ed\",\"realitat virtual\"],\"articleSection\":[\"Sin categorizar\"],\"inLanguage\":\"ca\"},{\"@type\":\"WebPage\",\"@id\":\"https:\\\/\\\/santapola.es\\\/ca\\\/la-realitat-virtual-ludificada-torna-al-maig-al-castell-fortalesa-de-santa-pola\\\/\",\"url\":\"https:\\\/\\\/santapola.es\\\/ca\\\/la-realitat-virtual-ludificada-torna-al-maig-al-castell-fortalesa-de-santa-pola\\\/\",\"name\":\"La realitat virtual ludificada torna al maig al Castell Fortalesa de Santa Pola - Ajuntament de Santa Pola\",\"isPartOf\":{\"@id\":\"https:\\\/\\\/santapola.es\\\/ca\\\/#website\"},\"primaryImageOfPage\":{\"@id\":\"https:\\\/\\\/santapola.es\\\/ca\\\/la-realitat-virtual-ludificada-torna-al-maig-al-castell-fortalesa-de-santa-pola\\\/#primaryimage\"},\"image\":{\"@id\":\"https:\\\/\\\/santapola.es\\\/ca\\\/la-realitat-virtual-ludificada-torna-al-maig-al-castell-fortalesa-de-santa-pola\\\/#primaryimage\"},\"thumbnailUrl\":\"https:\\\/\\\/santapola.es\\\/wp-content\\\/uploads\\\/2025\\\/04\\\/realidad-virtual.jpg\",\"datePublished\":\"2025-04-23T11:01:38+00:00\",\"author\":{\"@id\":\"https:\\\/\\\/santapola.es\\\/ca\\\/#\\\/schema\\\/person\\\/ad1d67403707b58350c7be5e8dbc442d\"},\"breadcrumb\":{\"@id\":\"https:\\\/\\\/santapola.es\\\/ca\\\/la-realitat-virtual-ludificada-torna-al-maig-al-castell-fortalesa-de-santa-pola\\\/#breadcrumb\"},\"inLanguage\":\"ca\",\"potentialAction\":[{\"@type\":\"ReadAction\",\"target\":[\"https:\\\/\\\/santapola.es\\\/ca\\\/la-realitat-virtual-ludificada-torna-al-maig-al-castell-fortalesa-de-santa-pola\\\/\"]}]},{\"@type\":\"ImageObject\",\"inLanguage\":\"ca\",\"@id\":\"https:\\\/\\\/santapola.es\\\/ca\\\/la-realitat-virtual-ludificada-torna-al-maig-al-castell-fortalesa-de-santa-pola\\\/#primaryimage\",\"url\":\"https:\\\/\\\/santapola.es\\\/wp-content\\\/uploads\\\/2025\\\/04\\\/realidad-virtual.jpg\",\"contentUrl\":\"https:\\\/\\\/santapola.es\\\/wp-content\\\/uploads\\\/2025\\\/04\\\/realidad-virtual.jpg\",\"width\":1044,\"height\":1044},{\"@type\":\"BreadcrumbList\",\"@id\":\"https:\\\/\\\/santapola.es\\\/ca\\\/la-realitat-virtual-ludificada-torna-al-maig-al-castell-fortalesa-de-santa-pola\\\/#breadcrumb\",\"itemListElement\":[{\"@type\":\"ListItem\",\"position\":1,\"name\":\"Inici\",\"item\":\"https:\\\/\\\/santapola.es\\\/ca\\\/\"},{\"@type\":\"ListItem\",\"position\":2,\"name\":\"La realitat virtual ludificada torna al maig al Castell Fortalesa de Santa Pola\"}]},{\"@type\":\"WebSite\",\"@id\":\"https:\\\/\\\/santapola.es\\\/ca\\\/#website\",\"url\":\"https:\\\/\\\/santapola.es\\\/ca\\\/\",\"name\":\"Ayuntamiento de Santa Pola\",\"description\":\"Web de l'Ajuntament de Santa Pola\",\"potentialAction\":[{\"@type\":\"SearchAction\",\"target\":{\"@type\":\"EntryPoint\",\"urlTemplate\":\"https:\\\/\\\/santapola.es\\\/ca\\\/?s={search_term_string}\"},\"query-input\":{\"@type\":\"PropertyValueSpecification\",\"valueRequired\":true,\"valueName\":\"search_term_string\"}}],\"inLanguage\":\"ca\"},{\"@type\":\"Person\",\"@id\":\"https:\\\/\\\/santapola.es\\\/ca\\\/#\\\/schema\\\/person\\\/ad1d67403707b58350c7be5e8dbc442d\",\"name\":\"Jos\u00e9 Juan L\u00f3pez Lafuente\"}]}<\/script>\n<!-- \/ Yoast SEO plugin. -->","yoast_head_json":{"title":"La realitat virtual ludificada torna al maig al Castell Fortalesa de Santa Pola - Ajuntament de Santa Pola","robots":{"index":"index","follow":"follow","max-snippet":"max-snippet:-1","max-image-preview":"max-image-preview:large","max-video-preview":"max-video-preview:-1"},"canonical":"https:\/\/santapola.es\/ca\/la-realitat-virtual-ludificada-torna-al-maig-al-castell-fortalesa-de-santa-pola\/","og_locale":"ca_ES","og_type":"article","og_title":"La realitat virtual ludificada torna al maig al Castell Fortalesa de Santa Pola - Ajuntament de Santa Pola","og_description":"El Museu de la Mar torna a obrir el mes vinent les visites amb una aplicaci\u00f3 que permet, a trav\u00e9s d&#8217;ulleres de realitat virtual, interactuar amb els pobladors de la fortalesa en els segles XVI, XVII i XIX.\u00a0 El Museu de la Mar de Santa Pola torna a posar en marxa les visites de realitat [&hellip;]","og_url":"https:\/\/santapola.es\/ca\/la-realitat-virtual-ludificada-torna-al-maig-al-castell-fortalesa-de-santa-pola\/","og_site_name":"Ajuntament de Santa Pola","article_publisher":"https:\/\/www.facebook.com\/AyuntamientoSantaPola\/","article_published_time":"2025-04-23T11:01:38+00:00","og_image":[{"width":1044,"height":1044,"url":"https:\/\/santapola.es\/wp-content\/uploads\/2025\/04\/realidad-virtual.jpg","type":"image\/jpeg"}],"author":"Jos\u00e9 Juan L\u00f3pez Lafuente","twitter_card":"summary_large_image","twitter_creator":"@SantaPolaAyunt","twitter_site":"@SantaPolaAyunt","schema":{"@context":"https:\/\/schema.org","@graph":[{"@type":"Article","@id":"https:\/\/santapola.es\/ca\/la-realitat-virtual-ludificada-torna-al-maig-al-castell-fortalesa-de-santa-pola\/#article","isPartOf":{"@id":"https:\/\/santapola.es\/ca\/la-realitat-virtual-ludificada-torna-al-maig-al-castell-fortalesa-de-santa-pola\/"},"author":{"name":"Jos\u00e9 Juan L\u00f3pez Lafuente","@id":"https:\/\/santapola.es\/ca\/#\/schema\/person\/ad1d67403707b58350c7be5e8dbc442d"},"headline":"La realitat virtual ludificada torna al maig al Castell Fortalesa de Santa Pola","datePublished":"2025-04-23T11:01:38+00:00","mainEntityOfPage":{"@id":"https:\/\/santapola.es\/ca\/la-realitat-virtual-ludificada-torna-al-maig-al-castell-fortalesa-de-santa-pola\/"},"wordCount":301,"image":{"@id":"https:\/\/santapola.es\/ca\/la-realitat-virtual-ludificada-torna-al-maig-al-castell-fortalesa-de-santa-pola\/#primaryimage"},"thumbnailUrl":"https:\/\/santapola.es\/wp-content\/uploads\/2025\/04\/realidad-virtual.jpg","keywords":["Castell-Fortalesa","Next Generation EU","Pla de Sostenibilitat Tur\u00edstica en Dest\u00ed","realitat virtual"],"articleSection":["Sin categorizar"],"inLanguage":"ca"},{"@type":"WebPage","@id":"https:\/\/santapola.es\/ca\/la-realitat-virtual-ludificada-torna-al-maig-al-castell-fortalesa-de-santa-pola\/","url":"https:\/\/santapola.es\/ca\/la-realitat-virtual-ludificada-torna-al-maig-al-castell-fortalesa-de-santa-pola\/","name":"La realitat virtual ludificada torna al maig al Castell Fortalesa de Santa Pola - Ajuntament de Santa Pola","isPartOf":{"@id":"https:\/\/santapola.es\/ca\/#website"},"primaryImageOfPage":{"@id":"https:\/\/santapola.es\/ca\/la-realitat-virtual-ludificada-torna-al-maig-al-castell-fortalesa-de-santa-pola\/#primaryimage"},"image":{"@id":"https:\/\/santapola.es\/ca\/la-realitat-virtual-ludificada-torna-al-maig-al-castell-fortalesa-de-santa-pola\/#primaryimage"},"thumbnailUrl":"https:\/\/santapola.es\/wp-content\/uploads\/2025\/04\/realidad-virtual.jpg","datePublished":"2025-04-23T11:01:38+00:00","author":{"@id":"https:\/\/santapola.es\/ca\/#\/schema\/person\/ad1d67403707b58350c7be5e8dbc442d"},"breadcrumb":{"@id":"https:\/\/santapola.es\/ca\/la-realitat-virtual-ludificada-torna-al-maig-al-castell-fortalesa-de-santa-pola\/#breadcrumb"},"inLanguage":"ca","potentialAction":[{"@type":"ReadAction","target":["https:\/\/santapola.es\/ca\/la-realitat-virtual-ludificada-torna-al-maig-al-castell-fortalesa-de-santa-pola\/"]}]},{"@type":"ImageObject","inLanguage":"ca","@id":"https:\/\/santapola.es\/ca\/la-realitat-virtual-ludificada-torna-al-maig-al-castell-fortalesa-de-santa-pola\/#primaryimage","url":"https:\/\/santapola.es\/wp-content\/uploads\/2025\/04\/realidad-virtual.jpg","contentUrl":"https:\/\/santapola.es\/wp-content\/uploads\/2025\/04\/realidad-virtual.jpg","width":1044,"height":1044},{"@type":"BreadcrumbList","@id":"https:\/\/santapola.es\/ca\/la-realitat-virtual-ludificada-torna-al-maig-al-castell-fortalesa-de-santa-pola\/#breadcrumb","itemListElement":[{"@type":"ListItem","position":1,"name":"Inici","item":"https:\/\/santapola.es\/ca\/"},{"@type":"ListItem","position":2,"name":"La realitat virtual ludificada torna al maig al Castell Fortalesa de Santa Pola"}]},{"@type":"WebSite","@id":"https:\/\/santapola.es\/ca\/#website","url":"https:\/\/santapola.es\/ca\/","name":"Ayuntamiento de Santa Pola","description":"Web de l'Ajuntament de Santa Pola","potentialAction":[{"@type":"SearchAction","target":{"@type":"EntryPoint","urlTemplate":"https:\/\/santapola.es\/ca\/?s={search_term_string}"},"query-input":{"@type":"PropertyValueSpecification","valueRequired":true,"valueName":"search_term_string"}}],"inLanguage":"ca"},{"@type":"Person","@id":"https:\/\/santapola.es\/ca\/#\/schema\/person\/ad1d67403707b58350c7be5e8dbc442d","name":"Jos\u00e9 Juan L\u00f3pez Lafuente"}]}},"_links":{"self":[{"href":"https:\/\/santapola.es\/ca\/wp-json\/wp\/v2\/posts\/43203","targetHints":{"allow":["GET"]}}],"collection":[{"href":"https:\/\/santapola.es\/ca\/wp-json\/wp\/v2\/posts"}],"about":[{"href":"https:\/\/santapola.es\/ca\/wp-json\/wp\/v2\/types\/post"}],"author":[{"embeddable":true,"href":"https:\/\/santapola.es\/ca\/wp-json\/wp\/v2\/users\/96"}],"replies":[{"embeddable":true,"href":"https:\/\/santapola.es\/ca\/wp-json\/wp\/v2\/comments?post=43203"}],"version-history":[{"count":0,"href":"https:\/\/santapola.es\/ca\/wp-json\/wp\/v2\/posts\/43203\/revisions"}],"wp:featuredmedia":[{"embeddable":true,"href":"https:\/\/santapola.es\/ca\/wp-json\/wp\/v2\/media\/43199"}],"wp:attachment":[{"href":"https:\/\/santapola.es\/ca\/wp-json\/wp\/v2\/media?parent=43203"}],"wp:term":[{"taxonomy":"category","embeddable":true,"href":"https:\/\/santapola.es\/ca\/wp-json\/wp\/v2\/categories?post=43203"},{"taxonomy":"post_tag","embeddable":true,"href":"https:\/\/santapola.es\/ca\/wp-json\/wp\/v2\/tags?post=43203"}],"curies":[{"name":"wp","href":"https:\/\/api.w.org\/{rel}","templated":true}]}}