{"id":43185,"date":"2025-04-23T10:18:43","date_gmt":"2025-04-23T08:18:43","guid":{"rendered":"https:\/\/santapola.es\/?p=43185"},"modified":"2025-04-23T10:21:51","modified_gmt":"2025-04-23T08:21:51","slug":"el-cartell-del-siente-santa-pola-xperience-2025-incorpora-els-concerts-col%c2%b7lectius-a-la-seua-oferta-dhumor","status":"publish","type":"post","link":"https:\/\/santapola.es\/ca\/el-cartell-del-siente-santa-pola-xperience-2025-incorpora-els-concerts-col%c2%b7lectius-a-la-seua-oferta-dhumor\/","title":{"rendered":"El cartell del Siente Santa Pola Xperience 2025 incorpora els concerts col\u00b7lectius a la seua oferta d&#8217;humor"},"content":{"rendered":"<p><strong>David Cepo, Martita de Gran\u00e1, La Gu\u00e0rdia, Alejo Stivel, Burning, La Frontera, Chambao, Mar\u00eda Pelae, Raule o Miguel Campello s\u00f3n alguns dels artistes que actuaran este estiu en l&#8217;Auditori El Palmerar en la segona edici\u00f3 d&#8217;este festival promogut per la Regidoria de Joventut.<\/strong><\/p>\n<p>El regidor de Joventut, Joaqu\u00edn Lozano, ha recordat que \u201cl&#8217;any passat vam posar en marxa este projecte al qual anomenem \u201cSiente Santa Pola Xperience\u201d amb diversos espectacles de mon\u00f2legs en l&#8217;Auditori El Palmerar, l&#8217;experi\u00e8ncia va resultar molt satisfact\u00f2ria i el p\u00fablic va respondre omplint pr\u00e0cticament l&#8217;aforament de tots els esdeveniments\u201d.<\/p>\n<p>\u201cEnguany hem volgut pujar l&#8217;aposta i ampliar l&#8217;oferta del Siente Santa Pola per a arribar a m\u00e9s p\u00fablics, de manera que no sols tindrem mon\u00f2legs, sin\u00f3 tamb\u00e9 concerts col\u00b7lectius que portaran al Palmerar a grups i solistes amb diferents estils musicals al llarg de set esdeveniments que es desenrotllaran entre juliol i agost\u201d, va afegir Lozano.<\/p>\n<p><strong>David Cepo repetix<\/strong><\/p>\n<p>El festival l&#8217;obrir\u00e0 el dissabte 5 de juliol l&#8217;humorista David Cepo, l&#8217;\u00fanic que repetix del programa de 2024 en el qual va ser dels m\u00e9s aplaudits. La m\u00fasica dels huitanta ser\u00e0 protagonista el divendres 11 de juliol amb un potent cartell: La Gu\u00e0rdia, Alejo Stivel (cantant de Tequila), Javier Ojeda (de Danza Invisible), Tam Tam Go i Amistades Peligrosas.<\/p>\n<p>El 12 de juliol sonar\u00e0 a rock amb els cl\u00e0ssics Burning, 091, La Frontera, l&#8217;il\u00b7licit\u00e0 Javier Baeza i Black Ducados, i el mes acabar\u00e0 amb dos interessants espectacles d&#8217;humor: Martita de Gran\u00e1 (dijous 17) i Aguilera &amp; Men\u00ed (divendres 18).<\/p>\n<p>Les dos gales d&#8217;agost seran musicals i amb un tint flamenc amb diferents expressions. El divendres 1 tindrem en El Palmerar a Chambao, Mar\u00eda Pelae, Las Migas i Lachispa, tancant el dissabte 2 amb Raule, Miguel Campello, El Duende Callejero, Salistre, Nolasco i Diego Carrasco.<\/p>\n<p>Les entrades ja s&#8217;han posat a la venda en la web sientesantapolaxp.com\/ i els menors d&#8217;edat no acompanyats hauran de descarregar una autoritzaci\u00f3 perqu\u00e8 la firmen els seus pares o tutors legals.<\/p>\n<p><img loading=\"lazy\" decoding=\"async\" class=\"aligncenter size-large wp-image-43183\" src=\"https:\/\/santapola.es\/wp-content\/uploads\/2025\/04\/Siente-Santa-Pola-Xperience-725x1024.jpeg\" alt=\"\" width=\"725\" height=\"1024\" \/><\/p>\n","protected":false},"excerpt":{"rendered":"<p>David Cepo, Martita de Gran\u00e1, La Gu\u00e0rdia, Alejo Stivel, Burning, La Frontera, Chambao, Mar\u00eda Pelae, Raule o Miguel Campello s\u00f3n alguns dels artistes que actuaran este estiu en l&#8217;Auditori El Palmerar en la segona edici\u00f3 d&#8217;este festival promogut per la Regidoria de Joventut. El regidor de Joventut, Joaqu\u00edn Lozano, ha recordat que \u201cl&#8217;any passat vam [&hellip;]<\/p>\n","protected":false},"author":96,"featured_media":43183,"comment_status":"closed","ping_status":"closed","sticky":false,"template":"","format":"standard","meta":{"_et_pb_use_builder":"","_et_pb_old_content":"","_et_gb_content_width":"","footnotes":""},"categories":[494],"tags":[498,970],"class_list":["post-43185","post","type-post","status-publish","format-standard","has-post-thumbnail","hentry","category-joventut","tag-joaquin-lozano-ca","tag-siente-santa-pola-xperience-ca"],"yoast_head":"<!-- This site is optimized with the Yoast SEO plugin v27.4 - https:\/\/yoast.com\/product\/yoast-seo-wordpress\/ -->\n<title>El cartell del Siente Santa Pola Xperience 2025 incorpora els concerts col\u00b7lectius a la seua oferta d&#039;humor - Ajuntament de Santa Pola<\/title>\n<meta name=\"robots\" content=\"index, follow, max-snippet:-1, max-image-preview:large, max-video-preview:-1\" \/>\n<link rel=\"canonical\" href=\"https:\/\/santapola.es\/ca\/el-cartell-del-siente-santa-pola-xperience-2025-incorpora-els-concerts-col%c2%b7lectius-a-la-seua-oferta-dhumor\/\" \/>\n<meta property=\"og:locale\" content=\"ca_ES\" \/>\n<meta property=\"og:type\" content=\"article\" \/>\n<meta property=\"og:title\" content=\"El cartell del Siente Santa Pola Xperience 2025 incorpora els concerts col\u00b7lectius a la seua oferta d&#039;humor - Ajuntament de Santa Pola\" \/>\n<meta property=\"og:description\" content=\"David Cepo, Martita de Gran\u00e1, La Gu\u00e0rdia, Alejo Stivel, Burning, La Frontera, Chambao, Mar\u00eda Pelae, Raule o Miguel Campello s\u00f3n alguns dels artistes que actuaran este estiu en l&#8217;Auditori El Palmerar en la segona edici\u00f3 d&#8217;este festival promogut per la Regidoria de Joventut. El regidor de Joventut, Joaqu\u00edn Lozano, ha recordat que \u201cl&#8217;any passat vam [&hellip;]\" \/>\n<meta property=\"og:url\" content=\"https:\/\/santapola.es\/ca\/el-cartell-del-siente-santa-pola-xperience-2025-incorpora-els-concerts-col%c2%b7lectius-a-la-seua-oferta-dhumor\/\" \/>\n<meta property=\"og:site_name\" content=\"Ajuntament de Santa Pola\" \/>\n<meta property=\"article:publisher\" content=\"https:\/\/www.facebook.com\/AyuntamientoSantaPola\/\" \/>\n<meta property=\"article:published_time\" content=\"2025-04-23T08:18:43+00:00\" \/>\n<meta property=\"article:modified_time\" content=\"2025-04-23T08:21:51+00:00\" \/>\n<meta property=\"og:image\" content=\"https:\/\/santapola.es\/wp-content\/uploads\/2025\/04\/Siente-Santa-Pola-Xperience.jpeg\" \/>\n\t<meta property=\"og:image:width\" content=\"1449\" \/>\n\t<meta property=\"og:image:height\" content=\"2048\" \/>\n\t<meta property=\"og:image:type\" content=\"image\/jpeg\" \/>\n<meta name=\"author\" content=\"Jos\u00e9 Juan L\u00f3pez Lafuente\" \/>\n<meta name=\"twitter:card\" content=\"summary_large_image\" \/>\n<meta name=\"twitter:creator\" content=\"@SantaPolaAyunt\" \/>\n<meta name=\"twitter:site\" content=\"@SantaPolaAyunt\" \/>\n<script type=\"application\/ld+json\" class=\"yoast-schema-graph\">{\"@context\":\"https:\\\/\\\/schema.org\",\"@graph\":[{\"@type\":\"Article\",\"@id\":\"https:\\\/\\\/santapola.es\\\/ca\\\/el-cartell-del-siente-santa-pola-xperience-2025-incorpora-els-concerts-col%c2%b7lectius-a-la-seua-oferta-dhumor\\\/#article\",\"isPartOf\":{\"@id\":\"https:\\\/\\\/santapola.es\\\/ca\\\/el-cartell-del-siente-santa-pola-xperience-2025-incorpora-els-concerts-col%c2%b7lectius-a-la-seua-oferta-dhumor\\\/\"},\"author\":{\"name\":\"Jos\u00e9 Juan L\u00f3pez Lafuente\",\"@id\":\"https:\\\/\\\/santapola.es\\\/ca\\\/#\\\/schema\\\/person\\\/ad1d67403707b58350c7be5e8dbc442d\"},\"headline\":\"El cartell del Siente Santa Pola Xperience 2025 incorpora els concerts col\u00b7lectius a la seua oferta d&#8217;humor\",\"datePublished\":\"2025-04-23T08:18:43+00:00\",\"dateModified\":\"2025-04-23T08:21:51+00:00\",\"mainEntityOfPage\":{\"@id\":\"https:\\\/\\\/santapola.es\\\/ca\\\/el-cartell-del-siente-santa-pola-xperience-2025-incorpora-els-concerts-col%c2%b7lectius-a-la-seua-oferta-dhumor\\\/\"},\"wordCount\":373,\"image\":{\"@id\":\"https:\\\/\\\/santapola.es\\\/ca\\\/el-cartell-del-siente-santa-pola-xperience-2025-incorpora-els-concerts-col%c2%b7lectius-a-la-seua-oferta-dhumor\\\/#primaryimage\"},\"thumbnailUrl\":\"https:\\\/\\\/santapola.es\\\/wp-content\\\/uploads\\\/2025\\\/04\\\/Siente-Santa-Pola-Xperience.jpeg\",\"keywords\":[\"Joaqu\u00edn Lozano\",\"Siente Santa Pola Xperience\"],\"articleSection\":[\"Joventut\"],\"inLanguage\":\"ca\"},{\"@type\":\"WebPage\",\"@id\":\"https:\\\/\\\/santapola.es\\\/ca\\\/el-cartell-del-siente-santa-pola-xperience-2025-incorpora-els-concerts-col%c2%b7lectius-a-la-seua-oferta-dhumor\\\/\",\"url\":\"https:\\\/\\\/santapola.es\\\/ca\\\/el-cartell-del-siente-santa-pola-xperience-2025-incorpora-els-concerts-col%c2%b7lectius-a-la-seua-oferta-dhumor\\\/\",\"name\":\"El cartell del Siente Santa Pola Xperience 2025 incorpora els concerts col\u00b7lectius a la seua oferta d'humor - Ajuntament de Santa Pola\",\"isPartOf\":{\"@id\":\"https:\\\/\\\/santapola.es\\\/ca\\\/#website\"},\"primaryImageOfPage\":{\"@id\":\"https:\\\/\\\/santapola.es\\\/ca\\\/el-cartell-del-siente-santa-pola-xperience-2025-incorpora-els-concerts-col%c2%b7lectius-a-la-seua-oferta-dhumor\\\/#primaryimage\"},\"image\":{\"@id\":\"https:\\\/\\\/santapola.es\\\/ca\\\/el-cartell-del-siente-santa-pola-xperience-2025-incorpora-els-concerts-col%c2%b7lectius-a-la-seua-oferta-dhumor\\\/#primaryimage\"},\"thumbnailUrl\":\"https:\\\/\\\/santapola.es\\\/wp-content\\\/uploads\\\/2025\\\/04\\\/Siente-Santa-Pola-Xperience.jpeg\",\"datePublished\":\"2025-04-23T08:18:43+00:00\",\"dateModified\":\"2025-04-23T08:21:51+00:00\",\"author\":{\"@id\":\"https:\\\/\\\/santapola.es\\\/ca\\\/#\\\/schema\\\/person\\\/ad1d67403707b58350c7be5e8dbc442d\"},\"breadcrumb\":{\"@id\":\"https:\\\/\\\/santapola.es\\\/ca\\\/el-cartell-del-siente-santa-pola-xperience-2025-incorpora-els-concerts-col%c2%b7lectius-a-la-seua-oferta-dhumor\\\/#breadcrumb\"},\"inLanguage\":\"ca\",\"potentialAction\":[{\"@type\":\"ReadAction\",\"target\":[\"https:\\\/\\\/santapola.es\\\/ca\\\/el-cartell-del-siente-santa-pola-xperience-2025-incorpora-els-concerts-col%c2%b7lectius-a-la-seua-oferta-dhumor\\\/\"]}]},{\"@type\":\"ImageObject\",\"inLanguage\":\"ca\",\"@id\":\"https:\\\/\\\/santapola.es\\\/ca\\\/el-cartell-del-siente-santa-pola-xperience-2025-incorpora-els-concerts-col%c2%b7lectius-a-la-seua-oferta-dhumor\\\/#primaryimage\",\"url\":\"https:\\\/\\\/santapola.es\\\/wp-content\\\/uploads\\\/2025\\\/04\\\/Siente-Santa-Pola-Xperience.jpeg\",\"contentUrl\":\"https:\\\/\\\/santapola.es\\\/wp-content\\\/uploads\\\/2025\\\/04\\\/Siente-Santa-Pola-Xperience.jpeg\",\"width\":1449,\"height\":2048},{\"@type\":\"BreadcrumbList\",\"@id\":\"https:\\\/\\\/santapola.es\\\/ca\\\/el-cartell-del-siente-santa-pola-xperience-2025-incorpora-els-concerts-col%c2%b7lectius-a-la-seua-oferta-dhumor\\\/#breadcrumb\",\"itemListElement\":[{\"@type\":\"ListItem\",\"position\":1,\"name\":\"Inici\",\"item\":\"https:\\\/\\\/santapola.es\\\/ca\\\/\"},{\"@type\":\"ListItem\",\"position\":2,\"name\":\"El cartell del Siente Santa Pola Xperience 2025 incorpora els concerts col\u00b7lectius a la seua oferta d&#8217;humor\"}]},{\"@type\":\"WebSite\",\"@id\":\"https:\\\/\\\/santapola.es\\\/ca\\\/#website\",\"url\":\"https:\\\/\\\/santapola.es\\\/ca\\\/\",\"name\":\"Ayuntamiento de Santa Pola\",\"description\":\"Web de l'Ajuntament de Santa Pola\",\"potentialAction\":[{\"@type\":\"SearchAction\",\"target\":{\"@type\":\"EntryPoint\",\"urlTemplate\":\"https:\\\/\\\/santapola.es\\\/ca\\\/?s={search_term_string}\"},\"query-input\":{\"@type\":\"PropertyValueSpecification\",\"valueRequired\":true,\"valueName\":\"search_term_string\"}}],\"inLanguage\":\"ca\"},{\"@type\":\"Person\",\"@id\":\"https:\\\/\\\/santapola.es\\\/ca\\\/#\\\/schema\\\/person\\\/ad1d67403707b58350c7be5e8dbc442d\",\"name\":\"Jos\u00e9 Juan L\u00f3pez Lafuente\"}]}<\/script>\n<!-- \/ Yoast SEO plugin. -->","yoast_head_json":{"title":"El cartell del Siente Santa Pola Xperience 2025 incorpora els concerts col\u00b7lectius a la seua oferta d'humor - Ajuntament de Santa Pola","robots":{"index":"index","follow":"follow","max-snippet":"max-snippet:-1","max-image-preview":"max-image-preview:large","max-video-preview":"max-video-preview:-1"},"canonical":"https:\/\/santapola.es\/ca\/el-cartell-del-siente-santa-pola-xperience-2025-incorpora-els-concerts-col%c2%b7lectius-a-la-seua-oferta-dhumor\/","og_locale":"ca_ES","og_type":"article","og_title":"El cartell del Siente Santa Pola Xperience 2025 incorpora els concerts col\u00b7lectius a la seua oferta d'humor - Ajuntament de Santa Pola","og_description":"David Cepo, Martita de Gran\u00e1, La Gu\u00e0rdia, Alejo Stivel, Burning, La Frontera, Chambao, Mar\u00eda Pelae, Raule o Miguel Campello s\u00f3n alguns dels artistes que actuaran este estiu en l&#8217;Auditori El Palmerar en la segona edici\u00f3 d&#8217;este festival promogut per la Regidoria de Joventut. El regidor de Joventut, Joaqu\u00edn Lozano, ha recordat que \u201cl&#8217;any passat vam [&hellip;]","og_url":"https:\/\/santapola.es\/ca\/el-cartell-del-siente-santa-pola-xperience-2025-incorpora-els-concerts-col%c2%b7lectius-a-la-seua-oferta-dhumor\/","og_site_name":"Ajuntament de Santa Pola","article_publisher":"https:\/\/www.facebook.com\/AyuntamientoSantaPola\/","article_published_time":"2025-04-23T08:18:43+00:00","article_modified_time":"2025-04-23T08:21:51+00:00","og_image":[{"width":1449,"height":2048,"url":"https:\/\/santapola.es\/wp-content\/uploads\/2025\/04\/Siente-Santa-Pola-Xperience.jpeg","type":"image\/jpeg"}],"author":"Jos\u00e9 Juan L\u00f3pez Lafuente","twitter_card":"summary_large_image","twitter_creator":"@SantaPolaAyunt","twitter_site":"@SantaPolaAyunt","schema":{"@context":"https:\/\/schema.org","@graph":[{"@type":"Article","@id":"https:\/\/santapola.es\/ca\/el-cartell-del-siente-santa-pola-xperience-2025-incorpora-els-concerts-col%c2%b7lectius-a-la-seua-oferta-dhumor\/#article","isPartOf":{"@id":"https:\/\/santapola.es\/ca\/el-cartell-del-siente-santa-pola-xperience-2025-incorpora-els-concerts-col%c2%b7lectius-a-la-seua-oferta-dhumor\/"},"author":{"name":"Jos\u00e9 Juan L\u00f3pez Lafuente","@id":"https:\/\/santapola.es\/ca\/#\/schema\/person\/ad1d67403707b58350c7be5e8dbc442d"},"headline":"El cartell del Siente Santa Pola Xperience 2025 incorpora els concerts col\u00b7lectius a la seua oferta d&#8217;humor","datePublished":"2025-04-23T08:18:43+00:00","dateModified":"2025-04-23T08:21:51+00:00","mainEntityOfPage":{"@id":"https:\/\/santapola.es\/ca\/el-cartell-del-siente-santa-pola-xperience-2025-incorpora-els-concerts-col%c2%b7lectius-a-la-seua-oferta-dhumor\/"},"wordCount":373,"image":{"@id":"https:\/\/santapola.es\/ca\/el-cartell-del-siente-santa-pola-xperience-2025-incorpora-els-concerts-col%c2%b7lectius-a-la-seua-oferta-dhumor\/#primaryimage"},"thumbnailUrl":"https:\/\/santapola.es\/wp-content\/uploads\/2025\/04\/Siente-Santa-Pola-Xperience.jpeg","keywords":["Joaqu\u00edn Lozano","Siente Santa Pola Xperience"],"articleSection":["Joventut"],"inLanguage":"ca"},{"@type":"WebPage","@id":"https:\/\/santapola.es\/ca\/el-cartell-del-siente-santa-pola-xperience-2025-incorpora-els-concerts-col%c2%b7lectius-a-la-seua-oferta-dhumor\/","url":"https:\/\/santapola.es\/ca\/el-cartell-del-siente-santa-pola-xperience-2025-incorpora-els-concerts-col%c2%b7lectius-a-la-seua-oferta-dhumor\/","name":"El cartell del Siente Santa Pola Xperience 2025 incorpora els concerts col\u00b7lectius a la seua oferta d'humor - Ajuntament de Santa Pola","isPartOf":{"@id":"https:\/\/santapola.es\/ca\/#website"},"primaryImageOfPage":{"@id":"https:\/\/santapola.es\/ca\/el-cartell-del-siente-santa-pola-xperience-2025-incorpora-els-concerts-col%c2%b7lectius-a-la-seua-oferta-dhumor\/#primaryimage"},"image":{"@id":"https:\/\/santapola.es\/ca\/el-cartell-del-siente-santa-pola-xperience-2025-incorpora-els-concerts-col%c2%b7lectius-a-la-seua-oferta-dhumor\/#primaryimage"},"thumbnailUrl":"https:\/\/santapola.es\/wp-content\/uploads\/2025\/04\/Siente-Santa-Pola-Xperience.jpeg","datePublished":"2025-04-23T08:18:43+00:00","dateModified":"2025-04-23T08:21:51+00:00","author":{"@id":"https:\/\/santapola.es\/ca\/#\/schema\/person\/ad1d67403707b58350c7be5e8dbc442d"},"breadcrumb":{"@id":"https:\/\/santapola.es\/ca\/el-cartell-del-siente-santa-pola-xperience-2025-incorpora-els-concerts-col%c2%b7lectius-a-la-seua-oferta-dhumor\/#breadcrumb"},"inLanguage":"ca","potentialAction":[{"@type":"ReadAction","target":["https:\/\/santapola.es\/ca\/el-cartell-del-siente-santa-pola-xperience-2025-incorpora-els-concerts-col%c2%b7lectius-a-la-seua-oferta-dhumor\/"]}]},{"@type":"ImageObject","inLanguage":"ca","@id":"https:\/\/santapola.es\/ca\/el-cartell-del-siente-santa-pola-xperience-2025-incorpora-els-concerts-col%c2%b7lectius-a-la-seua-oferta-dhumor\/#primaryimage","url":"https:\/\/santapola.es\/wp-content\/uploads\/2025\/04\/Siente-Santa-Pola-Xperience.jpeg","contentUrl":"https:\/\/santapola.es\/wp-content\/uploads\/2025\/04\/Siente-Santa-Pola-Xperience.jpeg","width":1449,"height":2048},{"@type":"BreadcrumbList","@id":"https:\/\/santapola.es\/ca\/el-cartell-del-siente-santa-pola-xperience-2025-incorpora-els-concerts-col%c2%b7lectius-a-la-seua-oferta-dhumor\/#breadcrumb","itemListElement":[{"@type":"ListItem","position":1,"name":"Inici","item":"https:\/\/santapola.es\/ca\/"},{"@type":"ListItem","position":2,"name":"El cartell del Siente Santa Pola Xperience 2025 incorpora els concerts col\u00b7lectius a la seua oferta d&#8217;humor"}]},{"@type":"WebSite","@id":"https:\/\/santapola.es\/ca\/#website","url":"https:\/\/santapola.es\/ca\/","name":"Ayuntamiento de Santa Pola","description":"Web de l'Ajuntament de Santa Pola","potentialAction":[{"@type":"SearchAction","target":{"@type":"EntryPoint","urlTemplate":"https:\/\/santapola.es\/ca\/?s={search_term_string}"},"query-input":{"@type":"PropertyValueSpecification","valueRequired":true,"valueName":"search_term_string"}}],"inLanguage":"ca"},{"@type":"Person","@id":"https:\/\/santapola.es\/ca\/#\/schema\/person\/ad1d67403707b58350c7be5e8dbc442d","name":"Jos\u00e9 Juan L\u00f3pez Lafuente"}]}},"_links":{"self":[{"href":"https:\/\/santapola.es\/ca\/wp-json\/wp\/v2\/posts\/43185","targetHints":{"allow":["GET"]}}],"collection":[{"href":"https:\/\/santapola.es\/ca\/wp-json\/wp\/v2\/posts"}],"about":[{"href":"https:\/\/santapola.es\/ca\/wp-json\/wp\/v2\/types\/post"}],"author":[{"embeddable":true,"href":"https:\/\/santapola.es\/ca\/wp-json\/wp\/v2\/users\/96"}],"replies":[{"embeddable":true,"href":"https:\/\/santapola.es\/ca\/wp-json\/wp\/v2\/comments?post=43185"}],"version-history":[{"count":0,"href":"https:\/\/santapola.es\/ca\/wp-json\/wp\/v2\/posts\/43185\/revisions"}],"wp:featuredmedia":[{"embeddable":true,"href":"https:\/\/santapola.es\/ca\/wp-json\/wp\/v2\/media\/43183"}],"wp:attachment":[{"href":"https:\/\/santapola.es\/ca\/wp-json\/wp\/v2\/media?parent=43185"}],"wp:term":[{"taxonomy":"category","embeddable":true,"href":"https:\/\/santapola.es\/ca\/wp-json\/wp\/v2\/categories?post=43185"},{"taxonomy":"post_tag","embeddable":true,"href":"https:\/\/santapola.es\/ca\/wp-json\/wp\/v2\/tags?post=43185"}],"curies":[{"name":"wp","href":"https:\/\/api.w.org\/{rel}","templated":true}]}}