{"id":43179,"date":"2025-04-22T18:53:12","date_gmt":"2025-04-22T16:53:12","guid":{"rendered":"https:\/\/santapola.es\/?p=43179"},"modified":"2025-04-22T18:56:22","modified_gmt":"2025-04-22T16:56:22","slug":"lajuntament-oferix-a-emprenedors-locals-un-atractiu-projecte-dhostaleria-en-el-centre-de-la-ciutat","status":"publish","type":"post","link":"https:\/\/santapola.es\/ca\/lajuntament-oferix-a-emprenedors-locals-un-atractiu-projecte-dhostaleria-en-el-centre-de-la-ciutat\/","title":{"rendered":"L&#8217;Ajuntament oferix a emprenedors locals un atractiu projecte d&#8217;hostaleria en el centre de la ciutat"},"content":{"rendered":"<p><strong>L&#8217;Ajuntament de Santa Pola oferir\u00e0 la concessi\u00f3 a llarg termini del bar restaurant del Centre de Conviv\u00e8ncia La Senia, on els emprenedors locals interessats podran crear un negoci de restauraci\u00f3 rendible i sostenible, aprofitant l&#8217;espai interior i les grans possibilitats de terrassa exterior dins d&#8217;un recurs tur\u00edstic de primer orde com el Parc El Palmerar.<\/strong><\/p>\n<p>L&#8217;Ajuntament de Santa Pola t\u00e9 previst obrir en breu un proc\u00e9s per a recuperar l&#8217;activitat en el bar-restaurant del Centre de Conviv\u00e8ncia La Senia, actualment tancat.<\/p>\n<p>Es tracta d&#8217;un establiment d&#8217;hostaleria situat en un lloc privilegiat en el centre de la ciutat i amb unes condicions magn\u00edfiques com a oportunitat de negoci, que ara es pret\u00e9n obrir a emprenedors locals que tinguen intenci\u00f3 de crear noves activitats de restauraci\u00f3.<\/p>\n<p>El restaurant est\u00e0 situat en l&#8217;edifici conegut com La Senia, que va ser antigament un safareig i que es va restaurar en els anys 90 per a albergar la Llar del Pensionista. Al llarg del temps les seues instal\u00b7lacions van ser ampliades amb un segon edifici i hui dia el Club de Conviv\u00e8ncia La Senia t\u00e9 una important activitat di\u00e0ria amb col\u00b7lectius de tercera edat i associacions sociosanit\u00e0ries.<\/p>\n<p>\u00c9s una oportunitat atractiva que oferix moltes possibilitats:<\/p>\n<ul>\n<li>Integrat dins del Parc El Palmerar, un important recurs tur\u00edstic,\u00a0 espai natural i pulm\u00f3 verd en el centre de Santa Pola que alberga en el seu recinte jardins de palmeres centen\u00e0ries, les restes arqueol\u00f2giques i visitables de la Casa Romana, zones de jocs infantils, pistes de petanca\u2026 En el mateix recinte es troba l&#8217;Auditori El Palmerar, on se celebren nombrosos esdeveniments culturals, festers i socials a l&#8217;aire lliure.<\/li>\n<li>Disposa d&#8217;un espai de menjador interior amb bona lluminositat i ventilaci\u00f3, l&#8217;\u00e0rea de cuines i, en l&#8217;exterior, un ampli porxo utilitzat com a terrassa exterior. Fora del recinte del propi restaurant existix una \u00e0rea del parc que \u00e9s susceptible de convertir-se en una gran terrassa exterior per al seu \u00fas privatiu, una zona solejada, protegida i envoltada d&#8217;espais verds com a reclam per als clients tant residents com visitants. Aix\u00f2 oferix m\u00e9s possibilitats d&#8217;aforament i, per tant, de major rendibilitat.<\/li>\n<li>T\u00e9 diverses entrades diferents, la majoria accessibles a persones amb mobilitat redu\u00efda:<br \/>\nL&#8217;acc\u00e9s principal des del carrer Elx que entra directament al Parc El Palmerar i a la terrassa del restaurant.<br \/>\nUn segon acc\u00e9s des del carrer Elx a trav\u00e9s de l&#8217;edifici de La Senia.<br \/>\nUn altre des del carrer Ram\u00f3n y Cajal que entra al parc i a la terrassa del restaurant.<br \/>\nPel carrer San Jos\u00e9 i creuant el parc fins al restaurant.<\/li>\n<li>Est\u00e0 situat en el mateix centre de Santa Pola, en una \u00e0rea de pas constant de vehicles i vianants, amb molta activitat comercial esguitada de xicotet comer\u00e7 i enfront del supermercat Mercadona.<\/li>\n<li>El bar-restaurant est\u00e0 obert al p\u00fablic en general, per\u00f2 tamb\u00e9 dona servici als usuaris del Club de Conviv\u00e8ncia La Senia.<\/li>\n<\/ul>\n<p>La intenci\u00f3 de l&#8217;Ajuntament de Santa Pola \u00e9s activar este important recurs i oferir a emprenedors locals la possibilitat de posar en marxa este negoci amb una concessi\u00f3 municipal a llarg termini, que siga suficient per a fer econ\u00f2micament sostenible i rendible l&#8217;activitat, aix\u00ed com facilitar l&#8217;amortitzaci\u00f3 de la inversi\u00f3 necess\u00e0ria per a reformar i equipar les instal\u00b7lacions del restaurant, que correrien al seu c\u00e0rrec.<\/p>\n<p>Els interessats a crear un atractiu projecte de restauraci\u00f3 en este ic\u00f2nic espai poden obtindre informaci\u00f3 detallada posant-se en contacte amb el Departament de Contractaci\u00f3 de l&#8217;Ajuntament de Santa Pola.<\/p>\n","protected":false},"excerpt":{"rendered":"<p>L&#8217;Ajuntament de Santa Pola oferir\u00e0 la concessi\u00f3 a llarg termini del bar restaurant del Centre de Conviv\u00e8ncia La Senia, on els emprenedors locals interessats podran crear un negoci de restauraci\u00f3 rendible i sostenible, aprofitant l&#8217;espai interior i les grans possibilitats de terrassa exterior dins d&#8217;un recurs tur\u00edstic de primer orde com el Parc El Palmerar. [&hellip;]<\/p>\n","protected":false},"author":96,"featured_media":43177,"comment_status":"closed","ping_status":"closed","sticky":false,"template":"","format":"standard","meta":{"_et_pb_use_builder":"","_et_pb_old_content":"","_et_gb_content_width":"","footnotes":""},"categories":[516],"tags":[975],"class_list":["post-43179","post","type-post","status-publish","format-standard","has-post-thumbnail","hentry","category-avisos-ca","tag-club-de-convivencia-la-senia"],"yoast_head":"<!-- This site is optimized with the Yoast SEO plugin v27.4 - https:\/\/yoast.com\/product\/yoast-seo-wordpress\/ -->\n<title>L&#039;Ajuntament oferix a emprenedors locals un atractiu projecte d&#039;hostaleria en el centre de la ciutat - Ajuntament de Santa Pola<\/title>\n<meta name=\"robots\" content=\"index, follow, max-snippet:-1, max-image-preview:large, max-video-preview:-1\" \/>\n<link rel=\"canonical\" href=\"https:\/\/santapola.es\/ca\/lajuntament-oferix-a-emprenedors-locals-un-atractiu-projecte-dhostaleria-en-el-centre-de-la-ciutat\/\" \/>\n<meta property=\"og:locale\" content=\"ca_ES\" \/>\n<meta property=\"og:type\" content=\"article\" \/>\n<meta property=\"og:title\" content=\"L&#039;Ajuntament oferix a emprenedors locals un atractiu projecte d&#039;hostaleria en el centre de la ciutat - Ajuntament de Santa Pola\" \/>\n<meta property=\"og:description\" content=\"L&#8217;Ajuntament de Santa Pola oferir\u00e0 la concessi\u00f3 a llarg termini del bar restaurant del Centre de Conviv\u00e8ncia La Senia, on els emprenedors locals interessats podran crear un negoci de restauraci\u00f3 rendible i sostenible, aprofitant l&#8217;espai interior i les grans possibilitats de terrassa exterior dins d&#8217;un recurs tur\u00edstic de primer orde com el Parc El Palmerar. [&hellip;]\" \/>\n<meta property=\"og:url\" content=\"https:\/\/santapola.es\/ca\/lajuntament-oferix-a-emprenedors-locals-un-atractiu-projecte-dhostaleria-en-el-centre-de-la-ciutat\/\" \/>\n<meta property=\"og:site_name\" content=\"Ajuntament de Santa Pola\" \/>\n<meta property=\"article:publisher\" content=\"https:\/\/www.facebook.com\/AyuntamientoSantaPola\/\" \/>\n<meta property=\"article:published_time\" content=\"2025-04-22T16:53:12+00:00\" \/>\n<meta property=\"article:modified_time\" content=\"2025-04-22T16:56:22+00:00\" \/>\n<meta property=\"og:image\" content=\"https:\/\/santapola.es\/wp-content\/uploads\/2025\/04\/La-Senia.jpeg\" \/>\n\t<meta property=\"og:image:width\" content=\"1920\" \/>\n\t<meta property=\"og:image:height\" content=\"1440\" \/>\n\t<meta property=\"og:image:type\" content=\"image\/jpeg\" \/>\n<meta name=\"author\" content=\"Jos\u00e9 Juan L\u00f3pez Lafuente\" \/>\n<meta name=\"twitter:card\" content=\"summary_large_image\" \/>\n<meta name=\"twitter:creator\" content=\"@SantaPolaAyunt\" \/>\n<meta name=\"twitter:site\" content=\"@SantaPolaAyunt\" \/>\n<script type=\"application\/ld+json\" class=\"yoast-schema-graph\">{\"@context\":\"https:\\\/\\\/schema.org\",\"@graph\":[{\"@type\":\"Article\",\"@id\":\"https:\\\/\\\/santapola.es\\\/ca\\\/lajuntament-oferix-a-emprenedors-locals-un-atractiu-projecte-dhostaleria-en-el-centre-de-la-ciutat\\\/#article\",\"isPartOf\":{\"@id\":\"https:\\\/\\\/santapola.es\\\/ca\\\/lajuntament-oferix-a-emprenedors-locals-un-atractiu-projecte-dhostaleria-en-el-centre-de-la-ciutat\\\/\"},\"author\":{\"name\":\"Jos\u00e9 Juan L\u00f3pez Lafuente\",\"@id\":\"https:\\\/\\\/santapola.es\\\/ca\\\/#\\\/schema\\\/person\\\/ad1d67403707b58350c7be5e8dbc442d\"},\"headline\":\"L&#8217;Ajuntament oferix a emprenedors locals un atractiu projecte d&#8217;hostaleria en el centre de la ciutat\",\"datePublished\":\"2025-04-22T16:53:12+00:00\",\"dateModified\":\"2025-04-22T16:56:22+00:00\",\"mainEntityOfPage\":{\"@id\":\"https:\\\/\\\/santapola.es\\\/ca\\\/lajuntament-oferix-a-emprenedors-locals-un-atractiu-projecte-dhostaleria-en-el-centre-de-la-ciutat\\\/\"},\"wordCount\":633,\"image\":{\"@id\":\"https:\\\/\\\/santapola.es\\\/ca\\\/lajuntament-oferix-a-emprenedors-locals-un-atractiu-projecte-dhostaleria-en-el-centre-de-la-ciutat\\\/#primaryimage\"},\"thumbnailUrl\":\"https:\\\/\\\/santapola.es\\\/wp-content\\\/uploads\\\/2025\\\/04\\\/La-Senia.jpeg\",\"keywords\":[\"Club de Conviv\u00e8ncia La S\u00e9nia\"],\"articleSection\":[\"Avisos\"],\"inLanguage\":\"ca\"},{\"@type\":\"WebPage\",\"@id\":\"https:\\\/\\\/santapola.es\\\/ca\\\/lajuntament-oferix-a-emprenedors-locals-un-atractiu-projecte-dhostaleria-en-el-centre-de-la-ciutat\\\/\",\"url\":\"https:\\\/\\\/santapola.es\\\/ca\\\/lajuntament-oferix-a-emprenedors-locals-un-atractiu-projecte-dhostaleria-en-el-centre-de-la-ciutat\\\/\",\"name\":\"L'Ajuntament oferix a emprenedors locals un atractiu projecte d'hostaleria en el centre de la ciutat - Ajuntament de Santa Pola\",\"isPartOf\":{\"@id\":\"https:\\\/\\\/santapola.es\\\/ca\\\/#website\"},\"primaryImageOfPage\":{\"@id\":\"https:\\\/\\\/santapola.es\\\/ca\\\/lajuntament-oferix-a-emprenedors-locals-un-atractiu-projecte-dhostaleria-en-el-centre-de-la-ciutat\\\/#primaryimage\"},\"image\":{\"@id\":\"https:\\\/\\\/santapola.es\\\/ca\\\/lajuntament-oferix-a-emprenedors-locals-un-atractiu-projecte-dhostaleria-en-el-centre-de-la-ciutat\\\/#primaryimage\"},\"thumbnailUrl\":\"https:\\\/\\\/santapola.es\\\/wp-content\\\/uploads\\\/2025\\\/04\\\/La-Senia.jpeg\",\"datePublished\":\"2025-04-22T16:53:12+00:00\",\"dateModified\":\"2025-04-22T16:56:22+00:00\",\"author\":{\"@id\":\"https:\\\/\\\/santapola.es\\\/ca\\\/#\\\/schema\\\/person\\\/ad1d67403707b58350c7be5e8dbc442d\"},\"breadcrumb\":{\"@id\":\"https:\\\/\\\/santapola.es\\\/ca\\\/lajuntament-oferix-a-emprenedors-locals-un-atractiu-projecte-dhostaleria-en-el-centre-de-la-ciutat\\\/#breadcrumb\"},\"inLanguage\":\"ca\",\"potentialAction\":[{\"@type\":\"ReadAction\",\"target\":[\"https:\\\/\\\/santapola.es\\\/ca\\\/lajuntament-oferix-a-emprenedors-locals-un-atractiu-projecte-dhostaleria-en-el-centre-de-la-ciutat\\\/\"]}]},{\"@type\":\"ImageObject\",\"inLanguage\":\"ca\",\"@id\":\"https:\\\/\\\/santapola.es\\\/ca\\\/lajuntament-oferix-a-emprenedors-locals-un-atractiu-projecte-dhostaleria-en-el-centre-de-la-ciutat\\\/#primaryimage\",\"url\":\"https:\\\/\\\/santapola.es\\\/wp-content\\\/uploads\\\/2025\\\/04\\\/La-Senia.jpeg\",\"contentUrl\":\"https:\\\/\\\/santapola.es\\\/wp-content\\\/uploads\\\/2025\\\/04\\\/La-Senia.jpeg\",\"width\":1920,\"height\":1440},{\"@type\":\"BreadcrumbList\",\"@id\":\"https:\\\/\\\/santapola.es\\\/ca\\\/lajuntament-oferix-a-emprenedors-locals-un-atractiu-projecte-dhostaleria-en-el-centre-de-la-ciutat\\\/#breadcrumb\",\"itemListElement\":[{\"@type\":\"ListItem\",\"position\":1,\"name\":\"Inici\",\"item\":\"https:\\\/\\\/santapola.es\\\/ca\\\/\"},{\"@type\":\"ListItem\",\"position\":2,\"name\":\"L&#8217;Ajuntament oferix a emprenedors locals un atractiu projecte d&#8217;hostaleria en el centre de la ciutat\"}]},{\"@type\":\"WebSite\",\"@id\":\"https:\\\/\\\/santapola.es\\\/ca\\\/#website\",\"url\":\"https:\\\/\\\/santapola.es\\\/ca\\\/\",\"name\":\"Ayuntamiento de Santa Pola\",\"description\":\"Web de l'Ajuntament de Santa Pola\",\"potentialAction\":[{\"@type\":\"SearchAction\",\"target\":{\"@type\":\"EntryPoint\",\"urlTemplate\":\"https:\\\/\\\/santapola.es\\\/ca\\\/?s={search_term_string}\"},\"query-input\":{\"@type\":\"PropertyValueSpecification\",\"valueRequired\":true,\"valueName\":\"search_term_string\"}}],\"inLanguage\":\"ca\"},{\"@type\":\"Person\",\"@id\":\"https:\\\/\\\/santapola.es\\\/ca\\\/#\\\/schema\\\/person\\\/ad1d67403707b58350c7be5e8dbc442d\",\"name\":\"Jos\u00e9 Juan L\u00f3pez Lafuente\"}]}<\/script>\n<!-- \/ Yoast SEO plugin. -->","yoast_head_json":{"title":"L'Ajuntament oferix a emprenedors locals un atractiu projecte d'hostaleria en el centre de la ciutat - Ajuntament de Santa Pola","robots":{"index":"index","follow":"follow","max-snippet":"max-snippet:-1","max-image-preview":"max-image-preview:large","max-video-preview":"max-video-preview:-1"},"canonical":"https:\/\/santapola.es\/ca\/lajuntament-oferix-a-emprenedors-locals-un-atractiu-projecte-dhostaleria-en-el-centre-de-la-ciutat\/","og_locale":"ca_ES","og_type":"article","og_title":"L'Ajuntament oferix a emprenedors locals un atractiu projecte d'hostaleria en el centre de la ciutat - Ajuntament de Santa Pola","og_description":"L&#8217;Ajuntament de Santa Pola oferir\u00e0 la concessi\u00f3 a llarg termini del bar restaurant del Centre de Conviv\u00e8ncia La Senia, on els emprenedors locals interessats podran crear un negoci de restauraci\u00f3 rendible i sostenible, aprofitant l&#8217;espai interior i les grans possibilitats de terrassa exterior dins d&#8217;un recurs tur\u00edstic de primer orde com el Parc El Palmerar. [&hellip;]","og_url":"https:\/\/santapola.es\/ca\/lajuntament-oferix-a-emprenedors-locals-un-atractiu-projecte-dhostaleria-en-el-centre-de-la-ciutat\/","og_site_name":"Ajuntament de Santa Pola","article_publisher":"https:\/\/www.facebook.com\/AyuntamientoSantaPola\/","article_published_time":"2025-04-22T16:53:12+00:00","article_modified_time":"2025-04-22T16:56:22+00:00","og_image":[{"width":1920,"height":1440,"url":"https:\/\/santapola.es\/wp-content\/uploads\/2025\/04\/La-Senia.jpeg","type":"image\/jpeg"}],"author":"Jos\u00e9 Juan L\u00f3pez Lafuente","twitter_card":"summary_large_image","twitter_creator":"@SantaPolaAyunt","twitter_site":"@SantaPolaAyunt","schema":{"@context":"https:\/\/schema.org","@graph":[{"@type":"Article","@id":"https:\/\/santapola.es\/ca\/lajuntament-oferix-a-emprenedors-locals-un-atractiu-projecte-dhostaleria-en-el-centre-de-la-ciutat\/#article","isPartOf":{"@id":"https:\/\/santapola.es\/ca\/lajuntament-oferix-a-emprenedors-locals-un-atractiu-projecte-dhostaleria-en-el-centre-de-la-ciutat\/"},"author":{"name":"Jos\u00e9 Juan L\u00f3pez Lafuente","@id":"https:\/\/santapola.es\/ca\/#\/schema\/person\/ad1d67403707b58350c7be5e8dbc442d"},"headline":"L&#8217;Ajuntament oferix a emprenedors locals un atractiu projecte d&#8217;hostaleria en el centre de la ciutat","datePublished":"2025-04-22T16:53:12+00:00","dateModified":"2025-04-22T16:56:22+00:00","mainEntityOfPage":{"@id":"https:\/\/santapola.es\/ca\/lajuntament-oferix-a-emprenedors-locals-un-atractiu-projecte-dhostaleria-en-el-centre-de-la-ciutat\/"},"wordCount":633,"image":{"@id":"https:\/\/santapola.es\/ca\/lajuntament-oferix-a-emprenedors-locals-un-atractiu-projecte-dhostaleria-en-el-centre-de-la-ciutat\/#primaryimage"},"thumbnailUrl":"https:\/\/santapola.es\/wp-content\/uploads\/2025\/04\/La-Senia.jpeg","keywords":["Club de Conviv\u00e8ncia La S\u00e9nia"],"articleSection":["Avisos"],"inLanguage":"ca"},{"@type":"WebPage","@id":"https:\/\/santapola.es\/ca\/lajuntament-oferix-a-emprenedors-locals-un-atractiu-projecte-dhostaleria-en-el-centre-de-la-ciutat\/","url":"https:\/\/santapola.es\/ca\/lajuntament-oferix-a-emprenedors-locals-un-atractiu-projecte-dhostaleria-en-el-centre-de-la-ciutat\/","name":"L'Ajuntament oferix a emprenedors locals un atractiu projecte d'hostaleria en el centre de la ciutat - Ajuntament de Santa Pola","isPartOf":{"@id":"https:\/\/santapola.es\/ca\/#website"},"primaryImageOfPage":{"@id":"https:\/\/santapola.es\/ca\/lajuntament-oferix-a-emprenedors-locals-un-atractiu-projecte-dhostaleria-en-el-centre-de-la-ciutat\/#primaryimage"},"image":{"@id":"https:\/\/santapola.es\/ca\/lajuntament-oferix-a-emprenedors-locals-un-atractiu-projecte-dhostaleria-en-el-centre-de-la-ciutat\/#primaryimage"},"thumbnailUrl":"https:\/\/santapola.es\/wp-content\/uploads\/2025\/04\/La-Senia.jpeg","datePublished":"2025-04-22T16:53:12+00:00","dateModified":"2025-04-22T16:56:22+00:00","author":{"@id":"https:\/\/santapola.es\/ca\/#\/schema\/person\/ad1d67403707b58350c7be5e8dbc442d"},"breadcrumb":{"@id":"https:\/\/santapola.es\/ca\/lajuntament-oferix-a-emprenedors-locals-un-atractiu-projecte-dhostaleria-en-el-centre-de-la-ciutat\/#breadcrumb"},"inLanguage":"ca","potentialAction":[{"@type":"ReadAction","target":["https:\/\/santapola.es\/ca\/lajuntament-oferix-a-emprenedors-locals-un-atractiu-projecte-dhostaleria-en-el-centre-de-la-ciutat\/"]}]},{"@type":"ImageObject","inLanguage":"ca","@id":"https:\/\/santapola.es\/ca\/lajuntament-oferix-a-emprenedors-locals-un-atractiu-projecte-dhostaleria-en-el-centre-de-la-ciutat\/#primaryimage","url":"https:\/\/santapola.es\/wp-content\/uploads\/2025\/04\/La-Senia.jpeg","contentUrl":"https:\/\/santapola.es\/wp-content\/uploads\/2025\/04\/La-Senia.jpeg","width":1920,"height":1440},{"@type":"BreadcrumbList","@id":"https:\/\/santapola.es\/ca\/lajuntament-oferix-a-emprenedors-locals-un-atractiu-projecte-dhostaleria-en-el-centre-de-la-ciutat\/#breadcrumb","itemListElement":[{"@type":"ListItem","position":1,"name":"Inici","item":"https:\/\/santapola.es\/ca\/"},{"@type":"ListItem","position":2,"name":"L&#8217;Ajuntament oferix a emprenedors locals un atractiu projecte d&#8217;hostaleria en el centre de la ciutat"}]},{"@type":"WebSite","@id":"https:\/\/santapola.es\/ca\/#website","url":"https:\/\/santapola.es\/ca\/","name":"Ayuntamiento de Santa Pola","description":"Web de l'Ajuntament de Santa Pola","potentialAction":[{"@type":"SearchAction","target":{"@type":"EntryPoint","urlTemplate":"https:\/\/santapola.es\/ca\/?s={search_term_string}"},"query-input":{"@type":"PropertyValueSpecification","valueRequired":true,"valueName":"search_term_string"}}],"inLanguage":"ca"},{"@type":"Person","@id":"https:\/\/santapola.es\/ca\/#\/schema\/person\/ad1d67403707b58350c7be5e8dbc442d","name":"Jos\u00e9 Juan L\u00f3pez Lafuente"}]}},"_links":{"self":[{"href":"https:\/\/santapola.es\/ca\/wp-json\/wp\/v2\/posts\/43179","targetHints":{"allow":["GET"]}}],"collection":[{"href":"https:\/\/santapola.es\/ca\/wp-json\/wp\/v2\/posts"}],"about":[{"href":"https:\/\/santapola.es\/ca\/wp-json\/wp\/v2\/types\/post"}],"author":[{"embeddable":true,"href":"https:\/\/santapola.es\/ca\/wp-json\/wp\/v2\/users\/96"}],"replies":[{"embeddable":true,"href":"https:\/\/santapola.es\/ca\/wp-json\/wp\/v2\/comments?post=43179"}],"version-history":[{"count":0,"href":"https:\/\/santapola.es\/ca\/wp-json\/wp\/v2\/posts\/43179\/revisions"}],"wp:featuredmedia":[{"embeddable":true,"href":"https:\/\/santapola.es\/ca\/wp-json\/wp\/v2\/media\/43177"}],"wp:attachment":[{"href":"https:\/\/santapola.es\/ca\/wp-json\/wp\/v2\/media?parent=43179"}],"wp:term":[{"taxonomy":"category","embeddable":true,"href":"https:\/\/santapola.es\/ca\/wp-json\/wp\/v2\/categories?post=43179"},{"taxonomy":"post_tag","embeddable":true,"href":"https:\/\/santapola.es\/ca\/wp-json\/wp\/v2\/tags?post=43179"}],"curies":[{"name":"wp","href":"https:\/\/api.w.org\/{rel}","templated":true}]}}