{"id":43169,"date":"2025-04-22T13:13:36","date_gmt":"2025-04-22T11:13:36","guid":{"rendered":"https:\/\/santapola.es\/?p=43169"},"modified":"2025-04-22T13:15:57","modified_gmt":"2025-04-22T11:15:57","slug":"villa-adelaida-ja-es-visitable-el-centre-hans-maribel-shami-obri-les-seues-portes-el-29-dabril","status":"publish","type":"post","link":"https:\/\/santapola.es\/ca\/villa-adelaida-ja-es-visitable-el-centre-hans-maribel-shami-obri-les-seues-portes-el-29-dabril\/","title":{"rendered":"Villa Adelaida ja \u00e9s visitable: el Centre Hans-Maribel-Shami obri les seues portes el 29 d&#8217;abril"},"content":{"rendered":"<p><strong>Va arribar l&#8217;esperat moment en el qual els santapolers i visitants podran contemplar el resultat de la rehabilitaci\u00f3 de l&#8217;ic\u00f2nic edifici Villa Adelaida, on el Centre Hans-Maribel-Shami d&#8217;Arts, Ci\u00e8ncies i Lletres es podr\u00e0 visitar gratu\u00eftament, fins al pr\u00f2xim 29 de juny, en unes jornades de portes obertes.<\/strong><\/p>\n<p>El Centre Hans-Maribel-Shami d&#8217;Arts, Ci\u00e8ncies i Lletres es podr\u00e0 visitar en el restaurat edifici de Villa Adelaida a partir del pr\u00f2xim dimarts 29 d&#8217;abril, gr\u00e0cies a unes jornades de portes obertes que l&#8217;Ajuntament de Santa Pola ha programat perqu\u00e8 es puga contemplar la casa museu de manera gratu\u00efta fins al 29 de juny. A partir d&#8217;eixa data la casa museu comen\u00e7ar\u00e0 a cobrar una tarifa per l&#8217;entrada.<\/p>\n<p>Les persones interessades poden fer ja les seues reserves per tel\u00e8fon o WhatsApp al 678 358 237. Les visites guiades tindran una duraci\u00f3 d&#8217;una hora i es desenrotllaran en horari de dem\u00e0 (10.00, 11.00 i 12.00 hores) i vesprada (17.30, 18.30 hores) de dimarts a dissabte, sent els diumenges nom\u00e9s en horari matinal i els dilluns tancat, com tots els museus de la ciutat.<\/p>\n<p><strong>Constru\u00efda en 1910<\/strong><\/p>\n<p>Villa Adelaida \u00e9s un dels edificis m\u00e9s ic\u00f2nics de Santa Pola, constru\u00eft en 1910 amb una mescla d&#8217;estils modernista i indi\u00e0. L&#8217;any 2012, la seua propiet\u00e0ria Maribel L\u00f3pez P\u00e9rez-Ojeda la va donar a l&#8217;Ajuntament de Santa Pola amb l&#8217;objectiu de convertir-la en un centre per al foment de j\u00f3vens talents en el camp de l&#8217;art, la ci\u00e8ncia i la literatura, el Centre Hans-Maribel-Shami.<\/p>\n<p>Amb la finalitat de convertir-la oficialment en museu i complir amb tots els requisits, l&#8217;Ajuntament va escometre en l&#8217;\u00faltim any unes importants obres de reforma, restauraci\u00f3 i rehabilitaci\u00f3 per un import pr\u00f2xim als cinc-cents mil euros, finan\u00e7ats per la Diputaci\u00f3 d&#8217;Alacant en 400.000 euros, obres que van ser inaugurades el passat 10 d&#8217;abril pel president de la Diputaci\u00f3, Toni P\u00e9rez.<\/p>\n<p><strong>Maribel: viure sense fronteres<\/strong><\/p>\n<p>Maribel (1931-2015) va ser una santapolera avan\u00e7ada al seu temps que va desenrotllar la seua carrera professional en la Universitat de Berkeley (Calif\u00f2rnia, els EUA), on es va llicenciar en Art, Filosofia i Lletres, es va doctorar, va ser catedr\u00e0tica, cap del departament\u00a0 d&#8217;espanyol i professora de lleng\u00fces roman\u00e7os durant quatre d\u00e8cades.<\/p>\n<p>En els seus \u00faltims dies, despr\u00e9s d&#8217;una vida rica i fruct\u00edfera amb Santa Pola sempre en el seu focus, va decidir donar al poble la finca Villa Adelaida de principis del segle XX, una icona inconfusible en el nostre urbanisme local, amb l&#8217;objectiu de destinar-la al foment de j\u00f3vens talents en les arts, les ci\u00e8ncies i les lletres.<\/p>\n<p>Poc abans de la seua defunci\u00f3 es va publicar el llibre \u201cViure sense fronteres\u201d, escrit per Rafael Pla Grau, Antoni Mas i Miralles i Shami Mendiratta, que posava negre sobre blanc la prol\u00edfica vida de Maribel L\u00f3pez P\u00e9rez-Ojeda.<\/p>\n<p><img loading=\"lazy\" decoding=\"async\" class=\"aligncenter size-large wp-image-43167\" src=\"https:\/\/santapola.es\/wp-content\/uploads\/2025\/04\/Puertas-abiertas-Villa-Adelaida-724x1024.jpeg\" alt=\"\" width=\"724\" height=\"1024\" \/><\/p>\n","protected":false},"excerpt":{"rendered":"<p>Va arribar l&#8217;esperat moment en el qual els santapolers i visitants podran contemplar el resultat de la rehabilitaci\u00f3 de l&#8217;ic\u00f2nic edifici Villa Adelaida, on el Centre Hans-Maribel-Shami d&#8217;Arts, Ci\u00e8ncies i Lletres es podr\u00e0 visitar gratu\u00eftament, fins al pr\u00f2xim 29 de juny, en unes jornades de portes obertes. El Centre Hans-Maribel-Shami d&#8217;Arts, Ci\u00e8ncies i Lletres es [&hellip;]<\/p>\n","protected":false},"author":96,"featured_media":43165,"comment_status":"closed","ping_status":"closed","sticky":false,"template":"","format":"standard","meta":{"_et_pb_use_builder":"","_et_pb_old_content":"","_et_gb_content_width":"","footnotes":""},"categories":[433],"tags":[1411,782],"class_list":["post-43169","post","type-post","status-publish","format-standard","has-post-thumbnail","hentry","category-cultura-ca","tag-centre-hans-maribel-shami","tag-villa-adelaida-ca"],"yoast_head":"<!-- This site is optimized with the Yoast SEO plugin v27.4 - https:\/\/yoast.com\/product\/yoast-seo-wordpress\/ -->\n<title>Villa Adelaida ja \u00e9s visitable: el Centre Hans-Maribel-Shami obri les seues portes el 29 d&#039;abril - Ajuntament de Santa Pola<\/title>\n<meta name=\"robots\" content=\"index, follow, max-snippet:-1, max-image-preview:large, max-video-preview:-1\" \/>\n<link rel=\"canonical\" href=\"https:\/\/santapola.es\/ca\/villa-adelaida-ja-es-visitable-el-centre-hans-maribel-shami-obri-les-seues-portes-el-29-dabril\/\" \/>\n<meta property=\"og:locale\" content=\"ca_ES\" \/>\n<meta property=\"og:type\" content=\"article\" \/>\n<meta property=\"og:title\" content=\"Villa Adelaida ja \u00e9s visitable: el Centre Hans-Maribel-Shami obri les seues portes el 29 d&#039;abril - Ajuntament de Santa Pola\" \/>\n<meta property=\"og:description\" content=\"Va arribar l&#8217;esperat moment en el qual els santapolers i visitants podran contemplar el resultat de la rehabilitaci\u00f3 de l&#8217;ic\u00f2nic edifici Villa Adelaida, on el Centre Hans-Maribel-Shami d&#8217;Arts, Ci\u00e8ncies i Lletres es podr\u00e0 visitar gratu\u00eftament, fins al pr\u00f2xim 29 de juny, en unes jornades de portes obertes. El Centre Hans-Maribel-Shami d&#8217;Arts, Ci\u00e8ncies i Lletres es [&hellip;]\" \/>\n<meta property=\"og:url\" content=\"https:\/\/santapola.es\/ca\/villa-adelaida-ja-es-visitable-el-centre-hans-maribel-shami-obri-les-seues-portes-el-29-dabril\/\" \/>\n<meta property=\"og:site_name\" content=\"Ajuntament de Santa Pola\" \/>\n<meta property=\"article:publisher\" content=\"https:\/\/www.facebook.com\/AyuntamientoSantaPola\/\" \/>\n<meta property=\"article:published_time\" content=\"2025-04-22T11:13:36+00:00\" \/>\n<meta property=\"article:modified_time\" content=\"2025-04-22T11:15:57+00:00\" \/>\n<meta property=\"og:image\" content=\"https:\/\/santapola.es\/wp-content\/uploads\/2025\/04\/2025-04-22-Villa-Adelaida.jpg\" \/>\n\t<meta property=\"og:image:width\" content=\"1920\" \/>\n\t<meta property=\"og:image:height\" content=\"1080\" \/>\n\t<meta property=\"og:image:type\" content=\"image\/jpeg\" \/>\n<meta name=\"author\" content=\"Jos\u00e9 Juan L\u00f3pez Lafuente\" \/>\n<meta name=\"twitter:card\" content=\"summary_large_image\" \/>\n<meta name=\"twitter:creator\" content=\"@SantaPolaAyunt\" \/>\n<meta name=\"twitter:site\" content=\"@SantaPolaAyunt\" \/>\n<script type=\"application\/ld+json\" class=\"yoast-schema-graph\">{\"@context\":\"https:\\\/\\\/schema.org\",\"@graph\":[{\"@type\":\"Article\",\"@id\":\"https:\\\/\\\/santapola.es\\\/ca\\\/villa-adelaida-ja-es-visitable-el-centre-hans-maribel-shami-obri-les-seues-portes-el-29-dabril\\\/#article\",\"isPartOf\":{\"@id\":\"https:\\\/\\\/santapola.es\\\/ca\\\/villa-adelaida-ja-es-visitable-el-centre-hans-maribel-shami-obri-les-seues-portes-el-29-dabril\\\/\"},\"author\":{\"name\":\"Jos\u00e9 Juan L\u00f3pez Lafuente\",\"@id\":\"https:\\\/\\\/santapola.es\\\/ca\\\/#\\\/schema\\\/person\\\/ad1d67403707b58350c7be5e8dbc442d\"},\"headline\":\"Villa Adelaida ja \u00e9s visitable: el Centre Hans-Maribel-Shami obri les seues portes el 29 d&#8217;abril\",\"datePublished\":\"2025-04-22T11:13:36+00:00\",\"dateModified\":\"2025-04-22T11:15:57+00:00\",\"mainEntityOfPage\":{\"@id\":\"https:\\\/\\\/santapola.es\\\/ca\\\/villa-adelaida-ja-es-visitable-el-centre-hans-maribel-shami-obri-les-seues-portes-el-29-dabril\\\/\"},\"wordCount\":512,\"image\":{\"@id\":\"https:\\\/\\\/santapola.es\\\/ca\\\/villa-adelaida-ja-es-visitable-el-centre-hans-maribel-shami-obri-les-seues-portes-el-29-dabril\\\/#primaryimage\"},\"thumbnailUrl\":\"https:\\\/\\\/santapola.es\\\/wp-content\\\/uploads\\\/2025\\\/04\\\/2025-04-22-Villa-Adelaida.jpg\",\"keywords\":[\"Centre Hans-Maribel-Shami\",\"Villa Adelaida\"],\"articleSection\":[\"Cultura\"],\"inLanguage\":\"ca\"},{\"@type\":\"WebPage\",\"@id\":\"https:\\\/\\\/santapola.es\\\/ca\\\/villa-adelaida-ja-es-visitable-el-centre-hans-maribel-shami-obri-les-seues-portes-el-29-dabril\\\/\",\"url\":\"https:\\\/\\\/santapola.es\\\/ca\\\/villa-adelaida-ja-es-visitable-el-centre-hans-maribel-shami-obri-les-seues-portes-el-29-dabril\\\/\",\"name\":\"Villa Adelaida ja \u00e9s visitable: el Centre Hans-Maribel-Shami obri les seues portes el 29 d'abril - Ajuntament de Santa Pola\",\"isPartOf\":{\"@id\":\"https:\\\/\\\/santapola.es\\\/ca\\\/#website\"},\"primaryImageOfPage\":{\"@id\":\"https:\\\/\\\/santapola.es\\\/ca\\\/villa-adelaida-ja-es-visitable-el-centre-hans-maribel-shami-obri-les-seues-portes-el-29-dabril\\\/#primaryimage\"},\"image\":{\"@id\":\"https:\\\/\\\/santapola.es\\\/ca\\\/villa-adelaida-ja-es-visitable-el-centre-hans-maribel-shami-obri-les-seues-portes-el-29-dabril\\\/#primaryimage\"},\"thumbnailUrl\":\"https:\\\/\\\/santapola.es\\\/wp-content\\\/uploads\\\/2025\\\/04\\\/2025-04-22-Villa-Adelaida.jpg\",\"datePublished\":\"2025-04-22T11:13:36+00:00\",\"dateModified\":\"2025-04-22T11:15:57+00:00\",\"author\":{\"@id\":\"https:\\\/\\\/santapola.es\\\/ca\\\/#\\\/schema\\\/person\\\/ad1d67403707b58350c7be5e8dbc442d\"},\"breadcrumb\":{\"@id\":\"https:\\\/\\\/santapola.es\\\/ca\\\/villa-adelaida-ja-es-visitable-el-centre-hans-maribel-shami-obri-les-seues-portes-el-29-dabril\\\/#breadcrumb\"},\"inLanguage\":\"ca\",\"potentialAction\":[{\"@type\":\"ReadAction\",\"target\":[\"https:\\\/\\\/santapola.es\\\/ca\\\/villa-adelaida-ja-es-visitable-el-centre-hans-maribel-shami-obri-les-seues-portes-el-29-dabril\\\/\"]}]},{\"@type\":\"ImageObject\",\"inLanguage\":\"ca\",\"@id\":\"https:\\\/\\\/santapola.es\\\/ca\\\/villa-adelaida-ja-es-visitable-el-centre-hans-maribel-shami-obri-les-seues-portes-el-29-dabril\\\/#primaryimage\",\"url\":\"https:\\\/\\\/santapola.es\\\/wp-content\\\/uploads\\\/2025\\\/04\\\/2025-04-22-Villa-Adelaida.jpg\",\"contentUrl\":\"https:\\\/\\\/santapola.es\\\/wp-content\\\/uploads\\\/2025\\\/04\\\/2025-04-22-Villa-Adelaida.jpg\",\"width\":1920,\"height\":1080},{\"@type\":\"BreadcrumbList\",\"@id\":\"https:\\\/\\\/santapola.es\\\/ca\\\/villa-adelaida-ja-es-visitable-el-centre-hans-maribel-shami-obri-les-seues-portes-el-29-dabril\\\/#breadcrumb\",\"itemListElement\":[{\"@type\":\"ListItem\",\"position\":1,\"name\":\"Inici\",\"item\":\"https:\\\/\\\/santapola.es\\\/ca\\\/\"},{\"@type\":\"ListItem\",\"position\":2,\"name\":\"Villa Adelaida ja \u00e9s visitable: el Centre Hans-Maribel-Shami obri les seues portes el 29 d&#8217;abril\"}]},{\"@type\":\"WebSite\",\"@id\":\"https:\\\/\\\/santapola.es\\\/ca\\\/#website\",\"url\":\"https:\\\/\\\/santapola.es\\\/ca\\\/\",\"name\":\"Ayuntamiento de Santa Pola\",\"description\":\"Web de l'Ajuntament de Santa Pola\",\"potentialAction\":[{\"@type\":\"SearchAction\",\"target\":{\"@type\":\"EntryPoint\",\"urlTemplate\":\"https:\\\/\\\/santapola.es\\\/ca\\\/?s={search_term_string}\"},\"query-input\":{\"@type\":\"PropertyValueSpecification\",\"valueRequired\":true,\"valueName\":\"search_term_string\"}}],\"inLanguage\":\"ca\"},{\"@type\":\"Person\",\"@id\":\"https:\\\/\\\/santapola.es\\\/ca\\\/#\\\/schema\\\/person\\\/ad1d67403707b58350c7be5e8dbc442d\",\"name\":\"Jos\u00e9 Juan L\u00f3pez Lafuente\"}]}<\/script>\n<!-- \/ Yoast SEO plugin. -->","yoast_head_json":{"title":"Villa Adelaida ja \u00e9s visitable: el Centre Hans-Maribel-Shami obri les seues portes el 29 d'abril - Ajuntament de Santa Pola","robots":{"index":"index","follow":"follow","max-snippet":"max-snippet:-1","max-image-preview":"max-image-preview:large","max-video-preview":"max-video-preview:-1"},"canonical":"https:\/\/santapola.es\/ca\/villa-adelaida-ja-es-visitable-el-centre-hans-maribel-shami-obri-les-seues-portes-el-29-dabril\/","og_locale":"ca_ES","og_type":"article","og_title":"Villa Adelaida ja \u00e9s visitable: el Centre Hans-Maribel-Shami obri les seues portes el 29 d'abril - Ajuntament de Santa Pola","og_description":"Va arribar l&#8217;esperat moment en el qual els santapolers i visitants podran contemplar el resultat de la rehabilitaci\u00f3 de l&#8217;ic\u00f2nic edifici Villa Adelaida, on el Centre Hans-Maribel-Shami d&#8217;Arts, Ci\u00e8ncies i Lletres es podr\u00e0 visitar gratu\u00eftament, fins al pr\u00f2xim 29 de juny, en unes jornades de portes obertes. El Centre Hans-Maribel-Shami d&#8217;Arts, Ci\u00e8ncies i Lletres es [&hellip;]","og_url":"https:\/\/santapola.es\/ca\/villa-adelaida-ja-es-visitable-el-centre-hans-maribel-shami-obri-les-seues-portes-el-29-dabril\/","og_site_name":"Ajuntament de Santa Pola","article_publisher":"https:\/\/www.facebook.com\/AyuntamientoSantaPola\/","article_published_time":"2025-04-22T11:13:36+00:00","article_modified_time":"2025-04-22T11:15:57+00:00","og_image":[{"width":1920,"height":1080,"url":"https:\/\/santapola.es\/wp-content\/uploads\/2025\/04\/2025-04-22-Villa-Adelaida.jpg","type":"image\/jpeg"}],"author":"Jos\u00e9 Juan L\u00f3pez Lafuente","twitter_card":"summary_large_image","twitter_creator":"@SantaPolaAyunt","twitter_site":"@SantaPolaAyunt","schema":{"@context":"https:\/\/schema.org","@graph":[{"@type":"Article","@id":"https:\/\/santapola.es\/ca\/villa-adelaida-ja-es-visitable-el-centre-hans-maribel-shami-obri-les-seues-portes-el-29-dabril\/#article","isPartOf":{"@id":"https:\/\/santapola.es\/ca\/villa-adelaida-ja-es-visitable-el-centre-hans-maribel-shami-obri-les-seues-portes-el-29-dabril\/"},"author":{"name":"Jos\u00e9 Juan L\u00f3pez Lafuente","@id":"https:\/\/santapola.es\/ca\/#\/schema\/person\/ad1d67403707b58350c7be5e8dbc442d"},"headline":"Villa Adelaida ja \u00e9s visitable: el Centre Hans-Maribel-Shami obri les seues portes el 29 d&#8217;abril","datePublished":"2025-04-22T11:13:36+00:00","dateModified":"2025-04-22T11:15:57+00:00","mainEntityOfPage":{"@id":"https:\/\/santapola.es\/ca\/villa-adelaida-ja-es-visitable-el-centre-hans-maribel-shami-obri-les-seues-portes-el-29-dabril\/"},"wordCount":512,"image":{"@id":"https:\/\/santapola.es\/ca\/villa-adelaida-ja-es-visitable-el-centre-hans-maribel-shami-obri-les-seues-portes-el-29-dabril\/#primaryimage"},"thumbnailUrl":"https:\/\/santapola.es\/wp-content\/uploads\/2025\/04\/2025-04-22-Villa-Adelaida.jpg","keywords":["Centre Hans-Maribel-Shami","Villa Adelaida"],"articleSection":["Cultura"],"inLanguage":"ca"},{"@type":"WebPage","@id":"https:\/\/santapola.es\/ca\/villa-adelaida-ja-es-visitable-el-centre-hans-maribel-shami-obri-les-seues-portes-el-29-dabril\/","url":"https:\/\/santapola.es\/ca\/villa-adelaida-ja-es-visitable-el-centre-hans-maribel-shami-obri-les-seues-portes-el-29-dabril\/","name":"Villa Adelaida ja \u00e9s visitable: el Centre Hans-Maribel-Shami obri les seues portes el 29 d'abril - Ajuntament de Santa Pola","isPartOf":{"@id":"https:\/\/santapola.es\/ca\/#website"},"primaryImageOfPage":{"@id":"https:\/\/santapola.es\/ca\/villa-adelaida-ja-es-visitable-el-centre-hans-maribel-shami-obri-les-seues-portes-el-29-dabril\/#primaryimage"},"image":{"@id":"https:\/\/santapola.es\/ca\/villa-adelaida-ja-es-visitable-el-centre-hans-maribel-shami-obri-les-seues-portes-el-29-dabril\/#primaryimage"},"thumbnailUrl":"https:\/\/santapola.es\/wp-content\/uploads\/2025\/04\/2025-04-22-Villa-Adelaida.jpg","datePublished":"2025-04-22T11:13:36+00:00","dateModified":"2025-04-22T11:15:57+00:00","author":{"@id":"https:\/\/santapola.es\/ca\/#\/schema\/person\/ad1d67403707b58350c7be5e8dbc442d"},"breadcrumb":{"@id":"https:\/\/santapola.es\/ca\/villa-adelaida-ja-es-visitable-el-centre-hans-maribel-shami-obri-les-seues-portes-el-29-dabril\/#breadcrumb"},"inLanguage":"ca","potentialAction":[{"@type":"ReadAction","target":["https:\/\/santapola.es\/ca\/villa-adelaida-ja-es-visitable-el-centre-hans-maribel-shami-obri-les-seues-portes-el-29-dabril\/"]}]},{"@type":"ImageObject","inLanguage":"ca","@id":"https:\/\/santapola.es\/ca\/villa-adelaida-ja-es-visitable-el-centre-hans-maribel-shami-obri-les-seues-portes-el-29-dabril\/#primaryimage","url":"https:\/\/santapola.es\/wp-content\/uploads\/2025\/04\/2025-04-22-Villa-Adelaida.jpg","contentUrl":"https:\/\/santapola.es\/wp-content\/uploads\/2025\/04\/2025-04-22-Villa-Adelaida.jpg","width":1920,"height":1080},{"@type":"BreadcrumbList","@id":"https:\/\/santapola.es\/ca\/villa-adelaida-ja-es-visitable-el-centre-hans-maribel-shami-obri-les-seues-portes-el-29-dabril\/#breadcrumb","itemListElement":[{"@type":"ListItem","position":1,"name":"Inici","item":"https:\/\/santapola.es\/ca\/"},{"@type":"ListItem","position":2,"name":"Villa Adelaida ja \u00e9s visitable: el Centre Hans-Maribel-Shami obri les seues portes el 29 d&#8217;abril"}]},{"@type":"WebSite","@id":"https:\/\/santapola.es\/ca\/#website","url":"https:\/\/santapola.es\/ca\/","name":"Ayuntamiento de Santa Pola","description":"Web de l'Ajuntament de Santa Pola","potentialAction":[{"@type":"SearchAction","target":{"@type":"EntryPoint","urlTemplate":"https:\/\/santapola.es\/ca\/?s={search_term_string}"},"query-input":{"@type":"PropertyValueSpecification","valueRequired":true,"valueName":"search_term_string"}}],"inLanguage":"ca"},{"@type":"Person","@id":"https:\/\/santapola.es\/ca\/#\/schema\/person\/ad1d67403707b58350c7be5e8dbc442d","name":"Jos\u00e9 Juan L\u00f3pez Lafuente"}]}},"_links":{"self":[{"href":"https:\/\/santapola.es\/ca\/wp-json\/wp\/v2\/posts\/43169","targetHints":{"allow":["GET"]}}],"collection":[{"href":"https:\/\/santapola.es\/ca\/wp-json\/wp\/v2\/posts"}],"about":[{"href":"https:\/\/santapola.es\/ca\/wp-json\/wp\/v2\/types\/post"}],"author":[{"embeddable":true,"href":"https:\/\/santapola.es\/ca\/wp-json\/wp\/v2\/users\/96"}],"replies":[{"embeddable":true,"href":"https:\/\/santapola.es\/ca\/wp-json\/wp\/v2\/comments?post=43169"}],"version-history":[{"count":0,"href":"https:\/\/santapola.es\/ca\/wp-json\/wp\/v2\/posts\/43169\/revisions"}],"wp:featuredmedia":[{"embeddable":true,"href":"https:\/\/santapola.es\/ca\/wp-json\/wp\/v2\/media\/43165"}],"wp:attachment":[{"href":"https:\/\/santapola.es\/ca\/wp-json\/wp\/v2\/media?parent=43169"}],"wp:term":[{"taxonomy":"category","embeddable":true,"href":"https:\/\/santapola.es\/ca\/wp-json\/wp\/v2\/categories?post=43169"},{"taxonomy":"post_tag","embeddable":true,"href":"https:\/\/santapola.es\/ca\/wp-json\/wp\/v2\/tags?post=43169"}],"curies":[{"name":"wp","href":"https:\/\/api.w.org\/{rel}","templated":true}]}}