{"id":42999,"date":"2025-04-10T16:38:49","date_gmt":"2025-04-10T14:38:49","guid":{"rendered":"https:\/\/santapola.es\/?p=42999"},"modified":"2025-04-10T16:38:49","modified_gmt":"2025-04-10T14:38:49","slug":"villa-adelaida-es-convertix-en-el-centre-hans-maribel-shami-darts-ciencies-i-lletres","status":"publish","type":"post","link":"https:\/\/santapola.es\/ca\/villa-adelaida-es-convertix-en-el-centre-hans-maribel-shami-darts-ciencies-i-lletres\/","title":{"rendered":"Villa Adelaida es convertix en el Centre Hans Maribel Shami d&#8217;Arts, Ci\u00e8ncies i Lletres"},"content":{"rendered":"<p><strong>El president de la Diputaci\u00f3 d&#8217;Alacant, Toni P\u00e9rez, i l&#8217;alcaldessa Loreto Serrano han inaugurat hui la rehabilitaci\u00f3 de la casa Vila Adelaida donada per Maribel L\u00f3pez P\u00e9rez-Ojeda en 2012, un projecte de quasi mig mili\u00f3 d&#8217;euros del qual la Diputaci\u00f3 ha aportat 400.000 euros.\u00a0<\/strong><\/p>\n<p>Maribel va ser una santapolera avan\u00e7ada al seu temps que va desenrotllar la seua carrera professional com a formadora als EUA i en els seus \u00faltims dies, despr\u00e9s d&#8217;una vida rica i fruct\u00edfera amb Santa Pola sempre en el seu focus, va decidir donar al poble la finca Villa Adelaida de principis del segle XX, una icona inconfusible en el nostre urbanisme local que hui ha vist oficialment la llum en la seua nova faceta de casa museu, amb l&#8217;objectiu de destinar-la al foment de j\u00f3vens talents.<\/p>\n<p>L&#8217;acte ha estat tamb\u00e9 presidit per l&#8217;artista hind\u00fa Shami Mendiratta, marit de Maribel, la mostra del qual \u201cSha Mari Bel, una experi\u00e8ncia m\u00edstica\u201d estrena el nou espai expositiu de la casa.<\/p>\n<p>A l&#8217;acte han assistit l&#8217;ambaixador de l&#8217;\u00cdndia a Espanya, Shri Dinesh K. Patnaik, els diputats provincials Jos\u00e9 Antonio Bermejo, Antonio Bernabeu, Juan de Dios Navarro i Carmen Sell\u00e9s, membres de la corporaci\u00f3 municipal, familiars de Maribel, t\u00e8cnics de l&#8217;Ajuntament, artistes i personatges de la nostra cultura local<\/p>\n<p>Toni P\u00e9rez va manifestar que \u201cgr\u00e0cies a la generosa donaci\u00f3 de Maribel L\u00f3pez P\u00e9rez-Ojeda, la Diputaci\u00f3 ha tingut l&#8217;oportunitat de contribuir al fet que Santa Pola tinga un centre de refer\u00e8ncia fonamentalment vinculat al talent dels j\u00f3vens que, quan passen per la porta, sabran que esta \u00e9s la seua casa, un espai per a crear i aprendre art i cultura\u201d<\/p>\n<p>Loreto Serrano va voler destacar que \u201chui hem vist complit el meu comprom\u00eds amb Shami Mendiratta de posar en marxa el Centre Hans Maribel Shami d&#8217;Arts, Ci\u00e8ncies i Lletres per a complir la voluntat de Maribel de destinar Villa Adelaida al desenrotllament d&#8217;estes disciplines entre els j\u00f3vens\u201d.<\/p>\n<p>\u201cEn esta legislatura ens hav\u00edem proposat potenciar la cultura com a recurs tur\u00edstic de Santa Pola i una mostra \u00e9s esta rehabilitaci\u00f3 de Villa Adelaida, que al costat d&#8217;altres recursos en els quals hem actuat, com la Casa de Don Gabino, l&#8217;Aquarium o el Castell Fortalesa, consolida una oferta complement\u00e0ria al nostre sol i platja molt atractiva\u201d, va assegurar l&#8217;alcaldessa.<\/p>\n<p><strong>Un somni fet realitat<\/strong><\/p>\n<p>Les obres de reforma, restauraci\u00f3 i rehabilitaci\u00f3 de Villa Adelaida s&#8217;han dut a terme per un import pr\u00f2xim als cinc-cents mil euros, finan\u00e7ats per la Diputaci\u00f3 d&#8217;Alacant en 400.000 euros.<\/p>\n<p>Villa Adelaida \u00e9s un dels edificis m\u00e9s reconeguts de Santa Pola, constru\u00eft en 1910 amb una mescla d&#8217;estils modernista i indi\u00e0. L&#8217;any 2012, Maribel L\u00f3pez P\u00e9rez-Ojeda la va donar a l&#8217;Ajuntament de Santa Pola amb l&#8217;objectiu de convertir-la en un centre per al foment de j\u00f3vens talents en el camp de l&#8217;art, la ci\u00e8ncia i la literatura.<\/p>\n<p>Els treballs que van comen\u00e7ar fa un any es van desenrotllar en diverses fases. D&#8217;una banda s&#8217;ha adequat el cam\u00ed d&#8217;acc\u00e9s a l&#8217;edifici principal i en el volum annex a l&#8217;edifici s&#8217;ha reformat la planta per a dotar-la d&#8217;un magatzem de manteniment, safareig, lavabo i pati d&#8217;\u00fas privat, aix\u00ed com de lavabos p\u00fablics.<\/p>\n<p>En l&#8217;edifici principal s&#8217;ha actuat sobre la planta baixa i la primera amb l&#8217;adequaci\u00f3 d&#8217;una nova entrada principal accessible, reparaci\u00f3 i segellament de fusteries exteriors, adequaci\u00f3 d&#8217;una habitaci\u00f3 com a punt de recepci\u00f3 accessible, renovaci\u00f3 de la instal\u00b7laci\u00f3 de baixa tensi\u00f3 i il\u00b7luminaci\u00f3 LED, protecci\u00f3 contra focs d&#8217;elements estructurals i instal\u00b7laci\u00f3 de seguretat.<\/p>\n<p>S&#8217;ha instal\u00b7lat un ascensor que comunica les plantes baixa i primera. En esta planta superior s&#8217;han adequat la terrassa i la coberta en zona de nous lavabos, a m\u00e9s de refor\u00e7ar-se l&#8217;estructura.<\/p>\n<p>Altres treballs han sigut la climatitzaci\u00f3, nous lavabos en l&#8217;edifici annex, dos sales d&#8217;exposicions en la planta baixa i una nova zona en planta primera per a servicis de la casa.<\/p>\n<p>La novetat que m\u00e9s visibilitat t\u00e9 \u00e9s la museografia de les sales de recreaci\u00f3 de la vivenda de Maribel L\u00f3pez P\u00e9rez-Ojeda en les plantes baixa i primera, que formaran part de les futures visites guiades que s&#8217;espera comencen en breu.<\/p>\n","protected":false},"excerpt":{"rendered":"<p>El president de la Diputaci\u00f3 d&#8217;Alacant, Toni P\u00e9rez, i l&#8217;alcaldessa Loreto Serrano han inaugurat hui la rehabilitaci\u00f3 de la casa Vila Adelaida donada per Maribel L\u00f3pez P\u00e9rez-Ojeda en 2012, un projecte de quasi mig mili\u00f3 d&#8217;euros del qual la Diputaci\u00f3 ha aportat 400.000 euros.\u00a0 Maribel va ser una santapolera avan\u00e7ada al seu temps que va [&hellip;]<\/p>\n","protected":false},"author":96,"featured_media":42997,"comment_status":"closed","ping_status":"closed","sticky":false,"template":"","format":"standard","meta":{"_et_pb_use_builder":"","_et_pb_old_content":"","_et_gb_content_width":"","footnotes":""},"categories":[433],"tags":[962,487,965,782],"class_list":["post-42999","post","type-post","status-publish","format-standard","has-post-thumbnail","hentry","category-cultura-ca","tag-diputacio-dalacant","tag-loreto-serrano-ca","tag-toni-perez-ca","tag-villa-adelaida-ca"],"yoast_head":"<!-- This site is optimized with the Yoast SEO plugin v27.4 - https:\/\/yoast.com\/product\/yoast-seo-wordpress\/ -->\n<title>Villa Adelaida es convertix en el Centre Hans Maribel Shami d&#039;Arts, Ci\u00e8ncies i Lletres - Ajuntament de Santa Pola<\/title>\n<meta name=\"robots\" content=\"index, follow, max-snippet:-1, max-image-preview:large, max-video-preview:-1\" \/>\n<link rel=\"canonical\" href=\"https:\/\/santapola.es\/ca\/villa-adelaida-es-convertix-en-el-centre-hans-maribel-shami-darts-ciencies-i-lletres\/\" \/>\n<meta property=\"og:locale\" content=\"ca_ES\" \/>\n<meta property=\"og:type\" content=\"article\" \/>\n<meta property=\"og:title\" content=\"Villa Adelaida es convertix en el Centre Hans Maribel Shami d&#039;Arts, Ci\u00e8ncies i Lletres - Ajuntament de Santa Pola\" \/>\n<meta property=\"og:description\" content=\"El president de la Diputaci\u00f3 d&#8217;Alacant, Toni P\u00e9rez, i l&#8217;alcaldessa Loreto Serrano han inaugurat hui la rehabilitaci\u00f3 de la casa Vila Adelaida donada per Maribel L\u00f3pez P\u00e9rez-Ojeda en 2012, un projecte de quasi mig mili\u00f3 d&#8217;euros del qual la Diputaci\u00f3 ha aportat 400.000 euros.\u00a0 Maribel va ser una santapolera avan\u00e7ada al seu temps que va [&hellip;]\" \/>\n<meta property=\"og:url\" content=\"https:\/\/santapola.es\/ca\/villa-adelaida-es-convertix-en-el-centre-hans-maribel-shami-darts-ciencies-i-lletres\/\" \/>\n<meta property=\"og:site_name\" content=\"Ajuntament de Santa Pola\" \/>\n<meta property=\"article:publisher\" content=\"https:\/\/www.facebook.com\/AyuntamientoSantaPola\/\" \/>\n<meta property=\"article:published_time\" content=\"2025-04-10T14:38:49+00:00\" \/>\n<meta property=\"og:image\" content=\"https:\/\/santapola.es\/wp-content\/uploads\/2025\/04\/IMG_0791.jpg\" \/>\n\t<meta property=\"og:image:width\" content=\"1920\" \/>\n\t<meta property=\"og:image:height\" content=\"1440\" \/>\n\t<meta property=\"og:image:type\" content=\"image\/jpeg\" \/>\n<meta name=\"author\" content=\"Jos\u00e9 Juan L\u00f3pez Lafuente\" \/>\n<meta name=\"twitter:card\" content=\"summary_large_image\" \/>\n<meta name=\"twitter:creator\" content=\"@SantaPolaAyunt\" \/>\n<meta name=\"twitter:site\" content=\"@SantaPolaAyunt\" \/>\n<script type=\"application\/ld+json\" class=\"yoast-schema-graph\">{\"@context\":\"https:\\\/\\\/schema.org\",\"@graph\":[{\"@type\":\"Article\",\"@id\":\"https:\\\/\\\/santapola.es\\\/ca\\\/villa-adelaida-es-convertix-en-el-centre-hans-maribel-shami-darts-ciencies-i-lletres\\\/#article\",\"isPartOf\":{\"@id\":\"https:\\\/\\\/santapola.es\\\/ca\\\/villa-adelaida-es-convertix-en-el-centre-hans-maribel-shami-darts-ciencies-i-lletres\\\/\"},\"author\":{\"name\":\"Jos\u00e9 Juan L\u00f3pez Lafuente\",\"@id\":\"https:\\\/\\\/santapola.es\\\/ca\\\/#\\\/schema\\\/person\\\/ad1d67403707b58350c7be5e8dbc442d\"},\"headline\":\"Villa Adelaida es convertix en el Centre Hans Maribel Shami d&#8217;Arts, Ci\u00e8ncies i Lletres\",\"datePublished\":\"2025-04-10T14:38:49+00:00\",\"mainEntityOfPage\":{\"@id\":\"https:\\\/\\\/santapola.es\\\/ca\\\/villa-adelaida-es-convertix-en-el-centre-hans-maribel-shami-darts-ciencies-i-lletres\\\/\"},\"wordCount\":774,\"image\":{\"@id\":\"https:\\\/\\\/santapola.es\\\/ca\\\/villa-adelaida-es-convertix-en-el-centre-hans-maribel-shami-darts-ciencies-i-lletres\\\/#primaryimage\"},\"thumbnailUrl\":\"https:\\\/\\\/santapola.es\\\/wp-content\\\/uploads\\\/2025\\\/04\\\/IMG_0791.jpg\",\"keywords\":[\"Diputaci\u00f3 d'Alacant\",\"Loreto Serrano\",\"Toni P\u00e9rez\",\"Villa Adelaida\"],\"articleSection\":[\"Cultura\"],\"inLanguage\":\"ca\"},{\"@type\":\"WebPage\",\"@id\":\"https:\\\/\\\/santapola.es\\\/ca\\\/villa-adelaida-es-convertix-en-el-centre-hans-maribel-shami-darts-ciencies-i-lletres\\\/\",\"url\":\"https:\\\/\\\/santapola.es\\\/ca\\\/villa-adelaida-es-convertix-en-el-centre-hans-maribel-shami-darts-ciencies-i-lletres\\\/\",\"name\":\"Villa Adelaida es convertix en el Centre Hans Maribel Shami d'Arts, Ci\u00e8ncies i Lletres - Ajuntament de Santa Pola\",\"isPartOf\":{\"@id\":\"https:\\\/\\\/santapola.es\\\/ca\\\/#website\"},\"primaryImageOfPage\":{\"@id\":\"https:\\\/\\\/santapola.es\\\/ca\\\/villa-adelaida-es-convertix-en-el-centre-hans-maribel-shami-darts-ciencies-i-lletres\\\/#primaryimage\"},\"image\":{\"@id\":\"https:\\\/\\\/santapola.es\\\/ca\\\/villa-adelaida-es-convertix-en-el-centre-hans-maribel-shami-darts-ciencies-i-lletres\\\/#primaryimage\"},\"thumbnailUrl\":\"https:\\\/\\\/santapola.es\\\/wp-content\\\/uploads\\\/2025\\\/04\\\/IMG_0791.jpg\",\"datePublished\":\"2025-04-10T14:38:49+00:00\",\"author\":{\"@id\":\"https:\\\/\\\/santapola.es\\\/ca\\\/#\\\/schema\\\/person\\\/ad1d67403707b58350c7be5e8dbc442d\"},\"breadcrumb\":{\"@id\":\"https:\\\/\\\/santapola.es\\\/ca\\\/villa-adelaida-es-convertix-en-el-centre-hans-maribel-shami-darts-ciencies-i-lletres\\\/#breadcrumb\"},\"inLanguage\":\"ca\",\"potentialAction\":[{\"@type\":\"ReadAction\",\"target\":[\"https:\\\/\\\/santapola.es\\\/ca\\\/villa-adelaida-es-convertix-en-el-centre-hans-maribel-shami-darts-ciencies-i-lletres\\\/\"]}]},{\"@type\":\"ImageObject\",\"inLanguage\":\"ca\",\"@id\":\"https:\\\/\\\/santapola.es\\\/ca\\\/villa-adelaida-es-convertix-en-el-centre-hans-maribel-shami-darts-ciencies-i-lletres\\\/#primaryimage\",\"url\":\"https:\\\/\\\/santapola.es\\\/wp-content\\\/uploads\\\/2025\\\/04\\\/IMG_0791.jpg\",\"contentUrl\":\"https:\\\/\\\/santapola.es\\\/wp-content\\\/uploads\\\/2025\\\/04\\\/IMG_0791.jpg\",\"width\":1920,\"height\":1440},{\"@type\":\"BreadcrumbList\",\"@id\":\"https:\\\/\\\/santapola.es\\\/ca\\\/villa-adelaida-es-convertix-en-el-centre-hans-maribel-shami-darts-ciencies-i-lletres\\\/#breadcrumb\",\"itemListElement\":[{\"@type\":\"ListItem\",\"position\":1,\"name\":\"Inici\",\"item\":\"https:\\\/\\\/santapola.es\\\/ca\\\/\"},{\"@type\":\"ListItem\",\"position\":2,\"name\":\"Villa Adelaida es convertix en el Centre Hans Maribel Shami d&#8217;Arts, Ci\u00e8ncies i Lletres\"}]},{\"@type\":\"WebSite\",\"@id\":\"https:\\\/\\\/santapola.es\\\/ca\\\/#website\",\"url\":\"https:\\\/\\\/santapola.es\\\/ca\\\/\",\"name\":\"Ayuntamiento de Santa Pola\",\"description\":\"Web de l'Ajuntament de Santa Pola\",\"potentialAction\":[{\"@type\":\"SearchAction\",\"target\":{\"@type\":\"EntryPoint\",\"urlTemplate\":\"https:\\\/\\\/santapola.es\\\/ca\\\/?s={search_term_string}\"},\"query-input\":{\"@type\":\"PropertyValueSpecification\",\"valueRequired\":true,\"valueName\":\"search_term_string\"}}],\"inLanguage\":\"ca\"},{\"@type\":\"Person\",\"@id\":\"https:\\\/\\\/santapola.es\\\/ca\\\/#\\\/schema\\\/person\\\/ad1d67403707b58350c7be5e8dbc442d\",\"name\":\"Jos\u00e9 Juan L\u00f3pez Lafuente\"}]}<\/script>\n<!-- \/ Yoast SEO plugin. -->","yoast_head_json":{"title":"Villa Adelaida es convertix en el Centre Hans Maribel Shami d'Arts, Ci\u00e8ncies i Lletres - Ajuntament de Santa Pola","robots":{"index":"index","follow":"follow","max-snippet":"max-snippet:-1","max-image-preview":"max-image-preview:large","max-video-preview":"max-video-preview:-1"},"canonical":"https:\/\/santapola.es\/ca\/villa-adelaida-es-convertix-en-el-centre-hans-maribel-shami-darts-ciencies-i-lletres\/","og_locale":"ca_ES","og_type":"article","og_title":"Villa Adelaida es convertix en el Centre Hans Maribel Shami d'Arts, Ci\u00e8ncies i Lletres - Ajuntament de Santa Pola","og_description":"El president de la Diputaci\u00f3 d&#8217;Alacant, Toni P\u00e9rez, i l&#8217;alcaldessa Loreto Serrano han inaugurat hui la rehabilitaci\u00f3 de la casa Vila Adelaida donada per Maribel L\u00f3pez P\u00e9rez-Ojeda en 2012, un projecte de quasi mig mili\u00f3 d&#8217;euros del qual la Diputaci\u00f3 ha aportat 400.000 euros.\u00a0 Maribel va ser una santapolera avan\u00e7ada al seu temps que va [&hellip;]","og_url":"https:\/\/santapola.es\/ca\/villa-adelaida-es-convertix-en-el-centre-hans-maribel-shami-darts-ciencies-i-lletres\/","og_site_name":"Ajuntament de Santa Pola","article_publisher":"https:\/\/www.facebook.com\/AyuntamientoSantaPola\/","article_published_time":"2025-04-10T14:38:49+00:00","og_image":[{"width":1920,"height":1440,"url":"https:\/\/santapola.es\/wp-content\/uploads\/2025\/04\/IMG_0791.jpg","type":"image\/jpeg"}],"author":"Jos\u00e9 Juan L\u00f3pez Lafuente","twitter_card":"summary_large_image","twitter_creator":"@SantaPolaAyunt","twitter_site":"@SantaPolaAyunt","schema":{"@context":"https:\/\/schema.org","@graph":[{"@type":"Article","@id":"https:\/\/santapola.es\/ca\/villa-adelaida-es-convertix-en-el-centre-hans-maribel-shami-darts-ciencies-i-lletres\/#article","isPartOf":{"@id":"https:\/\/santapola.es\/ca\/villa-adelaida-es-convertix-en-el-centre-hans-maribel-shami-darts-ciencies-i-lletres\/"},"author":{"name":"Jos\u00e9 Juan L\u00f3pez Lafuente","@id":"https:\/\/santapola.es\/ca\/#\/schema\/person\/ad1d67403707b58350c7be5e8dbc442d"},"headline":"Villa Adelaida es convertix en el Centre Hans Maribel Shami d&#8217;Arts, Ci\u00e8ncies i Lletres","datePublished":"2025-04-10T14:38:49+00:00","mainEntityOfPage":{"@id":"https:\/\/santapola.es\/ca\/villa-adelaida-es-convertix-en-el-centre-hans-maribel-shami-darts-ciencies-i-lletres\/"},"wordCount":774,"image":{"@id":"https:\/\/santapola.es\/ca\/villa-adelaida-es-convertix-en-el-centre-hans-maribel-shami-darts-ciencies-i-lletres\/#primaryimage"},"thumbnailUrl":"https:\/\/santapola.es\/wp-content\/uploads\/2025\/04\/IMG_0791.jpg","keywords":["Diputaci\u00f3 d'Alacant","Loreto Serrano","Toni P\u00e9rez","Villa Adelaida"],"articleSection":["Cultura"],"inLanguage":"ca"},{"@type":"WebPage","@id":"https:\/\/santapola.es\/ca\/villa-adelaida-es-convertix-en-el-centre-hans-maribel-shami-darts-ciencies-i-lletres\/","url":"https:\/\/santapola.es\/ca\/villa-adelaida-es-convertix-en-el-centre-hans-maribel-shami-darts-ciencies-i-lletres\/","name":"Villa Adelaida es convertix en el Centre Hans Maribel Shami d'Arts, Ci\u00e8ncies i Lletres - Ajuntament de Santa Pola","isPartOf":{"@id":"https:\/\/santapola.es\/ca\/#website"},"primaryImageOfPage":{"@id":"https:\/\/santapola.es\/ca\/villa-adelaida-es-convertix-en-el-centre-hans-maribel-shami-darts-ciencies-i-lletres\/#primaryimage"},"image":{"@id":"https:\/\/santapola.es\/ca\/villa-adelaida-es-convertix-en-el-centre-hans-maribel-shami-darts-ciencies-i-lletres\/#primaryimage"},"thumbnailUrl":"https:\/\/santapola.es\/wp-content\/uploads\/2025\/04\/IMG_0791.jpg","datePublished":"2025-04-10T14:38:49+00:00","author":{"@id":"https:\/\/santapola.es\/ca\/#\/schema\/person\/ad1d67403707b58350c7be5e8dbc442d"},"breadcrumb":{"@id":"https:\/\/santapola.es\/ca\/villa-adelaida-es-convertix-en-el-centre-hans-maribel-shami-darts-ciencies-i-lletres\/#breadcrumb"},"inLanguage":"ca","potentialAction":[{"@type":"ReadAction","target":["https:\/\/santapola.es\/ca\/villa-adelaida-es-convertix-en-el-centre-hans-maribel-shami-darts-ciencies-i-lletres\/"]}]},{"@type":"ImageObject","inLanguage":"ca","@id":"https:\/\/santapola.es\/ca\/villa-adelaida-es-convertix-en-el-centre-hans-maribel-shami-darts-ciencies-i-lletres\/#primaryimage","url":"https:\/\/santapola.es\/wp-content\/uploads\/2025\/04\/IMG_0791.jpg","contentUrl":"https:\/\/santapola.es\/wp-content\/uploads\/2025\/04\/IMG_0791.jpg","width":1920,"height":1440},{"@type":"BreadcrumbList","@id":"https:\/\/santapola.es\/ca\/villa-adelaida-es-convertix-en-el-centre-hans-maribel-shami-darts-ciencies-i-lletres\/#breadcrumb","itemListElement":[{"@type":"ListItem","position":1,"name":"Inici","item":"https:\/\/santapola.es\/ca\/"},{"@type":"ListItem","position":2,"name":"Villa Adelaida es convertix en el Centre Hans Maribel Shami d&#8217;Arts, Ci\u00e8ncies i Lletres"}]},{"@type":"WebSite","@id":"https:\/\/santapola.es\/ca\/#website","url":"https:\/\/santapola.es\/ca\/","name":"Ayuntamiento de Santa Pola","description":"Web de l'Ajuntament de Santa Pola","potentialAction":[{"@type":"SearchAction","target":{"@type":"EntryPoint","urlTemplate":"https:\/\/santapola.es\/ca\/?s={search_term_string}"},"query-input":{"@type":"PropertyValueSpecification","valueRequired":true,"valueName":"search_term_string"}}],"inLanguage":"ca"},{"@type":"Person","@id":"https:\/\/santapola.es\/ca\/#\/schema\/person\/ad1d67403707b58350c7be5e8dbc442d","name":"Jos\u00e9 Juan L\u00f3pez Lafuente"}]}},"_links":{"self":[{"href":"https:\/\/santapola.es\/ca\/wp-json\/wp\/v2\/posts\/42999","targetHints":{"allow":["GET"]}}],"collection":[{"href":"https:\/\/santapola.es\/ca\/wp-json\/wp\/v2\/posts"}],"about":[{"href":"https:\/\/santapola.es\/ca\/wp-json\/wp\/v2\/types\/post"}],"author":[{"embeddable":true,"href":"https:\/\/santapola.es\/ca\/wp-json\/wp\/v2\/users\/96"}],"replies":[{"embeddable":true,"href":"https:\/\/santapola.es\/ca\/wp-json\/wp\/v2\/comments?post=42999"}],"version-history":[{"count":0,"href":"https:\/\/santapola.es\/ca\/wp-json\/wp\/v2\/posts\/42999\/revisions"}],"wp:featuredmedia":[{"embeddable":true,"href":"https:\/\/santapola.es\/ca\/wp-json\/wp\/v2\/media\/42997"}],"wp:attachment":[{"href":"https:\/\/santapola.es\/ca\/wp-json\/wp\/v2\/media?parent=42999"}],"wp:term":[{"taxonomy":"category","embeddable":true,"href":"https:\/\/santapola.es\/ca\/wp-json\/wp\/v2\/categories?post=42999"},{"taxonomy":"post_tag","embeddable":true,"href":"https:\/\/santapola.es\/ca\/wp-json\/wp\/v2\/tags?post=42999"}],"curies":[{"name":"wp","href":"https:\/\/api.w.org\/{rel}","templated":true}]}}