{"id":42945,"date":"2025-04-08T10:13:49","date_gmt":"2025-04-08T08:13:49","guid":{"rendered":"https:\/\/santapola.es\/?p=42945"},"modified":"2025-04-08T10:15:10","modified_gmt":"2025-04-08T08:15:10","slug":"8-dabril-dia-mundial-del-poble-gitano","status":"publish","type":"post","link":"https:\/\/santapola.es\/ca\/8-dabril-dia-mundial-del-poble-gitano\/","title":{"rendered":"8 d&#8217;abril, Dia Mundial del Poble Gitano"},"content":{"rendered":"<p>Hui estem de celebraci\u00f3.<\/p>\n<p>Hui celebrem el Dia Mundial del Poble Gitano, per\u00f2 tamb\u00e9 celebrem que el 12 de gener de 2025 es van complir 600 anys de l&#8217;arribada d&#8217;este poble a Espanya, i que l&#8217;any 2025 ha sigut declarat institucionalment pel Govern Espanyol com a &#8220;Any del Poble Gitano&#8221;.<\/p>\n<p>Volem convidar-los a celebrar junts estos 600 anys d&#8217;una hist\u00f2ria compartida. A pesar que han passat 6 segles, el coneixement que es t\u00e9 del poble gitano i la seua cultura seguix basat en generalitzacions, estereotips negatius i preju\u00eds, degut en bona part al desconeixement de la hist\u00f2ria i cultura del Poble Gitano.<\/p>\n<p>Coneix-los, perqu\u00e8 volem que es veja m\u00e9s enll\u00e0 dels preju\u00eds i les falses suposicions. Volem que escoltes les seues hist\u00f2ries i compartisques les seues alegries i lluites. El poble gitano \u00e9s part activa de la societat i el seu \u00fanic objectiu \u00e9s progressar i viure amb dignitat.<\/p>\n<p>Coneix-los, perqu\u00e8 el poble gitano \u00e9s part fonamental de la cultura espanyola. Perqu\u00e8 sense l&#8217;aportaci\u00f3 gitana no s&#8217;entendria de la mateixa manera la nostra gastronomia, la nostra m\u00fasica, el ball, la llengua i altres disciplines art\u00edstiques.<\/p>\n<p>La celebraci\u00f3 del 8 d&#8217;abril \u00e9s un moment per al reconeixement de la realitat, la hist\u00f2ria i la cultura del poble gitano, per\u00f2 tamb\u00e9 per a estimular la reflexi\u00f3 sobre la discriminaci\u00f3 que han patit i patixen hist\u00f2ricament els gitanos i gitanes de tot el m\u00f3n.<\/p>\n<p>Este reconeixement \u00e9s vital perqu\u00e8 els xiquets i xiquetes gitanes se senten orgulloses de formar part important d&#8217;esta societat intercultural que hem de construir entre tots i totes.<\/p>\n<p>Hui \u00e9s un bon dia per a seguir i comen\u00e7ar el cam\u00ed. Hui \u00e9s un bon dia per a seguir al\u00e7ats el llarg cam\u00ed caminat. Hui \u00e9s un dia de comprom\u00eds per a gitanos i gitanes, per a les institucions i la societat sencera.<\/p>\n<p>Perqu\u00e8 con\u00e9ixer \u00e9s compartir i conviure.<\/p>\n<p>Gr\u00e0cies per con\u00e9ixer-los i compartir amb ells i elles este dia, en el qual celebren amb orgull el seu Romipen, la seua identitat gitana.<\/p>\n<p>Este \u00e9s el seu any, l&#8217;any del Poble Gitano! Espanya tamb\u00e9 \u00e9s gitana.<\/p>\n<p>Sastip\u00e9n tali &#8211; Salut i Llibertat<\/p>\n","protected":false},"excerpt":{"rendered":"<p>Hui estem de celebraci\u00f3. Hui celebrem el Dia Mundial del Poble Gitano, per\u00f2 tamb\u00e9 celebrem que el 12 de gener de 2025 es van complir 600 anys de l&#8217;arribada d&#8217;este poble a Espanya, i que l&#8217;any 2025 ha sigut declarat institucionalment pel Govern Espanyol com a &#8220;Any del Poble Gitano&#8221;. Volem convidar-los a celebrar junts [&hellip;]<\/p>\n","protected":false},"author":96,"featured_media":42943,"comment_status":"closed","ping_status":"closed","sticky":false,"template":"","format":"standard","meta":{"_et_pb_use_builder":"","_et_pb_old_content":"","_et_gb_content_width":"","footnotes":""},"categories":[433],"tags":[1392],"class_list":["post-42945","post","type-post","status-publish","format-standard","has-post-thumbnail","hentry","category-cultura-ca","tag-dia-mundial-del-poble-gitano"],"yoast_head":"<!-- This site is optimized with the Yoast SEO plugin v27.4 - https:\/\/yoast.com\/product\/yoast-seo-wordpress\/ -->\n<title>8 d&#039;abril, Dia Mundial del Poble Gitano - Ajuntament de Santa Pola<\/title>\n<meta name=\"robots\" content=\"index, follow, max-snippet:-1, max-image-preview:large, max-video-preview:-1\" \/>\n<link rel=\"canonical\" href=\"https:\/\/santapola.es\/ca\/8-dabril-dia-mundial-del-poble-gitano\/\" \/>\n<meta property=\"og:locale\" content=\"ca_ES\" \/>\n<meta property=\"og:type\" content=\"article\" \/>\n<meta property=\"og:title\" content=\"8 d&#039;abril, Dia Mundial del Poble Gitano - Ajuntament de Santa Pola\" \/>\n<meta property=\"og:description\" content=\"Hui estem de celebraci\u00f3. Hui celebrem el Dia Mundial del Poble Gitano, per\u00f2 tamb\u00e9 celebrem que el 12 de gener de 2025 es van complir 600 anys de l&#8217;arribada d&#8217;este poble a Espanya, i que l&#8217;any 2025 ha sigut declarat institucionalment pel Govern Espanyol com a &#8220;Any del Poble Gitano&#8221;. Volem convidar-los a celebrar junts [&hellip;]\" \/>\n<meta property=\"og:url\" content=\"https:\/\/santapola.es\/ca\/8-dabril-dia-mundial-del-poble-gitano\/\" \/>\n<meta property=\"og:site_name\" content=\"Ajuntament de Santa Pola\" \/>\n<meta property=\"article:publisher\" content=\"https:\/\/www.facebook.com\/AyuntamientoSantaPola\/\" \/>\n<meta property=\"article:published_time\" content=\"2025-04-08T08:13:49+00:00\" \/>\n<meta property=\"article:modified_time\" content=\"2025-04-08T08:15:10+00:00\" \/>\n<meta property=\"og:image\" content=\"https:\/\/santapola.es\/wp-content\/uploads\/2025\/04\/carro-600-anos.jpg\" \/>\n\t<meta property=\"og:image:width\" content=\"1280\" \/>\n\t<meta property=\"og:image:height\" content=\"720\" \/>\n\t<meta property=\"og:image:type\" content=\"image\/jpeg\" \/>\n<meta name=\"author\" content=\"Jos\u00e9 Juan L\u00f3pez Lafuente\" \/>\n<meta name=\"twitter:card\" content=\"summary_large_image\" \/>\n<meta name=\"twitter:creator\" content=\"@SantaPolaAyunt\" \/>\n<meta name=\"twitter:site\" content=\"@SantaPolaAyunt\" \/>\n<script type=\"application\/ld+json\" class=\"yoast-schema-graph\">{\"@context\":\"https:\\\/\\\/schema.org\",\"@graph\":[{\"@type\":\"Article\",\"@id\":\"https:\\\/\\\/santapola.es\\\/ca\\\/8-dabril-dia-mundial-del-poble-gitano\\\/#article\",\"isPartOf\":{\"@id\":\"https:\\\/\\\/santapola.es\\\/ca\\\/8-dabril-dia-mundial-del-poble-gitano\\\/\"},\"author\":{\"name\":\"Jos\u00e9 Juan L\u00f3pez Lafuente\",\"@id\":\"https:\\\/\\\/santapola.es\\\/ca\\\/#\\\/schema\\\/person\\\/ad1d67403707b58350c7be5e8dbc442d\"},\"headline\":\"8 d&#8217;abril, Dia Mundial del Poble Gitano\",\"datePublished\":\"2025-04-08T08:13:49+00:00\",\"dateModified\":\"2025-04-08T08:15:10+00:00\",\"mainEntityOfPage\":{\"@id\":\"https:\\\/\\\/santapola.es\\\/ca\\\/8-dabril-dia-mundial-del-poble-gitano\\\/\"},\"wordCount\":379,\"image\":{\"@id\":\"https:\\\/\\\/santapola.es\\\/ca\\\/8-dabril-dia-mundial-del-poble-gitano\\\/#primaryimage\"},\"thumbnailUrl\":\"https:\\\/\\\/santapola.es\\\/wp-content\\\/uploads\\\/2025\\\/04\\\/carro-600-anos.jpg\",\"keywords\":[\"Dia Mundial del Poble Gitano\"],\"articleSection\":[\"Cultura\"],\"inLanguage\":\"ca\"},{\"@type\":\"WebPage\",\"@id\":\"https:\\\/\\\/santapola.es\\\/ca\\\/8-dabril-dia-mundial-del-poble-gitano\\\/\",\"url\":\"https:\\\/\\\/santapola.es\\\/ca\\\/8-dabril-dia-mundial-del-poble-gitano\\\/\",\"name\":\"8 d'abril, Dia Mundial del Poble Gitano - Ajuntament de Santa Pola\",\"isPartOf\":{\"@id\":\"https:\\\/\\\/santapola.es\\\/ca\\\/#website\"},\"primaryImageOfPage\":{\"@id\":\"https:\\\/\\\/santapola.es\\\/ca\\\/8-dabril-dia-mundial-del-poble-gitano\\\/#primaryimage\"},\"image\":{\"@id\":\"https:\\\/\\\/santapola.es\\\/ca\\\/8-dabril-dia-mundial-del-poble-gitano\\\/#primaryimage\"},\"thumbnailUrl\":\"https:\\\/\\\/santapola.es\\\/wp-content\\\/uploads\\\/2025\\\/04\\\/carro-600-anos.jpg\",\"datePublished\":\"2025-04-08T08:13:49+00:00\",\"dateModified\":\"2025-04-08T08:15:10+00:00\",\"author\":{\"@id\":\"https:\\\/\\\/santapola.es\\\/ca\\\/#\\\/schema\\\/person\\\/ad1d67403707b58350c7be5e8dbc442d\"},\"breadcrumb\":{\"@id\":\"https:\\\/\\\/santapola.es\\\/ca\\\/8-dabril-dia-mundial-del-poble-gitano\\\/#breadcrumb\"},\"inLanguage\":\"ca\",\"potentialAction\":[{\"@type\":\"ReadAction\",\"target\":[\"https:\\\/\\\/santapola.es\\\/ca\\\/8-dabril-dia-mundial-del-poble-gitano\\\/\"]}]},{\"@type\":\"ImageObject\",\"inLanguage\":\"ca\",\"@id\":\"https:\\\/\\\/santapola.es\\\/ca\\\/8-dabril-dia-mundial-del-poble-gitano\\\/#primaryimage\",\"url\":\"https:\\\/\\\/santapola.es\\\/wp-content\\\/uploads\\\/2025\\\/04\\\/carro-600-anos.jpg\",\"contentUrl\":\"https:\\\/\\\/santapola.es\\\/wp-content\\\/uploads\\\/2025\\\/04\\\/carro-600-anos.jpg\",\"width\":1280,\"height\":720},{\"@type\":\"BreadcrumbList\",\"@id\":\"https:\\\/\\\/santapola.es\\\/ca\\\/8-dabril-dia-mundial-del-poble-gitano\\\/#breadcrumb\",\"itemListElement\":[{\"@type\":\"ListItem\",\"position\":1,\"name\":\"Inici\",\"item\":\"https:\\\/\\\/santapola.es\\\/ca\\\/\"},{\"@type\":\"ListItem\",\"position\":2,\"name\":\"8 d&#8217;abril, Dia Mundial del Poble Gitano\"}]},{\"@type\":\"WebSite\",\"@id\":\"https:\\\/\\\/santapola.es\\\/ca\\\/#website\",\"url\":\"https:\\\/\\\/santapola.es\\\/ca\\\/\",\"name\":\"Ayuntamiento de Santa Pola\",\"description\":\"Web de l'Ajuntament de Santa Pola\",\"potentialAction\":[{\"@type\":\"SearchAction\",\"target\":{\"@type\":\"EntryPoint\",\"urlTemplate\":\"https:\\\/\\\/santapola.es\\\/ca\\\/?s={search_term_string}\"},\"query-input\":{\"@type\":\"PropertyValueSpecification\",\"valueRequired\":true,\"valueName\":\"search_term_string\"}}],\"inLanguage\":\"ca\"},{\"@type\":\"Person\",\"@id\":\"https:\\\/\\\/santapola.es\\\/ca\\\/#\\\/schema\\\/person\\\/ad1d67403707b58350c7be5e8dbc442d\",\"name\":\"Jos\u00e9 Juan L\u00f3pez Lafuente\"}]}<\/script>\n<!-- \/ Yoast SEO plugin. -->","yoast_head_json":{"title":"8 d'abril, Dia Mundial del Poble Gitano - Ajuntament de Santa Pola","robots":{"index":"index","follow":"follow","max-snippet":"max-snippet:-1","max-image-preview":"max-image-preview:large","max-video-preview":"max-video-preview:-1"},"canonical":"https:\/\/santapola.es\/ca\/8-dabril-dia-mundial-del-poble-gitano\/","og_locale":"ca_ES","og_type":"article","og_title":"8 d'abril, Dia Mundial del Poble Gitano - Ajuntament de Santa Pola","og_description":"Hui estem de celebraci\u00f3. Hui celebrem el Dia Mundial del Poble Gitano, per\u00f2 tamb\u00e9 celebrem que el 12 de gener de 2025 es van complir 600 anys de l&#8217;arribada d&#8217;este poble a Espanya, i que l&#8217;any 2025 ha sigut declarat institucionalment pel Govern Espanyol com a &#8220;Any del Poble Gitano&#8221;. Volem convidar-los a celebrar junts [&hellip;]","og_url":"https:\/\/santapola.es\/ca\/8-dabril-dia-mundial-del-poble-gitano\/","og_site_name":"Ajuntament de Santa Pola","article_publisher":"https:\/\/www.facebook.com\/AyuntamientoSantaPola\/","article_published_time":"2025-04-08T08:13:49+00:00","article_modified_time":"2025-04-08T08:15:10+00:00","og_image":[{"width":1280,"height":720,"url":"https:\/\/santapola.es\/wp-content\/uploads\/2025\/04\/carro-600-anos.jpg","type":"image\/jpeg"}],"author":"Jos\u00e9 Juan L\u00f3pez Lafuente","twitter_card":"summary_large_image","twitter_creator":"@SantaPolaAyunt","twitter_site":"@SantaPolaAyunt","schema":{"@context":"https:\/\/schema.org","@graph":[{"@type":"Article","@id":"https:\/\/santapola.es\/ca\/8-dabril-dia-mundial-del-poble-gitano\/#article","isPartOf":{"@id":"https:\/\/santapola.es\/ca\/8-dabril-dia-mundial-del-poble-gitano\/"},"author":{"name":"Jos\u00e9 Juan L\u00f3pez Lafuente","@id":"https:\/\/santapola.es\/ca\/#\/schema\/person\/ad1d67403707b58350c7be5e8dbc442d"},"headline":"8 d&#8217;abril, Dia Mundial del Poble Gitano","datePublished":"2025-04-08T08:13:49+00:00","dateModified":"2025-04-08T08:15:10+00:00","mainEntityOfPage":{"@id":"https:\/\/santapola.es\/ca\/8-dabril-dia-mundial-del-poble-gitano\/"},"wordCount":379,"image":{"@id":"https:\/\/santapola.es\/ca\/8-dabril-dia-mundial-del-poble-gitano\/#primaryimage"},"thumbnailUrl":"https:\/\/santapola.es\/wp-content\/uploads\/2025\/04\/carro-600-anos.jpg","keywords":["Dia Mundial del Poble Gitano"],"articleSection":["Cultura"],"inLanguage":"ca"},{"@type":"WebPage","@id":"https:\/\/santapola.es\/ca\/8-dabril-dia-mundial-del-poble-gitano\/","url":"https:\/\/santapola.es\/ca\/8-dabril-dia-mundial-del-poble-gitano\/","name":"8 d'abril, Dia Mundial del Poble Gitano - Ajuntament de Santa Pola","isPartOf":{"@id":"https:\/\/santapola.es\/ca\/#website"},"primaryImageOfPage":{"@id":"https:\/\/santapola.es\/ca\/8-dabril-dia-mundial-del-poble-gitano\/#primaryimage"},"image":{"@id":"https:\/\/santapola.es\/ca\/8-dabril-dia-mundial-del-poble-gitano\/#primaryimage"},"thumbnailUrl":"https:\/\/santapola.es\/wp-content\/uploads\/2025\/04\/carro-600-anos.jpg","datePublished":"2025-04-08T08:13:49+00:00","dateModified":"2025-04-08T08:15:10+00:00","author":{"@id":"https:\/\/santapola.es\/ca\/#\/schema\/person\/ad1d67403707b58350c7be5e8dbc442d"},"breadcrumb":{"@id":"https:\/\/santapola.es\/ca\/8-dabril-dia-mundial-del-poble-gitano\/#breadcrumb"},"inLanguage":"ca","potentialAction":[{"@type":"ReadAction","target":["https:\/\/santapola.es\/ca\/8-dabril-dia-mundial-del-poble-gitano\/"]}]},{"@type":"ImageObject","inLanguage":"ca","@id":"https:\/\/santapola.es\/ca\/8-dabril-dia-mundial-del-poble-gitano\/#primaryimage","url":"https:\/\/santapola.es\/wp-content\/uploads\/2025\/04\/carro-600-anos.jpg","contentUrl":"https:\/\/santapola.es\/wp-content\/uploads\/2025\/04\/carro-600-anos.jpg","width":1280,"height":720},{"@type":"BreadcrumbList","@id":"https:\/\/santapola.es\/ca\/8-dabril-dia-mundial-del-poble-gitano\/#breadcrumb","itemListElement":[{"@type":"ListItem","position":1,"name":"Inici","item":"https:\/\/santapola.es\/ca\/"},{"@type":"ListItem","position":2,"name":"8 d&#8217;abril, Dia Mundial del Poble Gitano"}]},{"@type":"WebSite","@id":"https:\/\/santapola.es\/ca\/#website","url":"https:\/\/santapola.es\/ca\/","name":"Ayuntamiento de Santa Pola","description":"Web de l'Ajuntament de Santa Pola","potentialAction":[{"@type":"SearchAction","target":{"@type":"EntryPoint","urlTemplate":"https:\/\/santapola.es\/ca\/?s={search_term_string}"},"query-input":{"@type":"PropertyValueSpecification","valueRequired":true,"valueName":"search_term_string"}}],"inLanguage":"ca"},{"@type":"Person","@id":"https:\/\/santapola.es\/ca\/#\/schema\/person\/ad1d67403707b58350c7be5e8dbc442d","name":"Jos\u00e9 Juan L\u00f3pez Lafuente"}]}},"_links":{"self":[{"href":"https:\/\/santapola.es\/ca\/wp-json\/wp\/v2\/posts\/42945","targetHints":{"allow":["GET"]}}],"collection":[{"href":"https:\/\/santapola.es\/ca\/wp-json\/wp\/v2\/posts"}],"about":[{"href":"https:\/\/santapola.es\/ca\/wp-json\/wp\/v2\/types\/post"}],"author":[{"embeddable":true,"href":"https:\/\/santapola.es\/ca\/wp-json\/wp\/v2\/users\/96"}],"replies":[{"embeddable":true,"href":"https:\/\/santapola.es\/ca\/wp-json\/wp\/v2\/comments?post=42945"}],"version-history":[{"count":0,"href":"https:\/\/santapola.es\/ca\/wp-json\/wp\/v2\/posts\/42945\/revisions"}],"wp:featuredmedia":[{"embeddable":true,"href":"https:\/\/santapola.es\/ca\/wp-json\/wp\/v2\/media\/42943"}],"wp:attachment":[{"href":"https:\/\/santapola.es\/ca\/wp-json\/wp\/v2\/media?parent=42945"}],"wp:term":[{"taxonomy":"category","embeddable":true,"href":"https:\/\/santapola.es\/ca\/wp-json\/wp\/v2\/categories?post=42945"},{"taxonomy":"post_tag","embeddable":true,"href":"https:\/\/santapola.es\/ca\/wp-json\/wp\/v2\/tags?post=42945"}],"curies":[{"name":"wp","href":"https:\/\/api.w.org\/{rel}","templated":true}]}}