{"id":42932,"date":"2025-04-07T12:16:29","date_gmt":"2025-04-07T10:16:29","guid":{"rendered":"https:\/\/santapola.es\/?p=42932"},"modified":"2025-04-07T12:17:45","modified_gmt":"2025-04-07T10:17:45","slug":"42932","status":"publish","type":"post","link":"https:\/\/santapola.es\/ca\/42932\/","title":{"rendered":""},"content":{"rendered":"<p><strong>Ja tenim dates per a l&#8217;inici de la campanya d&#8217;escolaritzaci\u00f3 per al curs 2025-2026 en Infantil, Prim\u00e0ria, ESO i Batxillerat.<\/strong><br \/>\n<strong>Atents a les dates de presentaci\u00f3 de sol\u00b7licituds!<\/strong><\/p>\n<p>&nbsp;<\/p>\n<p><img loading=\"lazy\" decoding=\"async\" class=\"aligncenter size-large wp-image-42930\" src=\"https:\/\/santapola.es\/wp-content\/uploads\/2025\/04\/INFANTIL-724x1024.png\" alt=\"\" width=\"724\" height=\"1024\" \/><\/p>\n<p><img loading=\"lazy\" decoding=\"async\" class=\"aligncenter size-large wp-image-42928\" src=\"https:\/\/santapola.es\/wp-content\/uploads\/2025\/04\/ESO-724x1024.png\" alt=\"\" width=\"724\" height=\"1024\" \/> <img loading=\"lazy\" decoding=\"async\" class=\"aligncenter size-large wp-image-42926\" src=\"https:\/\/santapola.es\/wp-content\/uploads\/2025\/04\/BACHILLERATO-724x1024.png\" alt=\"\" width=\"724\" height=\"1024\" \/><\/p>\n","protected":false},"excerpt":{"rendered":"<p>Ja tenim dates per a l&#8217;inici de la campanya d&#8217;escolaritzaci\u00f3 per al curs 2025-2026 en Infantil, Prim\u00e0ria, ESO i Batxillerat. Atents a les dates de presentaci\u00f3 de sol\u00b7licituds! &nbsp;<\/p>\n","protected":false},"author":96,"featured_media":42930,"comment_status":"closed","ping_status":"closed","sticky":false,"template":"","format":"standard","meta":{"_et_pb_use_builder":"","_et_pb_old_content":"","_et_gb_content_width":"","footnotes":""},"categories":[474],"tags":[1386],"class_list":["post-42932","post","type-post","status-publish","format-standard","has-post-thumbnail","hentry","category-educacio","tag-escolaritzacio"],"yoast_head":"<!-- This site is optimized with the Yoast SEO plugin v27.4 - https:\/\/yoast.com\/product\/yoast-seo-wordpress\/ -->\n<title>- Ajuntament de Santa Pola<\/title>\n<meta name=\"robots\" content=\"index, follow, max-snippet:-1, max-image-preview:large, max-video-preview:-1\" \/>\n<link rel=\"canonical\" href=\"https:\/\/santapola.es\/ca\/42932\/\" \/>\n<meta property=\"og:locale\" content=\"ca_ES\" \/>\n<meta property=\"og:type\" content=\"article\" \/>\n<meta property=\"og:title\" content=\"- Ajuntament de Santa Pola\" \/>\n<meta property=\"og:description\" content=\"Ja tenim dates per a l&#8217;inici de la campanya d&#8217;escolaritzaci\u00f3 per al curs 2025-2026 en Infantil, Prim\u00e0ria, ESO i Batxillerat. Atents a les dates de presentaci\u00f3 de sol\u00b7licituds! &nbsp;\" \/>\n<meta property=\"og:url\" content=\"https:\/\/santapola.es\/ca\/42932\/\" \/>\n<meta property=\"og:site_name\" content=\"Ajuntament de Santa Pola\" \/>\n<meta property=\"article:publisher\" content=\"https:\/\/www.facebook.com\/AyuntamientoSantaPola\/\" \/>\n<meta property=\"article:published_time\" content=\"2025-04-07T10:16:29+00:00\" \/>\n<meta property=\"article:modified_time\" content=\"2025-04-07T10:17:45+00:00\" \/>\n<meta property=\"og:image\" content=\"https:\/\/santapola.es\/wp-content\/uploads\/2025\/04\/INFANTIL.png\" \/>\n\t<meta property=\"og:image:width\" content=\"1414\" \/>\n\t<meta property=\"og:image:height\" content=\"2000\" \/>\n\t<meta property=\"og:image:type\" content=\"image\/png\" \/>\n<meta name=\"author\" content=\"Jos\u00e9 Juan L\u00f3pez Lafuente\" \/>\n<meta name=\"twitter:card\" content=\"summary_large_image\" \/>\n<meta name=\"twitter:creator\" content=\"@SantaPolaAyunt\" \/>\n<meta name=\"twitter:site\" content=\"@SantaPolaAyunt\" \/>\n<script type=\"application\/ld+json\" class=\"yoast-schema-graph\">{\"@context\":\"https:\\\/\\\/schema.org\",\"@graph\":[{\"@type\":\"Article\",\"@id\":\"https:\\\/\\\/santapola.es\\\/ca\\\/42932\\\/#article\",\"isPartOf\":{\"@id\":\"https:\\\/\\\/santapola.es\\\/ca\\\/42932\\\/\"},\"author\":{\"name\":\"Jos\u00e9 Juan L\u00f3pez Lafuente\",\"@id\":\"https:\\\/\\\/santapola.es\\\/ca\\\/#\\\/schema\\\/person\\\/ad1d67403707b58350c7be5e8dbc442d\"},\"headline\":\"Sense t\u00edtol\",\"datePublished\":\"2025-04-07T10:16:29+00:00\",\"dateModified\":\"2025-04-07T10:17:45+00:00\",\"mainEntityOfPage\":{\"@id\":\"https:\\\/\\\/santapola.es\\\/ca\\\/42932\\\/\"},\"wordCount\":33,\"image\":{\"@id\":\"https:\\\/\\\/santapola.es\\\/ca\\\/42932\\\/#primaryimage\"},\"thumbnailUrl\":\"https:\\\/\\\/santapola.es\\\/wp-content\\\/uploads\\\/2025\\\/04\\\/INFANTIL.png\",\"keywords\":[\"escolaritzaci\u00f3\"],\"articleSection\":[\"Educaci\u00f3\"],\"inLanguage\":\"ca\"},{\"@type\":\"WebPage\",\"@id\":\"https:\\\/\\\/santapola.es\\\/ca\\\/42932\\\/\",\"url\":\"https:\\\/\\\/santapola.es\\\/ca\\\/42932\\\/\",\"name\":\"- Ajuntament de Santa Pola\",\"isPartOf\":{\"@id\":\"https:\\\/\\\/santapola.es\\\/ca\\\/#website\"},\"primaryImageOfPage\":{\"@id\":\"https:\\\/\\\/santapola.es\\\/ca\\\/42932\\\/#primaryimage\"},\"image\":{\"@id\":\"https:\\\/\\\/santapola.es\\\/ca\\\/42932\\\/#primaryimage\"},\"thumbnailUrl\":\"https:\\\/\\\/santapola.es\\\/wp-content\\\/uploads\\\/2025\\\/04\\\/INFANTIL.png\",\"datePublished\":\"2025-04-07T10:16:29+00:00\",\"dateModified\":\"2025-04-07T10:17:45+00:00\",\"author\":{\"@id\":\"https:\\\/\\\/santapola.es\\\/ca\\\/#\\\/schema\\\/person\\\/ad1d67403707b58350c7be5e8dbc442d\"},\"inLanguage\":\"ca\",\"potentialAction\":[{\"@type\":\"ReadAction\",\"target\":[\"https:\\\/\\\/santapola.es\\\/ca\\\/42932\\\/\"]}]},{\"@type\":\"ImageObject\",\"inLanguage\":\"ca\",\"@id\":\"https:\\\/\\\/santapola.es\\\/ca\\\/42932\\\/#primaryimage\",\"url\":\"https:\\\/\\\/santapola.es\\\/wp-content\\\/uploads\\\/2025\\\/04\\\/INFANTIL.png\",\"contentUrl\":\"https:\\\/\\\/santapola.es\\\/wp-content\\\/uploads\\\/2025\\\/04\\\/INFANTIL.png\",\"width\":1414,\"height\":2000},{\"@type\":\"WebSite\",\"@id\":\"https:\\\/\\\/santapola.es\\\/ca\\\/#website\",\"url\":\"https:\\\/\\\/santapola.es\\\/ca\\\/\",\"name\":\"Ayuntamiento de Santa Pola\",\"description\":\"Web de l'Ajuntament de Santa Pola\",\"potentialAction\":[{\"@type\":\"SearchAction\",\"target\":{\"@type\":\"EntryPoint\",\"urlTemplate\":\"https:\\\/\\\/santapola.es\\\/ca\\\/?s={search_term_string}\"},\"query-input\":{\"@type\":\"PropertyValueSpecification\",\"valueRequired\":true,\"valueName\":\"search_term_string\"}}],\"inLanguage\":\"ca\"},{\"@type\":\"Person\",\"@id\":\"https:\\\/\\\/santapola.es\\\/ca\\\/#\\\/schema\\\/person\\\/ad1d67403707b58350c7be5e8dbc442d\",\"name\":\"Jos\u00e9 Juan L\u00f3pez Lafuente\"}]}<\/script>\n<!-- \/ Yoast SEO plugin. -->","yoast_head_json":{"title":"- Ajuntament de Santa Pola","robots":{"index":"index","follow":"follow","max-snippet":"max-snippet:-1","max-image-preview":"max-image-preview:large","max-video-preview":"max-video-preview:-1"},"canonical":"https:\/\/santapola.es\/ca\/42932\/","og_locale":"ca_ES","og_type":"article","og_title":"- Ajuntament de Santa Pola","og_description":"Ja tenim dates per a l&#8217;inici de la campanya d&#8217;escolaritzaci\u00f3 per al curs 2025-2026 en Infantil, Prim\u00e0ria, ESO i Batxillerat. Atents a les dates de presentaci\u00f3 de sol\u00b7licituds! &nbsp;","og_url":"https:\/\/santapola.es\/ca\/42932\/","og_site_name":"Ajuntament de Santa Pola","article_publisher":"https:\/\/www.facebook.com\/AyuntamientoSantaPola\/","article_published_time":"2025-04-07T10:16:29+00:00","article_modified_time":"2025-04-07T10:17:45+00:00","og_image":[{"width":1414,"height":2000,"url":"https:\/\/santapola.es\/wp-content\/uploads\/2025\/04\/INFANTIL.png","type":"image\/png"}],"author":"Jos\u00e9 Juan L\u00f3pez Lafuente","twitter_card":"summary_large_image","twitter_creator":"@SantaPolaAyunt","twitter_site":"@SantaPolaAyunt","schema":{"@context":"https:\/\/schema.org","@graph":[{"@type":"Article","@id":"https:\/\/santapola.es\/ca\/42932\/#article","isPartOf":{"@id":"https:\/\/santapola.es\/ca\/42932\/"},"author":{"name":"Jos\u00e9 Juan L\u00f3pez Lafuente","@id":"https:\/\/santapola.es\/ca\/#\/schema\/person\/ad1d67403707b58350c7be5e8dbc442d"},"headline":"Sense t\u00edtol","datePublished":"2025-04-07T10:16:29+00:00","dateModified":"2025-04-07T10:17:45+00:00","mainEntityOfPage":{"@id":"https:\/\/santapola.es\/ca\/42932\/"},"wordCount":33,"image":{"@id":"https:\/\/santapola.es\/ca\/42932\/#primaryimage"},"thumbnailUrl":"https:\/\/santapola.es\/wp-content\/uploads\/2025\/04\/INFANTIL.png","keywords":["escolaritzaci\u00f3"],"articleSection":["Educaci\u00f3"],"inLanguage":"ca"},{"@type":"WebPage","@id":"https:\/\/santapola.es\/ca\/42932\/","url":"https:\/\/santapola.es\/ca\/42932\/","name":"- Ajuntament de Santa Pola","isPartOf":{"@id":"https:\/\/santapola.es\/ca\/#website"},"primaryImageOfPage":{"@id":"https:\/\/santapola.es\/ca\/42932\/#primaryimage"},"image":{"@id":"https:\/\/santapola.es\/ca\/42932\/#primaryimage"},"thumbnailUrl":"https:\/\/santapola.es\/wp-content\/uploads\/2025\/04\/INFANTIL.png","datePublished":"2025-04-07T10:16:29+00:00","dateModified":"2025-04-07T10:17:45+00:00","author":{"@id":"https:\/\/santapola.es\/ca\/#\/schema\/person\/ad1d67403707b58350c7be5e8dbc442d"},"inLanguage":"ca","potentialAction":[{"@type":"ReadAction","target":["https:\/\/santapola.es\/ca\/42932\/"]}]},{"@type":"ImageObject","inLanguage":"ca","@id":"https:\/\/santapola.es\/ca\/42932\/#primaryimage","url":"https:\/\/santapola.es\/wp-content\/uploads\/2025\/04\/INFANTIL.png","contentUrl":"https:\/\/santapola.es\/wp-content\/uploads\/2025\/04\/INFANTIL.png","width":1414,"height":2000},{"@type":"WebSite","@id":"https:\/\/santapola.es\/ca\/#website","url":"https:\/\/santapola.es\/ca\/","name":"Ayuntamiento de Santa Pola","description":"Web de l'Ajuntament de Santa Pola","potentialAction":[{"@type":"SearchAction","target":{"@type":"EntryPoint","urlTemplate":"https:\/\/santapola.es\/ca\/?s={search_term_string}"},"query-input":{"@type":"PropertyValueSpecification","valueRequired":true,"valueName":"search_term_string"}}],"inLanguage":"ca"},{"@type":"Person","@id":"https:\/\/santapola.es\/ca\/#\/schema\/person\/ad1d67403707b58350c7be5e8dbc442d","name":"Jos\u00e9 Juan L\u00f3pez Lafuente"}]}},"_links":{"self":[{"href":"https:\/\/santapola.es\/ca\/wp-json\/wp\/v2\/posts\/42932","targetHints":{"allow":["GET"]}}],"collection":[{"href":"https:\/\/santapola.es\/ca\/wp-json\/wp\/v2\/posts"}],"about":[{"href":"https:\/\/santapola.es\/ca\/wp-json\/wp\/v2\/types\/post"}],"author":[{"embeddable":true,"href":"https:\/\/santapola.es\/ca\/wp-json\/wp\/v2\/users\/96"}],"replies":[{"embeddable":true,"href":"https:\/\/santapola.es\/ca\/wp-json\/wp\/v2\/comments?post=42932"}],"version-history":[{"count":0,"href":"https:\/\/santapola.es\/ca\/wp-json\/wp\/v2\/posts\/42932\/revisions"}],"wp:featuredmedia":[{"embeddable":true,"href":"https:\/\/santapola.es\/ca\/wp-json\/wp\/v2\/media\/42930"}],"wp:attachment":[{"href":"https:\/\/santapola.es\/ca\/wp-json\/wp\/v2\/media?parent=42932"}],"wp:term":[{"taxonomy":"category","embeddable":true,"href":"https:\/\/santapola.es\/ca\/wp-json\/wp\/v2\/categories?post=42932"},{"taxonomy":"post_tag","embeddable":true,"href":"https:\/\/santapola.es\/ca\/wp-json\/wp\/v2\/tags?post=42932"}],"curies":[{"name":"wp","href":"https:\/\/api.w.org\/{rel}","templated":true}]}}