{"id":42771,"date":"2025-03-31T12:14:48","date_gmt":"2025-03-31T10:14:48","guid":{"rendered":"https:\/\/santapola.es\/?p=42771"},"modified":"2025-03-31T12:17:35","modified_gmt":"2025-03-31T10:17:35","slug":"santa-pola-promocionara-el-voluntariat-com-a-metode-denvelliment-actiu-en-les-persones-majors","status":"publish","type":"post","link":"https:\/\/santapola.es\/ca\/santa-pola-promocionara-el-voluntariat-com-a-metode-denvelliment-actiu-en-les-persones-majors\/","title":{"rendered":"Santa Pola promocionar\u00e0 el voluntariat com a m\u00e8tode d&#8217;envelliment actiu en les persones majors"},"content":{"rendered":"<p><strong>CONFEMAC i l&#8217;Ajuntament de Santa Pola llancen una campanya de sensibilitzaci\u00f3 dirigida al fet que les persones majors coneguen els recursos de voluntariat i es mantinguen actius aportant la seua experi\u00e8ncia i habilitats.<\/strong><\/p>\n<p>La Confederaci\u00f3 Estatal de Majors Actius (CONFEMAC) i la regidoria de Servicis Socials de l&#8217;Ajuntament de Santa Pola llancen una campanya de sensibilitzaci\u00f3 dins del seu programa de promoci\u00f3 del voluntariat de persones majors, que duen a terme en alian\u00e7a amb m\u00e9s de 100 entitats o municipis.<\/p>\n<p>Sota el lema &#8220;M\u00e9s VIDES per a la teua VIDA\u201c, la intenci\u00f3 \u00e9s conscienciar sobre el valor de mantindre&#8217;s actius despr\u00e9s de la jubilaci\u00f3.<\/p>\n<p>&#8220;Voluntariat: m\u00e9s que bona voluntat&#8221;, la primera de les cinc campanyes que s&#8217;aniran desenrotllant al llarg de l&#8217;any, t\u00e9 com a objectiu donar a con\u00e9ixer el voluntariat, entendre en qu\u00e8 consistix realment i per qu\u00e8 \u00e9s especialment beneficiosa la participaci\u00f3 de les persones majors.<\/p>\n<p>Com a part de la campanya, CONFEMAC oferir\u00e0 recursos informatius com un p\u00f2dcast, un d\u00edptic i un cartell, que seran distribu\u00efts a trav\u00e9s d&#8217;un pla de difusi\u00f3 calendarizat. El programa est\u00e0 subvencionat per l&#8217;IMSERSO,\u00a0 per la qual cosa totes les campanyes i recursos es proporcionaran de manera gratu\u00efta.<\/p>\n<p>Amb tot aix\u00f2, CONFEMAC busca desmuntar mites sobre el voluntariat, aclarint que este no \u00e9s nom\u00e9s un acte espor\u00e0dic de bona voluntat, sin\u00f3 una acci\u00f3 estructurada i coordinada que t\u00e9 un impacte social real. El voluntariat organitzat permet a les persones majors aportar i aprofitar la seua experi\u00e8ncia i habilitats de manera significativa, millorant el seu benestar emocional i donant-los un lloc actiu en la societat.<\/p>\n","protected":false},"excerpt":{"rendered":"<p>CONFEMAC i l&#8217;Ajuntament de Santa Pola llancen una campanya de sensibilitzaci\u00f3 dirigida al fet que les persones majors coneguen els recursos de voluntariat i es mantinguen actius aportant la seua experi\u00e8ncia i habilitats. La Confederaci\u00f3 Estatal de Majors Actius (CONFEMAC) i la regidoria de Servicis Socials de l&#8217;Ajuntament de Santa Pola llancen una campanya de [&hellip;]<\/p>\n","protected":false},"author":96,"featured_media":42769,"comment_status":"closed","ping_status":"closed","sticky":false,"template":"","format":"standard","meta":{"_et_pb_use_builder":"","_et_pb_old_content":"","_et_gb_content_width":"","footnotes":""},"categories":[1364,452],"tags":[1367,1366,1365],"class_list":["post-42771","post","type-post","status-publish","format-standard","has-post-thumbnail","hentry","category-persones-majors","category-serveis-socials","tag-confemac-ca","tag-envelliment-actiu-ca","tag-voluntariat"],"yoast_head":"<!-- This site is optimized with the Yoast SEO plugin v27.4 - https:\/\/yoast.com\/product\/yoast-seo-wordpress\/ -->\n<title>Santa Pola promocionar\u00e0 el voluntariat com a m\u00e8tode d&#039;envelliment actiu en les persones majors - Ajuntament de Santa Pola<\/title>\n<meta name=\"robots\" content=\"index, follow, max-snippet:-1, max-image-preview:large, max-video-preview:-1\" \/>\n<link rel=\"canonical\" href=\"https:\/\/santapola.es\/ca\/santa-pola-promocionara-el-voluntariat-com-a-metode-denvelliment-actiu-en-les-persones-majors\/\" \/>\n<meta property=\"og:locale\" content=\"ca_ES\" \/>\n<meta property=\"og:type\" content=\"article\" \/>\n<meta property=\"og:title\" content=\"Santa Pola promocionar\u00e0 el voluntariat com a m\u00e8tode d&#039;envelliment actiu en les persones majors - Ajuntament de Santa Pola\" \/>\n<meta property=\"og:description\" content=\"CONFEMAC i l&#8217;Ajuntament de Santa Pola llancen una campanya de sensibilitzaci\u00f3 dirigida al fet que les persones majors coneguen els recursos de voluntariat i es mantinguen actius aportant la seua experi\u00e8ncia i habilitats. La Confederaci\u00f3 Estatal de Majors Actius (CONFEMAC) i la regidoria de Servicis Socials de l&#8217;Ajuntament de Santa Pola llancen una campanya de [&hellip;]\" \/>\n<meta property=\"og:url\" content=\"https:\/\/santapola.es\/ca\/santa-pola-promocionara-el-voluntariat-com-a-metode-denvelliment-actiu-en-les-persones-majors\/\" \/>\n<meta property=\"og:site_name\" content=\"Ajuntament de Santa Pola\" \/>\n<meta property=\"article:publisher\" content=\"https:\/\/www.facebook.com\/AyuntamientoSantaPola\/\" \/>\n<meta property=\"article:published_time\" content=\"2025-03-31T10:14:48+00:00\" \/>\n<meta property=\"article:modified_time\" content=\"2025-03-31T10:17:35+00:00\" \/>\n<meta property=\"og:image\" content=\"https:\/\/santapola.es\/wp-content\/uploads\/2025\/03\/cartel-campana-con-logos-ayuntamiento.jpg\" \/>\n\t<meta property=\"og:image:width\" content=\"1414\" \/>\n\t<meta property=\"og:image:height\" content=\"2000\" \/>\n\t<meta property=\"og:image:type\" content=\"image\/jpeg\" \/>\n<meta name=\"author\" content=\"Jos\u00e9 Juan L\u00f3pez Lafuente\" \/>\n<meta name=\"twitter:card\" content=\"summary_large_image\" \/>\n<meta name=\"twitter:creator\" content=\"@SantaPolaAyunt\" \/>\n<meta name=\"twitter:site\" content=\"@SantaPolaAyunt\" \/>\n<script type=\"application\/ld+json\" class=\"yoast-schema-graph\">{\"@context\":\"https:\\\/\\\/schema.org\",\"@graph\":[{\"@type\":\"Article\",\"@id\":\"https:\\\/\\\/santapola.es\\\/ca\\\/santa-pola-promocionara-el-voluntariat-com-a-metode-denvelliment-actiu-en-les-persones-majors\\\/#article\",\"isPartOf\":{\"@id\":\"https:\\\/\\\/santapola.es\\\/ca\\\/santa-pola-promocionara-el-voluntariat-com-a-metode-denvelliment-actiu-en-les-persones-majors\\\/\"},\"author\":{\"name\":\"Jos\u00e9 Juan L\u00f3pez Lafuente\",\"@id\":\"https:\\\/\\\/santapola.es\\\/ca\\\/#\\\/schema\\\/person\\\/ad1d67403707b58350c7be5e8dbc442d\"},\"headline\":\"Santa Pola promocionar\u00e0 el voluntariat com a m\u00e8tode d&#8217;envelliment actiu en les persones majors\",\"datePublished\":\"2025-03-31T10:14:48+00:00\",\"dateModified\":\"2025-03-31T10:17:35+00:00\",\"mainEntityOfPage\":{\"@id\":\"https:\\\/\\\/santapola.es\\\/ca\\\/santa-pola-promocionara-el-voluntariat-com-a-metode-denvelliment-actiu-en-les-persones-majors\\\/\"},\"wordCount\":299,\"image\":{\"@id\":\"https:\\\/\\\/santapola.es\\\/ca\\\/santa-pola-promocionara-el-voluntariat-com-a-metode-denvelliment-actiu-en-les-persones-majors\\\/#primaryimage\"},\"thumbnailUrl\":\"https:\\\/\\\/santapola.es\\\/wp-content\\\/uploads\\\/2025\\\/03\\\/cartel-campana-con-logos-ayuntamiento.jpg\",\"keywords\":[\"CONFEMAC\",\"Envelliment Actiu\",\"voluntariat\"],\"articleSection\":[\"Persones majors\",\"Serveis Socials\"],\"inLanguage\":\"ca\"},{\"@type\":\"WebPage\",\"@id\":\"https:\\\/\\\/santapola.es\\\/ca\\\/santa-pola-promocionara-el-voluntariat-com-a-metode-denvelliment-actiu-en-les-persones-majors\\\/\",\"url\":\"https:\\\/\\\/santapola.es\\\/ca\\\/santa-pola-promocionara-el-voluntariat-com-a-metode-denvelliment-actiu-en-les-persones-majors\\\/\",\"name\":\"Santa Pola promocionar\u00e0 el voluntariat com a m\u00e8tode d'envelliment actiu en les persones majors - Ajuntament de Santa Pola\",\"isPartOf\":{\"@id\":\"https:\\\/\\\/santapola.es\\\/ca\\\/#website\"},\"primaryImageOfPage\":{\"@id\":\"https:\\\/\\\/santapola.es\\\/ca\\\/santa-pola-promocionara-el-voluntariat-com-a-metode-denvelliment-actiu-en-les-persones-majors\\\/#primaryimage\"},\"image\":{\"@id\":\"https:\\\/\\\/santapola.es\\\/ca\\\/santa-pola-promocionara-el-voluntariat-com-a-metode-denvelliment-actiu-en-les-persones-majors\\\/#primaryimage\"},\"thumbnailUrl\":\"https:\\\/\\\/santapola.es\\\/wp-content\\\/uploads\\\/2025\\\/03\\\/cartel-campana-con-logos-ayuntamiento.jpg\",\"datePublished\":\"2025-03-31T10:14:48+00:00\",\"dateModified\":\"2025-03-31T10:17:35+00:00\",\"author\":{\"@id\":\"https:\\\/\\\/santapola.es\\\/ca\\\/#\\\/schema\\\/person\\\/ad1d67403707b58350c7be5e8dbc442d\"},\"breadcrumb\":{\"@id\":\"https:\\\/\\\/santapola.es\\\/ca\\\/santa-pola-promocionara-el-voluntariat-com-a-metode-denvelliment-actiu-en-les-persones-majors\\\/#breadcrumb\"},\"inLanguage\":\"ca\",\"potentialAction\":[{\"@type\":\"ReadAction\",\"target\":[\"https:\\\/\\\/santapola.es\\\/ca\\\/santa-pola-promocionara-el-voluntariat-com-a-metode-denvelliment-actiu-en-les-persones-majors\\\/\"]}]},{\"@type\":\"ImageObject\",\"inLanguage\":\"ca\",\"@id\":\"https:\\\/\\\/santapola.es\\\/ca\\\/santa-pola-promocionara-el-voluntariat-com-a-metode-denvelliment-actiu-en-les-persones-majors\\\/#primaryimage\",\"url\":\"https:\\\/\\\/santapola.es\\\/wp-content\\\/uploads\\\/2025\\\/03\\\/cartel-campana-con-logos-ayuntamiento.jpg\",\"contentUrl\":\"https:\\\/\\\/santapola.es\\\/wp-content\\\/uploads\\\/2025\\\/03\\\/cartel-campana-con-logos-ayuntamiento.jpg\",\"width\":1414,\"height\":2000},{\"@type\":\"BreadcrumbList\",\"@id\":\"https:\\\/\\\/santapola.es\\\/ca\\\/santa-pola-promocionara-el-voluntariat-com-a-metode-denvelliment-actiu-en-les-persones-majors\\\/#breadcrumb\",\"itemListElement\":[{\"@type\":\"ListItem\",\"position\":1,\"name\":\"Inici\",\"item\":\"https:\\\/\\\/santapola.es\\\/ca\\\/\"},{\"@type\":\"ListItem\",\"position\":2,\"name\":\"Santa Pola promocionar\u00e0 el voluntariat com a m\u00e8tode d&#8217;envelliment actiu en les persones majors\"}]},{\"@type\":\"WebSite\",\"@id\":\"https:\\\/\\\/santapola.es\\\/ca\\\/#website\",\"url\":\"https:\\\/\\\/santapola.es\\\/ca\\\/\",\"name\":\"Ayuntamiento de Santa Pola\",\"description\":\"Web de l'Ajuntament de Santa Pola\",\"potentialAction\":[{\"@type\":\"SearchAction\",\"target\":{\"@type\":\"EntryPoint\",\"urlTemplate\":\"https:\\\/\\\/santapola.es\\\/ca\\\/?s={search_term_string}\"},\"query-input\":{\"@type\":\"PropertyValueSpecification\",\"valueRequired\":true,\"valueName\":\"search_term_string\"}}],\"inLanguage\":\"ca\"},{\"@type\":\"Person\",\"@id\":\"https:\\\/\\\/santapola.es\\\/ca\\\/#\\\/schema\\\/person\\\/ad1d67403707b58350c7be5e8dbc442d\",\"name\":\"Jos\u00e9 Juan L\u00f3pez Lafuente\"}]}<\/script>\n<!-- \/ Yoast SEO plugin. -->","yoast_head_json":{"title":"Santa Pola promocionar\u00e0 el voluntariat com a m\u00e8tode d'envelliment actiu en les persones majors - Ajuntament de Santa Pola","robots":{"index":"index","follow":"follow","max-snippet":"max-snippet:-1","max-image-preview":"max-image-preview:large","max-video-preview":"max-video-preview:-1"},"canonical":"https:\/\/santapola.es\/ca\/santa-pola-promocionara-el-voluntariat-com-a-metode-denvelliment-actiu-en-les-persones-majors\/","og_locale":"ca_ES","og_type":"article","og_title":"Santa Pola promocionar\u00e0 el voluntariat com a m\u00e8tode d'envelliment actiu en les persones majors - Ajuntament de Santa Pola","og_description":"CONFEMAC i l&#8217;Ajuntament de Santa Pola llancen una campanya de sensibilitzaci\u00f3 dirigida al fet que les persones majors coneguen els recursos de voluntariat i es mantinguen actius aportant la seua experi\u00e8ncia i habilitats. La Confederaci\u00f3 Estatal de Majors Actius (CONFEMAC) i la regidoria de Servicis Socials de l&#8217;Ajuntament de Santa Pola llancen una campanya de [&hellip;]","og_url":"https:\/\/santapola.es\/ca\/santa-pola-promocionara-el-voluntariat-com-a-metode-denvelliment-actiu-en-les-persones-majors\/","og_site_name":"Ajuntament de Santa Pola","article_publisher":"https:\/\/www.facebook.com\/AyuntamientoSantaPola\/","article_published_time":"2025-03-31T10:14:48+00:00","article_modified_time":"2025-03-31T10:17:35+00:00","og_image":[{"width":1414,"height":2000,"url":"https:\/\/santapola.es\/wp-content\/uploads\/2025\/03\/cartel-campana-con-logos-ayuntamiento.jpg","type":"image\/jpeg"}],"author":"Jos\u00e9 Juan L\u00f3pez Lafuente","twitter_card":"summary_large_image","twitter_creator":"@SantaPolaAyunt","twitter_site":"@SantaPolaAyunt","schema":{"@context":"https:\/\/schema.org","@graph":[{"@type":"Article","@id":"https:\/\/santapola.es\/ca\/santa-pola-promocionara-el-voluntariat-com-a-metode-denvelliment-actiu-en-les-persones-majors\/#article","isPartOf":{"@id":"https:\/\/santapola.es\/ca\/santa-pola-promocionara-el-voluntariat-com-a-metode-denvelliment-actiu-en-les-persones-majors\/"},"author":{"name":"Jos\u00e9 Juan L\u00f3pez Lafuente","@id":"https:\/\/santapola.es\/ca\/#\/schema\/person\/ad1d67403707b58350c7be5e8dbc442d"},"headline":"Santa Pola promocionar\u00e0 el voluntariat com a m\u00e8tode d&#8217;envelliment actiu en les persones majors","datePublished":"2025-03-31T10:14:48+00:00","dateModified":"2025-03-31T10:17:35+00:00","mainEntityOfPage":{"@id":"https:\/\/santapola.es\/ca\/santa-pola-promocionara-el-voluntariat-com-a-metode-denvelliment-actiu-en-les-persones-majors\/"},"wordCount":299,"image":{"@id":"https:\/\/santapola.es\/ca\/santa-pola-promocionara-el-voluntariat-com-a-metode-denvelliment-actiu-en-les-persones-majors\/#primaryimage"},"thumbnailUrl":"https:\/\/santapola.es\/wp-content\/uploads\/2025\/03\/cartel-campana-con-logos-ayuntamiento.jpg","keywords":["CONFEMAC","Envelliment Actiu","voluntariat"],"articleSection":["Persones majors","Serveis Socials"],"inLanguage":"ca"},{"@type":"WebPage","@id":"https:\/\/santapola.es\/ca\/santa-pola-promocionara-el-voluntariat-com-a-metode-denvelliment-actiu-en-les-persones-majors\/","url":"https:\/\/santapola.es\/ca\/santa-pola-promocionara-el-voluntariat-com-a-metode-denvelliment-actiu-en-les-persones-majors\/","name":"Santa Pola promocionar\u00e0 el voluntariat com a m\u00e8tode d'envelliment actiu en les persones majors - Ajuntament de Santa Pola","isPartOf":{"@id":"https:\/\/santapola.es\/ca\/#website"},"primaryImageOfPage":{"@id":"https:\/\/santapola.es\/ca\/santa-pola-promocionara-el-voluntariat-com-a-metode-denvelliment-actiu-en-les-persones-majors\/#primaryimage"},"image":{"@id":"https:\/\/santapola.es\/ca\/santa-pola-promocionara-el-voluntariat-com-a-metode-denvelliment-actiu-en-les-persones-majors\/#primaryimage"},"thumbnailUrl":"https:\/\/santapola.es\/wp-content\/uploads\/2025\/03\/cartel-campana-con-logos-ayuntamiento.jpg","datePublished":"2025-03-31T10:14:48+00:00","dateModified":"2025-03-31T10:17:35+00:00","author":{"@id":"https:\/\/santapola.es\/ca\/#\/schema\/person\/ad1d67403707b58350c7be5e8dbc442d"},"breadcrumb":{"@id":"https:\/\/santapola.es\/ca\/santa-pola-promocionara-el-voluntariat-com-a-metode-denvelliment-actiu-en-les-persones-majors\/#breadcrumb"},"inLanguage":"ca","potentialAction":[{"@type":"ReadAction","target":["https:\/\/santapola.es\/ca\/santa-pola-promocionara-el-voluntariat-com-a-metode-denvelliment-actiu-en-les-persones-majors\/"]}]},{"@type":"ImageObject","inLanguage":"ca","@id":"https:\/\/santapola.es\/ca\/santa-pola-promocionara-el-voluntariat-com-a-metode-denvelliment-actiu-en-les-persones-majors\/#primaryimage","url":"https:\/\/santapola.es\/wp-content\/uploads\/2025\/03\/cartel-campana-con-logos-ayuntamiento.jpg","contentUrl":"https:\/\/santapola.es\/wp-content\/uploads\/2025\/03\/cartel-campana-con-logos-ayuntamiento.jpg","width":1414,"height":2000},{"@type":"BreadcrumbList","@id":"https:\/\/santapola.es\/ca\/santa-pola-promocionara-el-voluntariat-com-a-metode-denvelliment-actiu-en-les-persones-majors\/#breadcrumb","itemListElement":[{"@type":"ListItem","position":1,"name":"Inici","item":"https:\/\/santapola.es\/ca\/"},{"@type":"ListItem","position":2,"name":"Santa Pola promocionar\u00e0 el voluntariat com a m\u00e8tode d&#8217;envelliment actiu en les persones majors"}]},{"@type":"WebSite","@id":"https:\/\/santapola.es\/ca\/#website","url":"https:\/\/santapola.es\/ca\/","name":"Ayuntamiento de Santa Pola","description":"Web de l'Ajuntament de Santa Pola","potentialAction":[{"@type":"SearchAction","target":{"@type":"EntryPoint","urlTemplate":"https:\/\/santapola.es\/ca\/?s={search_term_string}"},"query-input":{"@type":"PropertyValueSpecification","valueRequired":true,"valueName":"search_term_string"}}],"inLanguage":"ca"},{"@type":"Person","@id":"https:\/\/santapola.es\/ca\/#\/schema\/person\/ad1d67403707b58350c7be5e8dbc442d","name":"Jos\u00e9 Juan L\u00f3pez Lafuente"}]}},"_links":{"self":[{"href":"https:\/\/santapola.es\/ca\/wp-json\/wp\/v2\/posts\/42771","targetHints":{"allow":["GET"]}}],"collection":[{"href":"https:\/\/santapola.es\/ca\/wp-json\/wp\/v2\/posts"}],"about":[{"href":"https:\/\/santapola.es\/ca\/wp-json\/wp\/v2\/types\/post"}],"author":[{"embeddable":true,"href":"https:\/\/santapola.es\/ca\/wp-json\/wp\/v2\/users\/96"}],"replies":[{"embeddable":true,"href":"https:\/\/santapola.es\/ca\/wp-json\/wp\/v2\/comments?post=42771"}],"version-history":[{"count":0,"href":"https:\/\/santapola.es\/ca\/wp-json\/wp\/v2\/posts\/42771\/revisions"}],"wp:featuredmedia":[{"embeddable":true,"href":"https:\/\/santapola.es\/ca\/wp-json\/wp\/v2\/media\/42769"}],"wp:attachment":[{"href":"https:\/\/santapola.es\/ca\/wp-json\/wp\/v2\/media?parent=42771"}],"wp:term":[{"taxonomy":"category","embeddable":true,"href":"https:\/\/santapola.es\/ca\/wp-json\/wp\/v2\/categories?post=42771"},{"taxonomy":"post_tag","embeddable":true,"href":"https:\/\/santapola.es\/ca\/wp-json\/wp\/v2\/tags?post=42771"}],"curies":[{"name":"wp","href":"https:\/\/api.w.org\/{rel}","templated":true}]}}