{"id":41973,"date":"2025-03-10T11:58:03","date_gmt":"2025-03-10T10:58:03","guid":{"rendered":"https:\/\/santapola.es\/?p=41973"},"modified":"2025-03-10T12:25:34","modified_gmt":"2025-03-10T11:25:34","slug":"lespectacle-de-dansa-aeria-voala-station-posara-el-fermall-dor-a-lii-festival-de-dansa-internacional-moute-santa-pola","status":"publish","type":"post","link":"https:\/\/santapola.es\/ca\/lespectacle-de-dansa-aeria-voala-station-posara-el-fermall-dor-a-lii-festival-de-dansa-internacional-moute-santa-pola\/","title":{"rendered":"L&#8217;espectacle de dansa a\u00e8ria \u201cVoal\u00e1 Station\u201d posar\u00e0 el fermall d&#8217;or a l&#8217;II Festival de Dansa Internacional Moute Santa Pola"},"content":{"rendered":"<p><strong>Este dissabte 15 de mar\u00e7 la Glorieta ser\u00e0 escenari de la clausura del festival, que arrancar\u00e0 amb la gala d&#8217;escoles de dansa que va ser suspesa per la pluja al febrer i culminar\u00e0 amb una espectacular performance que mescla dansa a\u00e8ria i m\u00fasica en viu.<\/strong><\/p>\n<p>Dissabte que ve 15 de mar\u00e7 la Glorieta es convertir\u00e0 en l&#8217;escenari de la clausura de l&#8217;II Festival de Dansa Internacional Moute Santa Pola 2025, un esdeveniment que ha reunit ballarins de diverses modalitats i llocs, i que culminar\u00e0 amb una jornada plena d&#8217;art i cultura.<\/p>\n<p>La regidor de Cultura, Nely Baile, va anunciar que \u201ca les 17.00 hores les escoles de dansa oferiran la seua gala, una mostra de talent i dedicaci\u00f3 de j\u00f3vens artistes que estava inicialment programada per al 22 de febrer per\u00f2 que va ser posposada a causa de les males condicions climatol\u00f2giques, i ara es presenta com una avantsala perfecta per a la clausura d&#8217;este festival\u201d.<\/p>\n<p><iframe loading=\"lazy\" title=\"El espect\u00e1culo de danza a\u00e9rea \u201cVoal\u00e1 Station\u201d pondr\u00e1 el broche de oro al II Moute Santa Pola\" width=\"1080\" height=\"608\" src=\"https:\/\/www.youtube.com\/embed\/Rce6yXB0DEI?feature=oembed\"  allow=\"accelerometer; autoplay; clipboard-write; encrypted-media; gyroscope; picture-in-picture; web-share\" referrerpolicy=\"strict-origin-when-cross-origin\" allowfullscreen><\/iframe><\/p>\n<p>Mar\u00eda Palaz\u00f3n, directora de l&#8217;escola Fem Dansa i coordinadora del festival, va explicar que \u201ctindrem en esta clausura la participaci\u00f3 de 25 escoles que posaran en escena diferents disciplines, des de cl\u00e0ssica, contempor\u00e0nia, hip hop, ball espanyol\u2026 I despr\u00e9s entregarem uns reconeixements per tot l&#8217;esfor\u00e7 que han realitzat els artistes i els seus professors: millor ballar\u00ed i ballarina, posada en escena, coreografia, premi del jurat, reconeixement a j\u00f3vens emprenedors, etc.\u201d<\/p>\n<p><strong>Espectacle de dansa a\u00e8ria<\/strong><\/p>\n<p>\u201cEl fermall d&#8217;or a este festival ser\u00e0 l&#8217;espectacle aeri Voal\u00e1 Station, un muntatge reconegut internacionalment per la seua combinaci\u00f3 de m\u00fasica, dansa i acrob\u00e0cies a\u00e8ries, que promet oferir una experi\u00e8ncia inoblidable a tots els assistents\u201d, segons Nely Baile.<\/p>\n<p>Pablo Cuello, coordinador art\u00edstic de la Companyia Voal\u00e1, amb seu a Alacant, va informar que \u201ceste \u00e9s un espectacle que l&#8217;any que ve ser\u00e0 major d&#8217;edat, complir\u00e0 18 anys en gira, i en la zona on menys hem actuat \u00e9s ac\u00ed a casa, aix\u00ed que estem content\u00edssims que els amics i la fam\u00edlia ens puguen vindre a veure, i tamb\u00e9 de donar suport a este tipus de festivals.<\/p>\n<p>\u00c9s un espectacle que, des d&#8217;una mirada po\u00e8tica, \u00e9s sorprenent en termes aeris, t\u00e9 coreografies a 15 metres d&#8217;altura contant una hist\u00f2ria po\u00e8tica. Tenim una cantant l\u00edrica en viu, Paula Nogueira, que \u00e9s la protagonista en escena en terra, un bandone\u00f3n en directe i dotze actors acr\u00f2bates que contem una hist\u00f2ria simple per\u00f2 molt emotiva\u201d.<\/p>\n<p>L&#8217;edil de Cultura va voler acabar convidant \u201ca tot el poble de Santa Pola i visitants a gaudir d&#8217;estos actes, l&#8217;entrada ser\u00e0 lliure i gratu\u00efta i recomanem arribar amb temps per a poder gaudir de tots estos espectacles\u201d.<\/p>\n","protected":false},"excerpt":{"rendered":"<p>Este dissabte 15 de mar\u00e7 la Glorieta ser\u00e0 escenari de la clausura del festival, que arrancar\u00e0 amb la gala d&#8217;escoles de dansa que va ser suspesa per la pluja al febrer i culminar\u00e0 amb una espectacular performance que mescla dansa a\u00e8ria i m\u00fasica en viu. Dissabte que ve 15 de mar\u00e7 la Glorieta es convertir\u00e0 [&hellip;]<\/p>\n","protected":false},"author":96,"featured_media":41971,"comment_status":"closed","ping_status":"closed","sticky":false,"template":"","format":"standard","meta":{"_et_pb_use_builder":"","_et_pb_old_content":"","_et_gb_content_width":"","footnotes":""},"categories":[433],"tags":[788,1283,511,1326],"class_list":["post-41973","post","type-post","status-publish","format-standard","has-post-thumbnail","hentry","category-cultura-ca","tag-maria-palazon-ca","tag-moute-ca","tag-nely-baile-ca","tag-voala-station-ca"],"yoast_head":"<!-- This site is optimized with the Yoast SEO plugin v27.4 - https:\/\/yoast.com\/product\/yoast-seo-wordpress\/ -->\n<title>L&#039;espectacle de dansa a\u00e8ria \u201cVoal\u00e1 Station\u201d posar\u00e0 el fermall d&#039;or a l&#039;II Festival de Dansa Internacional Moute Santa Pola - Ajuntament de Santa Pola<\/title>\n<meta name=\"robots\" content=\"index, follow, max-snippet:-1, max-image-preview:large, max-video-preview:-1\" \/>\n<link rel=\"canonical\" href=\"https:\/\/santapola.es\/ca\/lespectacle-de-dansa-aeria-voala-station-posara-el-fermall-dor-a-lii-festival-de-dansa-internacional-moute-santa-pola\/\" \/>\n<meta property=\"og:locale\" content=\"ca_ES\" \/>\n<meta property=\"og:type\" content=\"article\" \/>\n<meta property=\"og:title\" content=\"L&#039;espectacle de dansa a\u00e8ria \u201cVoal\u00e1 Station\u201d posar\u00e0 el fermall d&#039;or a l&#039;II Festival de Dansa Internacional Moute Santa Pola - Ajuntament de Santa Pola\" \/>\n<meta property=\"og:description\" content=\"Este dissabte 15 de mar\u00e7 la Glorieta ser\u00e0 escenari de la clausura del festival, que arrancar\u00e0 amb la gala d&#8217;escoles de dansa que va ser suspesa per la pluja al febrer i culminar\u00e0 amb una espectacular performance que mescla dansa a\u00e8ria i m\u00fasica en viu. Dissabte que ve 15 de mar\u00e7 la Glorieta es convertir\u00e0 [&hellip;]\" \/>\n<meta property=\"og:url\" content=\"https:\/\/santapola.es\/ca\/lespectacle-de-dansa-aeria-voala-station-posara-el-fermall-dor-a-lii-festival-de-dansa-internacional-moute-santa-pola\/\" \/>\n<meta property=\"og:site_name\" content=\"Ajuntament de Santa Pola\" \/>\n<meta property=\"article:publisher\" content=\"https:\/\/www.facebook.com\/AyuntamientoSantaPola\/\" \/>\n<meta property=\"article:published_time\" content=\"2025-03-10T10:58:03+00:00\" \/>\n<meta property=\"article:modified_time\" content=\"2025-03-10T11:25:34+00:00\" \/>\n<meta property=\"og:image\" content=\"https:\/\/santapola.es\/wp-content\/uploads\/2025\/03\/IMG_8292.jpg\" \/>\n\t<meta property=\"og:image:width\" content=\"1920\" \/>\n\t<meta property=\"og:image:height\" content=\"1440\" \/>\n\t<meta property=\"og:image:type\" content=\"image\/jpeg\" \/>\n<meta name=\"author\" content=\"Jos\u00e9 Juan L\u00f3pez Lafuente\" \/>\n<meta name=\"twitter:card\" content=\"summary_large_image\" \/>\n<meta name=\"twitter:creator\" content=\"@SantaPolaAyunt\" \/>\n<meta name=\"twitter:site\" content=\"@SantaPolaAyunt\" \/>\n<script type=\"application\/ld+json\" class=\"yoast-schema-graph\">{\"@context\":\"https:\\\/\\\/schema.org\",\"@graph\":[{\"@type\":\"Article\",\"@id\":\"https:\\\/\\\/santapola.es\\\/ca\\\/lespectacle-de-dansa-aeria-voala-station-posara-el-fermall-dor-a-lii-festival-de-dansa-internacional-moute-santa-pola\\\/#article\",\"isPartOf\":{\"@id\":\"https:\\\/\\\/santapola.es\\\/ca\\\/lespectacle-de-dansa-aeria-voala-station-posara-el-fermall-dor-a-lii-festival-de-dansa-internacional-moute-santa-pola\\\/\"},\"author\":{\"name\":\"Jos\u00e9 Juan L\u00f3pez Lafuente\",\"@id\":\"https:\\\/\\\/santapola.es\\\/ca\\\/#\\\/schema\\\/person\\\/ad1d67403707b58350c7be5e8dbc442d\"},\"headline\":\"L&#8217;espectacle de dansa a\u00e8ria \u201cVoal\u00e1 Station\u201d posar\u00e0 el fermall d&#8217;or a l&#8217;II Festival de Dansa Internacional Moute Santa Pola\",\"datePublished\":\"2025-03-10T10:58:03+00:00\",\"dateModified\":\"2025-03-10T11:25:34+00:00\",\"mainEntityOfPage\":{\"@id\":\"https:\\\/\\\/santapola.es\\\/ca\\\/lespectacle-de-dansa-aeria-voala-station-posara-el-fermall-dor-a-lii-festival-de-dansa-internacional-moute-santa-pola\\\/\"},\"wordCount\":492,\"image\":{\"@id\":\"https:\\\/\\\/santapola.es\\\/ca\\\/lespectacle-de-dansa-aeria-voala-station-posara-el-fermall-dor-a-lii-festival-de-dansa-internacional-moute-santa-pola\\\/#primaryimage\"},\"thumbnailUrl\":\"https:\\\/\\\/santapola.es\\\/wp-content\\\/uploads\\\/2025\\\/03\\\/IMG_8292.jpg\",\"keywords\":[\"Mar\u00eda Palaz\u00f3n\",\"Moute\",\"Nely Baile\",\"Voal\u00e1 Station\"],\"articleSection\":[\"Cultura\"],\"inLanguage\":\"ca\"},{\"@type\":\"WebPage\",\"@id\":\"https:\\\/\\\/santapola.es\\\/ca\\\/lespectacle-de-dansa-aeria-voala-station-posara-el-fermall-dor-a-lii-festival-de-dansa-internacional-moute-santa-pola\\\/\",\"url\":\"https:\\\/\\\/santapola.es\\\/ca\\\/lespectacle-de-dansa-aeria-voala-station-posara-el-fermall-dor-a-lii-festival-de-dansa-internacional-moute-santa-pola\\\/\",\"name\":\"L'espectacle de dansa a\u00e8ria \u201cVoal\u00e1 Station\u201d posar\u00e0 el fermall d'or a l'II Festival de Dansa Internacional Moute Santa Pola - Ajuntament de Santa Pola\",\"isPartOf\":{\"@id\":\"https:\\\/\\\/santapola.es\\\/ca\\\/#website\"},\"primaryImageOfPage\":{\"@id\":\"https:\\\/\\\/santapola.es\\\/ca\\\/lespectacle-de-dansa-aeria-voala-station-posara-el-fermall-dor-a-lii-festival-de-dansa-internacional-moute-santa-pola\\\/#primaryimage\"},\"image\":{\"@id\":\"https:\\\/\\\/santapola.es\\\/ca\\\/lespectacle-de-dansa-aeria-voala-station-posara-el-fermall-dor-a-lii-festival-de-dansa-internacional-moute-santa-pola\\\/#primaryimage\"},\"thumbnailUrl\":\"https:\\\/\\\/santapola.es\\\/wp-content\\\/uploads\\\/2025\\\/03\\\/IMG_8292.jpg\",\"datePublished\":\"2025-03-10T10:58:03+00:00\",\"dateModified\":\"2025-03-10T11:25:34+00:00\",\"author\":{\"@id\":\"https:\\\/\\\/santapola.es\\\/ca\\\/#\\\/schema\\\/person\\\/ad1d67403707b58350c7be5e8dbc442d\"},\"breadcrumb\":{\"@id\":\"https:\\\/\\\/santapola.es\\\/ca\\\/lespectacle-de-dansa-aeria-voala-station-posara-el-fermall-dor-a-lii-festival-de-dansa-internacional-moute-santa-pola\\\/#breadcrumb\"},\"inLanguage\":\"ca\",\"potentialAction\":[{\"@type\":\"ReadAction\",\"target\":[\"https:\\\/\\\/santapola.es\\\/ca\\\/lespectacle-de-dansa-aeria-voala-station-posara-el-fermall-dor-a-lii-festival-de-dansa-internacional-moute-santa-pola\\\/\"]}]},{\"@type\":\"ImageObject\",\"inLanguage\":\"ca\",\"@id\":\"https:\\\/\\\/santapola.es\\\/ca\\\/lespectacle-de-dansa-aeria-voala-station-posara-el-fermall-dor-a-lii-festival-de-dansa-internacional-moute-santa-pola\\\/#primaryimage\",\"url\":\"https:\\\/\\\/santapola.es\\\/wp-content\\\/uploads\\\/2025\\\/03\\\/IMG_8292.jpg\",\"contentUrl\":\"https:\\\/\\\/santapola.es\\\/wp-content\\\/uploads\\\/2025\\\/03\\\/IMG_8292.jpg\",\"width\":1920,\"height\":1440},{\"@type\":\"BreadcrumbList\",\"@id\":\"https:\\\/\\\/santapola.es\\\/ca\\\/lespectacle-de-dansa-aeria-voala-station-posara-el-fermall-dor-a-lii-festival-de-dansa-internacional-moute-santa-pola\\\/#breadcrumb\",\"itemListElement\":[{\"@type\":\"ListItem\",\"position\":1,\"name\":\"Inici\",\"item\":\"https:\\\/\\\/santapola.es\\\/ca\\\/\"},{\"@type\":\"ListItem\",\"position\":2,\"name\":\"L&#8217;espectacle de dansa a\u00e8ria \u201cVoal\u00e1 Station\u201d posar\u00e0 el fermall d&#8217;or a l&#8217;II Festival de Dansa Internacional Moute Santa Pola\"}]},{\"@type\":\"WebSite\",\"@id\":\"https:\\\/\\\/santapola.es\\\/ca\\\/#website\",\"url\":\"https:\\\/\\\/santapola.es\\\/ca\\\/\",\"name\":\"Ayuntamiento de Santa Pola\",\"description\":\"Web de l'Ajuntament de Santa Pola\",\"potentialAction\":[{\"@type\":\"SearchAction\",\"target\":{\"@type\":\"EntryPoint\",\"urlTemplate\":\"https:\\\/\\\/santapola.es\\\/ca\\\/?s={search_term_string}\"},\"query-input\":{\"@type\":\"PropertyValueSpecification\",\"valueRequired\":true,\"valueName\":\"search_term_string\"}}],\"inLanguage\":\"ca\"},{\"@type\":\"Person\",\"@id\":\"https:\\\/\\\/santapola.es\\\/ca\\\/#\\\/schema\\\/person\\\/ad1d67403707b58350c7be5e8dbc442d\",\"name\":\"Jos\u00e9 Juan L\u00f3pez Lafuente\"}]}<\/script>\n<!-- \/ Yoast SEO plugin. -->","yoast_head_json":{"title":"L'espectacle de dansa a\u00e8ria \u201cVoal\u00e1 Station\u201d posar\u00e0 el fermall d'or a l'II Festival de Dansa Internacional Moute Santa Pola - Ajuntament de Santa Pola","robots":{"index":"index","follow":"follow","max-snippet":"max-snippet:-1","max-image-preview":"max-image-preview:large","max-video-preview":"max-video-preview:-1"},"canonical":"https:\/\/santapola.es\/ca\/lespectacle-de-dansa-aeria-voala-station-posara-el-fermall-dor-a-lii-festival-de-dansa-internacional-moute-santa-pola\/","og_locale":"ca_ES","og_type":"article","og_title":"L'espectacle de dansa a\u00e8ria \u201cVoal\u00e1 Station\u201d posar\u00e0 el fermall d'or a l'II Festival de Dansa Internacional Moute Santa Pola - Ajuntament de Santa Pola","og_description":"Este dissabte 15 de mar\u00e7 la Glorieta ser\u00e0 escenari de la clausura del festival, que arrancar\u00e0 amb la gala d&#8217;escoles de dansa que va ser suspesa per la pluja al febrer i culminar\u00e0 amb una espectacular performance que mescla dansa a\u00e8ria i m\u00fasica en viu. Dissabte que ve 15 de mar\u00e7 la Glorieta es convertir\u00e0 [&hellip;]","og_url":"https:\/\/santapola.es\/ca\/lespectacle-de-dansa-aeria-voala-station-posara-el-fermall-dor-a-lii-festival-de-dansa-internacional-moute-santa-pola\/","og_site_name":"Ajuntament de Santa Pola","article_publisher":"https:\/\/www.facebook.com\/AyuntamientoSantaPola\/","article_published_time":"2025-03-10T10:58:03+00:00","article_modified_time":"2025-03-10T11:25:34+00:00","og_image":[{"width":1920,"height":1440,"url":"https:\/\/santapola.es\/wp-content\/uploads\/2025\/03\/IMG_8292.jpg","type":"image\/jpeg"}],"author":"Jos\u00e9 Juan L\u00f3pez Lafuente","twitter_card":"summary_large_image","twitter_creator":"@SantaPolaAyunt","twitter_site":"@SantaPolaAyunt","schema":{"@context":"https:\/\/schema.org","@graph":[{"@type":"Article","@id":"https:\/\/santapola.es\/ca\/lespectacle-de-dansa-aeria-voala-station-posara-el-fermall-dor-a-lii-festival-de-dansa-internacional-moute-santa-pola\/#article","isPartOf":{"@id":"https:\/\/santapola.es\/ca\/lespectacle-de-dansa-aeria-voala-station-posara-el-fermall-dor-a-lii-festival-de-dansa-internacional-moute-santa-pola\/"},"author":{"name":"Jos\u00e9 Juan L\u00f3pez Lafuente","@id":"https:\/\/santapola.es\/ca\/#\/schema\/person\/ad1d67403707b58350c7be5e8dbc442d"},"headline":"L&#8217;espectacle de dansa a\u00e8ria \u201cVoal\u00e1 Station\u201d posar\u00e0 el fermall d&#8217;or a l&#8217;II Festival de Dansa Internacional Moute Santa Pola","datePublished":"2025-03-10T10:58:03+00:00","dateModified":"2025-03-10T11:25:34+00:00","mainEntityOfPage":{"@id":"https:\/\/santapola.es\/ca\/lespectacle-de-dansa-aeria-voala-station-posara-el-fermall-dor-a-lii-festival-de-dansa-internacional-moute-santa-pola\/"},"wordCount":492,"image":{"@id":"https:\/\/santapola.es\/ca\/lespectacle-de-dansa-aeria-voala-station-posara-el-fermall-dor-a-lii-festival-de-dansa-internacional-moute-santa-pola\/#primaryimage"},"thumbnailUrl":"https:\/\/santapola.es\/wp-content\/uploads\/2025\/03\/IMG_8292.jpg","keywords":["Mar\u00eda Palaz\u00f3n","Moute","Nely Baile","Voal\u00e1 Station"],"articleSection":["Cultura"],"inLanguage":"ca"},{"@type":"WebPage","@id":"https:\/\/santapola.es\/ca\/lespectacle-de-dansa-aeria-voala-station-posara-el-fermall-dor-a-lii-festival-de-dansa-internacional-moute-santa-pola\/","url":"https:\/\/santapola.es\/ca\/lespectacle-de-dansa-aeria-voala-station-posara-el-fermall-dor-a-lii-festival-de-dansa-internacional-moute-santa-pola\/","name":"L'espectacle de dansa a\u00e8ria \u201cVoal\u00e1 Station\u201d posar\u00e0 el fermall d'or a l'II Festival de Dansa Internacional Moute Santa Pola - Ajuntament de Santa Pola","isPartOf":{"@id":"https:\/\/santapola.es\/ca\/#website"},"primaryImageOfPage":{"@id":"https:\/\/santapola.es\/ca\/lespectacle-de-dansa-aeria-voala-station-posara-el-fermall-dor-a-lii-festival-de-dansa-internacional-moute-santa-pola\/#primaryimage"},"image":{"@id":"https:\/\/santapola.es\/ca\/lespectacle-de-dansa-aeria-voala-station-posara-el-fermall-dor-a-lii-festival-de-dansa-internacional-moute-santa-pola\/#primaryimage"},"thumbnailUrl":"https:\/\/santapola.es\/wp-content\/uploads\/2025\/03\/IMG_8292.jpg","datePublished":"2025-03-10T10:58:03+00:00","dateModified":"2025-03-10T11:25:34+00:00","author":{"@id":"https:\/\/santapola.es\/ca\/#\/schema\/person\/ad1d67403707b58350c7be5e8dbc442d"},"breadcrumb":{"@id":"https:\/\/santapola.es\/ca\/lespectacle-de-dansa-aeria-voala-station-posara-el-fermall-dor-a-lii-festival-de-dansa-internacional-moute-santa-pola\/#breadcrumb"},"inLanguage":"ca","potentialAction":[{"@type":"ReadAction","target":["https:\/\/santapola.es\/ca\/lespectacle-de-dansa-aeria-voala-station-posara-el-fermall-dor-a-lii-festival-de-dansa-internacional-moute-santa-pola\/"]}]},{"@type":"ImageObject","inLanguage":"ca","@id":"https:\/\/santapola.es\/ca\/lespectacle-de-dansa-aeria-voala-station-posara-el-fermall-dor-a-lii-festival-de-dansa-internacional-moute-santa-pola\/#primaryimage","url":"https:\/\/santapola.es\/wp-content\/uploads\/2025\/03\/IMG_8292.jpg","contentUrl":"https:\/\/santapola.es\/wp-content\/uploads\/2025\/03\/IMG_8292.jpg","width":1920,"height":1440},{"@type":"BreadcrumbList","@id":"https:\/\/santapola.es\/ca\/lespectacle-de-dansa-aeria-voala-station-posara-el-fermall-dor-a-lii-festival-de-dansa-internacional-moute-santa-pola\/#breadcrumb","itemListElement":[{"@type":"ListItem","position":1,"name":"Inici","item":"https:\/\/santapola.es\/ca\/"},{"@type":"ListItem","position":2,"name":"L&#8217;espectacle de dansa a\u00e8ria \u201cVoal\u00e1 Station\u201d posar\u00e0 el fermall d&#8217;or a l&#8217;II Festival de Dansa Internacional Moute Santa Pola"}]},{"@type":"WebSite","@id":"https:\/\/santapola.es\/ca\/#website","url":"https:\/\/santapola.es\/ca\/","name":"Ayuntamiento de Santa Pola","description":"Web de l'Ajuntament de Santa Pola","potentialAction":[{"@type":"SearchAction","target":{"@type":"EntryPoint","urlTemplate":"https:\/\/santapola.es\/ca\/?s={search_term_string}"},"query-input":{"@type":"PropertyValueSpecification","valueRequired":true,"valueName":"search_term_string"}}],"inLanguage":"ca"},{"@type":"Person","@id":"https:\/\/santapola.es\/ca\/#\/schema\/person\/ad1d67403707b58350c7be5e8dbc442d","name":"Jos\u00e9 Juan L\u00f3pez Lafuente"}]}},"_links":{"self":[{"href":"https:\/\/santapola.es\/ca\/wp-json\/wp\/v2\/posts\/41973","targetHints":{"allow":["GET"]}}],"collection":[{"href":"https:\/\/santapola.es\/ca\/wp-json\/wp\/v2\/posts"}],"about":[{"href":"https:\/\/santapola.es\/ca\/wp-json\/wp\/v2\/types\/post"}],"author":[{"embeddable":true,"href":"https:\/\/santapola.es\/ca\/wp-json\/wp\/v2\/users\/96"}],"replies":[{"embeddable":true,"href":"https:\/\/santapola.es\/ca\/wp-json\/wp\/v2\/comments?post=41973"}],"version-history":[{"count":0,"href":"https:\/\/santapola.es\/ca\/wp-json\/wp\/v2\/posts\/41973\/revisions"}],"wp:featuredmedia":[{"embeddable":true,"href":"https:\/\/santapola.es\/ca\/wp-json\/wp\/v2\/media\/41971"}],"wp:attachment":[{"href":"https:\/\/santapola.es\/ca\/wp-json\/wp\/v2\/media?parent=41973"}],"wp:term":[{"taxonomy":"category","embeddable":true,"href":"https:\/\/santapola.es\/ca\/wp-json\/wp\/v2\/categories?post=41973"},{"taxonomy":"post_tag","embeddable":true,"href":"https:\/\/santapola.es\/ca\/wp-json\/wp\/v2\/tags?post=41973"}],"curies":[{"name":"wp","href":"https:\/\/api.w.org\/{rel}","templated":true}]}}