{"id":41411,"date":"2025-02-25T12:03:51","date_gmt":"2025-02-25T11:03:51","guid":{"rendered":"https:\/\/santapola.es\/?p=41411"},"modified":"2025-02-25T12:05:03","modified_gmt":"2025-02-25T11:05:03","slug":"el-club-nautic-santa-pola-proposa-als-col%c2%b7legis-integrar-els-esports-nautics-en-el-programa-deducacio-fisica","status":"publish","type":"post","link":"https:\/\/santapola.es\/ca\/el-club-nautic-santa-pola-proposa-als-col%c2%b7legis-integrar-els-esports-nautics-en-el-programa-deducacio-fisica\/","title":{"rendered":"El Club N\u00e0utic Santa Pola proposa als col\u00b7legis integrar els esports n\u00e0utics en el programa d&#8217;educaci\u00f3 f\u00edsica"},"content":{"rendered":"<p><strong>S&#8217;obri als centres de prim\u00e0ria de Santa Pola la possibilitat d&#8217;incloure els esports n\u00e0utics com a educaci\u00f3 f\u00edsica i utilitzar les instal\u00b7lacions i mitjans del club.\u00a0<\/strong><\/p>\n<p>Aprofitant la reuni\u00f3 del regidor d&#8217;Educaci\u00f3, \u00d3scar Valenzuela, amb la direcci\u00f3 dels centres escolars del municipi, va acudir com a convidada una delegaci\u00f3 del Club N\u00e0utic Santa Pola, encap\u00e7alada pel seu president Pascual Orts, per a donar a con\u00e9ixer el projecte d&#8217;esta instituci\u00f3 que busca obrir l&#8217;activitat n\u00e0utica als escolars de Santa Pola.<\/p>\n<p>En concret, el Club N\u00e0utic oferix un conveni de col\u00b7laboraci\u00f3 amb els centres de Prim\u00e0ria per a realitzar visites a les seues instal\u00b7lacions i con\u00e9ixer l&#8217;oferta esportiva que est\u00e0 a la disposici\u00f3 dels xiquets i j\u00f3vens. L&#8217;objectiu \u00e9s que en el programa d&#8217;educaci\u00f3 f\u00edsica dels centres s&#8217;incloguen tamb\u00e9 oficialment els esports n\u00e0utics.<\/p>\n<p>Cal ressenyar que el club ja oferix esta possibilitat que est\u00e0 sent aprofitada per col\u00b7legis d&#8217;altres localitats pr\u00f2ximes que l&#8217;han sol\u00b7licitat, per\u00f2 es vol insistir que els centres escolars de Santa Pola siguen protagonistes i puguen utilitzar els mitjans t\u00e8cnics i humans del Club N\u00e0utic, a la recerca de futures figures d&#8217;elit en la n\u00e0utica espanyola.<\/p>\n","protected":false},"excerpt":{"rendered":"<p>S&#8217;obri als centres de prim\u00e0ria de Santa Pola la possibilitat d&#8217;incloure els esports n\u00e0utics com a educaci\u00f3 f\u00edsica i utilitzar les instal\u00b7lacions i mitjans del club.\u00a0 Aprofitant la reuni\u00f3 del regidor d&#8217;Educaci\u00f3, \u00d3scar Valenzuela, amb la direcci\u00f3 dels centres escolars del municipi, va acudir com a convidada una delegaci\u00f3 del Club N\u00e0utic Santa Pola, encap\u00e7alada [&hellip;]<\/p>\n","protected":false},"author":96,"featured_media":41409,"comment_status":"closed","ping_status":"closed","sticky":false,"template":"","format":"standard","meta":{"_et_pb_use_builder":"","_et_pb_old_content":"","_et_gb_content_width":"","footnotes":""},"categories":[474,439],"tags":[990,1312,619],"class_list":["post-41411","post","type-post","status-publish","format-standard","has-post-thumbnail","hentry","category-educacio","category-esport","tag-club-nautic-santa-pola","tag-esports-nautics","tag-oscar-valenzuela-ca"],"yoast_head":"<!-- This site is optimized with the Yoast SEO plugin v27.4 - https:\/\/yoast.com\/product\/yoast-seo-wordpress\/ -->\n<title>El Club N\u00e0utic Santa Pola proposa als col\u00b7legis integrar els esports n\u00e0utics en el programa d&#039;educaci\u00f3 f\u00edsica - Ajuntament de Santa Pola<\/title>\n<meta name=\"robots\" content=\"index, follow, max-snippet:-1, max-image-preview:large, max-video-preview:-1\" \/>\n<link rel=\"canonical\" href=\"https:\/\/santapola.es\/ca\/el-club-nautic-santa-pola-proposa-als-col%c2%b7legis-integrar-els-esports-nautics-en-el-programa-deducacio-fisica\/\" \/>\n<meta property=\"og:locale\" content=\"ca_ES\" \/>\n<meta property=\"og:type\" content=\"article\" \/>\n<meta property=\"og:title\" content=\"El Club N\u00e0utic Santa Pola proposa als col\u00b7legis integrar els esports n\u00e0utics en el programa d&#039;educaci\u00f3 f\u00edsica - Ajuntament de Santa Pola\" \/>\n<meta property=\"og:description\" content=\"S&#8217;obri als centres de prim\u00e0ria de Santa Pola la possibilitat d&#8217;incloure els esports n\u00e0utics com a educaci\u00f3 f\u00edsica i utilitzar les instal\u00b7lacions i mitjans del club.\u00a0 Aprofitant la reuni\u00f3 del regidor d&#8217;Educaci\u00f3, \u00d3scar Valenzuela, amb la direcci\u00f3 dels centres escolars del municipi, va acudir com a convidada una delegaci\u00f3 del Club N\u00e0utic Santa Pola, encap\u00e7alada [&hellip;]\" \/>\n<meta property=\"og:url\" content=\"https:\/\/santapola.es\/ca\/el-club-nautic-santa-pola-proposa-als-col%c2%b7legis-integrar-els-esports-nautics-en-el-programa-deducacio-fisica\/\" \/>\n<meta property=\"og:site_name\" content=\"Ajuntament de Santa Pola\" \/>\n<meta property=\"article:publisher\" content=\"https:\/\/www.facebook.com\/AyuntamientoSantaPola\/\" \/>\n<meta property=\"article:published_time\" content=\"2025-02-25T11:03:51+00:00\" \/>\n<meta property=\"article:modified_time\" content=\"2025-02-25T11:05:03+00:00\" \/>\n<meta property=\"og:image\" content=\"https:\/\/santapola.es\/wp-content\/uploads\/2025\/02\/2025-02-25-reunion-colegios-y-CNSP.jpg\" \/>\n\t<meta property=\"og:image:width\" content=\"1920\" \/>\n\t<meta property=\"og:image:height\" content=\"1440\" \/>\n\t<meta property=\"og:image:type\" content=\"image\/jpeg\" \/>\n<meta name=\"author\" content=\"Jos\u00e9 Juan L\u00f3pez Lafuente\" \/>\n<meta name=\"twitter:card\" content=\"summary_large_image\" \/>\n<meta name=\"twitter:creator\" content=\"@SantaPolaAyunt\" \/>\n<meta name=\"twitter:site\" content=\"@SantaPolaAyunt\" \/>\n<script type=\"application\/ld+json\" class=\"yoast-schema-graph\">{\"@context\":\"https:\\\/\\\/schema.org\",\"@graph\":[{\"@type\":\"Article\",\"@id\":\"https:\\\/\\\/santapola.es\\\/ca\\\/el-club-nautic-santa-pola-proposa-als-col%c2%b7legis-integrar-els-esports-nautics-en-el-programa-deducacio-fisica\\\/#article\",\"isPartOf\":{\"@id\":\"https:\\\/\\\/santapola.es\\\/ca\\\/el-club-nautic-santa-pola-proposa-als-col%c2%b7legis-integrar-els-esports-nautics-en-el-programa-deducacio-fisica\\\/\"},\"author\":{\"name\":\"Jos\u00e9 Juan L\u00f3pez Lafuente\",\"@id\":\"https:\\\/\\\/santapola.es\\\/ca\\\/#\\\/schema\\\/person\\\/ad1d67403707b58350c7be5e8dbc442d\"},\"headline\":\"El Club N\u00e0utic Santa Pola proposa als col\u00b7legis integrar els esports n\u00e0utics en el programa d&#8217;educaci\u00f3 f\u00edsica\",\"datePublished\":\"2025-02-25T11:03:51+00:00\",\"dateModified\":\"2025-02-25T11:05:03+00:00\",\"mainEntityOfPage\":{\"@id\":\"https:\\\/\\\/santapola.es\\\/ca\\\/el-club-nautic-santa-pola-proposa-als-col%c2%b7legis-integrar-els-esports-nautics-en-el-programa-deducacio-fisica\\\/\"},\"wordCount\":243,\"image\":{\"@id\":\"https:\\\/\\\/santapola.es\\\/ca\\\/el-club-nautic-santa-pola-proposa-als-col%c2%b7legis-integrar-els-esports-nautics-en-el-programa-deducacio-fisica\\\/#primaryimage\"},\"thumbnailUrl\":\"https:\\\/\\\/santapola.es\\\/wp-content\\\/uploads\\\/2025\\\/02\\\/2025-02-25-reunion-colegios-y-CNSP.jpg\",\"keywords\":[\"Club N\u00e1utic Santa Pola\",\"esports n\u00e1utics\",\"\u00d3scar Valenzuela\"],\"articleSection\":[\"Educaci\u00f3\",\"Esport\"],\"inLanguage\":\"ca\"},{\"@type\":\"WebPage\",\"@id\":\"https:\\\/\\\/santapola.es\\\/ca\\\/el-club-nautic-santa-pola-proposa-als-col%c2%b7legis-integrar-els-esports-nautics-en-el-programa-deducacio-fisica\\\/\",\"url\":\"https:\\\/\\\/santapola.es\\\/ca\\\/el-club-nautic-santa-pola-proposa-als-col%c2%b7legis-integrar-els-esports-nautics-en-el-programa-deducacio-fisica\\\/\",\"name\":\"El Club N\u00e0utic Santa Pola proposa als col\u00b7legis integrar els esports n\u00e0utics en el programa d'educaci\u00f3 f\u00edsica - Ajuntament de Santa Pola\",\"isPartOf\":{\"@id\":\"https:\\\/\\\/santapola.es\\\/ca\\\/#website\"},\"primaryImageOfPage\":{\"@id\":\"https:\\\/\\\/santapola.es\\\/ca\\\/el-club-nautic-santa-pola-proposa-als-col%c2%b7legis-integrar-els-esports-nautics-en-el-programa-deducacio-fisica\\\/#primaryimage\"},\"image\":{\"@id\":\"https:\\\/\\\/santapola.es\\\/ca\\\/el-club-nautic-santa-pola-proposa-als-col%c2%b7legis-integrar-els-esports-nautics-en-el-programa-deducacio-fisica\\\/#primaryimage\"},\"thumbnailUrl\":\"https:\\\/\\\/santapola.es\\\/wp-content\\\/uploads\\\/2025\\\/02\\\/2025-02-25-reunion-colegios-y-CNSP.jpg\",\"datePublished\":\"2025-02-25T11:03:51+00:00\",\"dateModified\":\"2025-02-25T11:05:03+00:00\",\"author\":{\"@id\":\"https:\\\/\\\/santapola.es\\\/ca\\\/#\\\/schema\\\/person\\\/ad1d67403707b58350c7be5e8dbc442d\"},\"breadcrumb\":{\"@id\":\"https:\\\/\\\/santapola.es\\\/ca\\\/el-club-nautic-santa-pola-proposa-als-col%c2%b7legis-integrar-els-esports-nautics-en-el-programa-deducacio-fisica\\\/#breadcrumb\"},\"inLanguage\":\"ca\",\"potentialAction\":[{\"@type\":\"ReadAction\",\"target\":[\"https:\\\/\\\/santapola.es\\\/ca\\\/el-club-nautic-santa-pola-proposa-als-col%c2%b7legis-integrar-els-esports-nautics-en-el-programa-deducacio-fisica\\\/\"]}]},{\"@type\":\"ImageObject\",\"inLanguage\":\"ca\",\"@id\":\"https:\\\/\\\/santapola.es\\\/ca\\\/el-club-nautic-santa-pola-proposa-als-col%c2%b7legis-integrar-els-esports-nautics-en-el-programa-deducacio-fisica\\\/#primaryimage\",\"url\":\"https:\\\/\\\/santapola.es\\\/wp-content\\\/uploads\\\/2025\\\/02\\\/2025-02-25-reunion-colegios-y-CNSP.jpg\",\"contentUrl\":\"https:\\\/\\\/santapola.es\\\/wp-content\\\/uploads\\\/2025\\\/02\\\/2025-02-25-reunion-colegios-y-CNSP.jpg\",\"width\":1920,\"height\":1440},{\"@type\":\"BreadcrumbList\",\"@id\":\"https:\\\/\\\/santapola.es\\\/ca\\\/el-club-nautic-santa-pola-proposa-als-col%c2%b7legis-integrar-els-esports-nautics-en-el-programa-deducacio-fisica\\\/#breadcrumb\",\"itemListElement\":[{\"@type\":\"ListItem\",\"position\":1,\"name\":\"Inici\",\"item\":\"https:\\\/\\\/santapola.es\\\/ca\\\/\"},{\"@type\":\"ListItem\",\"position\":2,\"name\":\"El Club N\u00e0utic Santa Pola proposa als col\u00b7legis integrar els esports n\u00e0utics en el programa d&#8217;educaci\u00f3 f\u00edsica\"}]},{\"@type\":\"WebSite\",\"@id\":\"https:\\\/\\\/santapola.es\\\/ca\\\/#website\",\"url\":\"https:\\\/\\\/santapola.es\\\/ca\\\/\",\"name\":\"Ayuntamiento de Santa Pola\",\"description\":\"Web de l'Ajuntament de Santa Pola\",\"potentialAction\":[{\"@type\":\"SearchAction\",\"target\":{\"@type\":\"EntryPoint\",\"urlTemplate\":\"https:\\\/\\\/santapola.es\\\/ca\\\/?s={search_term_string}\"},\"query-input\":{\"@type\":\"PropertyValueSpecification\",\"valueRequired\":true,\"valueName\":\"search_term_string\"}}],\"inLanguage\":\"ca\"},{\"@type\":\"Person\",\"@id\":\"https:\\\/\\\/santapola.es\\\/ca\\\/#\\\/schema\\\/person\\\/ad1d67403707b58350c7be5e8dbc442d\",\"name\":\"Jos\u00e9 Juan L\u00f3pez Lafuente\"}]}<\/script>\n<!-- \/ Yoast SEO plugin. -->","yoast_head_json":{"title":"El Club N\u00e0utic Santa Pola proposa als col\u00b7legis integrar els esports n\u00e0utics en el programa d'educaci\u00f3 f\u00edsica - Ajuntament de Santa Pola","robots":{"index":"index","follow":"follow","max-snippet":"max-snippet:-1","max-image-preview":"max-image-preview:large","max-video-preview":"max-video-preview:-1"},"canonical":"https:\/\/santapola.es\/ca\/el-club-nautic-santa-pola-proposa-als-col%c2%b7legis-integrar-els-esports-nautics-en-el-programa-deducacio-fisica\/","og_locale":"ca_ES","og_type":"article","og_title":"El Club N\u00e0utic Santa Pola proposa als col\u00b7legis integrar els esports n\u00e0utics en el programa d'educaci\u00f3 f\u00edsica - Ajuntament de Santa Pola","og_description":"S&#8217;obri als centres de prim\u00e0ria de Santa Pola la possibilitat d&#8217;incloure els esports n\u00e0utics com a educaci\u00f3 f\u00edsica i utilitzar les instal\u00b7lacions i mitjans del club.\u00a0 Aprofitant la reuni\u00f3 del regidor d&#8217;Educaci\u00f3, \u00d3scar Valenzuela, amb la direcci\u00f3 dels centres escolars del municipi, va acudir com a convidada una delegaci\u00f3 del Club N\u00e0utic Santa Pola, encap\u00e7alada [&hellip;]","og_url":"https:\/\/santapola.es\/ca\/el-club-nautic-santa-pola-proposa-als-col%c2%b7legis-integrar-els-esports-nautics-en-el-programa-deducacio-fisica\/","og_site_name":"Ajuntament de Santa Pola","article_publisher":"https:\/\/www.facebook.com\/AyuntamientoSantaPola\/","article_published_time":"2025-02-25T11:03:51+00:00","article_modified_time":"2025-02-25T11:05:03+00:00","og_image":[{"width":1920,"height":1440,"url":"https:\/\/santapola.es\/wp-content\/uploads\/2025\/02\/2025-02-25-reunion-colegios-y-CNSP.jpg","type":"image\/jpeg"}],"author":"Jos\u00e9 Juan L\u00f3pez Lafuente","twitter_card":"summary_large_image","twitter_creator":"@SantaPolaAyunt","twitter_site":"@SantaPolaAyunt","schema":{"@context":"https:\/\/schema.org","@graph":[{"@type":"Article","@id":"https:\/\/santapola.es\/ca\/el-club-nautic-santa-pola-proposa-als-col%c2%b7legis-integrar-els-esports-nautics-en-el-programa-deducacio-fisica\/#article","isPartOf":{"@id":"https:\/\/santapola.es\/ca\/el-club-nautic-santa-pola-proposa-als-col%c2%b7legis-integrar-els-esports-nautics-en-el-programa-deducacio-fisica\/"},"author":{"name":"Jos\u00e9 Juan L\u00f3pez Lafuente","@id":"https:\/\/santapola.es\/ca\/#\/schema\/person\/ad1d67403707b58350c7be5e8dbc442d"},"headline":"El Club N\u00e0utic Santa Pola proposa als col\u00b7legis integrar els esports n\u00e0utics en el programa d&#8217;educaci\u00f3 f\u00edsica","datePublished":"2025-02-25T11:03:51+00:00","dateModified":"2025-02-25T11:05:03+00:00","mainEntityOfPage":{"@id":"https:\/\/santapola.es\/ca\/el-club-nautic-santa-pola-proposa-als-col%c2%b7legis-integrar-els-esports-nautics-en-el-programa-deducacio-fisica\/"},"wordCount":243,"image":{"@id":"https:\/\/santapola.es\/ca\/el-club-nautic-santa-pola-proposa-als-col%c2%b7legis-integrar-els-esports-nautics-en-el-programa-deducacio-fisica\/#primaryimage"},"thumbnailUrl":"https:\/\/santapola.es\/wp-content\/uploads\/2025\/02\/2025-02-25-reunion-colegios-y-CNSP.jpg","keywords":["Club N\u00e1utic Santa Pola","esports n\u00e1utics","\u00d3scar Valenzuela"],"articleSection":["Educaci\u00f3","Esport"],"inLanguage":"ca"},{"@type":"WebPage","@id":"https:\/\/santapola.es\/ca\/el-club-nautic-santa-pola-proposa-als-col%c2%b7legis-integrar-els-esports-nautics-en-el-programa-deducacio-fisica\/","url":"https:\/\/santapola.es\/ca\/el-club-nautic-santa-pola-proposa-als-col%c2%b7legis-integrar-els-esports-nautics-en-el-programa-deducacio-fisica\/","name":"El Club N\u00e0utic Santa Pola proposa als col\u00b7legis integrar els esports n\u00e0utics en el programa d'educaci\u00f3 f\u00edsica - Ajuntament de Santa Pola","isPartOf":{"@id":"https:\/\/santapola.es\/ca\/#website"},"primaryImageOfPage":{"@id":"https:\/\/santapola.es\/ca\/el-club-nautic-santa-pola-proposa-als-col%c2%b7legis-integrar-els-esports-nautics-en-el-programa-deducacio-fisica\/#primaryimage"},"image":{"@id":"https:\/\/santapola.es\/ca\/el-club-nautic-santa-pola-proposa-als-col%c2%b7legis-integrar-els-esports-nautics-en-el-programa-deducacio-fisica\/#primaryimage"},"thumbnailUrl":"https:\/\/santapola.es\/wp-content\/uploads\/2025\/02\/2025-02-25-reunion-colegios-y-CNSP.jpg","datePublished":"2025-02-25T11:03:51+00:00","dateModified":"2025-02-25T11:05:03+00:00","author":{"@id":"https:\/\/santapola.es\/ca\/#\/schema\/person\/ad1d67403707b58350c7be5e8dbc442d"},"breadcrumb":{"@id":"https:\/\/santapola.es\/ca\/el-club-nautic-santa-pola-proposa-als-col%c2%b7legis-integrar-els-esports-nautics-en-el-programa-deducacio-fisica\/#breadcrumb"},"inLanguage":"ca","potentialAction":[{"@type":"ReadAction","target":["https:\/\/santapola.es\/ca\/el-club-nautic-santa-pola-proposa-als-col%c2%b7legis-integrar-els-esports-nautics-en-el-programa-deducacio-fisica\/"]}]},{"@type":"ImageObject","inLanguage":"ca","@id":"https:\/\/santapola.es\/ca\/el-club-nautic-santa-pola-proposa-als-col%c2%b7legis-integrar-els-esports-nautics-en-el-programa-deducacio-fisica\/#primaryimage","url":"https:\/\/santapola.es\/wp-content\/uploads\/2025\/02\/2025-02-25-reunion-colegios-y-CNSP.jpg","contentUrl":"https:\/\/santapola.es\/wp-content\/uploads\/2025\/02\/2025-02-25-reunion-colegios-y-CNSP.jpg","width":1920,"height":1440},{"@type":"BreadcrumbList","@id":"https:\/\/santapola.es\/ca\/el-club-nautic-santa-pola-proposa-als-col%c2%b7legis-integrar-els-esports-nautics-en-el-programa-deducacio-fisica\/#breadcrumb","itemListElement":[{"@type":"ListItem","position":1,"name":"Inici","item":"https:\/\/santapola.es\/ca\/"},{"@type":"ListItem","position":2,"name":"El Club N\u00e0utic Santa Pola proposa als col\u00b7legis integrar els esports n\u00e0utics en el programa d&#8217;educaci\u00f3 f\u00edsica"}]},{"@type":"WebSite","@id":"https:\/\/santapola.es\/ca\/#website","url":"https:\/\/santapola.es\/ca\/","name":"Ayuntamiento de Santa Pola","description":"Web de l'Ajuntament de Santa Pola","potentialAction":[{"@type":"SearchAction","target":{"@type":"EntryPoint","urlTemplate":"https:\/\/santapola.es\/ca\/?s={search_term_string}"},"query-input":{"@type":"PropertyValueSpecification","valueRequired":true,"valueName":"search_term_string"}}],"inLanguage":"ca"},{"@type":"Person","@id":"https:\/\/santapola.es\/ca\/#\/schema\/person\/ad1d67403707b58350c7be5e8dbc442d","name":"Jos\u00e9 Juan L\u00f3pez Lafuente"}]}},"_links":{"self":[{"href":"https:\/\/santapola.es\/ca\/wp-json\/wp\/v2\/posts\/41411","targetHints":{"allow":["GET"]}}],"collection":[{"href":"https:\/\/santapola.es\/ca\/wp-json\/wp\/v2\/posts"}],"about":[{"href":"https:\/\/santapola.es\/ca\/wp-json\/wp\/v2\/types\/post"}],"author":[{"embeddable":true,"href":"https:\/\/santapola.es\/ca\/wp-json\/wp\/v2\/users\/96"}],"replies":[{"embeddable":true,"href":"https:\/\/santapola.es\/ca\/wp-json\/wp\/v2\/comments?post=41411"}],"version-history":[{"count":0,"href":"https:\/\/santapola.es\/ca\/wp-json\/wp\/v2\/posts\/41411\/revisions"}],"wp:featuredmedia":[{"embeddable":true,"href":"https:\/\/santapola.es\/ca\/wp-json\/wp\/v2\/media\/41409"}],"wp:attachment":[{"href":"https:\/\/santapola.es\/ca\/wp-json\/wp\/v2\/media?parent=41411"}],"wp:term":[{"taxonomy":"category","embeddable":true,"href":"https:\/\/santapola.es\/ca\/wp-json\/wp\/v2\/categories?post=41411"},{"taxonomy":"post_tag","embeddable":true,"href":"https:\/\/santapola.es\/ca\/wp-json\/wp\/v2\/tags?post=41411"}],"curies":[{"name":"wp","href":"https:\/\/api.w.org\/{rel}","templated":true}]}}