{"id":41381,"date":"2025-02-24T13:31:26","date_gmt":"2025-02-24T12:31:26","guid":{"rendered":"https:\/\/santapola.es\/?p=41381"},"modified":"2025-02-24T13:32:53","modified_gmt":"2025-02-24T12:32:53","slug":"reunio-sanitaria-per-a-avancar-en-el-projecte-del-nou-consultori-de-gran-alacant","status":"publish","type":"post","link":"https:\/\/santapola.es\/ca\/reunio-sanitaria-per-a-avancar-en-el-projecte-del-nou-consultori-de-gran-alacant\/","title":{"rendered":"Reuni\u00f3 sanit\u00e0ria per a avan\u00e7ar en el projecte del nou consultori de Gran Alacant"},"content":{"rendered":"<p><strong>El regidor de Sanitat s&#8217;ha reunit este mat\u00ed amb representants de l&#8217;\u00c0rea d&#8217;Elx i t\u00e8cnics municipals per a continuar definint el projecte b\u00e0sic del futur consultori m\u00e8dic de Gran Alacant. Tamb\u00e9 han visitat les obres quasi finalitzades d&#8217;ampliaci\u00f3 en el centre de salut de Santa Pola.<\/strong><\/p>\n<p>Este mat\u00ed s&#8217;ha dut a terme a l&#8217;Ajuntament de Santa Pola una reuni\u00f3 t\u00e8cnica interdepartamental en la qual han sigut presents el regidor de Sanitat, Borja Merino, la direcci\u00f3 m\u00e8dica d&#8217;Atenci\u00f3 Prim\u00e0ria i la direcci\u00f3 d&#8217;Infermeria de l&#8217;\u00c0rea d&#8217;Elx, arquitectes i aparelladors municipals i coordinadors del Centre de Salut, aix\u00ed com l&#8217;enginyer de l&#8217;\u00c0rea d&#8217;Elx, amb la finalitat d&#8217;abordar les necessitats del nostre municipi en mat\u00e8ria d&#8217;infraestructures sanit\u00e0ries.<\/p>\n<p>En la reuni\u00f3 s&#8217;ha estat treballant sobre el projecte b\u00e0sic per al futur consultori m\u00e8dic en Gran Alacant, una necessitat important donat el creixement de poblaci\u00f3 del barri i les seues necessitats en mat\u00e8ria de salut, un nou edifici independent que augmentaria la capacitat d&#8217;atenci\u00f3 i els servicis sanitaris en la zona, sobre el qual la regidoria de Sanitat treballa sense descans per a aconseguir que prompte puga ser una realitat.<\/p>\n<p>Aix\u00ed mateix la trobada va continuar amb una visita al centre de salut integrat de Santa Pola, en la qual van poder comprovar l&#8217;estat de les obres que es duen a terme en la primera planta del centre sanitari, consistents en l&#8217;ampliaci\u00f3 de magatzem, farm\u00e0cia i diferents zones de treball, que estan ja pr\u00e0cticament finalitzades.<\/p>\n","protected":false},"excerpt":{"rendered":"<p>El regidor de Sanitat s&#8217;ha reunit este mat\u00ed amb representants de l&#8217;\u00c0rea d&#8217;Elx i t\u00e8cnics municipals per a continuar definint el projecte b\u00e0sic del futur consultori m\u00e8dic de Gran Alacant. Tamb\u00e9 han visitat les obres quasi finalitzades d&#8217;ampliaci\u00f3 en el centre de salut de Santa Pola. Este mat\u00ed s&#8217;ha dut a terme a l&#8217;Ajuntament de [&hellip;]<\/p>\n","protected":false},"author":96,"featured_media":41379,"comment_status":"closed","ping_status":"closed","sticky":false,"template":"","format":"standard","meta":{"_et_pb_use_builder":"","_et_pb_old_content":"","_et_gb_content_width":"","footnotes":""},"categories":[588,649],"tags":[1308,582,933],"class_list":["post-41381","post","type-post","status-publish","format-standard","has-post-thumbnail","hentry","category-gran-alacant-2","category-sanitat","tag-ambulatori-de-gran-alacant","tag-borja-merino-ca","tag-centre-de-salut"],"yoast_head":"<!-- This site is optimized with the Yoast SEO plugin v27.4 - https:\/\/yoast.com\/product\/yoast-seo-wordpress\/ -->\n<title>Reuni\u00f3 sanit\u00e0ria per a avan\u00e7ar en el projecte del nou consultori de Gran Alacant - Ajuntament de Santa Pola<\/title>\n<meta name=\"robots\" content=\"index, follow, max-snippet:-1, max-image-preview:large, max-video-preview:-1\" \/>\n<link rel=\"canonical\" href=\"https:\/\/santapola.es\/ca\/reunio-sanitaria-per-a-avancar-en-el-projecte-del-nou-consultori-de-gran-alacant\/\" \/>\n<meta property=\"og:locale\" content=\"ca_ES\" \/>\n<meta property=\"og:type\" content=\"article\" \/>\n<meta property=\"og:title\" content=\"Reuni\u00f3 sanit\u00e0ria per a avan\u00e7ar en el projecte del nou consultori de Gran Alacant - Ajuntament de Santa Pola\" \/>\n<meta property=\"og:description\" content=\"El regidor de Sanitat s&#8217;ha reunit este mat\u00ed amb representants de l&#8217;\u00c0rea d&#8217;Elx i t\u00e8cnics municipals per a continuar definint el projecte b\u00e0sic del futur consultori m\u00e8dic de Gran Alacant. Tamb\u00e9 han visitat les obres quasi finalitzades d&#8217;ampliaci\u00f3 en el centre de salut de Santa Pola. Este mat\u00ed s&#8217;ha dut a terme a l&#8217;Ajuntament de [&hellip;]\" \/>\n<meta property=\"og:url\" content=\"https:\/\/santapola.es\/ca\/reunio-sanitaria-per-a-avancar-en-el-projecte-del-nou-consultori-de-gran-alacant\/\" \/>\n<meta property=\"og:site_name\" content=\"Ajuntament de Santa Pola\" \/>\n<meta property=\"article:publisher\" content=\"https:\/\/www.facebook.com\/AyuntamientoSantaPola\/\" \/>\n<meta property=\"article:published_time\" content=\"2025-02-24T12:31:26+00:00\" \/>\n<meta property=\"article:modified_time\" content=\"2025-02-24T12:32:53+00:00\" \/>\n<meta property=\"og:image\" content=\"https:\/\/santapola.es\/wp-content\/uploads\/2025\/02\/IMG_8151.jpg\" \/>\n\t<meta property=\"og:image:width\" content=\"1920\" \/>\n\t<meta property=\"og:image:height\" content=\"1440\" \/>\n\t<meta property=\"og:image:type\" content=\"image\/jpeg\" \/>\n<meta name=\"author\" content=\"Jos\u00e9 Juan L\u00f3pez Lafuente\" \/>\n<meta name=\"twitter:card\" content=\"summary_large_image\" \/>\n<meta name=\"twitter:creator\" content=\"@SantaPolaAyunt\" \/>\n<meta name=\"twitter:site\" content=\"@SantaPolaAyunt\" \/>\n<script type=\"application\/ld+json\" class=\"yoast-schema-graph\">{\"@context\":\"https:\\\/\\\/schema.org\",\"@graph\":[{\"@type\":\"Article\",\"@id\":\"https:\\\/\\\/santapola.es\\\/ca\\\/reunio-sanitaria-per-a-avancar-en-el-projecte-del-nou-consultori-de-gran-alacant\\\/#article\",\"isPartOf\":{\"@id\":\"https:\\\/\\\/santapola.es\\\/ca\\\/reunio-sanitaria-per-a-avancar-en-el-projecte-del-nou-consultori-de-gran-alacant\\\/\"},\"author\":{\"name\":\"Jos\u00e9 Juan L\u00f3pez Lafuente\",\"@id\":\"https:\\\/\\\/santapola.es\\\/ca\\\/#\\\/schema\\\/person\\\/ad1d67403707b58350c7be5e8dbc442d\"},\"headline\":\"Reuni\u00f3 sanit\u00e0ria per a avan\u00e7ar en el projecte del nou consultori de Gran Alacant\",\"datePublished\":\"2025-02-24T12:31:26+00:00\",\"dateModified\":\"2025-02-24T12:32:53+00:00\",\"mainEntityOfPage\":{\"@id\":\"https:\\\/\\\/santapola.es\\\/ca\\\/reunio-sanitaria-per-a-avancar-en-el-projecte-del-nou-consultori-de-gran-alacant\\\/\"},\"wordCount\":288,\"image\":{\"@id\":\"https:\\\/\\\/santapola.es\\\/ca\\\/reunio-sanitaria-per-a-avancar-en-el-projecte-del-nou-consultori-de-gran-alacant\\\/#primaryimage\"},\"thumbnailUrl\":\"https:\\\/\\\/santapola.es\\\/wp-content\\\/uploads\\\/2025\\\/02\\\/IMG_8151.jpg\",\"keywords\":[\"ambulatori de Gran Alacant\",\"Borja Merino\",\"Centre de salut\"],\"articleSection\":[\"Gran Alacant\",\"Sanitat\"],\"inLanguage\":\"ca\"},{\"@type\":\"WebPage\",\"@id\":\"https:\\\/\\\/santapola.es\\\/ca\\\/reunio-sanitaria-per-a-avancar-en-el-projecte-del-nou-consultori-de-gran-alacant\\\/\",\"url\":\"https:\\\/\\\/santapola.es\\\/ca\\\/reunio-sanitaria-per-a-avancar-en-el-projecte-del-nou-consultori-de-gran-alacant\\\/\",\"name\":\"Reuni\u00f3 sanit\u00e0ria per a avan\u00e7ar en el projecte del nou consultori de Gran Alacant - Ajuntament de Santa Pola\",\"isPartOf\":{\"@id\":\"https:\\\/\\\/santapola.es\\\/ca\\\/#website\"},\"primaryImageOfPage\":{\"@id\":\"https:\\\/\\\/santapola.es\\\/ca\\\/reunio-sanitaria-per-a-avancar-en-el-projecte-del-nou-consultori-de-gran-alacant\\\/#primaryimage\"},\"image\":{\"@id\":\"https:\\\/\\\/santapola.es\\\/ca\\\/reunio-sanitaria-per-a-avancar-en-el-projecte-del-nou-consultori-de-gran-alacant\\\/#primaryimage\"},\"thumbnailUrl\":\"https:\\\/\\\/santapola.es\\\/wp-content\\\/uploads\\\/2025\\\/02\\\/IMG_8151.jpg\",\"datePublished\":\"2025-02-24T12:31:26+00:00\",\"dateModified\":\"2025-02-24T12:32:53+00:00\",\"author\":{\"@id\":\"https:\\\/\\\/santapola.es\\\/ca\\\/#\\\/schema\\\/person\\\/ad1d67403707b58350c7be5e8dbc442d\"},\"breadcrumb\":{\"@id\":\"https:\\\/\\\/santapola.es\\\/ca\\\/reunio-sanitaria-per-a-avancar-en-el-projecte-del-nou-consultori-de-gran-alacant\\\/#breadcrumb\"},\"inLanguage\":\"ca\",\"potentialAction\":[{\"@type\":\"ReadAction\",\"target\":[\"https:\\\/\\\/santapola.es\\\/ca\\\/reunio-sanitaria-per-a-avancar-en-el-projecte-del-nou-consultori-de-gran-alacant\\\/\"]}]},{\"@type\":\"ImageObject\",\"inLanguage\":\"ca\",\"@id\":\"https:\\\/\\\/santapola.es\\\/ca\\\/reunio-sanitaria-per-a-avancar-en-el-projecte-del-nou-consultori-de-gran-alacant\\\/#primaryimage\",\"url\":\"https:\\\/\\\/santapola.es\\\/wp-content\\\/uploads\\\/2025\\\/02\\\/IMG_8151.jpg\",\"contentUrl\":\"https:\\\/\\\/santapola.es\\\/wp-content\\\/uploads\\\/2025\\\/02\\\/IMG_8151.jpg\",\"width\":1920,\"height\":1440},{\"@type\":\"BreadcrumbList\",\"@id\":\"https:\\\/\\\/santapola.es\\\/ca\\\/reunio-sanitaria-per-a-avancar-en-el-projecte-del-nou-consultori-de-gran-alacant\\\/#breadcrumb\",\"itemListElement\":[{\"@type\":\"ListItem\",\"position\":1,\"name\":\"Inici\",\"item\":\"https:\\\/\\\/santapola.es\\\/ca\\\/\"},{\"@type\":\"ListItem\",\"position\":2,\"name\":\"Reuni\u00f3 sanit\u00e0ria per a avan\u00e7ar en el projecte del nou consultori de Gran Alacant\"}]},{\"@type\":\"WebSite\",\"@id\":\"https:\\\/\\\/santapola.es\\\/ca\\\/#website\",\"url\":\"https:\\\/\\\/santapola.es\\\/ca\\\/\",\"name\":\"Ayuntamiento de Santa Pola\",\"description\":\"Web de l'Ajuntament de Santa Pola\",\"potentialAction\":[{\"@type\":\"SearchAction\",\"target\":{\"@type\":\"EntryPoint\",\"urlTemplate\":\"https:\\\/\\\/santapola.es\\\/ca\\\/?s={search_term_string}\"},\"query-input\":{\"@type\":\"PropertyValueSpecification\",\"valueRequired\":true,\"valueName\":\"search_term_string\"}}],\"inLanguage\":\"ca\"},{\"@type\":\"Person\",\"@id\":\"https:\\\/\\\/santapola.es\\\/ca\\\/#\\\/schema\\\/person\\\/ad1d67403707b58350c7be5e8dbc442d\",\"name\":\"Jos\u00e9 Juan L\u00f3pez Lafuente\"}]}<\/script>\n<!-- \/ Yoast SEO plugin. -->","yoast_head_json":{"title":"Reuni\u00f3 sanit\u00e0ria per a avan\u00e7ar en el projecte del nou consultori de Gran Alacant - Ajuntament de Santa Pola","robots":{"index":"index","follow":"follow","max-snippet":"max-snippet:-1","max-image-preview":"max-image-preview:large","max-video-preview":"max-video-preview:-1"},"canonical":"https:\/\/santapola.es\/ca\/reunio-sanitaria-per-a-avancar-en-el-projecte-del-nou-consultori-de-gran-alacant\/","og_locale":"ca_ES","og_type":"article","og_title":"Reuni\u00f3 sanit\u00e0ria per a avan\u00e7ar en el projecte del nou consultori de Gran Alacant - Ajuntament de Santa Pola","og_description":"El regidor de Sanitat s&#8217;ha reunit este mat\u00ed amb representants de l&#8217;\u00c0rea d&#8217;Elx i t\u00e8cnics municipals per a continuar definint el projecte b\u00e0sic del futur consultori m\u00e8dic de Gran Alacant. Tamb\u00e9 han visitat les obres quasi finalitzades d&#8217;ampliaci\u00f3 en el centre de salut de Santa Pola. Este mat\u00ed s&#8217;ha dut a terme a l&#8217;Ajuntament de [&hellip;]","og_url":"https:\/\/santapola.es\/ca\/reunio-sanitaria-per-a-avancar-en-el-projecte-del-nou-consultori-de-gran-alacant\/","og_site_name":"Ajuntament de Santa Pola","article_publisher":"https:\/\/www.facebook.com\/AyuntamientoSantaPola\/","article_published_time":"2025-02-24T12:31:26+00:00","article_modified_time":"2025-02-24T12:32:53+00:00","og_image":[{"width":1920,"height":1440,"url":"https:\/\/santapola.es\/wp-content\/uploads\/2025\/02\/IMG_8151.jpg","type":"image\/jpeg"}],"author":"Jos\u00e9 Juan L\u00f3pez Lafuente","twitter_card":"summary_large_image","twitter_creator":"@SantaPolaAyunt","twitter_site":"@SantaPolaAyunt","schema":{"@context":"https:\/\/schema.org","@graph":[{"@type":"Article","@id":"https:\/\/santapola.es\/ca\/reunio-sanitaria-per-a-avancar-en-el-projecte-del-nou-consultori-de-gran-alacant\/#article","isPartOf":{"@id":"https:\/\/santapola.es\/ca\/reunio-sanitaria-per-a-avancar-en-el-projecte-del-nou-consultori-de-gran-alacant\/"},"author":{"name":"Jos\u00e9 Juan L\u00f3pez Lafuente","@id":"https:\/\/santapola.es\/ca\/#\/schema\/person\/ad1d67403707b58350c7be5e8dbc442d"},"headline":"Reuni\u00f3 sanit\u00e0ria per a avan\u00e7ar en el projecte del nou consultori de Gran Alacant","datePublished":"2025-02-24T12:31:26+00:00","dateModified":"2025-02-24T12:32:53+00:00","mainEntityOfPage":{"@id":"https:\/\/santapola.es\/ca\/reunio-sanitaria-per-a-avancar-en-el-projecte-del-nou-consultori-de-gran-alacant\/"},"wordCount":288,"image":{"@id":"https:\/\/santapola.es\/ca\/reunio-sanitaria-per-a-avancar-en-el-projecte-del-nou-consultori-de-gran-alacant\/#primaryimage"},"thumbnailUrl":"https:\/\/santapola.es\/wp-content\/uploads\/2025\/02\/IMG_8151.jpg","keywords":["ambulatori de Gran Alacant","Borja Merino","Centre de salut"],"articleSection":["Gran Alacant","Sanitat"],"inLanguage":"ca"},{"@type":"WebPage","@id":"https:\/\/santapola.es\/ca\/reunio-sanitaria-per-a-avancar-en-el-projecte-del-nou-consultori-de-gran-alacant\/","url":"https:\/\/santapola.es\/ca\/reunio-sanitaria-per-a-avancar-en-el-projecte-del-nou-consultori-de-gran-alacant\/","name":"Reuni\u00f3 sanit\u00e0ria per a avan\u00e7ar en el projecte del nou consultori de Gran Alacant - Ajuntament de Santa Pola","isPartOf":{"@id":"https:\/\/santapola.es\/ca\/#website"},"primaryImageOfPage":{"@id":"https:\/\/santapola.es\/ca\/reunio-sanitaria-per-a-avancar-en-el-projecte-del-nou-consultori-de-gran-alacant\/#primaryimage"},"image":{"@id":"https:\/\/santapola.es\/ca\/reunio-sanitaria-per-a-avancar-en-el-projecte-del-nou-consultori-de-gran-alacant\/#primaryimage"},"thumbnailUrl":"https:\/\/santapola.es\/wp-content\/uploads\/2025\/02\/IMG_8151.jpg","datePublished":"2025-02-24T12:31:26+00:00","dateModified":"2025-02-24T12:32:53+00:00","author":{"@id":"https:\/\/santapola.es\/ca\/#\/schema\/person\/ad1d67403707b58350c7be5e8dbc442d"},"breadcrumb":{"@id":"https:\/\/santapola.es\/ca\/reunio-sanitaria-per-a-avancar-en-el-projecte-del-nou-consultori-de-gran-alacant\/#breadcrumb"},"inLanguage":"ca","potentialAction":[{"@type":"ReadAction","target":["https:\/\/santapola.es\/ca\/reunio-sanitaria-per-a-avancar-en-el-projecte-del-nou-consultori-de-gran-alacant\/"]}]},{"@type":"ImageObject","inLanguage":"ca","@id":"https:\/\/santapola.es\/ca\/reunio-sanitaria-per-a-avancar-en-el-projecte-del-nou-consultori-de-gran-alacant\/#primaryimage","url":"https:\/\/santapola.es\/wp-content\/uploads\/2025\/02\/IMG_8151.jpg","contentUrl":"https:\/\/santapola.es\/wp-content\/uploads\/2025\/02\/IMG_8151.jpg","width":1920,"height":1440},{"@type":"BreadcrumbList","@id":"https:\/\/santapola.es\/ca\/reunio-sanitaria-per-a-avancar-en-el-projecte-del-nou-consultori-de-gran-alacant\/#breadcrumb","itemListElement":[{"@type":"ListItem","position":1,"name":"Inici","item":"https:\/\/santapola.es\/ca\/"},{"@type":"ListItem","position":2,"name":"Reuni\u00f3 sanit\u00e0ria per a avan\u00e7ar en el projecte del nou consultori de Gran Alacant"}]},{"@type":"WebSite","@id":"https:\/\/santapola.es\/ca\/#website","url":"https:\/\/santapola.es\/ca\/","name":"Ayuntamiento de Santa Pola","description":"Web de l'Ajuntament de Santa Pola","potentialAction":[{"@type":"SearchAction","target":{"@type":"EntryPoint","urlTemplate":"https:\/\/santapola.es\/ca\/?s={search_term_string}"},"query-input":{"@type":"PropertyValueSpecification","valueRequired":true,"valueName":"search_term_string"}}],"inLanguage":"ca"},{"@type":"Person","@id":"https:\/\/santapola.es\/ca\/#\/schema\/person\/ad1d67403707b58350c7be5e8dbc442d","name":"Jos\u00e9 Juan L\u00f3pez Lafuente"}]}},"_links":{"self":[{"href":"https:\/\/santapola.es\/ca\/wp-json\/wp\/v2\/posts\/41381","targetHints":{"allow":["GET"]}}],"collection":[{"href":"https:\/\/santapola.es\/ca\/wp-json\/wp\/v2\/posts"}],"about":[{"href":"https:\/\/santapola.es\/ca\/wp-json\/wp\/v2\/types\/post"}],"author":[{"embeddable":true,"href":"https:\/\/santapola.es\/ca\/wp-json\/wp\/v2\/users\/96"}],"replies":[{"embeddable":true,"href":"https:\/\/santapola.es\/ca\/wp-json\/wp\/v2\/comments?post=41381"}],"version-history":[{"count":0,"href":"https:\/\/santapola.es\/ca\/wp-json\/wp\/v2\/posts\/41381\/revisions"}],"wp:featuredmedia":[{"embeddable":true,"href":"https:\/\/santapola.es\/ca\/wp-json\/wp\/v2\/media\/41379"}],"wp:attachment":[{"href":"https:\/\/santapola.es\/ca\/wp-json\/wp\/v2\/media?parent=41381"}],"wp:term":[{"taxonomy":"category","embeddable":true,"href":"https:\/\/santapola.es\/ca\/wp-json\/wp\/v2\/categories?post=41381"},{"taxonomy":"post_tag","embeddable":true,"href":"https:\/\/santapola.es\/ca\/wp-json\/wp\/v2\/tags?post=41381"}],"curies":[{"name":"wp","href":"https:\/\/api.w.org\/{rel}","templated":true}]}}