{"id":41351,"date":"2025-02-24T12:07:30","date_gmt":"2025-02-24T11:07:30","guid":{"rendered":"https:\/\/santapola.es\/?p=41351"},"modified":"2025-02-24T12:22:47","modified_gmt":"2025-02-24T11:22:47","slug":"la-quinta-del-65-donara-el-seu-arxiu-musical-a-lajuntament-de-santa-pola","status":"publish","type":"post","link":"https:\/\/santapola.es\/ca\/la-quinta-del-65-donara-el-seu-arxiu-musical-a-lajuntament-de-santa-pola\/","title":{"rendered":"La Quinta del 65 donar\u00e0 el seu arxiu musical a l&#8217;Ajuntament de Santa Pola"},"content":{"rendered":"<p><strong>L&#8217;agrupaci\u00f3 musical que va anunciar la seua retirada l&#8217;any passat despr\u00e9s de 60 anys cantant a la Mare de D\u00e9u del Carmen, ha decidit donar al poble de Santa Pola les lletres i partitures de les can\u00e7ons que han interpretat cada mes de juliol.\u00a0<\/strong><\/p>\n<p>Membres de la junta directiva de la Quinta del 65 s&#8217;han reunit amb l&#8217;alcaldessa Loreto Serrano i la regidora de Cultura, Nely Baile, per a comunicar-los la seua intenci\u00f3 de donar a l&#8217;Ajuntament la documentaci\u00f3 de quasi tres d\u00e8cades de traject\u00f2ria cantant a la Mare de D\u00e9u del Carmen, patrona de les gents de la mar.<\/p>\n<p>La Quinta del 65 est\u00e0 formada per reclutes santapolers que van fer el servici militar a Cartagena l&#8217;any 1965, i que en 1997 es van organitzar oficialment per a crear un cor que recordara aquelles can\u00e7ons durant les festes de la Mare de D\u00e9u del Carmen, encara que ja ho feien cada any de manera extraoficial.<\/p>\n<p>Despr\u00e9s de quasi tres d\u00e8cades sense faltar ni un any a la seua cita, l&#8217;avan\u00e7ada edat i els problemes de salut de molts dels seus membres els van portar a prendre la decisi\u00f3 de tancar esta etapa durant les festes de les gents de la mar del juliol passat de 2024.<\/p>\n<p>Ara han decidit donar el seu llegat de seixanta anys cantant a la Mare de D\u00e9u del Carmen, compost per lletres i partitures de les can\u00e7ons, retalls de premsa i material audiovisual, a l&#8217;Ajuntament de Santa Pola, que ha iniciat el proc\u00e9s d&#8217;acceptaci\u00f3 formal de la donaci\u00f3 que anir\u00e0 destinada a l&#8217;arxiu municipal.<\/p>\n","protected":false},"excerpt":{"rendered":"<p>L&#8217;agrupaci\u00f3 musical que va anunciar la seua retirada l&#8217;any passat despr\u00e9s de 60 anys cantant a la Mare de D\u00e9u del Carmen, ha decidit donar al poble de Santa Pola les lletres i partitures de les can\u00e7ons que han interpretat cada mes de juliol.\u00a0 Membres de la junta directiva de la Quinta del 65 s&#8217;han [&hellip;]<\/p>\n","protected":false},"author":96,"featured_media":41349,"comment_status":"closed","ping_status":"closed","sticky":false,"template":"","format":"standard","meta":{"_et_pb_use_builder":"","_et_pb_old_content":"","_et_gb_content_width":"","footnotes":""},"categories":[433],"tags":[1306],"class_list":["post-41351","post","type-post","status-publish","format-standard","has-post-thumbnail","hentry","category-cultura-ca","tag-quinta-del-65-ca"],"yoast_head":"<!-- This site is optimized with the Yoast SEO plugin v27.4 - https:\/\/yoast.com\/product\/yoast-seo-wordpress\/ -->\n<title>La Quinta del 65 donar\u00e0 el seu arxiu musical a l&#039;Ajuntament de Santa Pola - Ajuntament de Santa Pola<\/title>\n<meta name=\"robots\" content=\"index, follow, max-snippet:-1, max-image-preview:large, max-video-preview:-1\" \/>\n<link rel=\"canonical\" href=\"https:\/\/santapola.es\/ca\/la-quinta-del-65-donara-el-seu-arxiu-musical-a-lajuntament-de-santa-pola\/\" \/>\n<meta property=\"og:locale\" content=\"ca_ES\" \/>\n<meta property=\"og:type\" content=\"article\" \/>\n<meta property=\"og:title\" content=\"La Quinta del 65 donar\u00e0 el seu arxiu musical a l&#039;Ajuntament de Santa Pola - Ajuntament de Santa Pola\" \/>\n<meta property=\"og:description\" content=\"L&#8217;agrupaci\u00f3 musical que va anunciar la seua retirada l&#8217;any passat despr\u00e9s de 60 anys cantant a la Mare de D\u00e9u del Carmen, ha decidit donar al poble de Santa Pola les lletres i partitures de les can\u00e7ons que han interpretat cada mes de juliol.\u00a0 Membres de la junta directiva de la Quinta del 65 s&#8217;han [&hellip;]\" \/>\n<meta property=\"og:url\" content=\"https:\/\/santapola.es\/ca\/la-quinta-del-65-donara-el-seu-arxiu-musical-a-lajuntament-de-santa-pola\/\" \/>\n<meta property=\"og:site_name\" content=\"Ajuntament de Santa Pola\" \/>\n<meta property=\"article:publisher\" content=\"https:\/\/www.facebook.com\/AyuntamientoSantaPola\/\" \/>\n<meta property=\"article:published_time\" content=\"2025-02-24T11:07:30+00:00\" \/>\n<meta property=\"article:modified_time\" content=\"2025-02-24T11:22:47+00:00\" \/>\n<meta property=\"og:image\" content=\"https:\/\/santapola.es\/wp-content\/uploads\/2025\/02\/2025-02-24-Quinta-del-65.jpg\" \/>\n\t<meta property=\"og:image:width\" content=\"2000\" \/>\n\t<meta property=\"og:image:height\" content=\"1500\" \/>\n\t<meta property=\"og:image:type\" content=\"image\/jpeg\" \/>\n<meta name=\"author\" content=\"Jos\u00e9 Juan L\u00f3pez Lafuente\" \/>\n<meta name=\"twitter:card\" content=\"summary_large_image\" \/>\n<meta name=\"twitter:creator\" content=\"@SantaPolaAyunt\" \/>\n<meta name=\"twitter:site\" content=\"@SantaPolaAyunt\" \/>\n<script type=\"application\/ld+json\" class=\"yoast-schema-graph\">{\"@context\":\"https:\\\/\\\/schema.org\",\"@graph\":[{\"@type\":\"Article\",\"@id\":\"https:\\\/\\\/santapola.es\\\/ca\\\/la-quinta-del-65-donara-el-seu-arxiu-musical-a-lajuntament-de-santa-pola\\\/#article\",\"isPartOf\":{\"@id\":\"https:\\\/\\\/santapola.es\\\/ca\\\/la-quinta-del-65-donara-el-seu-arxiu-musical-a-lajuntament-de-santa-pola\\\/\"},\"author\":{\"name\":\"Jos\u00e9 Juan L\u00f3pez Lafuente\",\"@id\":\"https:\\\/\\\/santapola.es\\\/ca\\\/#\\\/schema\\\/person\\\/ad1d67403707b58350c7be5e8dbc442d\"},\"headline\":\"La Quinta del 65 donar\u00e0 el seu arxiu musical a l&#8217;Ajuntament de Santa Pola\",\"datePublished\":\"2025-02-24T11:07:30+00:00\",\"dateModified\":\"2025-02-24T11:22:47+00:00\",\"mainEntityOfPage\":{\"@id\":\"https:\\\/\\\/santapola.es\\\/ca\\\/la-quinta-del-65-donara-el-seu-arxiu-musical-a-lajuntament-de-santa-pola\\\/\"},\"wordCount\":292,\"image\":{\"@id\":\"https:\\\/\\\/santapola.es\\\/ca\\\/la-quinta-del-65-donara-el-seu-arxiu-musical-a-lajuntament-de-santa-pola\\\/#primaryimage\"},\"thumbnailUrl\":\"https:\\\/\\\/santapola.es\\\/wp-content\\\/uploads\\\/2025\\\/02\\\/2025-02-24-Quinta-del-65.jpg\",\"keywords\":[\"Quinta del 65\"],\"articleSection\":[\"Cultura\"],\"inLanguage\":\"ca\"},{\"@type\":\"WebPage\",\"@id\":\"https:\\\/\\\/santapola.es\\\/ca\\\/la-quinta-del-65-donara-el-seu-arxiu-musical-a-lajuntament-de-santa-pola\\\/\",\"url\":\"https:\\\/\\\/santapola.es\\\/ca\\\/la-quinta-del-65-donara-el-seu-arxiu-musical-a-lajuntament-de-santa-pola\\\/\",\"name\":\"La Quinta del 65 donar\u00e0 el seu arxiu musical a l'Ajuntament de Santa Pola - Ajuntament de Santa Pola\",\"isPartOf\":{\"@id\":\"https:\\\/\\\/santapola.es\\\/ca\\\/#website\"},\"primaryImageOfPage\":{\"@id\":\"https:\\\/\\\/santapola.es\\\/ca\\\/la-quinta-del-65-donara-el-seu-arxiu-musical-a-lajuntament-de-santa-pola\\\/#primaryimage\"},\"image\":{\"@id\":\"https:\\\/\\\/santapola.es\\\/ca\\\/la-quinta-del-65-donara-el-seu-arxiu-musical-a-lajuntament-de-santa-pola\\\/#primaryimage\"},\"thumbnailUrl\":\"https:\\\/\\\/santapola.es\\\/wp-content\\\/uploads\\\/2025\\\/02\\\/2025-02-24-Quinta-del-65.jpg\",\"datePublished\":\"2025-02-24T11:07:30+00:00\",\"dateModified\":\"2025-02-24T11:22:47+00:00\",\"author\":{\"@id\":\"https:\\\/\\\/santapola.es\\\/ca\\\/#\\\/schema\\\/person\\\/ad1d67403707b58350c7be5e8dbc442d\"},\"breadcrumb\":{\"@id\":\"https:\\\/\\\/santapola.es\\\/ca\\\/la-quinta-del-65-donara-el-seu-arxiu-musical-a-lajuntament-de-santa-pola\\\/#breadcrumb\"},\"inLanguage\":\"ca\",\"potentialAction\":[{\"@type\":\"ReadAction\",\"target\":[\"https:\\\/\\\/santapola.es\\\/ca\\\/la-quinta-del-65-donara-el-seu-arxiu-musical-a-lajuntament-de-santa-pola\\\/\"]}]},{\"@type\":\"ImageObject\",\"inLanguage\":\"ca\",\"@id\":\"https:\\\/\\\/santapola.es\\\/ca\\\/la-quinta-del-65-donara-el-seu-arxiu-musical-a-lajuntament-de-santa-pola\\\/#primaryimage\",\"url\":\"https:\\\/\\\/santapola.es\\\/wp-content\\\/uploads\\\/2025\\\/02\\\/2025-02-24-Quinta-del-65.jpg\",\"contentUrl\":\"https:\\\/\\\/santapola.es\\\/wp-content\\\/uploads\\\/2025\\\/02\\\/2025-02-24-Quinta-del-65.jpg\",\"width\":2000,\"height\":1500},{\"@type\":\"BreadcrumbList\",\"@id\":\"https:\\\/\\\/santapola.es\\\/ca\\\/la-quinta-del-65-donara-el-seu-arxiu-musical-a-lajuntament-de-santa-pola\\\/#breadcrumb\",\"itemListElement\":[{\"@type\":\"ListItem\",\"position\":1,\"name\":\"Inici\",\"item\":\"https:\\\/\\\/santapola.es\\\/ca\\\/\"},{\"@type\":\"ListItem\",\"position\":2,\"name\":\"La Quinta del 65 donar\u00e0 el seu arxiu musical a l&#8217;Ajuntament de Santa Pola\"}]},{\"@type\":\"WebSite\",\"@id\":\"https:\\\/\\\/santapola.es\\\/ca\\\/#website\",\"url\":\"https:\\\/\\\/santapola.es\\\/ca\\\/\",\"name\":\"Ayuntamiento de Santa Pola\",\"description\":\"Web de l'Ajuntament de Santa Pola\",\"potentialAction\":[{\"@type\":\"SearchAction\",\"target\":{\"@type\":\"EntryPoint\",\"urlTemplate\":\"https:\\\/\\\/santapola.es\\\/ca\\\/?s={search_term_string}\"},\"query-input\":{\"@type\":\"PropertyValueSpecification\",\"valueRequired\":true,\"valueName\":\"search_term_string\"}}],\"inLanguage\":\"ca\"},{\"@type\":\"Person\",\"@id\":\"https:\\\/\\\/santapola.es\\\/ca\\\/#\\\/schema\\\/person\\\/ad1d67403707b58350c7be5e8dbc442d\",\"name\":\"Jos\u00e9 Juan L\u00f3pez Lafuente\"}]}<\/script>\n<!-- \/ Yoast SEO plugin. -->","yoast_head_json":{"title":"La Quinta del 65 donar\u00e0 el seu arxiu musical a l'Ajuntament de Santa Pola - Ajuntament de Santa Pola","robots":{"index":"index","follow":"follow","max-snippet":"max-snippet:-1","max-image-preview":"max-image-preview:large","max-video-preview":"max-video-preview:-1"},"canonical":"https:\/\/santapola.es\/ca\/la-quinta-del-65-donara-el-seu-arxiu-musical-a-lajuntament-de-santa-pola\/","og_locale":"ca_ES","og_type":"article","og_title":"La Quinta del 65 donar\u00e0 el seu arxiu musical a l'Ajuntament de Santa Pola - Ajuntament de Santa Pola","og_description":"L&#8217;agrupaci\u00f3 musical que va anunciar la seua retirada l&#8217;any passat despr\u00e9s de 60 anys cantant a la Mare de D\u00e9u del Carmen, ha decidit donar al poble de Santa Pola les lletres i partitures de les can\u00e7ons que han interpretat cada mes de juliol.\u00a0 Membres de la junta directiva de la Quinta del 65 s&#8217;han [&hellip;]","og_url":"https:\/\/santapola.es\/ca\/la-quinta-del-65-donara-el-seu-arxiu-musical-a-lajuntament-de-santa-pola\/","og_site_name":"Ajuntament de Santa Pola","article_publisher":"https:\/\/www.facebook.com\/AyuntamientoSantaPola\/","article_published_time":"2025-02-24T11:07:30+00:00","article_modified_time":"2025-02-24T11:22:47+00:00","og_image":[{"width":2000,"height":1500,"url":"https:\/\/santapola.es\/wp-content\/uploads\/2025\/02\/2025-02-24-Quinta-del-65.jpg","type":"image\/jpeg"}],"author":"Jos\u00e9 Juan L\u00f3pez Lafuente","twitter_card":"summary_large_image","twitter_creator":"@SantaPolaAyunt","twitter_site":"@SantaPolaAyunt","schema":{"@context":"https:\/\/schema.org","@graph":[{"@type":"Article","@id":"https:\/\/santapola.es\/ca\/la-quinta-del-65-donara-el-seu-arxiu-musical-a-lajuntament-de-santa-pola\/#article","isPartOf":{"@id":"https:\/\/santapola.es\/ca\/la-quinta-del-65-donara-el-seu-arxiu-musical-a-lajuntament-de-santa-pola\/"},"author":{"name":"Jos\u00e9 Juan L\u00f3pez Lafuente","@id":"https:\/\/santapola.es\/ca\/#\/schema\/person\/ad1d67403707b58350c7be5e8dbc442d"},"headline":"La Quinta del 65 donar\u00e0 el seu arxiu musical a l&#8217;Ajuntament de Santa Pola","datePublished":"2025-02-24T11:07:30+00:00","dateModified":"2025-02-24T11:22:47+00:00","mainEntityOfPage":{"@id":"https:\/\/santapola.es\/ca\/la-quinta-del-65-donara-el-seu-arxiu-musical-a-lajuntament-de-santa-pola\/"},"wordCount":292,"image":{"@id":"https:\/\/santapola.es\/ca\/la-quinta-del-65-donara-el-seu-arxiu-musical-a-lajuntament-de-santa-pola\/#primaryimage"},"thumbnailUrl":"https:\/\/santapola.es\/wp-content\/uploads\/2025\/02\/2025-02-24-Quinta-del-65.jpg","keywords":["Quinta del 65"],"articleSection":["Cultura"],"inLanguage":"ca"},{"@type":"WebPage","@id":"https:\/\/santapola.es\/ca\/la-quinta-del-65-donara-el-seu-arxiu-musical-a-lajuntament-de-santa-pola\/","url":"https:\/\/santapola.es\/ca\/la-quinta-del-65-donara-el-seu-arxiu-musical-a-lajuntament-de-santa-pola\/","name":"La Quinta del 65 donar\u00e0 el seu arxiu musical a l'Ajuntament de Santa Pola - Ajuntament de Santa Pola","isPartOf":{"@id":"https:\/\/santapola.es\/ca\/#website"},"primaryImageOfPage":{"@id":"https:\/\/santapola.es\/ca\/la-quinta-del-65-donara-el-seu-arxiu-musical-a-lajuntament-de-santa-pola\/#primaryimage"},"image":{"@id":"https:\/\/santapola.es\/ca\/la-quinta-del-65-donara-el-seu-arxiu-musical-a-lajuntament-de-santa-pola\/#primaryimage"},"thumbnailUrl":"https:\/\/santapola.es\/wp-content\/uploads\/2025\/02\/2025-02-24-Quinta-del-65.jpg","datePublished":"2025-02-24T11:07:30+00:00","dateModified":"2025-02-24T11:22:47+00:00","author":{"@id":"https:\/\/santapola.es\/ca\/#\/schema\/person\/ad1d67403707b58350c7be5e8dbc442d"},"breadcrumb":{"@id":"https:\/\/santapola.es\/ca\/la-quinta-del-65-donara-el-seu-arxiu-musical-a-lajuntament-de-santa-pola\/#breadcrumb"},"inLanguage":"ca","potentialAction":[{"@type":"ReadAction","target":["https:\/\/santapola.es\/ca\/la-quinta-del-65-donara-el-seu-arxiu-musical-a-lajuntament-de-santa-pola\/"]}]},{"@type":"ImageObject","inLanguage":"ca","@id":"https:\/\/santapola.es\/ca\/la-quinta-del-65-donara-el-seu-arxiu-musical-a-lajuntament-de-santa-pola\/#primaryimage","url":"https:\/\/santapola.es\/wp-content\/uploads\/2025\/02\/2025-02-24-Quinta-del-65.jpg","contentUrl":"https:\/\/santapola.es\/wp-content\/uploads\/2025\/02\/2025-02-24-Quinta-del-65.jpg","width":2000,"height":1500},{"@type":"BreadcrumbList","@id":"https:\/\/santapola.es\/ca\/la-quinta-del-65-donara-el-seu-arxiu-musical-a-lajuntament-de-santa-pola\/#breadcrumb","itemListElement":[{"@type":"ListItem","position":1,"name":"Inici","item":"https:\/\/santapola.es\/ca\/"},{"@type":"ListItem","position":2,"name":"La Quinta del 65 donar\u00e0 el seu arxiu musical a l&#8217;Ajuntament de Santa Pola"}]},{"@type":"WebSite","@id":"https:\/\/santapola.es\/ca\/#website","url":"https:\/\/santapola.es\/ca\/","name":"Ayuntamiento de Santa Pola","description":"Web de l'Ajuntament de Santa Pola","potentialAction":[{"@type":"SearchAction","target":{"@type":"EntryPoint","urlTemplate":"https:\/\/santapola.es\/ca\/?s={search_term_string}"},"query-input":{"@type":"PropertyValueSpecification","valueRequired":true,"valueName":"search_term_string"}}],"inLanguage":"ca"},{"@type":"Person","@id":"https:\/\/santapola.es\/ca\/#\/schema\/person\/ad1d67403707b58350c7be5e8dbc442d","name":"Jos\u00e9 Juan L\u00f3pez Lafuente"}]}},"_links":{"self":[{"href":"https:\/\/santapola.es\/ca\/wp-json\/wp\/v2\/posts\/41351","targetHints":{"allow":["GET"]}}],"collection":[{"href":"https:\/\/santapola.es\/ca\/wp-json\/wp\/v2\/posts"}],"about":[{"href":"https:\/\/santapola.es\/ca\/wp-json\/wp\/v2\/types\/post"}],"author":[{"embeddable":true,"href":"https:\/\/santapola.es\/ca\/wp-json\/wp\/v2\/users\/96"}],"replies":[{"embeddable":true,"href":"https:\/\/santapola.es\/ca\/wp-json\/wp\/v2\/comments?post=41351"}],"version-history":[{"count":0,"href":"https:\/\/santapola.es\/ca\/wp-json\/wp\/v2\/posts\/41351\/revisions"}],"wp:featuredmedia":[{"embeddable":true,"href":"https:\/\/santapola.es\/ca\/wp-json\/wp\/v2\/media\/41349"}],"wp:attachment":[{"href":"https:\/\/santapola.es\/ca\/wp-json\/wp\/v2\/media?parent=41351"}],"wp:term":[{"taxonomy":"category","embeddable":true,"href":"https:\/\/santapola.es\/ca\/wp-json\/wp\/v2\/categories?post=41351"},{"taxonomy":"post_tag","embeddable":true,"href":"https:\/\/santapola.es\/ca\/wp-json\/wp\/v2\/tags?post=41351"}],"curies":[{"name":"wp","href":"https:\/\/api.w.org\/{rel}","templated":true}]}}