{"id":41198,"date":"2025-02-17T12:46:09","date_gmt":"2025-02-17T11:46:09","guid":{"rendered":"https:\/\/santapola.es\/?p=41198"},"modified":"2025-02-17T12:47:53","modified_gmt":"2025-02-17T11:47:53","slug":"convocat-el-xxxi-certamen-escolar-de-literatura-en-valencia-premis-sant-jordi","status":"publish","type":"post","link":"https:\/\/santapola.es\/ca\/convocat-el-xxxi-certamen-escolar-de-literatura-en-valencia-premis-sant-jordi\/","title":{"rendered":"Convocat el XXXI Certamen Escolar de Literatura en Valenci\u00e0 \u201cPremis Sant Jordi\u201d"},"content":{"rendered":"<p><strong>Podran participar els alumnes des de 3r de Prim\u00e0ria fins a 2n d&#8217;ESO dels centres educatius de Santa Pola en les categories de poesia, narrativa i c\u00f2mic. Els treballs s&#8217;entregaran a la Biblioteca Infantil abans del 30 d&#8217;abril.<\/strong><\/p>\n<p>La regidoria de Cultura de l&#8217;Ajuntament de Santa Pola, al costat de la Xarxa de Biblioteques Municipals, l&#8217;Associaci\u00f3 Cultural L\u2019Antina i la Diputaci\u00f3 d&#8217;Alacant, organitzen el XXXI Certamen Escolar de Literatura en Valenci\u00e0 \u201cPremis Sant Jordi 2025\u201d.<\/p>\n<p>Les bases de la convocat\u00f2ria establixen que podran participar tots els alumnes des de 3r de Prim\u00e0ria fins a 2n d&#8217;ESO que estudien en un centre de Santa Pola. Les obres hauran de ser escrites en valenci\u00e0, a bol\u00edgraf i a una sola cara, dins de les modalitats de poesia (m\u00ednim 10 versos), narrativa de contes (2 a 4 p\u00e0gines), relat curt (1 a 2 p\u00e0gines) i c\u00f2mic (24 vinyetes amb text).<\/p>\n<p>Les obres hauran de ser originals i in\u00e8dites, podent presentar-se nom\u00e9s una obra per persona en cada modalitat, tant en paper com en format pdf, amb data l\u00edmit el 30 d&#8217;abril de 2025, a la Biblioteca Infantil. Hauran d&#8217;incloure les dades de l&#8217;autor (nom, cognoms, centre, curs, aula i tel\u00e8fon de contacte), a m\u00e9s del t\u00edtol i la modalitat del text escrit.<\/p>\n<p>S&#8217;establixen 3 premis per a narrativa, 3 per a poesia, un per a c\u00f2mic, a m\u00e9s d&#8217;acc\u00e8ssits i mencions honor\u00edfiques. Tots els treballs seleccionats pel jurat s&#8217;emportaran lots de llibres i material escolar, aix\u00ed com un diploma de participaci\u00f3.<\/p>\n<p>El jurat, format per persones destacades de la cultura local, emetr\u00e0 un veredicte inapel\u00b7lable i es reservar\u00e0 el dret de declarar els premis deserts. Tindr\u00e0 en compte la bona presentaci\u00f3 dels treballs i no s&#8217;admetr\u00e0 en cap cas treballs presentats al llapis.<\/p>\n<p>El lliurament de premis tindr\u00e0 lloc el dijous 5 de juny al Castell Fortalesa.<\/p>\n","protected":false},"excerpt":{"rendered":"<p>Podran participar els alumnes des de 3r de Prim\u00e0ria fins a 2n d&#8217;ESO dels centres educatius de Santa Pola en les categories de poesia, narrativa i c\u00f2mic. Els treballs s&#8217;entregaran a la Biblioteca Infantil abans del 30 d&#8217;abril. La regidoria de Cultura de l&#8217;Ajuntament de Santa Pola, al costat de la Xarxa de Biblioteques Municipals, [&hellip;]<\/p>\n","protected":false},"author":96,"featured_media":41196,"comment_status":"closed","ping_status":"closed","sticky":false,"template":"","format":"standard","meta":{"_et_pb_use_builder":"","_et_pb_old_content":"","_et_gb_content_width":"","footnotes":""},"categories":[433,474],"tags":[596,834,1298],"class_list":["post-41198","post","type-post","status-publish","format-standard","has-post-thumbnail","hentry","category-cultura-ca","category-educacio","tag-associacio-lantina-ca","tag-biblioteca-infantil-ca","tag-premis-sant-jordi-ca"],"yoast_head":"<!-- This site is optimized with the Yoast SEO plugin v27.4 - https:\/\/yoast.com\/product\/yoast-seo-wordpress\/ -->\n<title>Convocat el XXXI Certamen Escolar de Literatura en Valenci\u00e0 \u201cPremis Sant Jordi\u201d - Ajuntament de Santa Pola<\/title>\n<meta name=\"robots\" content=\"index, follow, max-snippet:-1, max-image-preview:large, max-video-preview:-1\" \/>\n<link rel=\"canonical\" href=\"https:\/\/santapola.es\/ca\/convocat-el-xxxi-certamen-escolar-de-literatura-en-valencia-premis-sant-jordi\/\" \/>\n<meta property=\"og:locale\" content=\"ca_ES\" \/>\n<meta property=\"og:type\" content=\"article\" \/>\n<meta property=\"og:title\" content=\"Convocat el XXXI Certamen Escolar de Literatura en Valenci\u00e0 \u201cPremis Sant Jordi\u201d - Ajuntament de Santa Pola\" \/>\n<meta property=\"og:description\" content=\"Podran participar els alumnes des de 3r de Prim\u00e0ria fins a 2n d&#8217;ESO dels centres educatius de Santa Pola en les categories de poesia, narrativa i c\u00f2mic. Els treballs s&#8217;entregaran a la Biblioteca Infantil abans del 30 d&#8217;abril. La regidoria de Cultura de l&#8217;Ajuntament de Santa Pola, al costat de la Xarxa de Biblioteques Municipals, [&hellip;]\" \/>\n<meta property=\"og:url\" content=\"https:\/\/santapola.es\/ca\/convocat-el-xxxi-certamen-escolar-de-literatura-en-valencia-premis-sant-jordi\/\" \/>\n<meta property=\"og:site_name\" content=\"Ajuntament de Santa Pola\" \/>\n<meta property=\"article:publisher\" content=\"https:\/\/www.facebook.com\/AyuntamientoSantaPola\/\" \/>\n<meta property=\"article:published_time\" content=\"2025-02-17T11:46:09+00:00\" \/>\n<meta property=\"article:modified_time\" content=\"2025-02-17T11:47:53+00:00\" \/>\n<meta property=\"og:image\" content=\"https:\/\/santapola.es\/wp-content\/uploads\/2025\/02\/Premis-Sant-Jordi.jpg\" \/>\n\t<meta property=\"og:image:width\" content=\"1440\" \/>\n\t<meta property=\"og:image:height\" content=\"1077\" \/>\n\t<meta property=\"og:image:type\" content=\"image\/jpeg\" \/>\n<meta name=\"author\" content=\"Jos\u00e9 Juan L\u00f3pez Lafuente\" \/>\n<meta name=\"twitter:card\" content=\"summary_large_image\" \/>\n<meta name=\"twitter:creator\" content=\"@SantaPolaAyunt\" \/>\n<meta name=\"twitter:site\" content=\"@SantaPolaAyunt\" \/>\n<script type=\"application\/ld+json\" class=\"yoast-schema-graph\">{\"@context\":\"https:\\\/\\\/schema.org\",\"@graph\":[{\"@type\":\"Article\",\"@id\":\"https:\\\/\\\/santapola.es\\\/ca\\\/convocat-el-xxxi-certamen-escolar-de-literatura-en-valencia-premis-sant-jordi\\\/#article\",\"isPartOf\":{\"@id\":\"https:\\\/\\\/santapola.es\\\/ca\\\/convocat-el-xxxi-certamen-escolar-de-literatura-en-valencia-premis-sant-jordi\\\/\"},\"author\":{\"name\":\"Jos\u00e9 Juan L\u00f3pez Lafuente\",\"@id\":\"https:\\\/\\\/santapola.es\\\/ca\\\/#\\\/schema\\\/person\\\/ad1d67403707b58350c7be5e8dbc442d\"},\"headline\":\"Convocat el XXXI Certamen Escolar de Literatura en Valenci\u00e0 \u201cPremis Sant Jordi\u201d\",\"datePublished\":\"2025-02-17T11:46:09+00:00\",\"dateModified\":\"2025-02-17T11:47:53+00:00\",\"mainEntityOfPage\":{\"@id\":\"https:\\\/\\\/santapola.es\\\/ca\\\/convocat-el-xxxi-certamen-escolar-de-literatura-en-valencia-premis-sant-jordi\\\/\"},\"wordCount\":338,\"image\":{\"@id\":\"https:\\\/\\\/santapola.es\\\/ca\\\/convocat-el-xxxi-certamen-escolar-de-literatura-en-valencia-premis-sant-jordi\\\/#primaryimage\"},\"thumbnailUrl\":\"https:\\\/\\\/santapola.es\\\/wp-content\\\/uploads\\\/2025\\\/02\\\/Premis-Sant-Jordi.jpg\",\"keywords\":[\"Associaci\u00f3 L'Antina\",\"Biblioteca Infantil\",\"Premis Sant Jordi\"],\"articleSection\":[\"Cultura\",\"Educaci\u00f3\"],\"inLanguage\":\"ca\"},{\"@type\":\"WebPage\",\"@id\":\"https:\\\/\\\/santapola.es\\\/ca\\\/convocat-el-xxxi-certamen-escolar-de-literatura-en-valencia-premis-sant-jordi\\\/\",\"url\":\"https:\\\/\\\/santapola.es\\\/ca\\\/convocat-el-xxxi-certamen-escolar-de-literatura-en-valencia-premis-sant-jordi\\\/\",\"name\":\"Convocat el XXXI Certamen Escolar de Literatura en Valenci\u00e0 \u201cPremis Sant Jordi\u201d - Ajuntament de Santa Pola\",\"isPartOf\":{\"@id\":\"https:\\\/\\\/santapola.es\\\/ca\\\/#website\"},\"primaryImageOfPage\":{\"@id\":\"https:\\\/\\\/santapola.es\\\/ca\\\/convocat-el-xxxi-certamen-escolar-de-literatura-en-valencia-premis-sant-jordi\\\/#primaryimage\"},\"image\":{\"@id\":\"https:\\\/\\\/santapola.es\\\/ca\\\/convocat-el-xxxi-certamen-escolar-de-literatura-en-valencia-premis-sant-jordi\\\/#primaryimage\"},\"thumbnailUrl\":\"https:\\\/\\\/santapola.es\\\/wp-content\\\/uploads\\\/2025\\\/02\\\/Premis-Sant-Jordi.jpg\",\"datePublished\":\"2025-02-17T11:46:09+00:00\",\"dateModified\":\"2025-02-17T11:47:53+00:00\",\"author\":{\"@id\":\"https:\\\/\\\/santapola.es\\\/ca\\\/#\\\/schema\\\/person\\\/ad1d67403707b58350c7be5e8dbc442d\"},\"breadcrumb\":{\"@id\":\"https:\\\/\\\/santapola.es\\\/ca\\\/convocat-el-xxxi-certamen-escolar-de-literatura-en-valencia-premis-sant-jordi\\\/#breadcrumb\"},\"inLanguage\":\"ca\",\"potentialAction\":[{\"@type\":\"ReadAction\",\"target\":[\"https:\\\/\\\/santapola.es\\\/ca\\\/convocat-el-xxxi-certamen-escolar-de-literatura-en-valencia-premis-sant-jordi\\\/\"]}]},{\"@type\":\"ImageObject\",\"inLanguage\":\"ca\",\"@id\":\"https:\\\/\\\/santapola.es\\\/ca\\\/convocat-el-xxxi-certamen-escolar-de-literatura-en-valencia-premis-sant-jordi\\\/#primaryimage\",\"url\":\"https:\\\/\\\/santapola.es\\\/wp-content\\\/uploads\\\/2025\\\/02\\\/Premis-Sant-Jordi.jpg\",\"contentUrl\":\"https:\\\/\\\/santapola.es\\\/wp-content\\\/uploads\\\/2025\\\/02\\\/Premis-Sant-Jordi.jpg\",\"width\":1440,\"height\":1077},{\"@type\":\"BreadcrumbList\",\"@id\":\"https:\\\/\\\/santapola.es\\\/ca\\\/convocat-el-xxxi-certamen-escolar-de-literatura-en-valencia-premis-sant-jordi\\\/#breadcrumb\",\"itemListElement\":[{\"@type\":\"ListItem\",\"position\":1,\"name\":\"Inici\",\"item\":\"https:\\\/\\\/santapola.es\\\/ca\\\/\"},{\"@type\":\"ListItem\",\"position\":2,\"name\":\"Convocat el XXXI Certamen Escolar de Literatura en Valenci\u00e0 \u201cPremis Sant Jordi\u201d\"}]},{\"@type\":\"WebSite\",\"@id\":\"https:\\\/\\\/santapola.es\\\/ca\\\/#website\",\"url\":\"https:\\\/\\\/santapola.es\\\/ca\\\/\",\"name\":\"Ayuntamiento de Santa Pola\",\"description\":\"Web de l'Ajuntament de Santa Pola\",\"potentialAction\":[{\"@type\":\"SearchAction\",\"target\":{\"@type\":\"EntryPoint\",\"urlTemplate\":\"https:\\\/\\\/santapola.es\\\/ca\\\/?s={search_term_string}\"},\"query-input\":{\"@type\":\"PropertyValueSpecification\",\"valueRequired\":true,\"valueName\":\"search_term_string\"}}],\"inLanguage\":\"ca\"},{\"@type\":\"Person\",\"@id\":\"https:\\\/\\\/santapola.es\\\/ca\\\/#\\\/schema\\\/person\\\/ad1d67403707b58350c7be5e8dbc442d\",\"name\":\"Jos\u00e9 Juan L\u00f3pez Lafuente\"}]}<\/script>\n<!-- \/ Yoast SEO plugin. -->","yoast_head_json":{"title":"Convocat el XXXI Certamen Escolar de Literatura en Valenci\u00e0 \u201cPremis Sant Jordi\u201d - Ajuntament de Santa Pola","robots":{"index":"index","follow":"follow","max-snippet":"max-snippet:-1","max-image-preview":"max-image-preview:large","max-video-preview":"max-video-preview:-1"},"canonical":"https:\/\/santapola.es\/ca\/convocat-el-xxxi-certamen-escolar-de-literatura-en-valencia-premis-sant-jordi\/","og_locale":"ca_ES","og_type":"article","og_title":"Convocat el XXXI Certamen Escolar de Literatura en Valenci\u00e0 \u201cPremis Sant Jordi\u201d - Ajuntament de Santa Pola","og_description":"Podran participar els alumnes des de 3r de Prim\u00e0ria fins a 2n d&#8217;ESO dels centres educatius de Santa Pola en les categories de poesia, narrativa i c\u00f2mic. Els treballs s&#8217;entregaran a la Biblioteca Infantil abans del 30 d&#8217;abril. La regidoria de Cultura de l&#8217;Ajuntament de Santa Pola, al costat de la Xarxa de Biblioteques Municipals, [&hellip;]","og_url":"https:\/\/santapola.es\/ca\/convocat-el-xxxi-certamen-escolar-de-literatura-en-valencia-premis-sant-jordi\/","og_site_name":"Ajuntament de Santa Pola","article_publisher":"https:\/\/www.facebook.com\/AyuntamientoSantaPola\/","article_published_time":"2025-02-17T11:46:09+00:00","article_modified_time":"2025-02-17T11:47:53+00:00","og_image":[{"width":1440,"height":1077,"url":"https:\/\/santapola.es\/wp-content\/uploads\/2025\/02\/Premis-Sant-Jordi.jpg","type":"image\/jpeg"}],"author":"Jos\u00e9 Juan L\u00f3pez Lafuente","twitter_card":"summary_large_image","twitter_creator":"@SantaPolaAyunt","twitter_site":"@SantaPolaAyunt","schema":{"@context":"https:\/\/schema.org","@graph":[{"@type":"Article","@id":"https:\/\/santapola.es\/ca\/convocat-el-xxxi-certamen-escolar-de-literatura-en-valencia-premis-sant-jordi\/#article","isPartOf":{"@id":"https:\/\/santapola.es\/ca\/convocat-el-xxxi-certamen-escolar-de-literatura-en-valencia-premis-sant-jordi\/"},"author":{"name":"Jos\u00e9 Juan L\u00f3pez Lafuente","@id":"https:\/\/santapola.es\/ca\/#\/schema\/person\/ad1d67403707b58350c7be5e8dbc442d"},"headline":"Convocat el XXXI Certamen Escolar de Literatura en Valenci\u00e0 \u201cPremis Sant Jordi\u201d","datePublished":"2025-02-17T11:46:09+00:00","dateModified":"2025-02-17T11:47:53+00:00","mainEntityOfPage":{"@id":"https:\/\/santapola.es\/ca\/convocat-el-xxxi-certamen-escolar-de-literatura-en-valencia-premis-sant-jordi\/"},"wordCount":338,"image":{"@id":"https:\/\/santapola.es\/ca\/convocat-el-xxxi-certamen-escolar-de-literatura-en-valencia-premis-sant-jordi\/#primaryimage"},"thumbnailUrl":"https:\/\/santapola.es\/wp-content\/uploads\/2025\/02\/Premis-Sant-Jordi.jpg","keywords":["Associaci\u00f3 L'Antina","Biblioteca Infantil","Premis Sant Jordi"],"articleSection":["Cultura","Educaci\u00f3"],"inLanguage":"ca"},{"@type":"WebPage","@id":"https:\/\/santapola.es\/ca\/convocat-el-xxxi-certamen-escolar-de-literatura-en-valencia-premis-sant-jordi\/","url":"https:\/\/santapola.es\/ca\/convocat-el-xxxi-certamen-escolar-de-literatura-en-valencia-premis-sant-jordi\/","name":"Convocat el XXXI Certamen Escolar de Literatura en Valenci\u00e0 \u201cPremis Sant Jordi\u201d - Ajuntament de Santa Pola","isPartOf":{"@id":"https:\/\/santapola.es\/ca\/#website"},"primaryImageOfPage":{"@id":"https:\/\/santapola.es\/ca\/convocat-el-xxxi-certamen-escolar-de-literatura-en-valencia-premis-sant-jordi\/#primaryimage"},"image":{"@id":"https:\/\/santapola.es\/ca\/convocat-el-xxxi-certamen-escolar-de-literatura-en-valencia-premis-sant-jordi\/#primaryimage"},"thumbnailUrl":"https:\/\/santapola.es\/wp-content\/uploads\/2025\/02\/Premis-Sant-Jordi.jpg","datePublished":"2025-02-17T11:46:09+00:00","dateModified":"2025-02-17T11:47:53+00:00","author":{"@id":"https:\/\/santapola.es\/ca\/#\/schema\/person\/ad1d67403707b58350c7be5e8dbc442d"},"breadcrumb":{"@id":"https:\/\/santapola.es\/ca\/convocat-el-xxxi-certamen-escolar-de-literatura-en-valencia-premis-sant-jordi\/#breadcrumb"},"inLanguage":"ca","potentialAction":[{"@type":"ReadAction","target":["https:\/\/santapola.es\/ca\/convocat-el-xxxi-certamen-escolar-de-literatura-en-valencia-premis-sant-jordi\/"]}]},{"@type":"ImageObject","inLanguage":"ca","@id":"https:\/\/santapola.es\/ca\/convocat-el-xxxi-certamen-escolar-de-literatura-en-valencia-premis-sant-jordi\/#primaryimage","url":"https:\/\/santapola.es\/wp-content\/uploads\/2025\/02\/Premis-Sant-Jordi.jpg","contentUrl":"https:\/\/santapola.es\/wp-content\/uploads\/2025\/02\/Premis-Sant-Jordi.jpg","width":1440,"height":1077},{"@type":"BreadcrumbList","@id":"https:\/\/santapola.es\/ca\/convocat-el-xxxi-certamen-escolar-de-literatura-en-valencia-premis-sant-jordi\/#breadcrumb","itemListElement":[{"@type":"ListItem","position":1,"name":"Inici","item":"https:\/\/santapola.es\/ca\/"},{"@type":"ListItem","position":2,"name":"Convocat el XXXI Certamen Escolar de Literatura en Valenci\u00e0 \u201cPremis Sant Jordi\u201d"}]},{"@type":"WebSite","@id":"https:\/\/santapola.es\/ca\/#website","url":"https:\/\/santapola.es\/ca\/","name":"Ayuntamiento de Santa Pola","description":"Web de l'Ajuntament de Santa Pola","potentialAction":[{"@type":"SearchAction","target":{"@type":"EntryPoint","urlTemplate":"https:\/\/santapola.es\/ca\/?s={search_term_string}"},"query-input":{"@type":"PropertyValueSpecification","valueRequired":true,"valueName":"search_term_string"}}],"inLanguage":"ca"},{"@type":"Person","@id":"https:\/\/santapola.es\/ca\/#\/schema\/person\/ad1d67403707b58350c7be5e8dbc442d","name":"Jos\u00e9 Juan L\u00f3pez Lafuente"}]}},"_links":{"self":[{"href":"https:\/\/santapola.es\/ca\/wp-json\/wp\/v2\/posts\/41198","targetHints":{"allow":["GET"]}}],"collection":[{"href":"https:\/\/santapola.es\/ca\/wp-json\/wp\/v2\/posts"}],"about":[{"href":"https:\/\/santapola.es\/ca\/wp-json\/wp\/v2\/types\/post"}],"author":[{"embeddable":true,"href":"https:\/\/santapola.es\/ca\/wp-json\/wp\/v2\/users\/96"}],"replies":[{"embeddable":true,"href":"https:\/\/santapola.es\/ca\/wp-json\/wp\/v2\/comments?post=41198"}],"version-history":[{"count":0,"href":"https:\/\/santapola.es\/ca\/wp-json\/wp\/v2\/posts\/41198\/revisions"}],"wp:featuredmedia":[{"embeddable":true,"href":"https:\/\/santapola.es\/ca\/wp-json\/wp\/v2\/media\/41196"}],"wp:attachment":[{"href":"https:\/\/santapola.es\/ca\/wp-json\/wp\/v2\/media?parent=41198"}],"wp:term":[{"taxonomy":"category","embeddable":true,"href":"https:\/\/santapola.es\/ca\/wp-json\/wp\/v2\/categories?post=41198"},{"taxonomy":"post_tag","embeddable":true,"href":"https:\/\/santapola.es\/ca\/wp-json\/wp\/v2\/tags?post=41198"}],"curies":[{"name":"wp","href":"https:\/\/api.w.org\/{rel}","templated":true}]}}