{"id":41150,"date":"2025-02-14T13:04:09","date_gmt":"2025-02-14T12:04:09","guid":{"rendered":"https:\/\/santapola.es\/?p=41150"},"modified":"2025-02-14T13:06:30","modified_gmt":"2025-02-14T12:06:30","slug":"135-windsurfistes-competixen-este-cap-de-setmana-a-santa-pola-en-la-x-comunitat-valenciana-olympic-week","status":"publish","type":"post","link":"https:\/\/santapola.es\/ca\/135-windsurfistes-competixen-este-cap-de-setmana-a-santa-pola-en-la-x-comunitat-valenciana-olympic-week\/","title":{"rendered":"135 windsurfistes competixen este cap de setmana a Santa Pola en la X Comunitat Valenciana Olympic Week"},"content":{"rendered":"<p><strong>El Club N\u00e0utic Santa Pola acull el Campionat d&#8217;Espanya juvenil de la classe ol\u00edmpica IQ Foil i la Techno, un espectacle que esguita la badia d&#8217;acolorides veles arribades des de tots els racons d&#8217;Espanya i Portugal.<\/strong><\/p>\n<p>La Comunitat Valenciana Olympic Week celebra enguany la seua desena edici\u00f3, consolidant-se com un dels esdeveniments n\u00e0utics m\u00e9s destacats del panorama esportiu, tant a nivell nacional com internacional. Sota l&#8217;organitzaci\u00f3 de la Federaci\u00f3 de Vela de la Comunitat Valenciana, esta prestigiosa regata reunix 15 classes ol\u00edmpiques i preol\u00edmpiques que competixen simult\u00e0niament en tres seus, des del passat 30 de gener fins al pr\u00f2xim 4 de mar\u00e7.<\/p>\n<p>El Club N\u00e0utic Santa Pola, a trav\u00e9s del Centre de Tecnificaci\u00f3 Iv\u00e1n Pastor, torna a destacar en este gran esdeveniment com a seu clau per al windsurf, tal com ha explicat en la presentaci\u00f3 este mat\u00ed el seu president Pascual Orts: \u201cPer tercer any consecutiu el nostre club acull este cap de setmana el Campionat d&#8217;Espanya de les classes Techno i iQ Foil en categoria juvenil, amb els millors regatistes j\u00f3vens de tot el pa\u00eds\u201d.<\/p>\n<p>Orts va destacar que \u201cSanta Pola i l&#8217;esport van units de la m\u00e0 des de fa molts anys, i nosaltres des del Club N\u00e0utic intentem fer la labor de promoci\u00f3 perqu\u00e8 els j\u00f3vens que practiquen vela tinguen la seua oportunitat tenint la refer\u00e8ncia d&#8217;Iv\u00e1n Pastor, el nostre regatista ol\u00edmpic, i l&#8217;Ajuntament sempre ha estat ajudant en la mesura de les seues possibilitats, per la qual cosa agra\u00efm sempre la seua implicaci\u00f3\u201d.<\/p>\n<p><strong>Activitat esportiva en ple hivern<\/strong><\/p>\n<p>Jos\u00e9 Manuel Liceras, director esportiu de la Federaci\u00f3 de Vela de la Comunitat Valenciana, va declarar que \u201cvol\u00edem tindre en estos mesos d&#8217;hivern un referent a nivell nacional i internacional, amb l&#8217;objectiu que vinga molta gent a entrenar i a competir, de manera paral\u00b7lela en quatre clubs com s\u00f3n Val\u00e8ncia, Alacant, Torrevieja i Santa Pola, crear una festa de la vela en la nostra Comunitat Valenciana\u201d.<\/p>\n<p>\u201cEste cap de setmana tenim ac\u00ed la modalitat ol\u00edmpica IQ Foil i la Techno, que \u00e9s la seua germana xicoteta, amb la participaci\u00f3 d&#8217;uns 135 esportistes de tota Espanya i tamb\u00e9 de Portugal, dels al voltant de 700 que competiran en totes les especialitats. Ahir ja es van celebrar quatre proves, hui tenim les classificat\u00f2ries i el comunicat meteorol\u00f2gic per al cap de setmana \u00e9s molt bo, aix\u00ed que dem\u00e0 comen\u00e7arem les finals fins a finalitzar el diumenge\u201d, va matisar Liceras.<\/p>\n<p>\u00c1ngel Piedecausa, regidor d&#8217;Esports, va insistir que \u201cdes de l&#8217;ajuntament donem suport a qualsevol tipus d&#8217;esport en el nostre municipi, som un referent d&#8217;esdeveniments esportius a nivell nacional i tot aix\u00f2 no seria possible si el Club N\u00e0utic no s&#8217;implicara tant en la formaci\u00f3 dels j\u00f3vens\u201d.<\/p>\n<p>\u201cNo podia ser que un poble mariner visquera d&#8217;esquena a la mar quant a l&#8217;esport n\u00e0utic es referix, i gr\u00e0cies al nostre treball conjunt estem aconseguint revertir eixa situaci\u00f3 amb cinc escoles esportives que mouen a l&#8217;any m\u00e9s de 13.000 alumnes, implicant els centres escolars perqu\u00e8 tots els j\u00f3vens de Santa Pola puguen practicar esports n\u00e0utics\u201d, va finalitzar el regidor.<\/p>\n<p><strong>Retransmissi\u00f3 en streaming<\/strong><\/p>\n<p>Jos\u00e9 Manuel Liceras va destacar que \u201cprovarem a Santa Pola un projecte pilot en la Olympic Week, a trav\u00e9s del qual les regates del dissabte es podran veure en directe retransmeses en streaming, normalment les millors hores de vent s\u00f3n a partir de les 3 de la vesprada i, si tot ix b\u00e9, en pr\u00f2ximes edicions podrem gaudir de totes les regates a trav\u00e9s de les xarxes socials\u201d.<\/p>\n","protected":false},"excerpt":{"rendered":"<p>El Club N\u00e0utic Santa Pola acull el Campionat d&#8217;Espanya juvenil de la classe ol\u00edmpica IQ Foil i la Techno, un espectacle que esguita la badia d&#8217;acolorides veles arribades des de tots els racons d&#8217;Espanya i Portugal. La Comunitat Valenciana Olympic Week celebra enguany la seua desena edici\u00f3, consolidant-se com un dels esdeveniments n\u00e0utics m\u00e9s destacats [&hellip;]<\/p>\n","protected":false},"author":96,"featured_media":41148,"comment_status":"closed","ping_status":"closed","sticky":false,"template":"","format":"standard","meta":{"_et_pb_use_builder":"","_et_pb_old_content":"","_et_gb_content_width":"","footnotes":""},"categories":[439],"tags":[581,775,771,769],"class_list":["post-41150","post","type-post","status-publish","format-standard","has-post-thumbnail","hentry","category-esport","tag-angel-piedecausa-ca","tag-club-nautico-santa-pola-ca","tag-olympic-week-ca","tag-pascual-orts-ca"],"yoast_head":"<!-- This site is optimized with the Yoast SEO plugin v27.4 - https:\/\/yoast.com\/product\/yoast-seo-wordpress\/ -->\n<title>135 windsurfistes competixen este cap de setmana a Santa Pola en la X Comunitat Valenciana Olympic Week - Ajuntament de Santa Pola<\/title>\n<meta name=\"robots\" content=\"index, follow, max-snippet:-1, max-image-preview:large, max-video-preview:-1\" \/>\n<link rel=\"canonical\" href=\"https:\/\/santapola.es\/ca\/135-windsurfistes-competixen-este-cap-de-setmana-a-santa-pola-en-la-x-comunitat-valenciana-olympic-week\/\" \/>\n<meta property=\"og:locale\" content=\"ca_ES\" \/>\n<meta property=\"og:type\" content=\"article\" \/>\n<meta property=\"og:title\" content=\"135 windsurfistes competixen este cap de setmana a Santa Pola en la X Comunitat Valenciana Olympic Week - Ajuntament de Santa Pola\" \/>\n<meta property=\"og:description\" content=\"El Club N\u00e0utic Santa Pola acull el Campionat d&#8217;Espanya juvenil de la classe ol\u00edmpica IQ Foil i la Techno, un espectacle que esguita la badia d&#8217;acolorides veles arribades des de tots els racons d&#8217;Espanya i Portugal. La Comunitat Valenciana Olympic Week celebra enguany la seua desena edici\u00f3, consolidant-se com un dels esdeveniments n\u00e0utics m\u00e9s destacats [&hellip;]\" \/>\n<meta property=\"og:url\" content=\"https:\/\/santapola.es\/ca\/135-windsurfistes-competixen-este-cap-de-setmana-a-santa-pola-en-la-x-comunitat-valenciana-olympic-week\/\" \/>\n<meta property=\"og:site_name\" content=\"Ajuntament de Santa Pola\" \/>\n<meta property=\"article:publisher\" content=\"https:\/\/www.facebook.com\/AyuntamientoSantaPola\/\" \/>\n<meta property=\"article:published_time\" content=\"2025-02-14T12:04:09+00:00\" \/>\n<meta property=\"article:modified_time\" content=\"2025-02-14T12:06:30+00:00\" \/>\n<meta property=\"og:image\" content=\"https:\/\/santapola.es\/wp-content\/uploads\/2025\/02\/IMG_9061.jpg\" \/>\n\t<meta property=\"og:image:width\" content=\"2000\" \/>\n\t<meta property=\"og:image:height\" content=\"1500\" \/>\n\t<meta property=\"og:image:type\" content=\"image\/jpeg\" \/>\n<meta name=\"author\" content=\"Jos\u00e9 Juan L\u00f3pez Lafuente\" \/>\n<meta name=\"twitter:card\" content=\"summary_large_image\" \/>\n<meta name=\"twitter:creator\" content=\"@SantaPolaAyunt\" \/>\n<meta name=\"twitter:site\" content=\"@SantaPolaAyunt\" \/>\n<script type=\"application\/ld+json\" class=\"yoast-schema-graph\">{\"@context\":\"https:\\\/\\\/schema.org\",\"@graph\":[{\"@type\":\"Article\",\"@id\":\"https:\\\/\\\/santapola.es\\\/ca\\\/135-windsurfistes-competixen-este-cap-de-setmana-a-santa-pola-en-la-x-comunitat-valenciana-olympic-week\\\/#article\",\"isPartOf\":{\"@id\":\"https:\\\/\\\/santapola.es\\\/ca\\\/135-windsurfistes-competixen-este-cap-de-setmana-a-santa-pola-en-la-x-comunitat-valenciana-olympic-week\\\/\"},\"author\":{\"name\":\"Jos\u00e9 Juan L\u00f3pez Lafuente\",\"@id\":\"https:\\\/\\\/santapola.es\\\/ca\\\/#\\\/schema\\\/person\\\/ad1d67403707b58350c7be5e8dbc442d\"},\"headline\":\"135 windsurfistes competixen este cap de setmana a Santa Pola en la X Comunitat Valenciana Olympic Week\",\"datePublished\":\"2025-02-14T12:04:09+00:00\",\"dateModified\":\"2025-02-14T12:06:30+00:00\",\"mainEntityOfPage\":{\"@id\":\"https:\\\/\\\/santapola.es\\\/ca\\\/135-windsurfistes-competixen-este-cap-de-setmana-a-santa-pola-en-la-x-comunitat-valenciana-olympic-week\\\/\"},\"wordCount\":643,\"image\":{\"@id\":\"https:\\\/\\\/santapola.es\\\/ca\\\/135-windsurfistes-competixen-este-cap-de-setmana-a-santa-pola-en-la-x-comunitat-valenciana-olympic-week\\\/#primaryimage\"},\"thumbnailUrl\":\"https:\\\/\\\/santapola.es\\\/wp-content\\\/uploads\\\/2025\\\/02\\\/IMG_9061.jpg\",\"keywords\":[\"\u00c1ngel Piedecausa\",\"Club N\u00e1utico Santa Pola\",\"Olympic Week\",\"Pascual Orts\"],\"articleSection\":[\"Esport\"],\"inLanguage\":\"ca\"},{\"@type\":\"WebPage\",\"@id\":\"https:\\\/\\\/santapola.es\\\/ca\\\/135-windsurfistes-competixen-este-cap-de-setmana-a-santa-pola-en-la-x-comunitat-valenciana-olympic-week\\\/\",\"url\":\"https:\\\/\\\/santapola.es\\\/ca\\\/135-windsurfistes-competixen-este-cap-de-setmana-a-santa-pola-en-la-x-comunitat-valenciana-olympic-week\\\/\",\"name\":\"135 windsurfistes competixen este cap de setmana a Santa Pola en la X Comunitat Valenciana Olympic Week - Ajuntament de Santa Pola\",\"isPartOf\":{\"@id\":\"https:\\\/\\\/santapola.es\\\/ca\\\/#website\"},\"primaryImageOfPage\":{\"@id\":\"https:\\\/\\\/santapola.es\\\/ca\\\/135-windsurfistes-competixen-este-cap-de-setmana-a-santa-pola-en-la-x-comunitat-valenciana-olympic-week\\\/#primaryimage\"},\"image\":{\"@id\":\"https:\\\/\\\/santapola.es\\\/ca\\\/135-windsurfistes-competixen-este-cap-de-setmana-a-santa-pola-en-la-x-comunitat-valenciana-olympic-week\\\/#primaryimage\"},\"thumbnailUrl\":\"https:\\\/\\\/santapola.es\\\/wp-content\\\/uploads\\\/2025\\\/02\\\/IMG_9061.jpg\",\"datePublished\":\"2025-02-14T12:04:09+00:00\",\"dateModified\":\"2025-02-14T12:06:30+00:00\",\"author\":{\"@id\":\"https:\\\/\\\/santapola.es\\\/ca\\\/#\\\/schema\\\/person\\\/ad1d67403707b58350c7be5e8dbc442d\"},\"breadcrumb\":{\"@id\":\"https:\\\/\\\/santapola.es\\\/ca\\\/135-windsurfistes-competixen-este-cap-de-setmana-a-santa-pola-en-la-x-comunitat-valenciana-olympic-week\\\/#breadcrumb\"},\"inLanguage\":\"ca\",\"potentialAction\":[{\"@type\":\"ReadAction\",\"target\":[\"https:\\\/\\\/santapola.es\\\/ca\\\/135-windsurfistes-competixen-este-cap-de-setmana-a-santa-pola-en-la-x-comunitat-valenciana-olympic-week\\\/\"]}]},{\"@type\":\"ImageObject\",\"inLanguage\":\"ca\",\"@id\":\"https:\\\/\\\/santapola.es\\\/ca\\\/135-windsurfistes-competixen-este-cap-de-setmana-a-santa-pola-en-la-x-comunitat-valenciana-olympic-week\\\/#primaryimage\",\"url\":\"https:\\\/\\\/santapola.es\\\/wp-content\\\/uploads\\\/2025\\\/02\\\/IMG_9061.jpg\",\"contentUrl\":\"https:\\\/\\\/santapola.es\\\/wp-content\\\/uploads\\\/2025\\\/02\\\/IMG_9061.jpg\",\"width\":2000,\"height\":1500},{\"@type\":\"BreadcrumbList\",\"@id\":\"https:\\\/\\\/santapola.es\\\/ca\\\/135-windsurfistes-competixen-este-cap-de-setmana-a-santa-pola-en-la-x-comunitat-valenciana-olympic-week\\\/#breadcrumb\",\"itemListElement\":[{\"@type\":\"ListItem\",\"position\":1,\"name\":\"Inici\",\"item\":\"https:\\\/\\\/santapola.es\\\/ca\\\/\"},{\"@type\":\"ListItem\",\"position\":2,\"name\":\"135 windsurfistes competixen este cap de setmana a Santa Pola en la X Comunitat Valenciana Olympic Week\"}]},{\"@type\":\"WebSite\",\"@id\":\"https:\\\/\\\/santapola.es\\\/ca\\\/#website\",\"url\":\"https:\\\/\\\/santapola.es\\\/ca\\\/\",\"name\":\"Ayuntamiento de Santa Pola\",\"description\":\"Web de l'Ajuntament de Santa Pola\",\"potentialAction\":[{\"@type\":\"SearchAction\",\"target\":{\"@type\":\"EntryPoint\",\"urlTemplate\":\"https:\\\/\\\/santapola.es\\\/ca\\\/?s={search_term_string}\"},\"query-input\":{\"@type\":\"PropertyValueSpecification\",\"valueRequired\":true,\"valueName\":\"search_term_string\"}}],\"inLanguage\":\"ca\"},{\"@type\":\"Person\",\"@id\":\"https:\\\/\\\/santapola.es\\\/ca\\\/#\\\/schema\\\/person\\\/ad1d67403707b58350c7be5e8dbc442d\",\"name\":\"Jos\u00e9 Juan L\u00f3pez Lafuente\"}]}<\/script>\n<!-- \/ Yoast SEO plugin. -->","yoast_head_json":{"title":"135 windsurfistes competixen este cap de setmana a Santa Pola en la X Comunitat Valenciana Olympic Week - Ajuntament de Santa Pola","robots":{"index":"index","follow":"follow","max-snippet":"max-snippet:-1","max-image-preview":"max-image-preview:large","max-video-preview":"max-video-preview:-1"},"canonical":"https:\/\/santapola.es\/ca\/135-windsurfistes-competixen-este-cap-de-setmana-a-santa-pola-en-la-x-comunitat-valenciana-olympic-week\/","og_locale":"ca_ES","og_type":"article","og_title":"135 windsurfistes competixen este cap de setmana a Santa Pola en la X Comunitat Valenciana Olympic Week - Ajuntament de Santa Pola","og_description":"El Club N\u00e0utic Santa Pola acull el Campionat d&#8217;Espanya juvenil de la classe ol\u00edmpica IQ Foil i la Techno, un espectacle que esguita la badia d&#8217;acolorides veles arribades des de tots els racons d&#8217;Espanya i Portugal. La Comunitat Valenciana Olympic Week celebra enguany la seua desena edici\u00f3, consolidant-se com un dels esdeveniments n\u00e0utics m\u00e9s destacats [&hellip;]","og_url":"https:\/\/santapola.es\/ca\/135-windsurfistes-competixen-este-cap-de-setmana-a-santa-pola-en-la-x-comunitat-valenciana-olympic-week\/","og_site_name":"Ajuntament de Santa Pola","article_publisher":"https:\/\/www.facebook.com\/AyuntamientoSantaPola\/","article_published_time":"2025-02-14T12:04:09+00:00","article_modified_time":"2025-02-14T12:06:30+00:00","og_image":[{"width":2000,"height":1500,"url":"https:\/\/santapola.es\/wp-content\/uploads\/2025\/02\/IMG_9061.jpg","type":"image\/jpeg"}],"author":"Jos\u00e9 Juan L\u00f3pez Lafuente","twitter_card":"summary_large_image","twitter_creator":"@SantaPolaAyunt","twitter_site":"@SantaPolaAyunt","schema":{"@context":"https:\/\/schema.org","@graph":[{"@type":"Article","@id":"https:\/\/santapola.es\/ca\/135-windsurfistes-competixen-este-cap-de-setmana-a-santa-pola-en-la-x-comunitat-valenciana-olympic-week\/#article","isPartOf":{"@id":"https:\/\/santapola.es\/ca\/135-windsurfistes-competixen-este-cap-de-setmana-a-santa-pola-en-la-x-comunitat-valenciana-olympic-week\/"},"author":{"name":"Jos\u00e9 Juan L\u00f3pez Lafuente","@id":"https:\/\/santapola.es\/ca\/#\/schema\/person\/ad1d67403707b58350c7be5e8dbc442d"},"headline":"135 windsurfistes competixen este cap de setmana a Santa Pola en la X Comunitat Valenciana Olympic Week","datePublished":"2025-02-14T12:04:09+00:00","dateModified":"2025-02-14T12:06:30+00:00","mainEntityOfPage":{"@id":"https:\/\/santapola.es\/ca\/135-windsurfistes-competixen-este-cap-de-setmana-a-santa-pola-en-la-x-comunitat-valenciana-olympic-week\/"},"wordCount":643,"image":{"@id":"https:\/\/santapola.es\/ca\/135-windsurfistes-competixen-este-cap-de-setmana-a-santa-pola-en-la-x-comunitat-valenciana-olympic-week\/#primaryimage"},"thumbnailUrl":"https:\/\/santapola.es\/wp-content\/uploads\/2025\/02\/IMG_9061.jpg","keywords":["\u00c1ngel Piedecausa","Club N\u00e1utico Santa Pola","Olympic Week","Pascual Orts"],"articleSection":["Esport"],"inLanguage":"ca"},{"@type":"WebPage","@id":"https:\/\/santapola.es\/ca\/135-windsurfistes-competixen-este-cap-de-setmana-a-santa-pola-en-la-x-comunitat-valenciana-olympic-week\/","url":"https:\/\/santapola.es\/ca\/135-windsurfistes-competixen-este-cap-de-setmana-a-santa-pola-en-la-x-comunitat-valenciana-olympic-week\/","name":"135 windsurfistes competixen este cap de setmana a Santa Pola en la X Comunitat Valenciana Olympic Week - Ajuntament de Santa Pola","isPartOf":{"@id":"https:\/\/santapola.es\/ca\/#website"},"primaryImageOfPage":{"@id":"https:\/\/santapola.es\/ca\/135-windsurfistes-competixen-este-cap-de-setmana-a-santa-pola-en-la-x-comunitat-valenciana-olympic-week\/#primaryimage"},"image":{"@id":"https:\/\/santapola.es\/ca\/135-windsurfistes-competixen-este-cap-de-setmana-a-santa-pola-en-la-x-comunitat-valenciana-olympic-week\/#primaryimage"},"thumbnailUrl":"https:\/\/santapola.es\/wp-content\/uploads\/2025\/02\/IMG_9061.jpg","datePublished":"2025-02-14T12:04:09+00:00","dateModified":"2025-02-14T12:06:30+00:00","author":{"@id":"https:\/\/santapola.es\/ca\/#\/schema\/person\/ad1d67403707b58350c7be5e8dbc442d"},"breadcrumb":{"@id":"https:\/\/santapola.es\/ca\/135-windsurfistes-competixen-este-cap-de-setmana-a-santa-pola-en-la-x-comunitat-valenciana-olympic-week\/#breadcrumb"},"inLanguage":"ca","potentialAction":[{"@type":"ReadAction","target":["https:\/\/santapola.es\/ca\/135-windsurfistes-competixen-este-cap-de-setmana-a-santa-pola-en-la-x-comunitat-valenciana-olympic-week\/"]}]},{"@type":"ImageObject","inLanguage":"ca","@id":"https:\/\/santapola.es\/ca\/135-windsurfistes-competixen-este-cap-de-setmana-a-santa-pola-en-la-x-comunitat-valenciana-olympic-week\/#primaryimage","url":"https:\/\/santapola.es\/wp-content\/uploads\/2025\/02\/IMG_9061.jpg","contentUrl":"https:\/\/santapola.es\/wp-content\/uploads\/2025\/02\/IMG_9061.jpg","width":2000,"height":1500},{"@type":"BreadcrumbList","@id":"https:\/\/santapola.es\/ca\/135-windsurfistes-competixen-este-cap-de-setmana-a-santa-pola-en-la-x-comunitat-valenciana-olympic-week\/#breadcrumb","itemListElement":[{"@type":"ListItem","position":1,"name":"Inici","item":"https:\/\/santapola.es\/ca\/"},{"@type":"ListItem","position":2,"name":"135 windsurfistes competixen este cap de setmana a Santa Pola en la X Comunitat Valenciana Olympic Week"}]},{"@type":"WebSite","@id":"https:\/\/santapola.es\/ca\/#website","url":"https:\/\/santapola.es\/ca\/","name":"Ayuntamiento de Santa Pola","description":"Web de l'Ajuntament de Santa Pola","potentialAction":[{"@type":"SearchAction","target":{"@type":"EntryPoint","urlTemplate":"https:\/\/santapola.es\/ca\/?s={search_term_string}"},"query-input":{"@type":"PropertyValueSpecification","valueRequired":true,"valueName":"search_term_string"}}],"inLanguage":"ca"},{"@type":"Person","@id":"https:\/\/santapola.es\/ca\/#\/schema\/person\/ad1d67403707b58350c7be5e8dbc442d","name":"Jos\u00e9 Juan L\u00f3pez Lafuente"}]}},"_links":{"self":[{"href":"https:\/\/santapola.es\/ca\/wp-json\/wp\/v2\/posts\/41150","targetHints":{"allow":["GET"]}}],"collection":[{"href":"https:\/\/santapola.es\/ca\/wp-json\/wp\/v2\/posts"}],"about":[{"href":"https:\/\/santapola.es\/ca\/wp-json\/wp\/v2\/types\/post"}],"author":[{"embeddable":true,"href":"https:\/\/santapola.es\/ca\/wp-json\/wp\/v2\/users\/96"}],"replies":[{"embeddable":true,"href":"https:\/\/santapola.es\/ca\/wp-json\/wp\/v2\/comments?post=41150"}],"version-history":[{"count":0,"href":"https:\/\/santapola.es\/ca\/wp-json\/wp\/v2\/posts\/41150\/revisions"}],"wp:featuredmedia":[{"embeddable":true,"href":"https:\/\/santapola.es\/ca\/wp-json\/wp\/v2\/media\/41148"}],"wp:attachment":[{"href":"https:\/\/santapola.es\/ca\/wp-json\/wp\/v2\/media?parent=41150"}],"wp:term":[{"taxonomy":"category","embeddable":true,"href":"https:\/\/santapola.es\/ca\/wp-json\/wp\/v2\/categories?post=41150"},{"taxonomy":"post_tag","embeddable":true,"href":"https:\/\/santapola.es\/ca\/wp-json\/wp\/v2\/tags?post=41150"}],"curies":[{"name":"wp","href":"https:\/\/api.w.org\/{rel}","templated":true}]}}