{"id":41123,"date":"2025-02-13T09:33:29","date_gmt":"2025-02-13T08:33:29","guid":{"rendered":"https:\/\/santapola.es\/?p=41123"},"modified":"2025-02-13T09:34:56","modified_gmt":"2025-02-13T08:34:56","slug":"lajuntament-de-santa-pola-escomet-obres-a-la-casa-de-cultura-per-a-millorar-les-seues-instal%c2%b7lacions","status":"publish","type":"post","link":"https:\/\/santapola.es\/ca\/lajuntament-de-santa-pola-escomet-obres-a-la-casa-de-cultura-per-a-millorar-les-seues-instal%c2%b7lacions\/","title":{"rendered":"L&#8217;Ajuntament de Santa Pola escomet obres a la Casa de Cultura per a millorar les seues instal\u00b7lacions"},"content":{"rendered":"<p><strong>La regidoria de Cultura invertix m\u00e9s de 32.000 euros per a canviar el paviment de la sala d&#8217;exposicions, pintar diverses instal\u00b7lacions i renovar part de l&#8217;enllumenat de l&#8217;escenari de la sala d&#8217;actes millorant l&#8217;efici\u00e8ncia energ\u00e8tica, amb una subvenci\u00f3 parcial de la Conselleria de Cultura.<\/strong><\/p>\n<p>La regidor de Cultura, Nely Baile, ha explicat que \u201ca causa de l&#8217;\u00fas intensiu de les instal\u00b7lacions de la Casa de Cultura, resulta imprescindible realitzar un manteniment de les instal\u00b7lacions del centre. En concret estem actuant a la sala d&#8217;exposicions i hall de la sala d&#8217;actes, on s&#8217;est\u00e0 renovant el paviment i els rodapeus, per\u00f2 tamb\u00e9 es duen a terme tasques de pintura en les baranes, portes i, especialment, en el s\u00f2l de l&#8217;escenari, on s&#8217;est\u00e0 aplicant una pintura especial, tot aix\u00f2 amb un pressupost pr\u00f2xim als 15.000 euros\u201d.<\/p>\n<p>L&#8217;efici\u00e8ncia energ\u00e8tica \u00e9s un altre dels objectius dels treballs que s&#8217;estan duent a terme a la Casa de Cultura: \u201cLa Conselleria d&#8217;Educaci\u00f3, Cultura, Universitats i Ocupaci\u00f3 ens ha concedit una subvenci\u00f3 per import de 10.486 euros destinada a finan\u00e7ar la reforma i modernitzaci\u00f3 d&#8217;instal\u00b7lacions i equipament d&#8217;espais esc\u00e8nics. Gr\u00e0cies a este ingr\u00e9s estem finan\u00e7ant el 70% del contracte per a subministrament i posada en marxa d&#8217;una part de la il\u00b7luminaci\u00f3 led en la sala d&#8217;actes, la qual cosa ens permetr\u00e0 millorar t\u00e8cnicament, controlar la direcci\u00f3 i la intensitat del feix de llum i reduir els consums, amb una inversi\u00f3 de m\u00e9s de 18.000 euros\u201d, va matisar Nely Baile.<\/p>\n","protected":false},"excerpt":{"rendered":"<p>La regidoria de Cultura invertix m\u00e9s de 32.000 euros per a canviar el paviment de la sala d&#8217;exposicions, pintar diverses instal\u00b7lacions i renovar part de l&#8217;enllumenat de l&#8217;escenari de la sala d&#8217;actes millorant l&#8217;efici\u00e8ncia energ\u00e8tica, amb una subvenci\u00f3 parcial de la Conselleria de Cultura. La regidor de Cultura, Nely Baile, ha explicat que \u201ca causa [&hellip;]<\/p>\n","protected":false},"author":96,"featured_media":41121,"comment_status":"closed","ping_status":"closed","sticky":false,"template":"","format":"standard","meta":{"_et_pb_use_builder":"","_et_pb_old_content":"","_et_gb_content_width":"","footnotes":""},"categories":[433],"tags":[695,511],"class_list":["post-41123","post","type-post","status-publish","format-standard","has-post-thumbnail","hentry","category-cultura-ca","tag-casa-de-cultura-ca","tag-nely-baile-ca"],"yoast_head":"<!-- This site is optimized with the Yoast SEO plugin v27.4 - https:\/\/yoast.com\/product\/yoast-seo-wordpress\/ -->\n<title>L&#039;Ajuntament de Santa Pola escomet obres a la Casa de Cultura per a millorar les seues instal\u00b7lacions - Ajuntament de Santa Pola<\/title>\n<meta name=\"robots\" content=\"index, follow, max-snippet:-1, max-image-preview:large, max-video-preview:-1\" \/>\n<link rel=\"canonical\" href=\"https:\/\/santapola.es\/ca\/lajuntament-de-santa-pola-escomet-obres-a-la-casa-de-cultura-per-a-millorar-les-seues-instal%c2%b7lacions\/\" \/>\n<meta property=\"og:locale\" content=\"ca_ES\" \/>\n<meta property=\"og:type\" content=\"article\" \/>\n<meta property=\"og:title\" content=\"L&#039;Ajuntament de Santa Pola escomet obres a la Casa de Cultura per a millorar les seues instal\u00b7lacions - Ajuntament de Santa Pola\" \/>\n<meta property=\"og:description\" content=\"La regidoria de Cultura invertix m\u00e9s de 32.000 euros per a canviar el paviment de la sala d&#8217;exposicions, pintar diverses instal\u00b7lacions i renovar part de l&#8217;enllumenat de l&#8217;escenari de la sala d&#8217;actes millorant l&#8217;efici\u00e8ncia energ\u00e8tica, amb una subvenci\u00f3 parcial de la Conselleria de Cultura. La regidor de Cultura, Nely Baile, ha explicat que \u201ca causa [&hellip;]\" \/>\n<meta property=\"og:url\" content=\"https:\/\/santapola.es\/ca\/lajuntament-de-santa-pola-escomet-obres-a-la-casa-de-cultura-per-a-millorar-les-seues-instal%c2%b7lacions\/\" \/>\n<meta property=\"og:site_name\" content=\"Ajuntament de Santa Pola\" \/>\n<meta property=\"article:publisher\" content=\"https:\/\/www.facebook.com\/AyuntamientoSantaPola\/\" \/>\n<meta property=\"article:published_time\" content=\"2025-02-13T08:33:29+00:00\" \/>\n<meta property=\"article:modified_time\" content=\"2025-02-13T08:34:56+00:00\" \/>\n<meta property=\"og:image\" content=\"https:\/\/santapola.es\/wp-content\/uploads\/2025\/02\/IMG_7106.jpg\" \/>\n\t<meta property=\"og:image:width\" content=\"2000\" \/>\n\t<meta property=\"og:image:height\" content=\"1500\" \/>\n\t<meta property=\"og:image:type\" content=\"image\/jpeg\" \/>\n<meta name=\"author\" content=\"Jos\u00e9 Juan L\u00f3pez Lafuente\" \/>\n<meta name=\"twitter:card\" content=\"summary_large_image\" \/>\n<meta name=\"twitter:creator\" content=\"@SantaPolaAyunt\" \/>\n<meta name=\"twitter:site\" content=\"@SantaPolaAyunt\" \/>\n<script type=\"application\/ld+json\" class=\"yoast-schema-graph\">{\"@context\":\"https:\\\/\\\/schema.org\",\"@graph\":[{\"@type\":\"Article\",\"@id\":\"https:\\\/\\\/santapola.es\\\/ca\\\/lajuntament-de-santa-pola-escomet-obres-a-la-casa-de-cultura-per-a-millorar-les-seues-instal%c2%b7lacions\\\/#article\",\"isPartOf\":{\"@id\":\"https:\\\/\\\/santapola.es\\\/ca\\\/lajuntament-de-santa-pola-escomet-obres-a-la-casa-de-cultura-per-a-millorar-les-seues-instal%c2%b7lacions\\\/\"},\"author\":{\"name\":\"Jos\u00e9 Juan L\u00f3pez Lafuente\",\"@id\":\"https:\\\/\\\/santapola.es\\\/ca\\\/#\\\/schema\\\/person\\\/ad1d67403707b58350c7be5e8dbc442d\"},\"headline\":\"L&#8217;Ajuntament de Santa Pola escomet obres a la Casa de Cultura per a millorar les seues instal\u00b7lacions\",\"datePublished\":\"2025-02-13T08:33:29+00:00\",\"dateModified\":\"2025-02-13T08:34:56+00:00\",\"mainEntityOfPage\":{\"@id\":\"https:\\\/\\\/santapola.es\\\/ca\\\/lajuntament-de-santa-pola-escomet-obres-a-la-casa-de-cultura-per-a-millorar-les-seues-instal%c2%b7lacions\\\/\"},\"wordCount\":292,\"image\":{\"@id\":\"https:\\\/\\\/santapola.es\\\/ca\\\/lajuntament-de-santa-pola-escomet-obres-a-la-casa-de-cultura-per-a-millorar-les-seues-instal%c2%b7lacions\\\/#primaryimage\"},\"thumbnailUrl\":\"https:\\\/\\\/santapola.es\\\/wp-content\\\/uploads\\\/2025\\\/02\\\/IMG_7106.jpg\",\"keywords\":[\"Casa de Cultura\",\"Nely Baile\"],\"articleSection\":[\"Cultura\"],\"inLanguage\":\"ca\"},{\"@type\":\"WebPage\",\"@id\":\"https:\\\/\\\/santapola.es\\\/ca\\\/lajuntament-de-santa-pola-escomet-obres-a-la-casa-de-cultura-per-a-millorar-les-seues-instal%c2%b7lacions\\\/\",\"url\":\"https:\\\/\\\/santapola.es\\\/ca\\\/lajuntament-de-santa-pola-escomet-obres-a-la-casa-de-cultura-per-a-millorar-les-seues-instal%c2%b7lacions\\\/\",\"name\":\"L'Ajuntament de Santa Pola escomet obres a la Casa de Cultura per a millorar les seues instal\u00b7lacions - Ajuntament de Santa Pola\",\"isPartOf\":{\"@id\":\"https:\\\/\\\/santapola.es\\\/ca\\\/#website\"},\"primaryImageOfPage\":{\"@id\":\"https:\\\/\\\/santapola.es\\\/ca\\\/lajuntament-de-santa-pola-escomet-obres-a-la-casa-de-cultura-per-a-millorar-les-seues-instal%c2%b7lacions\\\/#primaryimage\"},\"image\":{\"@id\":\"https:\\\/\\\/santapola.es\\\/ca\\\/lajuntament-de-santa-pola-escomet-obres-a-la-casa-de-cultura-per-a-millorar-les-seues-instal%c2%b7lacions\\\/#primaryimage\"},\"thumbnailUrl\":\"https:\\\/\\\/santapola.es\\\/wp-content\\\/uploads\\\/2025\\\/02\\\/IMG_7106.jpg\",\"datePublished\":\"2025-02-13T08:33:29+00:00\",\"dateModified\":\"2025-02-13T08:34:56+00:00\",\"author\":{\"@id\":\"https:\\\/\\\/santapola.es\\\/ca\\\/#\\\/schema\\\/person\\\/ad1d67403707b58350c7be5e8dbc442d\"},\"breadcrumb\":{\"@id\":\"https:\\\/\\\/santapola.es\\\/ca\\\/lajuntament-de-santa-pola-escomet-obres-a-la-casa-de-cultura-per-a-millorar-les-seues-instal%c2%b7lacions\\\/#breadcrumb\"},\"inLanguage\":\"ca\",\"potentialAction\":[{\"@type\":\"ReadAction\",\"target\":[\"https:\\\/\\\/santapola.es\\\/ca\\\/lajuntament-de-santa-pola-escomet-obres-a-la-casa-de-cultura-per-a-millorar-les-seues-instal%c2%b7lacions\\\/\"]}]},{\"@type\":\"ImageObject\",\"inLanguage\":\"ca\",\"@id\":\"https:\\\/\\\/santapola.es\\\/ca\\\/lajuntament-de-santa-pola-escomet-obres-a-la-casa-de-cultura-per-a-millorar-les-seues-instal%c2%b7lacions\\\/#primaryimage\",\"url\":\"https:\\\/\\\/santapola.es\\\/wp-content\\\/uploads\\\/2025\\\/02\\\/IMG_7106.jpg\",\"contentUrl\":\"https:\\\/\\\/santapola.es\\\/wp-content\\\/uploads\\\/2025\\\/02\\\/IMG_7106.jpg\",\"width\":2000,\"height\":1500},{\"@type\":\"BreadcrumbList\",\"@id\":\"https:\\\/\\\/santapola.es\\\/ca\\\/lajuntament-de-santa-pola-escomet-obres-a-la-casa-de-cultura-per-a-millorar-les-seues-instal%c2%b7lacions\\\/#breadcrumb\",\"itemListElement\":[{\"@type\":\"ListItem\",\"position\":1,\"name\":\"Inici\",\"item\":\"https:\\\/\\\/santapola.es\\\/ca\\\/\"},{\"@type\":\"ListItem\",\"position\":2,\"name\":\"L&#8217;Ajuntament de Santa Pola escomet obres a la Casa de Cultura per a millorar les seues instal\u00b7lacions\"}]},{\"@type\":\"WebSite\",\"@id\":\"https:\\\/\\\/santapola.es\\\/ca\\\/#website\",\"url\":\"https:\\\/\\\/santapola.es\\\/ca\\\/\",\"name\":\"Ayuntamiento de Santa Pola\",\"description\":\"Web de l'Ajuntament de Santa Pola\",\"potentialAction\":[{\"@type\":\"SearchAction\",\"target\":{\"@type\":\"EntryPoint\",\"urlTemplate\":\"https:\\\/\\\/santapola.es\\\/ca\\\/?s={search_term_string}\"},\"query-input\":{\"@type\":\"PropertyValueSpecification\",\"valueRequired\":true,\"valueName\":\"search_term_string\"}}],\"inLanguage\":\"ca\"},{\"@type\":\"Person\",\"@id\":\"https:\\\/\\\/santapola.es\\\/ca\\\/#\\\/schema\\\/person\\\/ad1d67403707b58350c7be5e8dbc442d\",\"name\":\"Jos\u00e9 Juan L\u00f3pez Lafuente\"}]}<\/script>\n<!-- \/ Yoast SEO plugin. -->","yoast_head_json":{"title":"L'Ajuntament de Santa Pola escomet obres a la Casa de Cultura per a millorar les seues instal\u00b7lacions - Ajuntament de Santa Pola","robots":{"index":"index","follow":"follow","max-snippet":"max-snippet:-1","max-image-preview":"max-image-preview:large","max-video-preview":"max-video-preview:-1"},"canonical":"https:\/\/santapola.es\/ca\/lajuntament-de-santa-pola-escomet-obres-a-la-casa-de-cultura-per-a-millorar-les-seues-instal%c2%b7lacions\/","og_locale":"ca_ES","og_type":"article","og_title":"L'Ajuntament de Santa Pola escomet obres a la Casa de Cultura per a millorar les seues instal\u00b7lacions - Ajuntament de Santa Pola","og_description":"La regidoria de Cultura invertix m\u00e9s de 32.000 euros per a canviar el paviment de la sala d&#8217;exposicions, pintar diverses instal\u00b7lacions i renovar part de l&#8217;enllumenat de l&#8217;escenari de la sala d&#8217;actes millorant l&#8217;efici\u00e8ncia energ\u00e8tica, amb una subvenci\u00f3 parcial de la Conselleria de Cultura. La regidor de Cultura, Nely Baile, ha explicat que \u201ca causa [&hellip;]","og_url":"https:\/\/santapola.es\/ca\/lajuntament-de-santa-pola-escomet-obres-a-la-casa-de-cultura-per-a-millorar-les-seues-instal%c2%b7lacions\/","og_site_name":"Ajuntament de Santa Pola","article_publisher":"https:\/\/www.facebook.com\/AyuntamientoSantaPola\/","article_published_time":"2025-02-13T08:33:29+00:00","article_modified_time":"2025-02-13T08:34:56+00:00","og_image":[{"width":2000,"height":1500,"url":"https:\/\/santapola.es\/wp-content\/uploads\/2025\/02\/IMG_7106.jpg","type":"image\/jpeg"}],"author":"Jos\u00e9 Juan L\u00f3pez Lafuente","twitter_card":"summary_large_image","twitter_creator":"@SantaPolaAyunt","twitter_site":"@SantaPolaAyunt","schema":{"@context":"https:\/\/schema.org","@graph":[{"@type":"Article","@id":"https:\/\/santapola.es\/ca\/lajuntament-de-santa-pola-escomet-obres-a-la-casa-de-cultura-per-a-millorar-les-seues-instal%c2%b7lacions\/#article","isPartOf":{"@id":"https:\/\/santapola.es\/ca\/lajuntament-de-santa-pola-escomet-obres-a-la-casa-de-cultura-per-a-millorar-les-seues-instal%c2%b7lacions\/"},"author":{"name":"Jos\u00e9 Juan L\u00f3pez Lafuente","@id":"https:\/\/santapola.es\/ca\/#\/schema\/person\/ad1d67403707b58350c7be5e8dbc442d"},"headline":"L&#8217;Ajuntament de Santa Pola escomet obres a la Casa de Cultura per a millorar les seues instal\u00b7lacions","datePublished":"2025-02-13T08:33:29+00:00","dateModified":"2025-02-13T08:34:56+00:00","mainEntityOfPage":{"@id":"https:\/\/santapola.es\/ca\/lajuntament-de-santa-pola-escomet-obres-a-la-casa-de-cultura-per-a-millorar-les-seues-instal%c2%b7lacions\/"},"wordCount":292,"image":{"@id":"https:\/\/santapola.es\/ca\/lajuntament-de-santa-pola-escomet-obres-a-la-casa-de-cultura-per-a-millorar-les-seues-instal%c2%b7lacions\/#primaryimage"},"thumbnailUrl":"https:\/\/santapola.es\/wp-content\/uploads\/2025\/02\/IMG_7106.jpg","keywords":["Casa de Cultura","Nely Baile"],"articleSection":["Cultura"],"inLanguage":"ca"},{"@type":"WebPage","@id":"https:\/\/santapola.es\/ca\/lajuntament-de-santa-pola-escomet-obres-a-la-casa-de-cultura-per-a-millorar-les-seues-instal%c2%b7lacions\/","url":"https:\/\/santapola.es\/ca\/lajuntament-de-santa-pola-escomet-obres-a-la-casa-de-cultura-per-a-millorar-les-seues-instal%c2%b7lacions\/","name":"L'Ajuntament de Santa Pola escomet obres a la Casa de Cultura per a millorar les seues instal\u00b7lacions - Ajuntament de Santa Pola","isPartOf":{"@id":"https:\/\/santapola.es\/ca\/#website"},"primaryImageOfPage":{"@id":"https:\/\/santapola.es\/ca\/lajuntament-de-santa-pola-escomet-obres-a-la-casa-de-cultura-per-a-millorar-les-seues-instal%c2%b7lacions\/#primaryimage"},"image":{"@id":"https:\/\/santapola.es\/ca\/lajuntament-de-santa-pola-escomet-obres-a-la-casa-de-cultura-per-a-millorar-les-seues-instal%c2%b7lacions\/#primaryimage"},"thumbnailUrl":"https:\/\/santapola.es\/wp-content\/uploads\/2025\/02\/IMG_7106.jpg","datePublished":"2025-02-13T08:33:29+00:00","dateModified":"2025-02-13T08:34:56+00:00","author":{"@id":"https:\/\/santapola.es\/ca\/#\/schema\/person\/ad1d67403707b58350c7be5e8dbc442d"},"breadcrumb":{"@id":"https:\/\/santapola.es\/ca\/lajuntament-de-santa-pola-escomet-obres-a-la-casa-de-cultura-per-a-millorar-les-seues-instal%c2%b7lacions\/#breadcrumb"},"inLanguage":"ca","potentialAction":[{"@type":"ReadAction","target":["https:\/\/santapola.es\/ca\/lajuntament-de-santa-pola-escomet-obres-a-la-casa-de-cultura-per-a-millorar-les-seues-instal%c2%b7lacions\/"]}]},{"@type":"ImageObject","inLanguage":"ca","@id":"https:\/\/santapola.es\/ca\/lajuntament-de-santa-pola-escomet-obres-a-la-casa-de-cultura-per-a-millorar-les-seues-instal%c2%b7lacions\/#primaryimage","url":"https:\/\/santapola.es\/wp-content\/uploads\/2025\/02\/IMG_7106.jpg","contentUrl":"https:\/\/santapola.es\/wp-content\/uploads\/2025\/02\/IMG_7106.jpg","width":2000,"height":1500},{"@type":"BreadcrumbList","@id":"https:\/\/santapola.es\/ca\/lajuntament-de-santa-pola-escomet-obres-a-la-casa-de-cultura-per-a-millorar-les-seues-instal%c2%b7lacions\/#breadcrumb","itemListElement":[{"@type":"ListItem","position":1,"name":"Inici","item":"https:\/\/santapola.es\/ca\/"},{"@type":"ListItem","position":2,"name":"L&#8217;Ajuntament de Santa Pola escomet obres a la Casa de Cultura per a millorar les seues instal\u00b7lacions"}]},{"@type":"WebSite","@id":"https:\/\/santapola.es\/ca\/#website","url":"https:\/\/santapola.es\/ca\/","name":"Ayuntamiento de Santa Pola","description":"Web de l'Ajuntament de Santa Pola","potentialAction":[{"@type":"SearchAction","target":{"@type":"EntryPoint","urlTemplate":"https:\/\/santapola.es\/ca\/?s={search_term_string}"},"query-input":{"@type":"PropertyValueSpecification","valueRequired":true,"valueName":"search_term_string"}}],"inLanguage":"ca"},{"@type":"Person","@id":"https:\/\/santapola.es\/ca\/#\/schema\/person\/ad1d67403707b58350c7be5e8dbc442d","name":"Jos\u00e9 Juan L\u00f3pez Lafuente"}]}},"_links":{"self":[{"href":"https:\/\/santapola.es\/ca\/wp-json\/wp\/v2\/posts\/41123","targetHints":{"allow":["GET"]}}],"collection":[{"href":"https:\/\/santapola.es\/ca\/wp-json\/wp\/v2\/posts"}],"about":[{"href":"https:\/\/santapola.es\/ca\/wp-json\/wp\/v2\/types\/post"}],"author":[{"embeddable":true,"href":"https:\/\/santapola.es\/ca\/wp-json\/wp\/v2\/users\/96"}],"replies":[{"embeddable":true,"href":"https:\/\/santapola.es\/ca\/wp-json\/wp\/v2\/comments?post=41123"}],"version-history":[{"count":0,"href":"https:\/\/santapola.es\/ca\/wp-json\/wp\/v2\/posts\/41123\/revisions"}],"wp:featuredmedia":[{"embeddable":true,"href":"https:\/\/santapola.es\/ca\/wp-json\/wp\/v2\/media\/41121"}],"wp:attachment":[{"href":"https:\/\/santapola.es\/ca\/wp-json\/wp\/v2\/media?parent=41123"}],"wp:term":[{"taxonomy":"category","embeddable":true,"href":"https:\/\/santapola.es\/ca\/wp-json\/wp\/v2\/categories?post=41123"},{"taxonomy":"post_tag","embeddable":true,"href":"https:\/\/santapola.es\/ca\/wp-json\/wp\/v2\/tags?post=41123"}],"curies":[{"name":"wp","href":"https:\/\/api.w.org\/{rel}","templated":true}]}}